{"id":47571,"date":"2023-03-30T09:48:01","date_gmt":"2023-03-30T07:48:01","guid":{"rendered":"https:\/\/alice.ch\/?post_type=news&#038;p=47571"},"modified":"2023-04-18T07:55:48","modified_gmt":"2023-04-18T05:55:48","slug":"individualisierung-in-der-weiterbildung","status":"publish","type":"news","link":"https:\/\/alice.ch\/de\/news\/individualisierung-in-der-weiterbildung\/","title":{"rendered":"Individualisierung in der Weiterbildung"},"content":{"rendered":"\n<p class=\"is-style-lead\">In der Weiterbildung l\u00e4sst sich seit einigen Jahren ein wachsender Trend zur Individualisierung und Personalisierung des Lernens beobachten. Mit dieser Entwicklung setzte sich die diesj\u00e4hrige Tagung der Reihe \u00abWeiterbildung in Forschung und Praxis\u00bb im Februar in Z\u00fcrich auseinander. Individualisierung ist zudem Thema der n\u00e4chsten Ausgabe der SVEB-Zeitschrift \u00abEducation Permanente\u00bb (EP).<\/p>\n\n\n\n<p>Unter dem Titel <a href=\"https:\/\/alice.ch\/de\/event\/individualisierung-des-lernens-koenigsweg-der-bildung\/\">\u00abIndividualisierung des Lernens \u2013 K\u00f6nigsweg der Bildung?\u00bb<\/a> luden der SVEB und die P\u00e4dagogische Hochschule Z\u00fcrich (PHZH) im Februar 2023 Interessierte ein, sich mit Konzepten, Potenzialen und Risiken der Individualisierung in der Weiterbildung auseinanderzusetzen. Das ausgepr\u00e4gte Interesse an der Tagung \u2013 es nahmen rund 120 Personen aus Wissenschaft und Praxis teil \u2013 zeigt, dass die Thematik derzeit viele Weiterbildungsakteure besch\u00e4ftigt.<\/p>\n\n\n\n<h2 class=\"wp-block-heading\">Megatrend Individualisierung<\/h2>\n\n\n\n<p>Der Begriff Individualisierung stammt aus der Soziologie und bezeichnet eine l\u00e4ngerfristige gesellschaftliche Entwicklung. Zu deren zentralen Merkmalen geh\u00f6rt, dass individuelle Bed\u00fcrfnisse, Werthaltungen oder Lebensentw\u00fcrfe in der Gesellschaft an Bedeutung gewinnen, w\u00e4hrend tradierte Modelle an Relevanz verlieren. Im Rahmen dieses Prozesses, der auch als Megatrend bezeichnet wird, kommt es zu einer Pluralisierung der Gestaltungsm\u00f6glichkeiten auf den unterschiedlichsten Gebieten, auch in der Bildung. Damit einher geht, dass Aspekte wie Selbst- und Mitbestimmung oder Sinnorientierung an Bedeutung gewinnen.<\/p>\n\n\n\n<h2 class=\"wp-block-heading\">Folgen f\u00fcr die Weiterbildung<\/h2>\n\n\n\n<p>Individualisierung ist kein andragogischer Begriff. In der Erwachsenenbildung existieren aber seit Langem Konzepte, die Kernaspekte des heutigen Individualisierungstrends beinhalten. Dazu geh\u00f6ren etwa die Teilnehmerorientierung, Konzepte des selbstgesteuerten Lernens oder Ans\u00e4tze wie die Lebensweltorientierung oder die milieusensible Weiterbildung (vgl. <a href=\"https:\/\/www.ep-web.ch\/de\/artikel\/milieusensible-weiterbildung\" target=\"_blank\" rel=\"noreferrer noopener\">Helmut Bremer<\/a>). Diese Ans\u00e4tze sind bestrebt, bei der Planung und Umsetzung von Lernangeboten individuelle oder zielgruppenspezifische Voraussetzungen und Bed\u00fcrfnisse zu ber\u00fccksichtigen. Das wachsende Interesse an solchen Ans\u00e4tzen in der Weiterbildung \u2013 und in anderen Bildungsbereichen \u2013 l\u00e4sst sich als andragogische Antwort auf den gesellschaftlichen Trend zur Individualisierung verstehen.<\/p>\n\n\n\n<h2 class=\"wp-block-heading\">Potenziale und Risiken<\/h2>\n\n\n\n<p>Die erw\u00e4hnte Tagung zeigte, dass Individualisierung in der Weiterbildung oft in engem Zusammenhang mit der <a href=\"https:\/\/alice.ch\/de\/themen\/digitalisierung-in-der-weiterbildung\/\">Digitalisierung<\/a> steht. Dabei geht es auch, aber nicht nur um das Digitalisieren von Lernangeboten. Wie Falk Scheidig an der Tagung veranschaulichte, bergen insbesondere Learning Analytics zahlreiche, in der Weiterbildung noch kaum genutzte M\u00f6glichkeiten, Lernangebote zu personalisieren. Diese weisen allerdings ebenfalls erhebliche Risiken und Beschr\u00e4nkungen auf \u2013 ein Umstand, mit dem sich Weiterbildungsakteure auseinandersetzen sollten, ob sie diese Technologien nun nutzen oder nicht.<\/p>\n\n\n\n<p>Zu einem weiteren kritischen Fazit bez\u00fcglich des Potenzials von Individualisierungsprozessen gelangte Kenneth Horvath in seiner Analyse der weit verbreiteten Annahme, Individualisierung f\u00fchre automatisch zu mehr Gerechtigkeit in der Bildung. Auch im dritten Tagungsreferat kamen neben den Chancen die problematischen Seiten der Individualisierung zur Sprache: Helmut Bremer ging der Frage nach, warum Selbstlernen \u2013 ein zentrales Element der Individualisierung \u2013 oft nicht gelingt.<\/p>\n\n\n\n<p>Ob Individualisierung sich als K\u00f6nigsweg der Bildung erweisen wird, konnte die Tagung nicht beantworten. Klar ist aber, dass das Thema Individualisierung viele Weiterbildungsanbieter intensiv besch\u00e4ftigt. Der SVEB wird die Entwicklung weiterhin verfolgen.<\/p>\n\n\n\n<p>Die EP zur Individualisierung erscheint Ende Mai 2023:<\/p>\n\n\n\n<div class=\"wp-block-buttons is-layout-flex wp-block-buttons-is-layout-flex\">\n<div class=\"wp-block-button is-style-minimal\"><a class=\"wp-block-button__link wp-element-button\" href=\"https:\/\/www.ep-web.ch\/de\/vorschau\" target=\"_blank\" rel=\"noreferrer noopener\">Vorschau EP-Website<\/a><\/div>\n<\/div>\n\n\n\n<p>Der Think Tank TRANSIT befasst sich vertieft mit Flexibilisierungstendenzen; ein Trendbericht dazu erscheint Ende April 2023:<\/p>\n\n\n\n<div class=\"wp-block-buttons is-layout-flex wp-block-buttons-is-layout-flex\">\n<div class=\"wp-block-button is-style-minimal\"><a class=\"wp-block-button__link wp-element-button\" href=\"https:\/\/www.thinktank-transit.ch\" target=\"_blank\" rel=\"noreferrer noopener\">TRANSIT-Website<\/a><\/div>\n<\/div>\n\n\n\n<p>SVEB-Beitrag vom 1.12.22:<\/p>\n\n\n\n<div class=\"wp-block-buttons is-layout-flex wp-block-buttons-is-layout-flex\">\n<div class=\"wp-block-button is-style-minimal\"><a class=\"wp-block-button__link wp-element-button\" href=\"https:\/\/alice.ch\/de\/news\/individualisierte-weiterbildung-ein-neuer-begriff-fuer-ein-altes-anliegen\/\">Individualisierte Weiterbildung \u2013 ein neuer Begriff f\u00fcr ein altes Anliegen<\/a><\/div>\n<\/div>\n\n\n\n<p>Die n\u00e4chste Tagung aus der Reihe \u00abWeiterbildung in Forschung und Praxis\u00bb findet am 25. Januar 2024 statt:<\/p>\n\n\n\n<div class=\"wp-block-buttons is-layout-flex wp-block-buttons-is-layout-flex\">\n<div class=\"wp-block-button is-style-minimal\"><a class=\"wp-block-button__link wp-element-button\" href=\"https:\/\/alice.ch\/de\/forschung\/vernetzung-und-austausch\/tagungsreihe-weiterbildung-in-forschung-und-praxis\/\">Tagungsreihe \u00abWeiterbildung in Forschung und Praxis\u00bb<\/a><\/div>\n<\/div>\n","protected":false},"excerpt":{"rendered":"<p>In der Weiterbildung l\u00e4sst sich seit einigen Jahren ein wachsender Trend zur Individualisierung und Personalisierung des Lernens beobachten. Mit dieser [&hellip;]<\/p>\n","protected":false},"author":2,"featured_media":47575,"template":"","meta":{"_acf_changed":false,"inline_featured_image":false,"footnotes":""},"news-category":[31],"global-category":[],"class_list":["post-47571","news","type-news","status-publish","has-post-thumbnail","hentry","news-category-branche"],"acf":[],"yoast_head":"<!-- This site is optimized with the Yoast SEO plugin v27.3 - https:\/\/yoast.com\/product\/yoast-seo-wordpress\/ -->\n<title>Individualisierung in der Weiterbildung - SVEB<\/title>\n<meta name=\"robots\" content=\"index, follow, max-snippet:-1, max-image-preview:large, max-video-preview:-1\" \/>\n<link rel=\"canonical\" href=\"https:\/\/alice.ch\/de\/news\/individualisierung-in-der-weiterbildung\/\" \/>\n<meta property=\"og:locale\" content=\"de_DE\" \/>\n<meta property=\"og:type\" content=\"article\" \/>\n<meta property=\"og:title\" content=\"Individualisierung in der Weiterbildung - SVEB\" \/>\n<meta property=\"og:description\" content=\"In der Weiterbildung l\u00e4sst sich seit einigen Jahren ein wachsender Trend zur Individualisierung und Personalisierung des Lernens beobachten. Mit dieser [&hellip;]\" \/>\n<meta property=\"og:url\" content=\"https:\/\/alice.ch\/de\/news\/individualisierung-in-der-weiterbildung\/\" \/>\n<meta property=\"og:site_name\" content=\"SVEB\" \/>\n<meta property=\"article:modified_time\" content=\"2023-04-18T05:55:48+00:00\" \/>\n<meta property=\"og:image\" content=\"https:\/\/alice.ch\/app\/uploads\/2023\/03\/individualisierung-in-der-weiterbildung.jpg\" \/>\n\t<meta property=\"og:image:width\" content=\"1200\" \/>\n\t<meta property=\"og:image:height\" content=\"627\" \/>\n\t<meta property=\"og:image:type\" content=\"image\/jpeg\" \/>\n<meta name=\"twitter:card\" content=\"summary_large_image\" \/>\n<meta name=\"twitter:label1\" content=\"Gesch\u00e4tzte Lesezeit\" \/>\n\t<meta name=\"twitter:data1\" content=\"3\u00a0Minuten\" \/>\n<script type=\"application\/ld+json\" class=\"yoast-schema-graph\">{\"@context\":\"https:\\\/\\\/schema.org\",\"@graph\":[{\"@type\":\"WebPage\",\"@id\":\"https:\\\/\\\/alice.ch\\\/de\\\/news\\\/individualisierung-in-der-weiterbildung\\\/\",\"url\":\"https:\\\/\\\/alice.ch\\\/de\\\/news\\\/individualisierung-in-der-weiterbildung\\\/\",\"name\":\"Individualisierung in der Weiterbildung - SVEB\",\"isPartOf\":{\"@id\":\"https:\\\/\\\/alice.ch\\\/de\\\/#website\"},\"primaryImageOfPage\":{\"@id\":\"https:\\\/\\\/alice.ch\\\/de\\\/news\\\/individualisierung-in-der-weiterbildung\\\/#primaryimage\"},\"image\":{\"@id\":\"https:\\\/\\\/alice.ch\\\/de\\\/news\\\/individualisierung-in-der-weiterbildung\\\/#primaryimage\"},\"thumbnailUrl\":\"https:\\\/\\\/alice.ch\\\/app\\\/uploads\\\/2023\\\/03\\\/individualisierung-in-der-weiterbildung.jpg\",\"datePublished\":\"2023-03-30T07:48:01+00:00\",\"dateModified\":\"2023-04-18T05:55:48+00:00\",\"breadcrumb\":{\"@id\":\"https:\\\/\\\/alice.ch\\\/de\\\/news\\\/individualisierung-in-der-weiterbildung\\\/#breadcrumb\"},\"inLanguage\":\"de\",\"potentialAction\":[{\"@type\":\"ReadAction\",\"target\":[\"https:\\\/\\\/alice.ch\\\/de\\\/news\\\/individualisierung-in-der-weiterbildung\\\/\"]}]},{\"@type\":\"ImageObject\",\"inLanguage\":\"de\",\"@id\":\"https:\\\/\\\/alice.ch\\\/de\\\/news\\\/individualisierung-in-der-weiterbildung\\\/#primaryimage\",\"url\":\"https:\\\/\\\/alice.ch\\\/app\\\/uploads\\\/2023\\\/03\\\/individualisierung-in-der-weiterbildung.jpg\",\"contentUrl\":\"https:\\\/\\\/alice.ch\\\/app\\\/uploads\\\/2023\\\/03\\\/individualisierung-in-der-weiterbildung.jpg\",\"width\":1200,\"height\":627},{\"@type\":\"BreadcrumbList\",\"@id\":\"https:\\\/\\\/alice.ch\\\/de\\\/news\\\/individualisierung-in-der-weiterbildung\\\/#breadcrumb\",\"itemListElement\":[{\"@type\":\"ListItem\",\"position\":1,\"name\":\"Startseite\",\"item\":\"https:\\\/\\\/alice.ch\\\/de\\\/\"},{\"@type\":\"ListItem\",\"position\":2,\"name\":\"Individualisierung in der Weiterbildung\"}]},{\"@type\":\"WebSite\",\"@id\":\"https:\\\/\\\/alice.ch\\\/de\\\/#website\",\"url\":\"https:\\\/\\\/alice.ch\\\/de\\\/\",\"name\":\"alice.ch (Adult Learning Information Center) ist das Portal der Weiterbildung in der Schweiz.\",\"description\":\"Schweizerischer Verband f\u00fcr Weiterbildung\",\"publisher\":{\"@id\":\"https:\\\/\\\/alice.ch\\\/de\\\/#organization\"},\"potentialAction\":[{\"@type\":\"SearchAction\",\"target\":{\"@type\":\"EntryPoint\",\"urlTemplate\":\"https:\\\/\\\/alice.ch\\\/de\\\/?s={search_term_string}\"},\"query-input\":{\"@type\":\"PropertyValueSpecification\",\"valueRequired\":true,\"valueName\":\"search_term_string\"}}],\"inLanguage\":\"de\"},{\"@type\":\"Organization\",\"@id\":\"https:\\\/\\\/alice.ch\\\/de\\\/#organization\",\"name\":\"SVEB Schweizerischer Verband f\u00fcr Weiterbildung\",\"url\":\"https:\\\/\\\/alice.ch\\\/de\\\/\",\"logo\":{\"@type\":\"ImageObject\",\"inLanguage\":\"de\",\"@id\":\"https:\\\/\\\/alice.ch\\\/de\\\/#\\\/schema\\\/logo\\\/image\\\/\",\"url\":\"https:\\\/\\\/alice.ch\\\/app\\\/uploads\\\/2022\\\/07\\\/logo-sveb.png\",\"contentUrl\":\"https:\\\/\\\/alice.ch\\\/app\\\/uploads\\\/2022\\\/07\\\/logo-sveb.png\",\"width\":145,\"height\":64,\"caption\":\"SVEB Schweizerischer Verband f\u00fcr Weiterbildung\"},\"image\":{\"@id\":\"https:\\\/\\\/alice.ch\\\/de\\\/#\\\/schema\\\/logo\\\/image\\\/\"},\"sameAs\":[\"https:\\\/\\\/www.linkedin.com\\\/company\\\/schweizerischer-verband-fr-weiterbildung-sveb\\\/\"]}]}<\/script>\n<!-- \/ Yoast SEO plugin. -->","yoast_head_json":{"title":"Individualisierung in der Weiterbildung - SVEB","robots":{"index":"index","follow":"follow","max-snippet":"max-snippet:-1","max-image-preview":"max-image-preview:large","max-video-preview":"max-video-preview:-1"},"canonical":"https:\/\/alice.ch\/de\/news\/individualisierung-in-der-weiterbildung\/","og_locale":"de_DE","og_type":"article","og_title":"Individualisierung in der Weiterbildung - SVEB","og_description":"In der Weiterbildung l\u00e4sst sich seit einigen Jahren ein wachsender Trend zur Individualisierung und Personalisierung des Lernens beobachten. Mit dieser [&hellip;]","og_url":"https:\/\/alice.ch\/de\/news\/individualisierung-in-der-weiterbildung\/","og_site_name":"SVEB","article_modified_time":"2023-04-18T05:55:48+00:00","og_image":[{"width":1200,"height":627,"url":"https:\/\/alice.ch\/app\/uploads\/2023\/03\/individualisierung-in-der-weiterbildung.jpg","type":"image\/jpeg"}],"twitter_card":"summary_large_image","twitter_misc":{"Gesch\u00e4tzte Lesezeit":"3\u00a0Minuten"},"schema":{"@context":"https:\/\/schema.org","@graph":[{"@type":"WebPage","@id":"https:\/\/alice.ch\/de\/news\/individualisierung-in-der-weiterbildung\/","url":"https:\/\/alice.ch\/de\/news\/individualisierung-in-der-weiterbildung\/","name":"Individualisierung in der Weiterbildung - SVEB","isPartOf":{"@id":"https:\/\/alice.ch\/de\/#website"},"primaryImageOfPage":{"@id":"https:\/\/alice.ch\/de\/news\/individualisierung-in-der-weiterbildung\/#primaryimage"},"image":{"@id":"https:\/\/alice.ch\/de\/news\/individualisierung-in-der-weiterbildung\/#primaryimage"},"thumbnailUrl":"https:\/\/alice.ch\/app\/uploads\/2023\/03\/individualisierung-in-der-weiterbildung.jpg","datePublished":"2023-03-30T07:48:01+00:00","dateModified":"2023-04-18T05:55:48+00:00","breadcrumb":{"@id":"https:\/\/alice.ch\/de\/news\/individualisierung-in-der-weiterbildung\/#breadcrumb"},"inLanguage":"de","potentialAction":[{"@type":"ReadAction","target":["https:\/\/alice.ch\/de\/news\/individualisierung-in-der-weiterbildung\/"]}]},{"@type":"ImageObject","inLanguage":"de","@id":"https:\/\/alice.ch\/de\/news\/individualisierung-in-der-weiterbildung\/#primaryimage","url":"https:\/\/alice.ch\/app\/uploads\/2023\/03\/individualisierung-in-der-weiterbildung.jpg","contentUrl":"https:\/\/alice.ch\/app\/uploads\/2023\/03\/individualisierung-in-der-weiterbildung.jpg","width":1200,"height":627},{"@type":"BreadcrumbList","@id":"https:\/\/alice.ch\/de\/news\/individualisierung-in-der-weiterbildung\/#breadcrumb","itemListElement":[{"@type":"ListItem","position":1,"name":"Startseite","item":"https:\/\/alice.ch\/de\/"},{"@type":"ListItem","position":2,"name":"Individualisierung in der Weiterbildung"}]},{"@type":"WebSite","@id":"https:\/\/alice.ch\/de\/#website","url":"https:\/\/alice.ch\/de\/","name":"alice.ch (Adult Learning Information Center) ist das Portal der Weiterbildung in der Schweiz.","description":"Schweizerischer Verband f\u00fcr Weiterbildung","publisher":{"@id":"https:\/\/alice.ch\/de\/#organization"},"potentialAction":[{"@type":"SearchAction","target":{"@type":"EntryPoint","urlTemplate":"https:\/\/alice.ch\/de\/?s={search_term_string}"},"query-input":{"@type":"PropertyValueSpecification","valueRequired":true,"valueName":"search_term_string"}}],"inLanguage":"de"},{"@type":"Organization","@id":"https:\/\/alice.ch\/de\/#organization","name":"SVEB Schweizerischer Verband f\u00fcr Weiterbildung","url":"https:\/\/alice.ch\/de\/","logo":{"@type":"ImageObject","inLanguage":"de","@id":"https:\/\/alice.ch\/de\/#\/schema\/logo\/image\/","url":"https:\/\/alice.ch\/app\/uploads\/2022\/07\/logo-sveb.png","contentUrl":"https:\/\/alice.ch\/app\/uploads\/2022\/07\/logo-sveb.png","width":145,"height":64,"caption":"SVEB Schweizerischer Verband f\u00fcr Weiterbildung"},"image":{"@id":"https:\/\/alice.ch\/de\/#\/schema\/logo\/image\/"},"sameAs":["https:\/\/www.linkedin.com\/company\/schweizerischer-verband-fr-weiterbildung-sveb\/"]}]}},"_links":{"self":[{"href":"https:\/\/alice.ch\/de\/wp-json\/wp\/v2\/news\/47571","targetHints":{"allow":["GET"]}}],"collection":[{"href":"https:\/\/alice.ch\/de\/wp-json\/wp\/v2\/news"}],"about":[{"href":"https:\/\/alice.ch\/de\/wp-json\/wp\/v2\/types\/news"}],"author":[{"embeddable":true,"href":"https:\/\/alice.ch\/de\/wp-json\/wp\/v2\/users\/2"}],"version-history":[{"count":19,"href":"https:\/\/alice.ch\/de\/wp-json\/wp\/v2\/news\/47571\/revisions"}],"predecessor-version":[{"id":47873,"href":"https:\/\/alice.ch\/de\/wp-json\/wp\/v2\/news\/47571\/revisions\/47873"}],"wp:featuredmedia":[{"embeddable":true,"href":"https:\/\/alice.ch\/de\/wp-json\/wp\/v2\/media\/47575"}],"wp:attachment":[{"href":"https:\/\/alice.ch\/de\/wp-json\/wp\/v2\/media?parent=47571"}],"wp:term":[{"taxonomy":"news-category","embeddable":true,"href":"https:\/\/alice.ch\/de\/wp-json\/wp\/v2\/news-category?post=47571"},{"taxonomy":"global-category","embeddable":true,"href":"https:\/\/alice.ch\/de\/wp-json\/wp\/v2\/global-category?post=47571"}],"curies":[{"name":"wp","href":"https:\/\/api.w.org\/{rel}","templated":true}]}}