{"id":49477,"date":"2023-05-05T10:05:50","date_gmt":"2023-05-05T08:05:50","guid":{"rendered":"https:\/\/alice.ch\/?post_type=news&#038;p=49477"},"modified":"2023-05-05T11:19:17","modified_gmt":"2023-05-05T09:19:17","slug":"grundkompetenzen-mit-ganzheitlichem-ansatz-vermitteln","status":"publish","type":"news","link":"https:\/\/alice.ch\/de\/news\/grundkompetenzen-mit-ganzheitlichem-ansatz-vermitteln\/","title":{"rendered":"Grundkompetenzen mit ganzheitlichem Ansatz vermitteln"},"content":{"rendered":"\n<p class=\"is-style-lead\">Ausbildende im Bereich Grundkompetenzen und Deutsch als Zweitsprache (DaZ) stehen bei der Vermittlung von Grundkompetenzen vor diversen Herausforderungen. In unserem Workshop vom 25. August in Olten erhalten sie Anst\u00f6sse dazu, wie sie Grundwissen in Alltagsszenarien praxisorientiert vermitteln k\u00f6nnen. \u2013 Wir sprachen mit der Leiterin der Veranstaltung.<\/p>\n\n\n\n<p class=\"is-style-default\">Olivia Walther ist eidg. Dipl. Ausbildungsleiterin, <a href=\"https:\/\/fide-info.ch\/\" target=\"_blank\" rel=\"noreferrer noopener\">fide-Expertin<\/a> und unterrichtet seit \u00fcber zwanzig Jahren Deutsch als Zweitsprache. Sie erl\u00e4utert, worum es beim kompetenz\u00fcbergreifenden Unterrichten geht.<\/p>\n\n\n\n<p><em>Interview: Saambavi Poopalapillai<\/em><\/p>\n\n\n\n<p><strong><em>Frau Walther, was beinhaltet das kompetenz\u00fcbergreifende und praxisorientierte Vermitteln von Grundkompetenzen? Und wie l\u00e4sst es sich umsetzen?<\/em><\/strong><br>\u00abEs bedeutet, dass die Grundkompetenzen nicht isoliert betrachtet werden. Ich gehe als Kursleiterin von einer Alltagssituation oder einem Alltagsszenario aus und mache mir bereits bei der Planung Gedanken dar\u00fcber, welche Kompetenzen zur Bew\u00e4ltigung dieser Alltagssituation erforderlich sind. Zusammen mit den Teilnehmenden ermitteln wir, was zur Situation geh\u00f6rt, welche Ressourcen und Kompetenzen sie diesbez\u00fcglich bereits mitbringen und welche Kompetenzen wir daf\u00fcr noch aufbauen m\u00f6chten. Diese erarbeiten wir dann gemeinsam und im Kontext der Alltagssituation.\u00bb<\/p>\n\n\n\n<p><strong><em>Was ist also eine Alltagssituation? K\u00f6nnen Sie dies an einem Beispiel erl\u00e4utern?<\/em><\/strong><br>\u00abIch mache gerne ein Beispiel aus meinem fide-Sprachkurs f\u00fcr Bauarbeiter: Ein Alltagsszenario, wof\u00fcr Lernende Kompetenzen aufbauen wollten, war das Mitarbeitergespr\u00e4ch. Beim gemeinsamen Erarbeiten von m\u00f6glichen Inhalten des Mitarbeitergespr\u00e4chs kam auch das Bed\u00fcrfnis, um eine Lohnerh\u00f6hung zu bitten. Die meisten waren aber unsicher, wie viel sie verlangen k\u00f6nnen. Da eignet sich eine Recherche mittels <a href=\"https:\/\/lohncheck.ch\/de\" target=\"_blank\" rel=\"noreferrer noopener\">lohncheck.ch\/de<\/a>. Damit man diesen verwenden kann, muss man jedoch auch wissen, welche Begriffe man als Job-Titel eingeben kann. Wir mussten also die n\u00f6tigen sprachlichen Kompetenzen daf\u00fcr aufbauen und dann ging es um die Bedienung des Tools und dann wiederum um den Aufbau der Kompetenzen.\u00bb<\/p>\n\n\n\n<p><strong><em>Man lernt also genau anhand jener Beispiele, die einem im Alltag begegnen.<\/em><\/strong><br>\u00abGenau! Darin liegt aus meiner Sicht auch der Mehrwert dieser Methode: Die Sinnhaftigkeit f\u00fcr die Weiterbildungsteilnehmenden wird erh\u00f6ht. Wenn ich die notwendigen Begriffe erlerne und deshalb dann einen Billett-Automaten bedienen kann, ergibt es viel mehr Sinn, diese Begriffe zu erlernen, weil ich einen konkreten praktischen Nutzen daraus ziehe.\u00bb<\/p>\n\n\n\n<p><strong><em>Wo liegen denn die Herausforderungen dieses Lernansatzes?<\/em><\/strong><br>\u00abEr verlangt von den Kursleitenden ein breiteres Denken in der Planung und Umsetzung. Es ist eine andere Herangehensweise: Als Ausbildende muss ich herausfinden k\u00f6nnen, wo genau mein Zielpublikum steht, damit ich es dort abholen und auf den vorhandenen Ressourcen aufbauen kann.\u00bb<\/p>\n\n\n\n<p><strong><em>Was erwartet die Teilnehmenden am Workshop vom 25. August?<\/em><\/strong><br>\u00abW\u00e4hrend des ersten Teils werden wir uns mit dem Ansatz der kompetenz\u00fcbergreifenden Vermittlung von Grundkompetenzen befassen. Dabei soll es nicht nur um die Grundhaltung und die Theorie des ganzheitlichen Bildungsansatzes gehen. Am <a href=\"https:\/\/alice.ch\/de\/event\/vermittlung-von-grundkompetenzen-kompetenzuebergreifendes-unterrichten\/\">Workshop-Tag<\/a> lade ich die Teilnehmenden auch dazu ein, exemplarische Lernsequenzen zu erarbeiten.\u00bb<\/p>\n\n\n\n<p><strong><em>Wie stellen Sie den Transfer in die Praxis der Ausbildenden sicher?<\/em><\/strong><br>\u00abDer Transfer des Gelernten in die Praxis liegt mir sehr am Herzen. Deshalb werden wir <a href=\"https:\/\/alice.ch\/de\/event\/vermittlung-von-grundkompetenzen-kompetenzuebergreifendes-unterrichten\/\">am Kurstag vom 25. August<\/a> auch gleich zwei weitere Online-Termine f\u00fcr ein Follow-Up festlegen. F\u00fcr den ersten Folge-Termin k\u00f6nnen die Teilnehmenden eine Lernsequenz mit einer Alltagssituation entwickeln und diese mit den weiteren Teilnehmenden reflektieren. Bis zum zweiten Folge-Termin sind sie dann eingeladen, diese Lernsequenzen in ihrer Arbeit umzusetzen. So soll der dritte und letzte Teil der Workshop-Serie dem Austausch und der Reflexion der Umsetzung dienen.\u00bb<\/p>\n\n\n\n<p>F\u00fcr Fragen steht Ihnen <a href=\"mailto:saambavi.poopalapillai@alice.ch\" target=\"_blank\" rel=\"noreferrer noopener\">Saambavi Poopalapillai<\/a>, wissenschaftliche Mitarbeiterin beim SVEB, zur Verf\u00fcgung.<\/p>\n\n\n\n<div class=\"wp-block-media-text is-stacked-on-mobile is-vertically-aligned-center\" style=\"grid-template-columns:33% auto\"><figure class=\"wp-block-media-text__media\"><a href=\"https:\/\/alice.ch\/de\/event\/vermittlung-von-grundkompetenzen-kompetenzuebergreifendes-unterrichten\/\"><img decoding=\"async\" src=\"https:\/\/alice.ch\/app\/uploads\/2023\/03\/workshop-unterrichten.jpg\" alt=\"\" class=\"wp-image-47137 size-full\"\/><\/a><\/figure><div class=\"wp-block-media-text__content\">\n<p>Die Veranstaltung \u00abVermittlung von Grundkompetenzen: Kompetenz\u00fcbergreifendes Unterrichten\u00bb vom 25.8.23 bietet Raum, um Ideen f\u00fcr praxisorientiertes Vermitteln von Grundkompetenzen zu entwickeln.<\/p>\n\n\n\n<div class=\"wp-block-buttons is-layout-flex wp-block-buttons-is-layout-flex\">\n<div class=\"wp-block-button is-style-minimal\"><a class=\"wp-block-button__link wp-element-button\" href=\"https:\/\/alice.ch\/de\/event\/vermittlung-von-grundkompetenzen-kompetenzuebergreifendes-unterrichten\/\">Information und Anmeldung<\/a><\/div>\n<\/div>\n<\/div><\/div>\n","protected":false},"excerpt":{"rendered":"<p>Ausbildende im Bereich Grundkompetenzen und Deutsch als Zweitsprache (DaZ) stehen bei der Vermittlung von Grundkompetenzen vor diversen Herausforderungen. In unserem [&hellip;]<\/p>\n","protected":false},"author":2,"featured_media":49489,"template":"","meta":{"_acf_changed":false,"inline_featured_image":false,"footnotes":""},"news-category":[28],"global-category":[],"class_list":["post-49477","news","type-news","status-publish","has-post-thumbnail","hentry","news-category-grundkompetenzen"],"acf":[],"yoast_head":"<!-- This site is optimized with the Yoast SEO plugin v27.3 - https:\/\/yoast.com\/product\/yoast-seo-wordpress\/ -->\n<title>Grundkompetenzen mit ganzheitlichem Ansatz vermitteln - SVEB<\/title>\n<meta name=\"robots\" content=\"index, follow, max-snippet:-1, max-image-preview:large, max-video-preview:-1\" \/>\n<link rel=\"canonical\" href=\"https:\/\/alice.ch\/de\/news\/grundkompetenzen-mit-ganzheitlichem-ansatz-vermitteln\/\" \/>\n<meta property=\"og:locale\" content=\"de_DE\" \/>\n<meta property=\"og:type\" content=\"article\" \/>\n<meta property=\"og:title\" content=\"Grundkompetenzen mit ganzheitlichem Ansatz vermitteln - SVEB\" \/>\n<meta property=\"og:description\" content=\"Ausbildende im Bereich Grundkompetenzen und Deutsch als Zweitsprache (DaZ) stehen bei der Vermittlung von Grundkompetenzen vor diversen Herausforderungen. In unserem [&hellip;]\" \/>\n<meta property=\"og:url\" content=\"https:\/\/alice.ch\/de\/news\/grundkompetenzen-mit-ganzheitlichem-ansatz-vermitteln\/\" \/>\n<meta property=\"og:site_name\" content=\"SVEB\" \/>\n<meta property=\"article:modified_time\" content=\"2023-05-05T09:19:17+00:00\" \/>\n<meta property=\"og:image\" content=\"https:\/\/alice.ch\/app\/uploads\/2023\/05\/job-interview.jpg\" \/>\n\t<meta property=\"og:image:width\" content=\"1200\" \/>\n\t<meta property=\"og:image:height\" content=\"627\" \/>\n\t<meta property=\"og:image:type\" content=\"image\/jpeg\" \/>\n<meta name=\"twitter:card\" content=\"summary_large_image\" \/>\n<meta name=\"twitter:label1\" content=\"Gesch\u00e4tzte Lesezeit\" \/>\n\t<meta name=\"twitter:data1\" content=\"4\u00a0Minuten\" \/>\n<script type=\"application\/ld+json\" class=\"yoast-schema-graph\">{\"@context\":\"https:\\\/\\\/schema.org\",\"@graph\":[{\"@type\":\"WebPage\",\"@id\":\"https:\\\/\\\/alice.ch\\\/de\\\/news\\\/grundkompetenzen-mit-ganzheitlichem-ansatz-vermitteln\\\/\",\"url\":\"https:\\\/\\\/alice.ch\\\/de\\\/news\\\/grundkompetenzen-mit-ganzheitlichem-ansatz-vermitteln\\\/\",\"name\":\"Grundkompetenzen mit ganzheitlichem Ansatz vermitteln - SVEB\",\"isPartOf\":{\"@id\":\"https:\\\/\\\/alice.ch\\\/de\\\/#website\"},\"primaryImageOfPage\":{\"@id\":\"https:\\\/\\\/alice.ch\\\/de\\\/news\\\/grundkompetenzen-mit-ganzheitlichem-ansatz-vermitteln\\\/#primaryimage\"},\"image\":{\"@id\":\"https:\\\/\\\/alice.ch\\\/de\\\/news\\\/grundkompetenzen-mit-ganzheitlichem-ansatz-vermitteln\\\/#primaryimage\"},\"thumbnailUrl\":\"https:\\\/\\\/alice.ch\\\/app\\\/uploads\\\/2023\\\/05\\\/job-interview.jpg\",\"datePublished\":\"2023-05-05T08:05:50+00:00\",\"dateModified\":\"2023-05-05T09:19:17+00:00\",\"breadcrumb\":{\"@id\":\"https:\\\/\\\/alice.ch\\\/de\\\/news\\\/grundkompetenzen-mit-ganzheitlichem-ansatz-vermitteln\\\/#breadcrumb\"},\"inLanguage\":\"de\",\"potentialAction\":[{\"@type\":\"ReadAction\",\"target\":[\"https:\\\/\\\/alice.ch\\\/de\\\/news\\\/grundkompetenzen-mit-ganzheitlichem-ansatz-vermitteln\\\/\"]}]},{\"@type\":\"ImageObject\",\"inLanguage\":\"de\",\"@id\":\"https:\\\/\\\/alice.ch\\\/de\\\/news\\\/grundkompetenzen-mit-ganzheitlichem-ansatz-vermitteln\\\/#primaryimage\",\"url\":\"https:\\\/\\\/alice.ch\\\/app\\\/uploads\\\/2023\\\/05\\\/job-interview.jpg\",\"contentUrl\":\"https:\\\/\\\/alice.ch\\\/app\\\/uploads\\\/2023\\\/05\\\/job-interview.jpg\",\"width\":1200,\"height\":627},{\"@type\":\"BreadcrumbList\",\"@id\":\"https:\\\/\\\/alice.ch\\\/de\\\/news\\\/grundkompetenzen-mit-ganzheitlichem-ansatz-vermitteln\\\/#breadcrumb\",\"itemListElement\":[{\"@type\":\"ListItem\",\"position\":1,\"name\":\"Startseite\",\"item\":\"https:\\\/\\\/alice.ch\\\/de\\\/\"},{\"@type\":\"ListItem\",\"position\":2,\"name\":\"Grundkompetenzen mit ganzheitlichem Ansatz vermitteln\"}]},{\"@type\":\"WebSite\",\"@id\":\"https:\\\/\\\/alice.ch\\\/de\\\/#website\",\"url\":\"https:\\\/\\\/alice.ch\\\/de\\\/\",\"name\":\"alice.ch (Adult Learning Information Center) ist das Portal der Weiterbildung in der Schweiz.\",\"description\":\"Schweizerischer Verband f\u00fcr Weiterbildung\",\"publisher\":{\"@id\":\"https:\\\/\\\/alice.ch\\\/de\\\/#organization\"},\"potentialAction\":[{\"@type\":\"SearchAction\",\"target\":{\"@type\":\"EntryPoint\",\"urlTemplate\":\"https:\\\/\\\/alice.ch\\\/de\\\/?s={search_term_string}\"},\"query-input\":{\"@type\":\"PropertyValueSpecification\",\"valueRequired\":true,\"valueName\":\"search_term_string\"}}],\"inLanguage\":\"de\"},{\"@type\":\"Organization\",\"@id\":\"https:\\\/\\\/alice.ch\\\/de\\\/#organization\",\"name\":\"SVEB Schweizerischer Verband f\u00fcr Weiterbildung\",\"url\":\"https:\\\/\\\/alice.ch\\\/de\\\/\",\"logo\":{\"@type\":\"ImageObject\",\"inLanguage\":\"de\",\"@id\":\"https:\\\/\\\/alice.ch\\\/de\\\/#\\\/schema\\\/logo\\\/image\\\/\",\"url\":\"https:\\\/\\\/alice.ch\\\/app\\\/uploads\\\/2022\\\/07\\\/logo-sveb.png\",\"contentUrl\":\"https:\\\/\\\/alice.ch\\\/app\\\/uploads\\\/2022\\\/07\\\/logo-sveb.png\",\"width\":145,\"height\":64,\"caption\":\"SVEB Schweizerischer Verband f\u00fcr Weiterbildung\"},\"image\":{\"@id\":\"https:\\\/\\\/alice.ch\\\/de\\\/#\\\/schema\\\/logo\\\/image\\\/\"},\"sameAs\":[\"https:\\\/\\\/www.linkedin.com\\\/company\\\/schweizerischer-verband-fr-weiterbildung-sveb\\\/\"]}]}<\/script>\n<!-- \/ Yoast SEO plugin. -->","yoast_head_json":{"title":"Grundkompetenzen mit ganzheitlichem Ansatz vermitteln - SVEB","robots":{"index":"index","follow":"follow","max-snippet":"max-snippet:-1","max-image-preview":"max-image-preview:large","max-video-preview":"max-video-preview:-1"},"canonical":"https:\/\/alice.ch\/de\/news\/grundkompetenzen-mit-ganzheitlichem-ansatz-vermitteln\/","og_locale":"de_DE","og_type":"article","og_title":"Grundkompetenzen mit ganzheitlichem Ansatz vermitteln - SVEB","og_description":"Ausbildende im Bereich Grundkompetenzen und Deutsch als Zweitsprache (DaZ) stehen bei der Vermittlung von Grundkompetenzen vor diversen Herausforderungen. In unserem [&hellip;]","og_url":"https:\/\/alice.ch\/de\/news\/grundkompetenzen-mit-ganzheitlichem-ansatz-vermitteln\/","og_site_name":"SVEB","article_modified_time":"2023-05-05T09:19:17+00:00","og_image":[{"width":1200,"height":627,"url":"https:\/\/alice.ch\/app\/uploads\/2023\/05\/job-interview.jpg","type":"image\/jpeg"}],"twitter_card":"summary_large_image","twitter_misc":{"Gesch\u00e4tzte Lesezeit":"4\u00a0Minuten"},"schema":{"@context":"https:\/\/schema.org","@graph":[{"@type":"WebPage","@id":"https:\/\/alice.ch\/de\/news\/grundkompetenzen-mit-ganzheitlichem-ansatz-vermitteln\/","url":"https:\/\/alice.ch\/de\/news\/grundkompetenzen-mit-ganzheitlichem-ansatz-vermitteln\/","name":"Grundkompetenzen mit ganzheitlichem Ansatz vermitteln - SVEB","isPartOf":{"@id":"https:\/\/alice.ch\/de\/#website"},"primaryImageOfPage":{"@id":"https:\/\/alice.ch\/de\/news\/grundkompetenzen-mit-ganzheitlichem-ansatz-vermitteln\/#primaryimage"},"image":{"@id":"https:\/\/alice.ch\/de\/news\/grundkompetenzen-mit-ganzheitlichem-ansatz-vermitteln\/#primaryimage"},"thumbnailUrl":"https:\/\/alice.ch\/app\/uploads\/2023\/05\/job-interview.jpg","datePublished":"2023-05-05T08:05:50+00:00","dateModified":"2023-05-05T09:19:17+00:00","breadcrumb":{"@id":"https:\/\/alice.ch\/de\/news\/grundkompetenzen-mit-ganzheitlichem-ansatz-vermitteln\/#breadcrumb"},"inLanguage":"de","potentialAction":[{"@type":"ReadAction","target":["https:\/\/alice.ch\/de\/news\/grundkompetenzen-mit-ganzheitlichem-ansatz-vermitteln\/"]}]},{"@type":"ImageObject","inLanguage":"de","@id":"https:\/\/alice.ch\/de\/news\/grundkompetenzen-mit-ganzheitlichem-ansatz-vermitteln\/#primaryimage","url":"https:\/\/alice.ch\/app\/uploads\/2023\/05\/job-interview.jpg","contentUrl":"https:\/\/alice.ch\/app\/uploads\/2023\/05\/job-interview.jpg","width":1200,"height":627},{"@type":"BreadcrumbList","@id":"https:\/\/alice.ch\/de\/news\/grundkompetenzen-mit-ganzheitlichem-ansatz-vermitteln\/#breadcrumb","itemListElement":[{"@type":"ListItem","position":1,"name":"Startseite","item":"https:\/\/alice.ch\/de\/"},{"@type":"ListItem","position":2,"name":"Grundkompetenzen mit ganzheitlichem Ansatz vermitteln"}]},{"@type":"WebSite","@id":"https:\/\/alice.ch\/de\/#website","url":"https:\/\/alice.ch\/de\/","name":"alice.ch (Adult Learning Information Center) ist das Portal der Weiterbildung in der Schweiz.","description":"Schweizerischer Verband f\u00fcr Weiterbildung","publisher":{"@id":"https:\/\/alice.ch\/de\/#organization"},"potentialAction":[{"@type":"SearchAction","target":{"@type":"EntryPoint","urlTemplate":"https:\/\/alice.ch\/de\/?s={search_term_string}"},"query-input":{"@type":"PropertyValueSpecification","valueRequired":true,"valueName":"search_term_string"}}],"inLanguage":"de"},{"@type":"Organization","@id":"https:\/\/alice.ch\/de\/#organization","name":"SVEB Schweizerischer Verband f\u00fcr Weiterbildung","url":"https:\/\/alice.ch\/de\/","logo":{"@type":"ImageObject","inLanguage":"de","@id":"https:\/\/alice.ch\/de\/#\/schema\/logo\/image\/","url":"https:\/\/alice.ch\/app\/uploads\/2022\/07\/logo-sveb.png","contentUrl":"https:\/\/alice.ch\/app\/uploads\/2022\/07\/logo-sveb.png","width":145,"height":64,"caption":"SVEB Schweizerischer Verband f\u00fcr Weiterbildung"},"image":{"@id":"https:\/\/alice.ch\/de\/#\/schema\/logo\/image\/"},"sameAs":["https:\/\/www.linkedin.com\/company\/schweizerischer-verband-fr-weiterbildung-sveb\/"]}]}},"_links":{"self":[{"href":"https:\/\/alice.ch\/de\/wp-json\/wp\/v2\/news\/49477","targetHints":{"allow":["GET"]}}],"collection":[{"href":"https:\/\/alice.ch\/de\/wp-json\/wp\/v2\/news"}],"about":[{"href":"https:\/\/alice.ch\/de\/wp-json\/wp\/v2\/types\/news"}],"author":[{"embeddable":true,"href":"https:\/\/alice.ch\/de\/wp-json\/wp\/v2\/users\/2"}],"version-history":[{"count":41,"href":"https:\/\/alice.ch\/de\/wp-json\/wp\/v2\/news\/49477\/revisions"}],"predecessor-version":[{"id":49535,"href":"https:\/\/alice.ch\/de\/wp-json\/wp\/v2\/news\/49477\/revisions\/49535"}],"wp:featuredmedia":[{"embeddable":true,"href":"https:\/\/alice.ch\/de\/wp-json\/wp\/v2\/media\/49489"}],"wp:attachment":[{"href":"https:\/\/alice.ch\/de\/wp-json\/wp\/v2\/media?parent=49477"}],"wp:term":[{"taxonomy":"news-category","embeddable":true,"href":"https:\/\/alice.ch\/de\/wp-json\/wp\/v2\/news-category?post=49477"},{"taxonomy":"global-category","embeddable":true,"href":"https:\/\/alice.ch\/de\/wp-json\/wp\/v2\/global-category?post=49477"}],"curies":[{"name":"wp","href":"https:\/\/api.w.org\/{rel}","templated":true}]}}