{"id":51237,"date":"2019-03-04T10:41:32","date_gmt":"2019-03-04T09:41:32","guid":{"rendered":"https:\/\/alice.ch\/?post_type=news&#038;p=51237"},"modified":"2023-05-17T11:02:30","modified_gmt":"2023-05-17T09:02:30","slug":"die-erstaunliche-haltbarkeit-einer-unhaltbaren-theorie","status":"publish","type":"news","link":"https:\/\/alice.ch\/de\/news\/die-erstaunliche-haltbarkeit-einer-unhaltbaren-theorie\/","title":{"rendered":"Die erstaunliche Haltbarkeit einer unhaltbaren Theorie"},"content":{"rendered":"\n<p class=\"is-style-lead\">Einige p\u00e4dagogische Konstrukte haben sich in den K\u00f6pfen von Studierenden, Lehrkr\u00e4ften und Hochschullehrenden festgesetzt. Zu diesen geh\u00f6rt die Theorie von den Lerntypen. Die Entzauberung einer vermeintlichen Zauberformel.<\/p>\n\n\n\n<p><em>Maike Looss<\/em><\/p>\n\n\n\n<p>Optisch, haptisch, auditiv \u2013 das sind bekannte Lerntypen, die mit erstaunlicher Haltbarkeit bis heute immer wieder in Publikationen zum \u00abLehren und Lernen lernen\u00bb gedanken- und bedenkenlos zur Charakterisierung heterogener Lerngruppen und individueller Lernvoraussetzungen sowie zur Begr\u00fcndung \u00abpraktischer Arbeiten\u00bb (f\u00fcr haptische Lerntypen) auftauchen. Einer Pr\u00fcfung auf Logik und interne Konsistenz h\u00e4lt das p\u00e4dagogische Konstrukt der Lerntypen jedoch nicht stand.<\/p>\n\n\n\n<div class=\"wp-block-buttons is-layout-flex wp-block-buttons-is-layout-flex\">\n<div class=\"wp-block-button is-style-minimal\"><a class=\"wp-block-button__link wp-element-button\" href=\"https:\/\/alice.ch\/app\/uploads\/2023\/05\/ep2019-1-maike-looss.pdf\" target=\"_blank\" rel=\"noreferrer noopener\">Beitrag von Maike Looss aus der EP 2019-1 lesen<\/a><\/div>\n<\/div>\n\n\n\n<div class=\"wp-block-buttons is-layout-flex wp-block-buttons-is-layout-flex\">\n<div class=\"wp-block-button is-style-minimal\"><a class=\"wp-block-button__link wp-element-button\" href=\"https:\/\/alice.ch\/app\/uploads\/2022\/10\/EP2019-1_web.pdf\" target=\"_blank\" rel=\"noreferrer noopener\">Gesamte Ausgabe EP 2019-1<\/a><\/div>\n<\/div>\n","protected":false},"excerpt":{"rendered":"<p>Einige p\u00e4dagogische Konstrukte haben sich in den K\u00f6pfen von Studierenden, Lehrkr\u00e4ften und Hochschullehrenden festgesetzt. Zu diesen geh\u00f6rt die Theorie von [&hellip;]<\/p>\n","protected":false},"author":2,"featured_media":51259,"template":"","meta":{"_acf_changed":false,"inline_featured_image":false,"footnotes":""},"news-category":[31],"global-category":[],"class_list":["post-51237","news","type-news","status-publish","has-post-thumbnail","hentry","news-category-branche"],"acf":[],"yoast_head":"<!-- This site is optimized with the Yoast SEO plugin v27.3 - https:\/\/yoast.com\/product\/yoast-seo-wordpress\/ -->\n<title>Die erstaunliche Haltbarkeit einer unhaltbaren Theorie - SVEB<\/title>\n<meta name=\"robots\" content=\"index, follow, max-snippet:-1, max-image-preview:large, max-video-preview:-1\" \/>\n<link rel=\"canonical\" href=\"https:\/\/alice.ch\/de\/news\/die-erstaunliche-haltbarkeit-einer-unhaltbaren-theorie\/\" \/>\n<meta property=\"og:locale\" content=\"de_DE\" \/>\n<meta property=\"og:type\" content=\"article\" \/>\n<meta property=\"og:title\" content=\"Die erstaunliche Haltbarkeit einer unhaltbaren Theorie - SVEB\" \/>\n<meta property=\"og:description\" content=\"Einige p\u00e4dagogische Konstrukte haben sich in den K\u00f6pfen von Studierenden, Lehrkr\u00e4ften und Hochschullehrenden festgesetzt. Zu diesen geh\u00f6rt die Theorie von [&hellip;]\" \/>\n<meta property=\"og:url\" content=\"https:\/\/alice.ch\/de\/news\/die-erstaunliche-haltbarkeit-einer-unhaltbaren-theorie\/\" \/>\n<meta property=\"og:site_name\" content=\"SVEB\" \/>\n<meta property=\"article:modified_time\" content=\"2023-05-17T09:02:30+00:00\" \/>\n<meta property=\"og:image\" content=\"https:\/\/alice.ch\/app\/uploads\/2023\/05\/maike-loos.jpg\" \/>\n\t<meta property=\"og:image:width\" content=\"1200\" \/>\n\t<meta property=\"og:image:height\" content=\"627\" \/>\n\t<meta property=\"og:image:type\" content=\"image\/jpeg\" \/>\n<meta name=\"twitter:card\" content=\"summary_large_image\" \/>\n<meta name=\"twitter:label1\" content=\"Gesch\u00e4tzte Lesezeit\" \/>\n\t<meta name=\"twitter:data1\" content=\"1\u00a0Minute\" \/>\n<script type=\"application\/ld+json\" class=\"yoast-schema-graph\">{\"@context\":\"https:\\\/\\\/schema.org\",\"@graph\":[{\"@type\":\"WebPage\",\"@id\":\"https:\\\/\\\/alice.ch\\\/de\\\/news\\\/die-erstaunliche-haltbarkeit-einer-unhaltbaren-theorie\\\/\",\"url\":\"https:\\\/\\\/alice.ch\\\/de\\\/news\\\/die-erstaunliche-haltbarkeit-einer-unhaltbaren-theorie\\\/\",\"name\":\"Die erstaunliche Haltbarkeit einer unhaltbaren Theorie - SVEB\",\"isPartOf\":{\"@id\":\"https:\\\/\\\/alice.ch\\\/de\\\/#website\"},\"primaryImageOfPage\":{\"@id\":\"https:\\\/\\\/alice.ch\\\/de\\\/news\\\/die-erstaunliche-haltbarkeit-einer-unhaltbaren-theorie\\\/#primaryimage\"},\"image\":{\"@id\":\"https:\\\/\\\/alice.ch\\\/de\\\/news\\\/die-erstaunliche-haltbarkeit-einer-unhaltbaren-theorie\\\/#primaryimage\"},\"thumbnailUrl\":\"https:\\\/\\\/alice.ch\\\/app\\\/uploads\\\/2023\\\/05\\\/maike-loos.jpg\",\"datePublished\":\"2019-03-04T09:41:32+00:00\",\"dateModified\":\"2023-05-17T09:02:30+00:00\",\"breadcrumb\":{\"@id\":\"https:\\\/\\\/alice.ch\\\/de\\\/news\\\/die-erstaunliche-haltbarkeit-einer-unhaltbaren-theorie\\\/#breadcrumb\"},\"inLanguage\":\"de\",\"potentialAction\":[{\"@type\":\"ReadAction\",\"target\":[\"https:\\\/\\\/alice.ch\\\/de\\\/news\\\/die-erstaunliche-haltbarkeit-einer-unhaltbaren-theorie\\\/\"]}]},{\"@type\":\"ImageObject\",\"inLanguage\":\"de\",\"@id\":\"https:\\\/\\\/alice.ch\\\/de\\\/news\\\/die-erstaunliche-haltbarkeit-einer-unhaltbaren-theorie\\\/#primaryimage\",\"url\":\"https:\\\/\\\/alice.ch\\\/app\\\/uploads\\\/2023\\\/05\\\/maike-loos.jpg\",\"contentUrl\":\"https:\\\/\\\/alice.ch\\\/app\\\/uploads\\\/2023\\\/05\\\/maike-loos.jpg\",\"width\":1200,\"height\":627},{\"@type\":\"BreadcrumbList\",\"@id\":\"https:\\\/\\\/alice.ch\\\/de\\\/news\\\/die-erstaunliche-haltbarkeit-einer-unhaltbaren-theorie\\\/#breadcrumb\",\"itemListElement\":[{\"@type\":\"ListItem\",\"position\":1,\"name\":\"Startseite\",\"item\":\"https:\\\/\\\/alice.ch\\\/de\\\/\"},{\"@type\":\"ListItem\",\"position\":2,\"name\":\"Die erstaunliche Haltbarkeit einer unhaltbaren Theorie\"}]},{\"@type\":\"WebSite\",\"@id\":\"https:\\\/\\\/alice.ch\\\/de\\\/#website\",\"url\":\"https:\\\/\\\/alice.ch\\\/de\\\/\",\"name\":\"alice.ch (Adult Learning Information Center) ist das Portal der Weiterbildung in der Schweiz.\",\"description\":\"Schweizerischer Verband f\u00fcr Weiterbildung\",\"publisher\":{\"@id\":\"https:\\\/\\\/alice.ch\\\/de\\\/#organization\"},\"potentialAction\":[{\"@type\":\"SearchAction\",\"target\":{\"@type\":\"EntryPoint\",\"urlTemplate\":\"https:\\\/\\\/alice.ch\\\/de\\\/?s={search_term_string}\"},\"query-input\":{\"@type\":\"PropertyValueSpecification\",\"valueRequired\":true,\"valueName\":\"search_term_string\"}}],\"inLanguage\":\"de\"},{\"@type\":\"Organization\",\"@id\":\"https:\\\/\\\/alice.ch\\\/de\\\/#organization\",\"name\":\"SVEB Schweizerischer Verband f\u00fcr Weiterbildung\",\"url\":\"https:\\\/\\\/alice.ch\\\/de\\\/\",\"logo\":{\"@type\":\"ImageObject\",\"inLanguage\":\"de\",\"@id\":\"https:\\\/\\\/alice.ch\\\/de\\\/#\\\/schema\\\/logo\\\/image\\\/\",\"url\":\"https:\\\/\\\/alice.ch\\\/app\\\/uploads\\\/2022\\\/07\\\/logo-sveb.png\",\"contentUrl\":\"https:\\\/\\\/alice.ch\\\/app\\\/uploads\\\/2022\\\/07\\\/logo-sveb.png\",\"width\":145,\"height\":64,\"caption\":\"SVEB Schweizerischer Verband f\u00fcr Weiterbildung\"},\"image\":{\"@id\":\"https:\\\/\\\/alice.ch\\\/de\\\/#\\\/schema\\\/logo\\\/image\\\/\"},\"sameAs\":[\"https:\\\/\\\/www.linkedin.com\\\/company\\\/schweizerischer-verband-fr-weiterbildung-sveb\\\/\"]}]}<\/script>\n<!-- \/ Yoast SEO plugin. -->","yoast_head_json":{"title":"Die erstaunliche Haltbarkeit einer unhaltbaren Theorie - SVEB","robots":{"index":"index","follow":"follow","max-snippet":"max-snippet:-1","max-image-preview":"max-image-preview:large","max-video-preview":"max-video-preview:-1"},"canonical":"https:\/\/alice.ch\/de\/news\/die-erstaunliche-haltbarkeit-einer-unhaltbaren-theorie\/","og_locale":"de_DE","og_type":"article","og_title":"Die erstaunliche Haltbarkeit einer unhaltbaren Theorie - SVEB","og_description":"Einige p\u00e4dagogische Konstrukte haben sich in den K\u00f6pfen von Studierenden, Lehrkr\u00e4ften und Hochschullehrenden festgesetzt. Zu diesen geh\u00f6rt die Theorie von [&hellip;]","og_url":"https:\/\/alice.ch\/de\/news\/die-erstaunliche-haltbarkeit-einer-unhaltbaren-theorie\/","og_site_name":"SVEB","article_modified_time":"2023-05-17T09:02:30+00:00","og_image":[{"width":1200,"height":627,"url":"https:\/\/alice.ch\/app\/uploads\/2023\/05\/maike-loos.jpg","type":"image\/jpeg"}],"twitter_card":"summary_large_image","twitter_misc":{"Gesch\u00e4tzte Lesezeit":"1\u00a0Minute"},"schema":{"@context":"https:\/\/schema.org","@graph":[{"@type":"WebPage","@id":"https:\/\/alice.ch\/de\/news\/die-erstaunliche-haltbarkeit-einer-unhaltbaren-theorie\/","url":"https:\/\/alice.ch\/de\/news\/die-erstaunliche-haltbarkeit-einer-unhaltbaren-theorie\/","name":"Die erstaunliche Haltbarkeit einer unhaltbaren Theorie - SVEB","isPartOf":{"@id":"https:\/\/alice.ch\/de\/#website"},"primaryImageOfPage":{"@id":"https:\/\/alice.ch\/de\/news\/die-erstaunliche-haltbarkeit-einer-unhaltbaren-theorie\/#primaryimage"},"image":{"@id":"https:\/\/alice.ch\/de\/news\/die-erstaunliche-haltbarkeit-einer-unhaltbaren-theorie\/#primaryimage"},"thumbnailUrl":"https:\/\/alice.ch\/app\/uploads\/2023\/05\/maike-loos.jpg","datePublished":"2019-03-04T09:41:32+00:00","dateModified":"2023-05-17T09:02:30+00:00","breadcrumb":{"@id":"https:\/\/alice.ch\/de\/news\/die-erstaunliche-haltbarkeit-einer-unhaltbaren-theorie\/#breadcrumb"},"inLanguage":"de","potentialAction":[{"@type":"ReadAction","target":["https:\/\/alice.ch\/de\/news\/die-erstaunliche-haltbarkeit-einer-unhaltbaren-theorie\/"]}]},{"@type":"ImageObject","inLanguage":"de","@id":"https:\/\/alice.ch\/de\/news\/die-erstaunliche-haltbarkeit-einer-unhaltbaren-theorie\/#primaryimage","url":"https:\/\/alice.ch\/app\/uploads\/2023\/05\/maike-loos.jpg","contentUrl":"https:\/\/alice.ch\/app\/uploads\/2023\/05\/maike-loos.jpg","width":1200,"height":627},{"@type":"BreadcrumbList","@id":"https:\/\/alice.ch\/de\/news\/die-erstaunliche-haltbarkeit-einer-unhaltbaren-theorie\/#breadcrumb","itemListElement":[{"@type":"ListItem","position":1,"name":"Startseite","item":"https:\/\/alice.ch\/de\/"},{"@type":"ListItem","position":2,"name":"Die erstaunliche Haltbarkeit einer unhaltbaren Theorie"}]},{"@type":"WebSite","@id":"https:\/\/alice.ch\/de\/#website","url":"https:\/\/alice.ch\/de\/","name":"alice.ch (Adult Learning Information Center) ist das Portal der Weiterbildung in der Schweiz.","description":"Schweizerischer Verband f\u00fcr Weiterbildung","publisher":{"@id":"https:\/\/alice.ch\/de\/#organization"},"potentialAction":[{"@type":"SearchAction","target":{"@type":"EntryPoint","urlTemplate":"https:\/\/alice.ch\/de\/?s={search_term_string}"},"query-input":{"@type":"PropertyValueSpecification","valueRequired":true,"valueName":"search_term_string"}}],"inLanguage":"de"},{"@type":"Organization","@id":"https:\/\/alice.ch\/de\/#organization","name":"SVEB Schweizerischer Verband f\u00fcr Weiterbildung","url":"https:\/\/alice.ch\/de\/","logo":{"@type":"ImageObject","inLanguage":"de","@id":"https:\/\/alice.ch\/de\/#\/schema\/logo\/image\/","url":"https:\/\/alice.ch\/app\/uploads\/2022\/07\/logo-sveb.png","contentUrl":"https:\/\/alice.ch\/app\/uploads\/2022\/07\/logo-sveb.png","width":145,"height":64,"caption":"SVEB Schweizerischer Verband f\u00fcr Weiterbildung"},"image":{"@id":"https:\/\/alice.ch\/de\/#\/schema\/logo\/image\/"},"sameAs":["https:\/\/www.linkedin.com\/company\/schweizerischer-verband-fr-weiterbildung-sveb\/"]}]}},"_links":{"self":[{"href":"https:\/\/alice.ch\/de\/wp-json\/wp\/v2\/news\/51237","targetHints":{"allow":["GET"]}}],"collection":[{"href":"https:\/\/alice.ch\/de\/wp-json\/wp\/v2\/news"}],"about":[{"href":"https:\/\/alice.ch\/de\/wp-json\/wp\/v2\/types\/news"}],"author":[{"embeddable":true,"href":"https:\/\/alice.ch\/de\/wp-json\/wp\/v2\/users\/2"}],"version-history":[{"count":6,"href":"https:\/\/alice.ch\/de\/wp-json\/wp\/v2\/news\/51237\/revisions"}],"predecessor-version":[{"id":51263,"href":"https:\/\/alice.ch\/de\/wp-json\/wp\/v2\/news\/51237\/revisions\/51263"}],"wp:featuredmedia":[{"embeddable":true,"href":"https:\/\/alice.ch\/de\/wp-json\/wp\/v2\/media\/51259"}],"wp:attachment":[{"href":"https:\/\/alice.ch\/de\/wp-json\/wp\/v2\/media?parent=51237"}],"wp:term":[{"taxonomy":"news-category","embeddable":true,"href":"https:\/\/alice.ch\/de\/wp-json\/wp\/v2\/news-category?post=51237"},{"taxonomy":"global-category","embeddable":true,"href":"https:\/\/alice.ch\/de\/wp-json\/wp\/v2\/global-category?post=51237"}],"curies":[{"name":"wp","href":"https:\/\/api.w.org\/{rel}","templated":true}]}}