{"id":51753,"date":"2023-06-09T16:19:35","date_gmt":"2023-06-09T14:19:35","guid":{"rendered":"https:\/\/alice.ch\/?post_type=news&#038;p=51753"},"modified":"2023-06-16T16:20:49","modified_gmt":"2023-06-16T14:20:49","slug":"woerterbuch-erwachsenen-und-weiterbildung","status":"publish","type":"news","link":"https:\/\/alice.ch\/de\/news\/woerterbuch-erwachsenen-und-weiterbildung\/","title":{"rendered":"W\u00f6rterbuch Erwachsenen- und Weiterbildung"},"content":{"rendered":"\n<p class=\"is-style-lead\">Das \u00abW\u00f6rterbuch Erwachsenen- und Weiterbildung\u00bb ist in dritter Auflage erschienen und neu im Open Access sowie als Printausgabe verf\u00fcgbar. Es versammelt in 309 Beitr\u00e4gen den aktuellen Wissens- und Diskussionsstand zu den wichtigsten Sachthemen der Weiterbildung.&nbsp;<\/p>\n\n\n\n<p>Die im W\u00f6rterbuch versammelten Beitr\u00e4ge definieren jeweils den Begriff, reflektieren theoretische und historische Bez\u00fcge, stellen den Diskussionsstand dar und schaffen Bez\u00fcge zur Bildungspraxis. Die Beitr\u00e4ge sind alphabetisch nach Stichworten geordnet und bieten so eine rasche Orientierung.&nbsp;<\/p>\n\n\n\n<h2 class=\"wp-block-heading\">Breites Themenfeld&nbsp;&nbsp;<\/h2>\n\n\n\n<p>Das thematische Spektrum ist breit und deckt alle grundlegenden Gebiete des Fachbereichs ab. Die Themen reichen von Didaktik, Methodik und Lerntheorien \u00fcber die wissenschaftliche Entwicklung, die Auseinandersetzung mit Organisationen und Institutionen oder Recht und Politik bis hin zur Professionsentwicklung und Internationalisierung der Weiterbildung. Ebenfalls im W\u00f6rterbuch enthalten ist ein vom SVEB verfasster Beitrag zur Weiterbildung in der Schweiz.&nbsp;<\/p>\n\n\n\n<h2 class=\"wp-block-heading\">Erwachsenenbildung als Wissenschaft&nbsp;<\/h2>\n\n\n\n<p>Im Gegensatz zur Schweiz hat sich die Erwachsenenbildung in Deutschland mittlerweile als eigenst\u00e4ndige Wissenschaftsdisziplin etabliert. In den letzten Jahren zeigte sich zudem ein wachsender Bedarf an theoretischer und empirischer Fundierung sowie, damit verbunden, die Forderung nach einer st\u00e4rkeren Forschungsorientierung. Diesem Hintergrund tragen die Herausgeber Rolf Arnold, Ekkehard Nuissl und Josef Schrader mit der dritten Auflage des W\u00f6rterbuchs Rechnung.&nbsp;<\/p>\n\n\n\n<h2 class=\"wp-block-heading\">Orientierungswissen f\u00fcr die Schweizer Weiterbildung&nbsp;<\/h2>\n\n\n\n<p>In der Schweiz konnte sich die Erwachsenen- und Weiterbildung bislang nicht als eigenst\u00e4ndige Wissenschaftsdisziplin herausbilden. Entsprechend wertvoll ist es f\u00fcr schweizerischen Weiterbildung, mit dem W\u00f6rterbuch Einblick in den neuesten Stand der Diskussion in Deutschland zu erhalten.&nbsp;<\/p>\n\n\n\n<div style=\"height:26px\" aria-hidden=\"true\" class=\"wp-block-spacer\"><\/div>\n\n\n\n<div class=\"wp-block-buttons is-layout-flex wp-block-buttons-is-layout-flex\">\n<div class=\"wp-block-button is-style-minimal\"><a class=\"wp-block-button__link wp-element-button\" href=\"https:\/\/wb-erwachsenenbildung.net\/beitraege\/\" target=\"_blank\" rel=\"noreferrer noopener\">Digitale Ausgabe des W\u00f6rterbuchs Erwachsenen- und Weiterbildung<\/a><\/div>\n<\/div>\n\n\n\n<div class=\"wp-block-buttons is-layout-flex wp-block-buttons-is-layout-flex\">\n<div class=\"wp-block-button is-style-minimal\"><a class=\"wp-block-button__link wp-element-button\" href=\"https:\/\/wb-erwachsenenbildung.net\/\" target=\"_blank\" rel=\"noreferrer noopener\">Printfassung und weitere Informationen zur Publikation<\/a><\/div>\n\n\n<\/div>\n","protected":false},"excerpt":{"rendered":"<p>Das \u00abW\u00f6rterbuch Erwachsenen- und Weiterbildung\u00bb ist in dritter Auflage erschienen und neu im Open Access sowie als Printausgabe verf\u00fcgbar. Es [&hellip;]<\/p>\n","protected":false},"author":5,"featured_media":51755,"template":"","meta":{"_acf_changed":false,"inline_featured_image":false,"footnotes":""},"news-category":[31],"global-category":[],"class_list":["post-51753","news","type-news","status-publish","has-post-thumbnail","hentry","news-category-branche"],"acf":[],"yoast_head":"<!-- This site is optimized with the Yoast SEO plugin v27.3 - https:\/\/yoast.com\/product\/yoast-seo-wordpress\/ -->\n<title>W\u00f6rterbuch Erwachsenen- und Weiterbildung - SVEB<\/title>\n<meta name=\"robots\" content=\"index, follow, max-snippet:-1, max-image-preview:large, max-video-preview:-1\" \/>\n<link rel=\"canonical\" href=\"https:\/\/alice.ch\/de\/news\/woerterbuch-erwachsenen-und-weiterbildung\/\" \/>\n<meta property=\"og:locale\" content=\"de_DE\" \/>\n<meta property=\"og:type\" content=\"article\" \/>\n<meta property=\"og:title\" content=\"W\u00f6rterbuch Erwachsenen- und Weiterbildung - SVEB\" \/>\n<meta property=\"og:description\" content=\"Das \u00abW\u00f6rterbuch Erwachsenen- und Weiterbildung\u00bb ist in dritter Auflage erschienen und neu im Open Access sowie als Printausgabe verf\u00fcgbar. Es [&hellip;]\" \/>\n<meta property=\"og:url\" content=\"https:\/\/alice.ch\/de\/news\/woerterbuch-erwachsenen-und-weiterbildung\/\" \/>\n<meta property=\"og:site_name\" content=\"SVEB\" \/>\n<meta property=\"article:modified_time\" content=\"2023-06-16T14:20:49+00:00\" \/>\n<meta property=\"og:image\" content=\"https:\/\/alice.ch\/app\/uploads\/2023\/06\/Woerterbuch.jpg\" \/>\n\t<meta property=\"og:image:width\" content=\"1200\" \/>\n\t<meta property=\"og:image:height\" content=\"627\" \/>\n\t<meta property=\"og:image:type\" content=\"image\/jpeg\" \/>\n<meta name=\"twitter:card\" content=\"summary_large_image\" \/>\n<meta name=\"twitter:label1\" content=\"Gesch\u00e4tzte Lesezeit\" \/>\n\t<meta name=\"twitter:data1\" content=\"1\u00a0Minute\" \/>\n<script type=\"application\/ld+json\" class=\"yoast-schema-graph\">{\"@context\":\"https:\\\/\\\/schema.org\",\"@graph\":[{\"@type\":\"WebPage\",\"@id\":\"https:\\\/\\\/alice.ch\\\/de\\\/news\\\/woerterbuch-erwachsenen-und-weiterbildung\\\/\",\"url\":\"https:\\\/\\\/alice.ch\\\/de\\\/news\\\/woerterbuch-erwachsenen-und-weiterbildung\\\/\",\"name\":\"W\u00f6rterbuch Erwachsenen- und Weiterbildung - SVEB\",\"isPartOf\":{\"@id\":\"https:\\\/\\\/alice.ch\\\/de\\\/#website\"},\"primaryImageOfPage\":{\"@id\":\"https:\\\/\\\/alice.ch\\\/de\\\/news\\\/woerterbuch-erwachsenen-und-weiterbildung\\\/#primaryimage\"},\"image\":{\"@id\":\"https:\\\/\\\/alice.ch\\\/de\\\/news\\\/woerterbuch-erwachsenen-und-weiterbildung\\\/#primaryimage\"},\"thumbnailUrl\":\"https:\\\/\\\/alice.ch\\\/app\\\/uploads\\\/2023\\\/06\\\/Woerterbuch.jpg\",\"datePublished\":\"2023-06-09T14:19:35+00:00\",\"dateModified\":\"2023-06-16T14:20:49+00:00\",\"breadcrumb\":{\"@id\":\"https:\\\/\\\/alice.ch\\\/de\\\/news\\\/woerterbuch-erwachsenen-und-weiterbildung\\\/#breadcrumb\"},\"inLanguage\":\"de\",\"potentialAction\":[{\"@type\":\"ReadAction\",\"target\":[\"https:\\\/\\\/alice.ch\\\/de\\\/news\\\/woerterbuch-erwachsenen-und-weiterbildung\\\/\"]}]},{\"@type\":\"ImageObject\",\"inLanguage\":\"de\",\"@id\":\"https:\\\/\\\/alice.ch\\\/de\\\/news\\\/woerterbuch-erwachsenen-und-weiterbildung\\\/#primaryimage\",\"url\":\"https:\\\/\\\/alice.ch\\\/app\\\/uploads\\\/2023\\\/06\\\/Woerterbuch.jpg\",\"contentUrl\":\"https:\\\/\\\/alice.ch\\\/app\\\/uploads\\\/2023\\\/06\\\/Woerterbuch.jpg\",\"width\":1200,\"height\":627},{\"@type\":\"BreadcrumbList\",\"@id\":\"https:\\\/\\\/alice.ch\\\/de\\\/news\\\/woerterbuch-erwachsenen-und-weiterbildung\\\/#breadcrumb\",\"itemListElement\":[{\"@type\":\"ListItem\",\"position\":1,\"name\":\"Startseite\",\"item\":\"https:\\\/\\\/alice.ch\\\/de\\\/\"},{\"@type\":\"ListItem\",\"position\":2,\"name\":\"W\u00f6rterbuch Erwachsenen- und Weiterbildung\"}]},{\"@type\":\"WebSite\",\"@id\":\"https:\\\/\\\/alice.ch\\\/de\\\/#website\",\"url\":\"https:\\\/\\\/alice.ch\\\/de\\\/\",\"name\":\"alice.ch (Adult Learning Information Center) ist das Portal der Weiterbildung in der Schweiz.\",\"description\":\"Schweizerischer Verband f\u00fcr Weiterbildung\",\"publisher\":{\"@id\":\"https:\\\/\\\/alice.ch\\\/de\\\/#organization\"},\"potentialAction\":[{\"@type\":\"SearchAction\",\"target\":{\"@type\":\"EntryPoint\",\"urlTemplate\":\"https:\\\/\\\/alice.ch\\\/de\\\/?s={search_term_string}\"},\"query-input\":{\"@type\":\"PropertyValueSpecification\",\"valueRequired\":true,\"valueName\":\"search_term_string\"}}],\"inLanguage\":\"de\"},{\"@type\":\"Organization\",\"@id\":\"https:\\\/\\\/alice.ch\\\/de\\\/#organization\",\"name\":\"SVEB Schweizerischer Verband f\u00fcr Weiterbildung\",\"url\":\"https:\\\/\\\/alice.ch\\\/de\\\/\",\"logo\":{\"@type\":\"ImageObject\",\"inLanguage\":\"de\",\"@id\":\"https:\\\/\\\/alice.ch\\\/de\\\/#\\\/schema\\\/logo\\\/image\\\/\",\"url\":\"https:\\\/\\\/alice.ch\\\/app\\\/uploads\\\/2022\\\/07\\\/logo-sveb.png\",\"contentUrl\":\"https:\\\/\\\/alice.ch\\\/app\\\/uploads\\\/2022\\\/07\\\/logo-sveb.png\",\"width\":145,\"height\":64,\"caption\":\"SVEB Schweizerischer Verband f\u00fcr Weiterbildung\"},\"image\":{\"@id\":\"https:\\\/\\\/alice.ch\\\/de\\\/#\\\/schema\\\/logo\\\/image\\\/\"},\"sameAs\":[\"https:\\\/\\\/www.linkedin.com\\\/company\\\/schweizerischer-verband-fr-weiterbildung-sveb\\\/\"]}]}<\/script>\n<!-- \/ Yoast SEO plugin. -->","yoast_head_json":{"title":"W\u00f6rterbuch Erwachsenen- und Weiterbildung - SVEB","robots":{"index":"index","follow":"follow","max-snippet":"max-snippet:-1","max-image-preview":"max-image-preview:large","max-video-preview":"max-video-preview:-1"},"canonical":"https:\/\/alice.ch\/de\/news\/woerterbuch-erwachsenen-und-weiterbildung\/","og_locale":"de_DE","og_type":"article","og_title":"W\u00f6rterbuch Erwachsenen- und Weiterbildung - SVEB","og_description":"Das \u00abW\u00f6rterbuch Erwachsenen- und Weiterbildung\u00bb ist in dritter Auflage erschienen und neu im Open Access sowie als Printausgabe verf\u00fcgbar. Es [&hellip;]","og_url":"https:\/\/alice.ch\/de\/news\/woerterbuch-erwachsenen-und-weiterbildung\/","og_site_name":"SVEB","article_modified_time":"2023-06-16T14:20:49+00:00","og_image":[{"width":1200,"height":627,"url":"https:\/\/alice.ch\/app\/uploads\/2023\/06\/Woerterbuch.jpg","type":"image\/jpeg"}],"twitter_card":"summary_large_image","twitter_misc":{"Gesch\u00e4tzte Lesezeit":"1\u00a0Minute"},"schema":{"@context":"https:\/\/schema.org","@graph":[{"@type":"WebPage","@id":"https:\/\/alice.ch\/de\/news\/woerterbuch-erwachsenen-und-weiterbildung\/","url":"https:\/\/alice.ch\/de\/news\/woerterbuch-erwachsenen-und-weiterbildung\/","name":"W\u00f6rterbuch Erwachsenen- und Weiterbildung - SVEB","isPartOf":{"@id":"https:\/\/alice.ch\/de\/#website"},"primaryImageOfPage":{"@id":"https:\/\/alice.ch\/de\/news\/woerterbuch-erwachsenen-und-weiterbildung\/#primaryimage"},"image":{"@id":"https:\/\/alice.ch\/de\/news\/woerterbuch-erwachsenen-und-weiterbildung\/#primaryimage"},"thumbnailUrl":"https:\/\/alice.ch\/app\/uploads\/2023\/06\/Woerterbuch.jpg","datePublished":"2023-06-09T14:19:35+00:00","dateModified":"2023-06-16T14:20:49+00:00","breadcrumb":{"@id":"https:\/\/alice.ch\/de\/news\/woerterbuch-erwachsenen-und-weiterbildung\/#breadcrumb"},"inLanguage":"de","potentialAction":[{"@type":"ReadAction","target":["https:\/\/alice.ch\/de\/news\/woerterbuch-erwachsenen-und-weiterbildung\/"]}]},{"@type":"ImageObject","inLanguage":"de","@id":"https:\/\/alice.ch\/de\/news\/woerterbuch-erwachsenen-und-weiterbildung\/#primaryimage","url":"https:\/\/alice.ch\/app\/uploads\/2023\/06\/Woerterbuch.jpg","contentUrl":"https:\/\/alice.ch\/app\/uploads\/2023\/06\/Woerterbuch.jpg","width":1200,"height":627},{"@type":"BreadcrumbList","@id":"https:\/\/alice.ch\/de\/news\/woerterbuch-erwachsenen-und-weiterbildung\/#breadcrumb","itemListElement":[{"@type":"ListItem","position":1,"name":"Startseite","item":"https:\/\/alice.ch\/de\/"},{"@type":"ListItem","position":2,"name":"W\u00f6rterbuch Erwachsenen- und Weiterbildung"}]},{"@type":"WebSite","@id":"https:\/\/alice.ch\/de\/#website","url":"https:\/\/alice.ch\/de\/","name":"alice.ch (Adult Learning Information Center) ist das Portal der Weiterbildung in der Schweiz.","description":"Schweizerischer Verband f\u00fcr Weiterbildung","publisher":{"@id":"https:\/\/alice.ch\/de\/#organization"},"potentialAction":[{"@type":"SearchAction","target":{"@type":"EntryPoint","urlTemplate":"https:\/\/alice.ch\/de\/?s={search_term_string}"},"query-input":{"@type":"PropertyValueSpecification","valueRequired":true,"valueName":"search_term_string"}}],"inLanguage":"de"},{"@type":"Organization","@id":"https:\/\/alice.ch\/de\/#organization","name":"SVEB Schweizerischer Verband f\u00fcr Weiterbildung","url":"https:\/\/alice.ch\/de\/","logo":{"@type":"ImageObject","inLanguage":"de","@id":"https:\/\/alice.ch\/de\/#\/schema\/logo\/image\/","url":"https:\/\/alice.ch\/app\/uploads\/2022\/07\/logo-sveb.png","contentUrl":"https:\/\/alice.ch\/app\/uploads\/2022\/07\/logo-sveb.png","width":145,"height":64,"caption":"SVEB Schweizerischer Verband f\u00fcr Weiterbildung"},"image":{"@id":"https:\/\/alice.ch\/de\/#\/schema\/logo\/image\/"},"sameAs":["https:\/\/www.linkedin.com\/company\/schweizerischer-verband-fr-weiterbildung-sveb\/"]}]}},"_links":{"self":[{"href":"https:\/\/alice.ch\/de\/wp-json\/wp\/v2\/news\/51753","targetHints":{"allow":["GET"]}}],"collection":[{"href":"https:\/\/alice.ch\/de\/wp-json\/wp\/v2\/news"}],"about":[{"href":"https:\/\/alice.ch\/de\/wp-json\/wp\/v2\/types\/news"}],"author":[{"embeddable":true,"href":"https:\/\/alice.ch\/de\/wp-json\/wp\/v2\/users\/5"}],"version-history":[{"count":2,"href":"https:\/\/alice.ch\/de\/wp-json\/wp\/v2\/news\/51753\/revisions"}],"predecessor-version":[{"id":51759,"href":"https:\/\/alice.ch\/de\/wp-json\/wp\/v2\/news\/51753\/revisions\/51759"}],"wp:featuredmedia":[{"embeddable":true,"href":"https:\/\/alice.ch\/de\/wp-json\/wp\/v2\/media\/51755"}],"wp:attachment":[{"href":"https:\/\/alice.ch\/de\/wp-json\/wp\/v2\/media?parent=51753"}],"wp:term":[{"taxonomy":"news-category","embeddable":true,"href":"https:\/\/alice.ch\/de\/wp-json\/wp\/v2\/news-category?post=51753"},{"taxonomy":"global-category","embeddable":true,"href":"https:\/\/alice.ch\/de\/wp-json\/wp\/v2\/global-category?post=51753"}],"curies":[{"name":"wp","href":"https:\/\/api.w.org\/{rel}","templated":true}]}}