{"id":51949,"date":"2023-06-19T19:42:26","date_gmt":"2023-06-19T17:42:26","guid":{"rendered":"https:\/\/alice.ch\/?post_type=news&#038;p=51949"},"modified":"2023-06-22T20:34:44","modified_gmt":"2023-06-22T18:34:44","slug":"ein-instrument-zur-selbsteinschaetzung-digitaler-kompetenzen","status":"publish","type":"news","link":"https:\/\/alice.ch\/de\/news\/ein-instrument-zur-selbsteinschaetzung-digitaler-kompetenzen\/","title":{"rendered":"Ein Instrument zur Selbsteinsch\u00e4tzung digitaler Kompetenzen"},"content":{"rendered":"\n<p class=\"is-style-lead\">Mit Vali50+ haben die Hochschule f\u00fcr Wirtschaft und die P\u00e4dagogische Hochschule der <a href=\"https:\/\/www.fhnw.ch\/de\/\" target=\"_blank\" rel=\"noreferrer noopener\">Fachhochschule Nordwestschweiz<\/a> ein umfangreiches Instrument zur Ermittlung individueller digitaler Kompetenzen entwickelt. Es dienst zur Selbsteinsch\u00e4tzung, kann aber auch in Beratungen und bei der Auswahl einer Weiterbildung eingesetzt werden. <\/p>\n\n\n\n<p>Von digitalen Kompetenzen ist heute viel und oft die Rede. Ohne sie, so scheint es, sind berufliches und privates Leben kaum mehr zu bew\u00e4ltigen. Und die rasante technologische Entwicklung f\u00fchrt dazu, dass auch immer neue Anwendungen verstanden und in die eigene Praxis integriert werden.<\/p>\n\n\n\n<p>Doch von welchen Kompetenzen spricht man eigentlich? Und was umfassen sie tats\u00e4chlich? Oft werden digitale Kompetenzen informell angeeignet, es fehlen also entsprechende Zertifikate oder Nachweise. Um seine eigenen digitalen Kompetenzen sichtbar zu machen \u2013 f\u00fcr sich selbst und andere \u2013, haben die Hochschule f\u00fcr Wirtschaft und die P\u00e4dagogische Hochschule, beide an der Fachhochschule Nordwestschweiz, 2020 ein Projekt lanciert, um Einzelpersonen zu erm\u00f6glichen, ein Profil der eigenen digitalen Kompetenzen zu erstellen sowie Schw\u00e4chen und St\u00e4rken zu erkennen.<\/p>\n\n\n\n<h2 class=\"wp-block-heading\">Vielseitiges Instrument<\/h2>\n\n\n\n<p>Aus dem Projekt hervorgegangen ist ein Arbeitsinstrument mit der Bezeichnung <a href=\"https:\/\/www.vali50plus.ch\/\" target=\"_blank\" rel=\"noreferrer noopener\">Vali50+<\/a>. Es richtet sich zwar an erfahrene Berufsleute, ist aber auch geeignet, J\u00fcngeren die eigenen Kompetenzen oder eben deren Fehlen aufzuzeigen. Es umfasst mehrere Arbeitsinstrumente wie Kompetenzrahmen, Kompetenzkartenset, eine Online-Selbsteinsch\u00e4tzung sowie Anleitungen und Vorlagen, um ein eigenes Kompetenzportfolio zu erstellen.<\/p>\n\n\n\n<p>Die Nutzung der einzelnen Instrumente ist einfach. In der Online-Selbsteinsch\u00e4tzung wird man aufgefordert, die eigenen digitalen Kenntnisse in verschiedenen Kategorien zu bewerten. Damit man tats\u00e4chlich die richtige Bewertung trifft, wird eine Definition dessen angezeigt, wof\u00fcr man sich h\u00e4lt: Einsteiger, Kenner oder sogar Profi? Zus\u00e4tzlich werden die Kriterien zu jeder m\u00f6glichen Selbsteinsch\u00e4tzung mitgeliefert.<\/p>\n\n\n\n<h2 class=\"wp-block-heading\">Auch in der Beratung anwendbar<\/h2>\n\n\n\n<p>Das Kartenset wiederum ist eher f\u00fcr Beratungssituationen und Gruppenverfahren geeignet. Es erm\u00f6glicht eine spielerische Auseinandersetzung mit dem eigenen digitalen K\u00f6nnen.<\/p>\n\n\n\n<p>Vali50+ kann \u00fcber die individuelle Standortbestimmung hinaus auch f\u00fcr Fachpersonen in der Arbeitsvermittlung n\u00fctzlich sein, um Kandidatinnen und Kandidaten zu testen und ihnen bei der Entwicklung individueller Bewerbungsstrategien zu helfen oder eine Weiterbildung zu empfehlen. Auch bei der Mitarbeiterbeurteilung und nat\u00fcrlich bei der Wahl einer beruflichen Weiterbildung sind die Instrumente hilfreiche Begleiter.<\/p>\n\n\n\n<p>Vali50+ ist ein umfangreiches Set von Instrumenten, die ineinandergreifen und so unterschiedliche Zug\u00e4nge zur Ermittlung der eigenen digitalen Kompetenzen schaffen. Vorstellbar w\u00e4re auch eine Anwendung in der Weiterbildung selbst als Einstufungsinstrument oder zur Einf\u00fchrung zum Thema digitale Kompetenzen.<\/p>\n\n\n\n<h2 class=\"wp-block-heading\">Es mangelt noch an erweiterten Kompetenzen<\/h2>\n\n\n\n<p>Das Tool kommt keineswegs zu fr\u00fch. Mit Blick auf die eben erst aktualisierten Gesamtindikatoren zu digitalen Kompetenzen des Bundesamts f\u00fcr Statistik (BFS) zeigt sich, dass zwar nahezu die gesamte Schweizer Bev\u00f6lkerung Zugang zum Internet hat und auch digitale Grundkompetenzen weit verbreitet sind. Bei den <a href=\"https:\/\/www.bfs.admin.ch\/bfs\/de\/home\/statistiken\/kultur-medien-informationsgesellschaft-sport\/informationsgesellschaft\/gesamtindikatoren\/haushalte-bevoelkerung\/digitalekompetenzen.assetdetail.20144195.html\" target=\"_blank\" rel=\"noreferrer noopener\">erweiterten digitalen Kompetenzen<\/a> zeigen sich jedoch deutliche altersspezifische Unterschiede. Verf\u00fcgen in der Gruppe der 15- bis 24-J\u00e4hrigen noch 60 Prozent \u00fcber erweiterte digitale Kompetenzen, geht der Anteil bei den 45- bis 54-J\u00e4hrigen auf 40 Prozent zur\u00fcck. Gerade f\u00fcr sie ist Vali50+ ein wichtiges Instrument zur kritischen Selbstbeurteilung und f\u00fcr die wichtige Weiterentwicklung der eigenen Kompetenzen.<\/p>\n\n\n\n<div class=\"wp-block-buttons is-layout-flex wp-block-buttons-is-layout-flex\">\n<div class=\"wp-block-button is-style-minimal\"><a class=\"wp-block-button__link wp-element-button\" href=\"https:\/\/www.vali50plus.ch\/\" target=\"_blank\" rel=\"noreferrer noopener\">Digitaler Zugang (kostenlos)<\/a><\/div>\n\n\n<\/div>\n\n\n\n<p>Das Kompetenzkartenset kann zum Preis von CHF 35.\u2013 per E-Mail bei <a href=\"mailto:martin.schmid@fhnw.ch\" target=\"_blank\" rel=\"noreferrer noopener\">martin.schmid@fhnw.ch<\/a> bestellt werden. Ansonsten sind Nutzung und Einsch\u00e4tzungen des Tools kostenlos.<\/p>\n","protected":false},"excerpt":{"rendered":"<p>Mit Vali50+ haben die Hochschule f\u00fcr Wirtschaft und die P\u00e4dagogische Hochschule der Fachhochschule Nordwestschweiz ein umfangreiches Instrument zur Ermittlung individueller [&hellip;]<\/p>\n","protected":false},"author":5,"featured_media":51945,"template":"","meta":{"_acf_changed":false,"inline_featured_image":false,"footnotes":""},"news-category":[31],"global-category":[],"class_list":["post-51949","news","type-news","status-publish","has-post-thumbnail","hentry","news-category-branche"],"acf":[],"yoast_head":"<!-- This site is optimized with the Yoast SEO plugin v27.3 - https:\/\/yoast.com\/product\/yoast-seo-wordpress\/ -->\n<title>Ein Instrument zur Selbsteinsch\u00e4tzung digitaler Kompetenzen - SVEB<\/title>\n<meta name=\"robots\" content=\"index, follow, max-snippet:-1, max-image-preview:large, max-video-preview:-1\" \/>\n<link rel=\"canonical\" href=\"https:\/\/alice.ch\/de\/news\/ein-instrument-zur-selbsteinschaetzung-digitaler-kompetenzen\/\" \/>\n<meta property=\"og:locale\" content=\"de_DE\" \/>\n<meta property=\"og:type\" content=\"article\" \/>\n<meta property=\"og:title\" content=\"Ein Instrument zur Selbsteinsch\u00e4tzung digitaler Kompetenzen - SVEB\" \/>\n<meta property=\"og:description\" content=\"Mit Vali50+ haben die Hochschule f\u00fcr Wirtschaft und die P\u00e4dagogische Hochschule der Fachhochschule Nordwestschweiz ein umfangreiches Instrument zur Ermittlung individueller [&hellip;]\" \/>\n<meta property=\"og:url\" content=\"https:\/\/alice.ch\/de\/news\/ein-instrument-zur-selbsteinschaetzung-digitaler-kompetenzen\/\" \/>\n<meta property=\"og:site_name\" content=\"SVEB\" \/>\n<meta property=\"article:modified_time\" content=\"2023-06-22T18:34:44+00:00\" \/>\n<meta property=\"og:image\" content=\"https:\/\/alice.ch\/app\/uploads\/2023\/06\/Vali50.jpg\" \/>\n\t<meta property=\"og:image:width\" content=\"1200\" \/>\n\t<meta property=\"og:image:height\" content=\"627\" \/>\n\t<meta property=\"og:image:type\" content=\"image\/jpeg\" \/>\n<meta name=\"twitter:card\" content=\"summary_large_image\" \/>\n<meta name=\"twitter:label1\" content=\"Gesch\u00e4tzte Lesezeit\" \/>\n\t<meta name=\"twitter:data1\" content=\"3\u00a0Minuten\" \/>\n<script type=\"application\/ld+json\" class=\"yoast-schema-graph\">{\"@context\":\"https:\\\/\\\/schema.org\",\"@graph\":[{\"@type\":\"WebPage\",\"@id\":\"https:\\\/\\\/alice.ch\\\/de\\\/news\\\/ein-instrument-zur-selbsteinschaetzung-digitaler-kompetenzen\\\/\",\"url\":\"https:\\\/\\\/alice.ch\\\/de\\\/news\\\/ein-instrument-zur-selbsteinschaetzung-digitaler-kompetenzen\\\/\",\"name\":\"Ein Instrument zur Selbsteinsch\u00e4tzung digitaler Kompetenzen - SVEB\",\"isPartOf\":{\"@id\":\"https:\\\/\\\/alice.ch\\\/de\\\/#website\"},\"primaryImageOfPage\":{\"@id\":\"https:\\\/\\\/alice.ch\\\/de\\\/news\\\/ein-instrument-zur-selbsteinschaetzung-digitaler-kompetenzen\\\/#primaryimage\"},\"image\":{\"@id\":\"https:\\\/\\\/alice.ch\\\/de\\\/news\\\/ein-instrument-zur-selbsteinschaetzung-digitaler-kompetenzen\\\/#primaryimage\"},\"thumbnailUrl\":\"https:\\\/\\\/alice.ch\\\/app\\\/uploads\\\/2023\\\/06\\\/Vali50.jpg\",\"datePublished\":\"2023-06-19T17:42:26+00:00\",\"dateModified\":\"2023-06-22T18:34:44+00:00\",\"breadcrumb\":{\"@id\":\"https:\\\/\\\/alice.ch\\\/de\\\/news\\\/ein-instrument-zur-selbsteinschaetzung-digitaler-kompetenzen\\\/#breadcrumb\"},\"inLanguage\":\"de\",\"potentialAction\":[{\"@type\":\"ReadAction\",\"target\":[\"https:\\\/\\\/alice.ch\\\/de\\\/news\\\/ein-instrument-zur-selbsteinschaetzung-digitaler-kompetenzen\\\/\"]}]},{\"@type\":\"ImageObject\",\"inLanguage\":\"de\",\"@id\":\"https:\\\/\\\/alice.ch\\\/de\\\/news\\\/ein-instrument-zur-selbsteinschaetzung-digitaler-kompetenzen\\\/#primaryimage\",\"url\":\"https:\\\/\\\/alice.ch\\\/app\\\/uploads\\\/2023\\\/06\\\/Vali50.jpg\",\"contentUrl\":\"https:\\\/\\\/alice.ch\\\/app\\\/uploads\\\/2023\\\/06\\\/Vali50.jpg\",\"width\":1200,\"height\":627},{\"@type\":\"BreadcrumbList\",\"@id\":\"https:\\\/\\\/alice.ch\\\/de\\\/news\\\/ein-instrument-zur-selbsteinschaetzung-digitaler-kompetenzen\\\/#breadcrumb\",\"itemListElement\":[{\"@type\":\"ListItem\",\"position\":1,\"name\":\"Startseite\",\"item\":\"https:\\\/\\\/alice.ch\\\/de\\\/\"},{\"@type\":\"ListItem\",\"position\":2,\"name\":\"Ein Instrument zur Selbsteinsch\u00e4tzung digitaler Kompetenzen\"}]},{\"@type\":\"WebSite\",\"@id\":\"https:\\\/\\\/alice.ch\\\/de\\\/#website\",\"url\":\"https:\\\/\\\/alice.ch\\\/de\\\/\",\"name\":\"alice.ch (Adult Learning Information Center) ist das Portal der Weiterbildung in der Schweiz.\",\"description\":\"Schweizerischer Verband f\u00fcr Weiterbildung\",\"publisher\":{\"@id\":\"https:\\\/\\\/alice.ch\\\/de\\\/#organization\"},\"potentialAction\":[{\"@type\":\"SearchAction\",\"target\":{\"@type\":\"EntryPoint\",\"urlTemplate\":\"https:\\\/\\\/alice.ch\\\/de\\\/?s={search_term_string}\"},\"query-input\":{\"@type\":\"PropertyValueSpecification\",\"valueRequired\":true,\"valueName\":\"search_term_string\"}}],\"inLanguage\":\"de\"},{\"@type\":\"Organization\",\"@id\":\"https:\\\/\\\/alice.ch\\\/de\\\/#organization\",\"name\":\"SVEB Schweizerischer Verband f\u00fcr Weiterbildung\",\"url\":\"https:\\\/\\\/alice.ch\\\/de\\\/\",\"logo\":{\"@type\":\"ImageObject\",\"inLanguage\":\"de\",\"@id\":\"https:\\\/\\\/alice.ch\\\/de\\\/#\\\/schema\\\/logo\\\/image\\\/\",\"url\":\"https:\\\/\\\/alice.ch\\\/app\\\/uploads\\\/2022\\\/07\\\/logo-sveb.png\",\"contentUrl\":\"https:\\\/\\\/alice.ch\\\/app\\\/uploads\\\/2022\\\/07\\\/logo-sveb.png\",\"width\":145,\"height\":64,\"caption\":\"SVEB Schweizerischer Verband f\u00fcr Weiterbildung\"},\"image\":{\"@id\":\"https:\\\/\\\/alice.ch\\\/de\\\/#\\\/schema\\\/logo\\\/image\\\/\"},\"sameAs\":[\"https:\\\/\\\/www.linkedin.com\\\/company\\\/schweizerischer-verband-fr-weiterbildung-sveb\\\/\"]}]}<\/script>\n<!-- \/ Yoast SEO plugin. -->","yoast_head_json":{"title":"Ein Instrument zur Selbsteinsch\u00e4tzung digitaler Kompetenzen - SVEB","robots":{"index":"index","follow":"follow","max-snippet":"max-snippet:-1","max-image-preview":"max-image-preview:large","max-video-preview":"max-video-preview:-1"},"canonical":"https:\/\/alice.ch\/de\/news\/ein-instrument-zur-selbsteinschaetzung-digitaler-kompetenzen\/","og_locale":"de_DE","og_type":"article","og_title":"Ein Instrument zur Selbsteinsch\u00e4tzung digitaler Kompetenzen - SVEB","og_description":"Mit Vali50+ haben die Hochschule f\u00fcr Wirtschaft und die P\u00e4dagogische Hochschule der Fachhochschule Nordwestschweiz ein umfangreiches Instrument zur Ermittlung individueller [&hellip;]","og_url":"https:\/\/alice.ch\/de\/news\/ein-instrument-zur-selbsteinschaetzung-digitaler-kompetenzen\/","og_site_name":"SVEB","article_modified_time":"2023-06-22T18:34:44+00:00","og_image":[{"width":1200,"height":627,"url":"https:\/\/alice.ch\/app\/uploads\/2023\/06\/Vali50.jpg","type":"image\/jpeg"}],"twitter_card":"summary_large_image","twitter_misc":{"Gesch\u00e4tzte Lesezeit":"3\u00a0Minuten"},"schema":{"@context":"https:\/\/schema.org","@graph":[{"@type":"WebPage","@id":"https:\/\/alice.ch\/de\/news\/ein-instrument-zur-selbsteinschaetzung-digitaler-kompetenzen\/","url":"https:\/\/alice.ch\/de\/news\/ein-instrument-zur-selbsteinschaetzung-digitaler-kompetenzen\/","name":"Ein Instrument zur Selbsteinsch\u00e4tzung digitaler Kompetenzen - SVEB","isPartOf":{"@id":"https:\/\/alice.ch\/de\/#website"},"primaryImageOfPage":{"@id":"https:\/\/alice.ch\/de\/news\/ein-instrument-zur-selbsteinschaetzung-digitaler-kompetenzen\/#primaryimage"},"image":{"@id":"https:\/\/alice.ch\/de\/news\/ein-instrument-zur-selbsteinschaetzung-digitaler-kompetenzen\/#primaryimage"},"thumbnailUrl":"https:\/\/alice.ch\/app\/uploads\/2023\/06\/Vali50.jpg","datePublished":"2023-06-19T17:42:26+00:00","dateModified":"2023-06-22T18:34:44+00:00","breadcrumb":{"@id":"https:\/\/alice.ch\/de\/news\/ein-instrument-zur-selbsteinschaetzung-digitaler-kompetenzen\/#breadcrumb"},"inLanguage":"de","potentialAction":[{"@type":"ReadAction","target":["https:\/\/alice.ch\/de\/news\/ein-instrument-zur-selbsteinschaetzung-digitaler-kompetenzen\/"]}]},{"@type":"ImageObject","inLanguage":"de","@id":"https:\/\/alice.ch\/de\/news\/ein-instrument-zur-selbsteinschaetzung-digitaler-kompetenzen\/#primaryimage","url":"https:\/\/alice.ch\/app\/uploads\/2023\/06\/Vali50.jpg","contentUrl":"https:\/\/alice.ch\/app\/uploads\/2023\/06\/Vali50.jpg","width":1200,"height":627},{"@type":"BreadcrumbList","@id":"https:\/\/alice.ch\/de\/news\/ein-instrument-zur-selbsteinschaetzung-digitaler-kompetenzen\/#breadcrumb","itemListElement":[{"@type":"ListItem","position":1,"name":"Startseite","item":"https:\/\/alice.ch\/de\/"},{"@type":"ListItem","position":2,"name":"Ein Instrument zur Selbsteinsch\u00e4tzung digitaler Kompetenzen"}]},{"@type":"WebSite","@id":"https:\/\/alice.ch\/de\/#website","url":"https:\/\/alice.ch\/de\/","name":"alice.ch (Adult Learning Information Center) ist das Portal der Weiterbildung in der Schweiz.","description":"Schweizerischer Verband f\u00fcr Weiterbildung","publisher":{"@id":"https:\/\/alice.ch\/de\/#organization"},"potentialAction":[{"@type":"SearchAction","target":{"@type":"EntryPoint","urlTemplate":"https:\/\/alice.ch\/de\/?s={search_term_string}"},"query-input":{"@type":"PropertyValueSpecification","valueRequired":true,"valueName":"search_term_string"}}],"inLanguage":"de"},{"@type":"Organization","@id":"https:\/\/alice.ch\/de\/#organization","name":"SVEB Schweizerischer Verband f\u00fcr Weiterbildung","url":"https:\/\/alice.ch\/de\/","logo":{"@type":"ImageObject","inLanguage":"de","@id":"https:\/\/alice.ch\/de\/#\/schema\/logo\/image\/","url":"https:\/\/alice.ch\/app\/uploads\/2022\/07\/logo-sveb.png","contentUrl":"https:\/\/alice.ch\/app\/uploads\/2022\/07\/logo-sveb.png","width":145,"height":64,"caption":"SVEB Schweizerischer Verband f\u00fcr Weiterbildung"},"image":{"@id":"https:\/\/alice.ch\/de\/#\/schema\/logo\/image\/"},"sameAs":["https:\/\/www.linkedin.com\/company\/schweizerischer-verband-fr-weiterbildung-sveb\/"]}]}},"_links":{"self":[{"href":"https:\/\/alice.ch\/de\/wp-json\/wp\/v2\/news\/51949","targetHints":{"allow":["GET"]}}],"collection":[{"href":"https:\/\/alice.ch\/de\/wp-json\/wp\/v2\/news"}],"about":[{"href":"https:\/\/alice.ch\/de\/wp-json\/wp\/v2\/types\/news"}],"author":[{"embeddable":true,"href":"https:\/\/alice.ch\/de\/wp-json\/wp\/v2\/users\/5"}],"version-history":[{"count":3,"href":"https:\/\/alice.ch\/de\/wp-json\/wp\/v2\/news\/51949\/revisions"}],"predecessor-version":[{"id":51959,"href":"https:\/\/alice.ch\/de\/wp-json\/wp\/v2\/news\/51949\/revisions\/51959"}],"wp:featuredmedia":[{"embeddable":true,"href":"https:\/\/alice.ch\/de\/wp-json\/wp\/v2\/media\/51945"}],"wp:attachment":[{"href":"https:\/\/alice.ch\/de\/wp-json\/wp\/v2\/media?parent=51949"}],"wp:term":[{"taxonomy":"news-category","embeddable":true,"href":"https:\/\/alice.ch\/de\/wp-json\/wp\/v2\/news-category?post=51949"},{"taxonomy":"global-category","embeddable":true,"href":"https:\/\/alice.ch\/de\/wp-json\/wp\/v2\/global-category?post=51949"}],"curies":[{"name":"wp","href":"https:\/\/api.w.org\/{rel}","templated":true}]}}