{"id":5196,"date":"2022-04-28T15:05:00","date_gmt":"2022-04-28T13:05:00","guid":{"rendered":"https:\/\/projects.atxeit.ch\/sveb\/?post_type=news&#038;p=5196"},"modified":"2022-12-21T08:53:54","modified_gmt":"2022-12-21T07:53:54","slug":"weiterbildungsteilnahme-2021-weiter-gesunken","status":"publish","type":"news","link":"https:\/\/alice.ch\/de\/news\/weiterbildungsteilnahme-2021-weiter-gesunken\/","title":{"rendered":"Weiterbildungsteilnahme 2021 weiter gesunken"},"content":{"rendered":"\n<p class=\"is-style-lead\">Im April hat das Bundesamt f\u00fcr Statistik (BFS) die Resultate der Schweizerischen Arbeitskr\u00e4fteerhebung 2021 (SAKE) publiziert. Diese zeigen einen weiteren deutlichen R\u00fcckgang der Weiterbildungsaktivit\u00e4t in der Bev\u00f6lkerung. Lag die Teilnahmequote in den Jahren vor der Pandemie bei rund 26%, so fiel sie im ersten Pandemiejahr 2020 auf 21% und im Jahr 2021 auf durchschnittlich 17%.<\/p>\n\n\n\n<p>Im Rahmen der SAKE erhebt das BFS viertelj\u00e4hrlich die Weiterbildungsaktivit\u00e4ten der Wohnbev\u00f6lkerung zwischen 25 und 74 Jahren. Gegenstand der Befragung ist die Teilnahme an Weiterbildungsangeboten in den letzten vier Wochen vor der Befragung. (Die Teilnahme ist damit geringer als im Mikrozensus zur Aus- und Weiterbildung, der die Weiterbildungsaktivit\u00e4ten \u00fcber das ganze Jahr analysiert).<\/p>\n\n\n\n<h2 class=\"wp-block-heading\">Auswirkungen der Pandemie<\/h2>\n\n\n\n<p>Gem\u00e4ss der SAKE sank die Teilnahmequote der Wohnbev\u00f6lkerung im ersten Pandemiejahr von 26% auf etwa 21%, was einem R\u00fcckgang von etwa 18% entspricht. Im zweiten Jahr der Pandemie sank der Anteil der Teilnehmer weiter um etwa 23% auf 17%. Betrachtet man nur die berufst\u00e4tige Bev\u00f6lkerung im Alter zwischen 25 und 74 Jahren, so hat etwa jeder F\u00fcnfte (20%) an einer Weiterbildung teilgenommen.<\/p>\n\n\n\n<p>Der st\u00e4rkste R\u00fcckgang war in der Altersgruppe der \u00fcber 65-J\u00e4hrigen zu verzeichnen: In der Altersgruppe der 65- bis 69-J\u00e4hrigen nahmen nur 6% und in der Altersgruppe der 70- bis 74-J\u00e4hrigen nur 5% an Weiterbildungsmassnahmen teil. RIFOS fand keine Unterschiede in der Weiterbildungsbeteiligung zwischen M\u00e4nnern und Frauen oder zwischen Personen mit schweizerischer und ausl\u00e4ndischer Staatsangeh\u00f6rigkeit.<\/p>\n\n\n\n<h2 class=\"wp-block-heading\">Methodische \u00c4nderung<\/h2>\n\n\n\n<p>Das BFS weist darauf hin, dass bei der Betrachtung der aktuellen Daten bestimmte methodische \u00c4nderungen ber\u00fccksichtigt werden m\u00fcssen. Das Formular wurde geringf\u00fcgig ge\u00e4ndert und die telefonische Umfrage wurde durch eine kombinierte Umfrage (Telefon und Online) ersetzt. Mit diesen \u00c4nderungen passt sich die SAKE an die neuen Eurostat-Anforderungen an, die im Januar 2021 in Kraft traten. Aufgrund der ge\u00e4nderten Methodik sind die Zahlen f\u00fcr 2021 jedoch nur bedingt mit den Daten der Vorjahre vergleichbar.<\/p>\n\n\n\n<p>Die SAKE ist eine Umfrage, die seit 1991 j\u00e4hrlich durchgef\u00fchrt wird. Das Hauptziel besteht darin, Daten \u00fcber die Struktur der Erwerbsbev\u00f6lkerung und \u00fcber das Erwerbsverhalten zu liefern.<\/p>\n\n\n\n<div class=\"wp-block-buttons is-layout-flex wp-block-buttons-is-layout-flex\">\n<div class=\"wp-block-button is-style-minimal\"><a class=\"wp-block-button__link wp-element-button\" href=\"https:\/\/www.bfs.admin.ch\/bfs\/de\/home\/statistiken\/bildung-wissenschaft\/bildungsindikatoren\/themen\/zugang-und-teilnahme\/weiterbildungsteilnahme.html\" target=\"_blank\" rel=\"noreferrer noopener\">BFS-Website: Teilnahme an Weiterbildungsmassnahmen<\/a><\/div>\n<\/div>\n\n\n\n<div class=\"wp-block-buttons is-layout-flex wp-block-buttons-is-layout-flex\">\n<div class=\"wp-block-button is-style-minimal\"><a class=\"wp-block-button__link wp-element-button\" href=\"https:\/\/www.bfs.admin.ch\/bfs\/de\/home\/statistiken\/arbeit-erwerb\/erhebungen\/sake.html\" target=\"_blank\" rel=\"noreferrer noopener\">BFS-Website: Schweizerische Arbeitskr\u00e4fteerhebung (SAKE)<\/a><\/div>\n<\/div>\n\n\n\n<p>Bild: SAKE 2022<\/p>\n","protected":false},"excerpt":{"rendered":"<p>Im April hat das Bundesamt f\u00fcr Statistik (BFS) die Resultate der Schweizerischen Arbeitskr\u00e4fteerhebung 2021 (SAKE) publiziert. Diese zeigen einen weiteren [&hellip;]<\/p>\n","protected":false},"author":10,"featured_media":37837,"template":"","meta":{"_acf_changed":false,"inline_featured_image":false,"footnotes":""},"news-category":[35,31],"global-category":[],"class_list":["post-5196","news","type-news","status-publish","has-post-thumbnail","hentry","news-category-corona","news-category-branche"],"acf":[],"yoast_head":"<!-- This site is optimized with the Yoast SEO plugin v27.3 - https:\/\/yoast.com\/product\/yoast-seo-wordpress\/ -->\n<title>Weiterbildungsteilnahme 2021 weiter gesunken - SVEB<\/title>\n<meta name=\"robots\" content=\"index, follow, max-snippet:-1, max-image-preview:large, max-video-preview:-1\" \/>\n<link rel=\"canonical\" href=\"https:\/\/alice.ch\/de\/news\/weiterbildungsteilnahme-2021-weiter-gesunken\/\" \/>\n<meta property=\"og:locale\" content=\"de_DE\" \/>\n<meta property=\"og:type\" content=\"article\" \/>\n<meta property=\"og:title\" content=\"Weiterbildungsteilnahme 2021 weiter gesunken - SVEB\" \/>\n<meta property=\"og:description\" content=\"Im April hat das Bundesamt f\u00fcr Statistik (BFS) die Resultate der Schweizerischen Arbeitskr\u00e4fteerhebung 2021 (SAKE) publiziert. Diese zeigen einen weiteren [&hellip;]\" \/>\n<meta property=\"og:url\" content=\"https:\/\/alice.ch\/de\/news\/weiterbildungsteilnahme-2021-weiter-gesunken\/\" \/>\n<meta property=\"og:site_name\" content=\"SVEB\" \/>\n<meta property=\"article:modified_time\" content=\"2022-12-21T07:53:54+00:00\" \/>\n<meta property=\"og:image\" content=\"https:\/\/alice.ch\/app\/uploads\/2022\/12\/sake-2022.jpg\" \/>\n\t<meta property=\"og:image:width\" content=\"576\" \/>\n\t<meta property=\"og:image:height\" content=\"299\" \/>\n\t<meta property=\"og:image:type\" content=\"image\/jpeg\" \/>\n<meta name=\"twitter:card\" content=\"summary_large_image\" \/>\n<meta name=\"twitter:label1\" content=\"Gesch\u00e4tzte Lesezeit\" \/>\n\t<meta name=\"twitter:data1\" content=\"2\u00a0Minuten\" \/>\n<script type=\"application\/ld+json\" class=\"yoast-schema-graph\">{\"@context\":\"https:\\\/\\\/schema.org\",\"@graph\":[{\"@type\":\"WebPage\",\"@id\":\"https:\\\/\\\/alice.ch\\\/de\\\/news\\\/weiterbildungsteilnahme-2021-weiter-gesunken\\\/\",\"url\":\"https:\\\/\\\/alice.ch\\\/de\\\/news\\\/weiterbildungsteilnahme-2021-weiter-gesunken\\\/\",\"name\":\"Weiterbildungsteilnahme 2021 weiter gesunken - SVEB\",\"isPartOf\":{\"@id\":\"https:\\\/\\\/alice.ch\\\/de\\\/#website\"},\"primaryImageOfPage\":{\"@id\":\"https:\\\/\\\/alice.ch\\\/de\\\/news\\\/weiterbildungsteilnahme-2021-weiter-gesunken\\\/#primaryimage\"},\"image\":{\"@id\":\"https:\\\/\\\/alice.ch\\\/de\\\/news\\\/weiterbildungsteilnahme-2021-weiter-gesunken\\\/#primaryimage\"},\"thumbnailUrl\":\"https:\\\/\\\/alice.ch\\\/app\\\/uploads\\\/2022\\\/12\\\/sake-2022.jpg\",\"datePublished\":\"2022-04-28T13:05:00+00:00\",\"dateModified\":\"2022-12-21T07:53:54+00:00\",\"breadcrumb\":{\"@id\":\"https:\\\/\\\/alice.ch\\\/de\\\/news\\\/weiterbildungsteilnahme-2021-weiter-gesunken\\\/#breadcrumb\"},\"inLanguage\":\"de\",\"potentialAction\":[{\"@type\":\"ReadAction\",\"target\":[\"https:\\\/\\\/alice.ch\\\/de\\\/news\\\/weiterbildungsteilnahme-2021-weiter-gesunken\\\/\"]}]},{\"@type\":\"ImageObject\",\"inLanguage\":\"de\",\"@id\":\"https:\\\/\\\/alice.ch\\\/de\\\/news\\\/weiterbildungsteilnahme-2021-weiter-gesunken\\\/#primaryimage\",\"url\":\"https:\\\/\\\/alice.ch\\\/app\\\/uploads\\\/2022\\\/12\\\/sake-2022.jpg\",\"contentUrl\":\"https:\\\/\\\/alice.ch\\\/app\\\/uploads\\\/2022\\\/12\\\/sake-2022.jpg\",\"width\":576,\"height\":299},{\"@type\":\"BreadcrumbList\",\"@id\":\"https:\\\/\\\/alice.ch\\\/de\\\/news\\\/weiterbildungsteilnahme-2021-weiter-gesunken\\\/#breadcrumb\",\"itemListElement\":[{\"@type\":\"ListItem\",\"position\":1,\"name\":\"Startseite\",\"item\":\"https:\\\/\\\/alice.ch\\\/de\\\/\"},{\"@type\":\"ListItem\",\"position\":2,\"name\":\"Weiterbildungsteilnahme 2021 weiter gesunken\"}]},{\"@type\":\"WebSite\",\"@id\":\"https:\\\/\\\/alice.ch\\\/de\\\/#website\",\"url\":\"https:\\\/\\\/alice.ch\\\/de\\\/\",\"name\":\"alice.ch (Adult Learning Information Center) ist das Portal der Weiterbildung in der Schweiz.\",\"description\":\"Schweizerischer Verband f\u00fcr Weiterbildung\",\"publisher\":{\"@id\":\"https:\\\/\\\/alice.ch\\\/de\\\/#organization\"},\"potentialAction\":[{\"@type\":\"SearchAction\",\"target\":{\"@type\":\"EntryPoint\",\"urlTemplate\":\"https:\\\/\\\/alice.ch\\\/de\\\/?s={search_term_string}\"},\"query-input\":{\"@type\":\"PropertyValueSpecification\",\"valueRequired\":true,\"valueName\":\"search_term_string\"}}],\"inLanguage\":\"de\"},{\"@type\":\"Organization\",\"@id\":\"https:\\\/\\\/alice.ch\\\/de\\\/#organization\",\"name\":\"SVEB Schweizerischer Verband f\u00fcr Weiterbildung\",\"url\":\"https:\\\/\\\/alice.ch\\\/de\\\/\",\"logo\":{\"@type\":\"ImageObject\",\"inLanguage\":\"de\",\"@id\":\"https:\\\/\\\/alice.ch\\\/de\\\/#\\\/schema\\\/logo\\\/image\\\/\",\"url\":\"https:\\\/\\\/alice.ch\\\/app\\\/uploads\\\/2022\\\/07\\\/logo-sveb.png\",\"contentUrl\":\"https:\\\/\\\/alice.ch\\\/app\\\/uploads\\\/2022\\\/07\\\/logo-sveb.png\",\"width\":145,\"height\":64,\"caption\":\"SVEB Schweizerischer Verband f\u00fcr Weiterbildung\"},\"image\":{\"@id\":\"https:\\\/\\\/alice.ch\\\/de\\\/#\\\/schema\\\/logo\\\/image\\\/\"},\"sameAs\":[\"https:\\\/\\\/www.linkedin.com\\\/company\\\/schweizerischer-verband-fr-weiterbildung-sveb\\\/\"]}]}<\/script>\n<!-- \/ Yoast SEO plugin. -->","yoast_head_json":{"title":"Weiterbildungsteilnahme 2021 weiter gesunken - SVEB","robots":{"index":"index","follow":"follow","max-snippet":"max-snippet:-1","max-image-preview":"max-image-preview:large","max-video-preview":"max-video-preview:-1"},"canonical":"https:\/\/alice.ch\/de\/news\/weiterbildungsteilnahme-2021-weiter-gesunken\/","og_locale":"de_DE","og_type":"article","og_title":"Weiterbildungsteilnahme 2021 weiter gesunken - SVEB","og_description":"Im April hat das Bundesamt f\u00fcr Statistik (BFS) die Resultate der Schweizerischen Arbeitskr\u00e4fteerhebung 2021 (SAKE) publiziert. Diese zeigen einen weiteren [&hellip;]","og_url":"https:\/\/alice.ch\/de\/news\/weiterbildungsteilnahme-2021-weiter-gesunken\/","og_site_name":"SVEB","article_modified_time":"2022-12-21T07:53:54+00:00","og_image":[{"width":576,"height":299,"url":"https:\/\/alice.ch\/app\/uploads\/2022\/12\/sake-2022.jpg","type":"image\/jpeg"}],"twitter_card":"summary_large_image","twitter_misc":{"Gesch\u00e4tzte Lesezeit":"2\u00a0Minuten"},"schema":{"@context":"https:\/\/schema.org","@graph":[{"@type":"WebPage","@id":"https:\/\/alice.ch\/de\/news\/weiterbildungsteilnahme-2021-weiter-gesunken\/","url":"https:\/\/alice.ch\/de\/news\/weiterbildungsteilnahme-2021-weiter-gesunken\/","name":"Weiterbildungsteilnahme 2021 weiter gesunken - SVEB","isPartOf":{"@id":"https:\/\/alice.ch\/de\/#website"},"primaryImageOfPage":{"@id":"https:\/\/alice.ch\/de\/news\/weiterbildungsteilnahme-2021-weiter-gesunken\/#primaryimage"},"image":{"@id":"https:\/\/alice.ch\/de\/news\/weiterbildungsteilnahme-2021-weiter-gesunken\/#primaryimage"},"thumbnailUrl":"https:\/\/alice.ch\/app\/uploads\/2022\/12\/sake-2022.jpg","datePublished":"2022-04-28T13:05:00+00:00","dateModified":"2022-12-21T07:53:54+00:00","breadcrumb":{"@id":"https:\/\/alice.ch\/de\/news\/weiterbildungsteilnahme-2021-weiter-gesunken\/#breadcrumb"},"inLanguage":"de","potentialAction":[{"@type":"ReadAction","target":["https:\/\/alice.ch\/de\/news\/weiterbildungsteilnahme-2021-weiter-gesunken\/"]}]},{"@type":"ImageObject","inLanguage":"de","@id":"https:\/\/alice.ch\/de\/news\/weiterbildungsteilnahme-2021-weiter-gesunken\/#primaryimage","url":"https:\/\/alice.ch\/app\/uploads\/2022\/12\/sake-2022.jpg","contentUrl":"https:\/\/alice.ch\/app\/uploads\/2022\/12\/sake-2022.jpg","width":576,"height":299},{"@type":"BreadcrumbList","@id":"https:\/\/alice.ch\/de\/news\/weiterbildungsteilnahme-2021-weiter-gesunken\/#breadcrumb","itemListElement":[{"@type":"ListItem","position":1,"name":"Startseite","item":"https:\/\/alice.ch\/de\/"},{"@type":"ListItem","position":2,"name":"Weiterbildungsteilnahme 2021 weiter gesunken"}]},{"@type":"WebSite","@id":"https:\/\/alice.ch\/de\/#website","url":"https:\/\/alice.ch\/de\/","name":"alice.ch (Adult Learning Information Center) ist das Portal der Weiterbildung in der Schweiz.","description":"Schweizerischer Verband f\u00fcr Weiterbildung","publisher":{"@id":"https:\/\/alice.ch\/de\/#organization"},"potentialAction":[{"@type":"SearchAction","target":{"@type":"EntryPoint","urlTemplate":"https:\/\/alice.ch\/de\/?s={search_term_string}"},"query-input":{"@type":"PropertyValueSpecification","valueRequired":true,"valueName":"search_term_string"}}],"inLanguage":"de"},{"@type":"Organization","@id":"https:\/\/alice.ch\/de\/#organization","name":"SVEB Schweizerischer Verband f\u00fcr Weiterbildung","url":"https:\/\/alice.ch\/de\/","logo":{"@type":"ImageObject","inLanguage":"de","@id":"https:\/\/alice.ch\/de\/#\/schema\/logo\/image\/","url":"https:\/\/alice.ch\/app\/uploads\/2022\/07\/logo-sveb.png","contentUrl":"https:\/\/alice.ch\/app\/uploads\/2022\/07\/logo-sveb.png","width":145,"height":64,"caption":"SVEB Schweizerischer Verband f\u00fcr Weiterbildung"},"image":{"@id":"https:\/\/alice.ch\/de\/#\/schema\/logo\/image\/"},"sameAs":["https:\/\/www.linkedin.com\/company\/schweizerischer-verband-fr-weiterbildung-sveb\/"]}]}},"_links":{"self":[{"href":"https:\/\/alice.ch\/de\/wp-json\/wp\/v2\/news\/5196","targetHints":{"allow":["GET"]}}],"collection":[{"href":"https:\/\/alice.ch\/de\/wp-json\/wp\/v2\/news"}],"about":[{"href":"https:\/\/alice.ch\/de\/wp-json\/wp\/v2\/types\/news"}],"author":[{"embeddable":true,"href":"https:\/\/alice.ch\/de\/wp-json\/wp\/v2\/users\/10"}],"version-history":[{"count":4,"href":"https:\/\/alice.ch\/de\/wp-json\/wp\/v2\/news\/5196\/revisions"}],"predecessor-version":[{"id":38766,"href":"https:\/\/alice.ch\/de\/wp-json\/wp\/v2\/news\/5196\/revisions\/38766"}],"wp:featuredmedia":[{"embeddable":true,"href":"https:\/\/alice.ch\/de\/wp-json\/wp\/v2\/media\/37837"}],"wp:attachment":[{"href":"https:\/\/alice.ch\/de\/wp-json\/wp\/v2\/media?parent=5196"}],"wp:term":[{"taxonomy":"news-category","embeddable":true,"href":"https:\/\/alice.ch\/de\/wp-json\/wp\/v2\/news-category?post=5196"},{"taxonomy":"global-category","embeddable":true,"href":"https:\/\/alice.ch\/de\/wp-json\/wp\/v2\/global-category?post=5196"}],"curies":[{"name":"wp","href":"https:\/\/api.w.org\/{rel}","templated":true}]}}