{"id":52057,"date":"2023-06-26T17:36:00","date_gmt":"2023-06-26T15:36:00","guid":{"rendered":"https:\/\/alice.ch\/?post_type=news&#038;p=52057"},"modified":"2023-06-26T17:36:02","modified_gmt":"2023-06-26T15:36:02","slug":"mehrwertsteuer-in-der-weiterbildung","status":"publish","type":"news","link":"https:\/\/alice.ch\/de\/news\/mehrwertsteuer-in-der-weiterbildung\/","title":{"rendered":"Mehrwertsteuer in der Weiterbildung\u00a0"},"content":{"rendered":"\n<p class=\"is-style-lead\">In der Fr\u00fchjahrssession hat das Parlament im Rahmen der Revision des Mehrwertsteuergesetzes den Begriff \u00abFortbildung\u00bb durch \u00abWeiterbildung\u00bb ersetzt. Die Bundesverwaltung erh\u00e4lt damit den Auftrag, den Weiterbildungsbegriff neu zu pr\u00fcfen. Vor dem Hintergrund aktueller Abgrenzungsfragen in der Praxis ist dies sehr zu begr\u00fcssen.<\/p>\n\n\n\n<p>Gem\u00e4ss dem Mehrwertsteuergesetz ist die Weiterbildung von der Mehrwertsteuer ausgenommen. In der Steuerpraxis zeigt sich aber, dass der Begriff der Bildungsleistungen immer wieder zu Diskussionen f\u00fchrt, da klare Abgrenzungen fehlen. Aus dieser Rechtsunsicherheit resultiert f\u00fcr Weiterbildungsanbieter die Gefahr der Umqualifizierung von Angeboten, was mit erheblichen finanziellen Risiken verbunden ist.<\/p>\n\n\n\n<h2 class=\"wp-block-heading\">Gesetzesanpassung auf Initiative des SVEB<\/h2>\n\n\n\n<p>Vor diesem Hintergrund haben St\u00e4nderat und Nationalrat im Rahmen der Revision des Mehrwertsteuergesetzes auf Grundlage eine Anpassung des Gesetzes beschlossen. Den Anstoss zu dieser Anpassung hatte eine Intervention des SVEB gegeben. So wurde der veraltete Begriff \u00abFortbildung\u00bb im Ausnahmenkatalog von Art. 21. durch den Begriff \u00abWeiterbildung\u00bb ersetzt. Im Hinblick auf das Inkrafttreten des neuen Gesetzes im Januar 2025 muss die Verwaltung nun den Weiterbildungsbegriff neu pr\u00fcfen. F\u00fcr die Weiterbildungsbranche ergibt sich in diesem Prozess die M\u00f6glichkeit, Vorschl\u00e4ge f\u00fcr eine zeitgem\u00e4ssen, breiten Weiterbildungsbegriff einzubringen. Der SVEB hat zu dieser Thematik bereits eine Arbeitsgruppe gebildet.<\/p>\n\n\n\n<h2 class=\"wp-block-heading\">Kontakt<\/h2>\n\n\n<div class=\"contact-persons\">\n\n\t\t\t\t\t<div class=\"contact-person\">\n\t\t\t\t\tBernhard Gr\u00e4miger<br \/>\t\t\t\t\tDirektor<br \/>\t\t\t\t\t<br \/>\n\t\t\t\t\t\t\t\t\t\t<a href=\"tel:+41 (0)44 319 71 61\">+41 (0)44 319 71 61<\/a><br \/>\t\t\t\t\t<a href=\"mailto:bernhard.graemiger@alice.ch\">bernhard.graemiger@alice.ch<\/a><br \/>\t\t\t\t\t<\/div>\n\t\t\t\t\t<\/div>\n","protected":false},"excerpt":{"rendered":"<p>In der Fr\u00fchjahrssession hat das Parlament im Rahmen der Revision des Mehrwertsteuergesetzes den Begriff \u00abFortbildung\u00bb durch \u00abWeiterbildung\u00bb ersetzt. Die Bundesverwaltung [&hellip;]<\/p>\n","protected":false},"author":5,"featured_media":52062,"template":"","meta":{"_acf_changed":false,"inline_featured_image":false,"footnotes":""},"news-category":[37],"global-category":[],"class_list":["post-52057","news","type-news","status-publish","has-post-thumbnail","hentry","news-category-politik"],"acf":[],"yoast_head":"<!-- This site is optimized with the Yoast SEO plugin v27.3 - https:\/\/yoast.com\/product\/yoast-seo-wordpress\/ -->\n<title>Mehrwertsteuer in der Weiterbildung\u00a0 - SVEB<\/title>\n<meta name=\"robots\" content=\"index, follow, max-snippet:-1, max-image-preview:large, max-video-preview:-1\" \/>\n<link rel=\"canonical\" href=\"https:\/\/alice.ch\/de\/news\/mehrwertsteuer-in-der-weiterbildung\/\" \/>\n<meta property=\"og:locale\" content=\"de_DE\" \/>\n<meta property=\"og:type\" content=\"article\" \/>\n<meta property=\"og:title\" content=\"Mehrwertsteuer in der Weiterbildung\u00a0 - SVEB\" \/>\n<meta property=\"og:description\" content=\"In der Fr\u00fchjahrssession hat das Parlament im Rahmen der Revision des Mehrwertsteuergesetzes den Begriff \u00abFortbildung\u00bb durch \u00abWeiterbildung\u00bb ersetzt. Die Bundesverwaltung [&hellip;]\" \/>\n<meta property=\"og:url\" content=\"https:\/\/alice.ch\/de\/news\/mehrwertsteuer-in-der-weiterbildung\/\" \/>\n<meta property=\"og:site_name\" content=\"SVEB\" \/>\n<meta property=\"article:modified_time\" content=\"2023-06-26T15:36:02+00:00\" \/>\n<meta property=\"og:image\" content=\"https:\/\/alice.ch\/app\/uploads\/2023\/06\/mwst.jpg\" \/>\n\t<meta property=\"og:image:width\" content=\"1200\" \/>\n\t<meta property=\"og:image:height\" content=\"627\" \/>\n\t<meta property=\"og:image:type\" content=\"image\/jpeg\" \/>\n<meta name=\"twitter:card\" content=\"summary_large_image\" \/>\n<meta name=\"twitter:label1\" content=\"Gesch\u00e4tzte Lesezeit\" \/>\n\t<meta name=\"twitter:data1\" content=\"1\u00a0Minute\" \/>\n<script type=\"application\/ld+json\" class=\"yoast-schema-graph\">{\"@context\":\"https:\\\/\\\/schema.org\",\"@graph\":[{\"@type\":\"WebPage\",\"@id\":\"https:\\\/\\\/alice.ch\\\/de\\\/news\\\/mehrwertsteuer-in-der-weiterbildung\\\/\",\"url\":\"https:\\\/\\\/alice.ch\\\/de\\\/news\\\/mehrwertsteuer-in-der-weiterbildung\\\/\",\"name\":\"Mehrwertsteuer in der Weiterbildung\u00a0 - SVEB\",\"isPartOf\":{\"@id\":\"https:\\\/\\\/alice.ch\\\/de\\\/#website\"},\"primaryImageOfPage\":{\"@id\":\"https:\\\/\\\/alice.ch\\\/de\\\/news\\\/mehrwertsteuer-in-der-weiterbildung\\\/#primaryimage\"},\"image\":{\"@id\":\"https:\\\/\\\/alice.ch\\\/de\\\/news\\\/mehrwertsteuer-in-der-weiterbildung\\\/#primaryimage\"},\"thumbnailUrl\":\"https:\\\/\\\/alice.ch\\\/app\\\/uploads\\\/2023\\\/06\\\/mwst.jpg\",\"datePublished\":\"2023-06-26T15:36:00+00:00\",\"dateModified\":\"2023-06-26T15:36:02+00:00\",\"breadcrumb\":{\"@id\":\"https:\\\/\\\/alice.ch\\\/de\\\/news\\\/mehrwertsteuer-in-der-weiterbildung\\\/#breadcrumb\"},\"inLanguage\":\"de\",\"potentialAction\":[{\"@type\":\"ReadAction\",\"target\":[\"https:\\\/\\\/alice.ch\\\/de\\\/news\\\/mehrwertsteuer-in-der-weiterbildung\\\/\"]}]},{\"@type\":\"ImageObject\",\"inLanguage\":\"de\",\"@id\":\"https:\\\/\\\/alice.ch\\\/de\\\/news\\\/mehrwertsteuer-in-der-weiterbildung\\\/#primaryimage\",\"url\":\"https:\\\/\\\/alice.ch\\\/app\\\/uploads\\\/2023\\\/06\\\/mwst.jpg\",\"contentUrl\":\"https:\\\/\\\/alice.ch\\\/app\\\/uploads\\\/2023\\\/06\\\/mwst.jpg\",\"width\":1200,\"height\":627},{\"@type\":\"BreadcrumbList\",\"@id\":\"https:\\\/\\\/alice.ch\\\/de\\\/news\\\/mehrwertsteuer-in-der-weiterbildung\\\/#breadcrumb\",\"itemListElement\":[{\"@type\":\"ListItem\",\"position\":1,\"name\":\"Startseite\",\"item\":\"https:\\\/\\\/alice.ch\\\/de\\\/\"},{\"@type\":\"ListItem\",\"position\":2,\"name\":\"Mehrwertsteuer in der Weiterbildung\u00a0\"}]},{\"@type\":\"WebSite\",\"@id\":\"https:\\\/\\\/alice.ch\\\/de\\\/#website\",\"url\":\"https:\\\/\\\/alice.ch\\\/de\\\/\",\"name\":\"alice.ch (Adult Learning Information Center) ist das Portal der Weiterbildung in der Schweiz.\",\"description\":\"Schweizerischer Verband f\u00fcr Weiterbildung\",\"publisher\":{\"@id\":\"https:\\\/\\\/alice.ch\\\/de\\\/#organization\"},\"potentialAction\":[{\"@type\":\"SearchAction\",\"target\":{\"@type\":\"EntryPoint\",\"urlTemplate\":\"https:\\\/\\\/alice.ch\\\/de\\\/?s={search_term_string}\"},\"query-input\":{\"@type\":\"PropertyValueSpecification\",\"valueRequired\":true,\"valueName\":\"search_term_string\"}}],\"inLanguage\":\"de\"},{\"@type\":\"Organization\",\"@id\":\"https:\\\/\\\/alice.ch\\\/de\\\/#organization\",\"name\":\"SVEB Schweizerischer Verband f\u00fcr Weiterbildung\",\"url\":\"https:\\\/\\\/alice.ch\\\/de\\\/\",\"logo\":{\"@type\":\"ImageObject\",\"inLanguage\":\"de\",\"@id\":\"https:\\\/\\\/alice.ch\\\/de\\\/#\\\/schema\\\/logo\\\/image\\\/\",\"url\":\"https:\\\/\\\/alice.ch\\\/app\\\/uploads\\\/2022\\\/07\\\/logo-sveb.png\",\"contentUrl\":\"https:\\\/\\\/alice.ch\\\/app\\\/uploads\\\/2022\\\/07\\\/logo-sveb.png\",\"width\":145,\"height\":64,\"caption\":\"SVEB Schweizerischer Verband f\u00fcr Weiterbildung\"},\"image\":{\"@id\":\"https:\\\/\\\/alice.ch\\\/de\\\/#\\\/schema\\\/logo\\\/image\\\/\"},\"sameAs\":[\"https:\\\/\\\/www.linkedin.com\\\/company\\\/schweizerischer-verband-fr-weiterbildung-sveb\\\/\"]}]}<\/script>\n<!-- \/ Yoast SEO plugin. -->","yoast_head_json":{"title":"Mehrwertsteuer in der Weiterbildung\u00a0 - SVEB","robots":{"index":"index","follow":"follow","max-snippet":"max-snippet:-1","max-image-preview":"max-image-preview:large","max-video-preview":"max-video-preview:-1"},"canonical":"https:\/\/alice.ch\/de\/news\/mehrwertsteuer-in-der-weiterbildung\/","og_locale":"de_DE","og_type":"article","og_title":"Mehrwertsteuer in der Weiterbildung\u00a0 - SVEB","og_description":"In der Fr\u00fchjahrssession hat das Parlament im Rahmen der Revision des Mehrwertsteuergesetzes den Begriff \u00abFortbildung\u00bb durch \u00abWeiterbildung\u00bb ersetzt. Die Bundesverwaltung [&hellip;]","og_url":"https:\/\/alice.ch\/de\/news\/mehrwertsteuer-in-der-weiterbildung\/","og_site_name":"SVEB","article_modified_time":"2023-06-26T15:36:02+00:00","og_image":[{"width":1200,"height":627,"url":"https:\/\/alice.ch\/app\/uploads\/2023\/06\/mwst.jpg","type":"image\/jpeg"}],"twitter_card":"summary_large_image","twitter_misc":{"Gesch\u00e4tzte Lesezeit":"1\u00a0Minute"},"schema":{"@context":"https:\/\/schema.org","@graph":[{"@type":"WebPage","@id":"https:\/\/alice.ch\/de\/news\/mehrwertsteuer-in-der-weiterbildung\/","url":"https:\/\/alice.ch\/de\/news\/mehrwertsteuer-in-der-weiterbildung\/","name":"Mehrwertsteuer in der Weiterbildung\u00a0 - SVEB","isPartOf":{"@id":"https:\/\/alice.ch\/de\/#website"},"primaryImageOfPage":{"@id":"https:\/\/alice.ch\/de\/news\/mehrwertsteuer-in-der-weiterbildung\/#primaryimage"},"image":{"@id":"https:\/\/alice.ch\/de\/news\/mehrwertsteuer-in-der-weiterbildung\/#primaryimage"},"thumbnailUrl":"https:\/\/alice.ch\/app\/uploads\/2023\/06\/mwst.jpg","datePublished":"2023-06-26T15:36:00+00:00","dateModified":"2023-06-26T15:36:02+00:00","breadcrumb":{"@id":"https:\/\/alice.ch\/de\/news\/mehrwertsteuer-in-der-weiterbildung\/#breadcrumb"},"inLanguage":"de","potentialAction":[{"@type":"ReadAction","target":["https:\/\/alice.ch\/de\/news\/mehrwertsteuer-in-der-weiterbildung\/"]}]},{"@type":"ImageObject","inLanguage":"de","@id":"https:\/\/alice.ch\/de\/news\/mehrwertsteuer-in-der-weiterbildung\/#primaryimage","url":"https:\/\/alice.ch\/app\/uploads\/2023\/06\/mwst.jpg","contentUrl":"https:\/\/alice.ch\/app\/uploads\/2023\/06\/mwst.jpg","width":1200,"height":627},{"@type":"BreadcrumbList","@id":"https:\/\/alice.ch\/de\/news\/mehrwertsteuer-in-der-weiterbildung\/#breadcrumb","itemListElement":[{"@type":"ListItem","position":1,"name":"Startseite","item":"https:\/\/alice.ch\/de\/"},{"@type":"ListItem","position":2,"name":"Mehrwertsteuer in der Weiterbildung\u00a0"}]},{"@type":"WebSite","@id":"https:\/\/alice.ch\/de\/#website","url":"https:\/\/alice.ch\/de\/","name":"alice.ch (Adult Learning Information Center) ist das Portal der Weiterbildung in der Schweiz.","description":"Schweizerischer Verband f\u00fcr Weiterbildung","publisher":{"@id":"https:\/\/alice.ch\/de\/#organization"},"potentialAction":[{"@type":"SearchAction","target":{"@type":"EntryPoint","urlTemplate":"https:\/\/alice.ch\/de\/?s={search_term_string}"},"query-input":{"@type":"PropertyValueSpecification","valueRequired":true,"valueName":"search_term_string"}}],"inLanguage":"de"},{"@type":"Organization","@id":"https:\/\/alice.ch\/de\/#organization","name":"SVEB Schweizerischer Verband f\u00fcr Weiterbildung","url":"https:\/\/alice.ch\/de\/","logo":{"@type":"ImageObject","inLanguage":"de","@id":"https:\/\/alice.ch\/de\/#\/schema\/logo\/image\/","url":"https:\/\/alice.ch\/app\/uploads\/2022\/07\/logo-sveb.png","contentUrl":"https:\/\/alice.ch\/app\/uploads\/2022\/07\/logo-sveb.png","width":145,"height":64,"caption":"SVEB Schweizerischer Verband f\u00fcr Weiterbildung"},"image":{"@id":"https:\/\/alice.ch\/de\/#\/schema\/logo\/image\/"},"sameAs":["https:\/\/www.linkedin.com\/company\/schweizerischer-verband-fr-weiterbildung-sveb\/"]}]}},"_links":{"self":[{"href":"https:\/\/alice.ch\/de\/wp-json\/wp\/v2\/news\/52057","targetHints":{"allow":["GET"]}}],"collection":[{"href":"https:\/\/alice.ch\/de\/wp-json\/wp\/v2\/news"}],"about":[{"href":"https:\/\/alice.ch\/de\/wp-json\/wp\/v2\/types\/news"}],"author":[{"embeddable":true,"href":"https:\/\/alice.ch\/de\/wp-json\/wp\/v2\/users\/5"}],"version-history":[{"count":5,"href":"https:\/\/alice.ch\/de\/wp-json\/wp\/v2\/news\/52057\/revisions"}],"predecessor-version":[{"id":52068,"href":"https:\/\/alice.ch\/de\/wp-json\/wp\/v2\/news\/52057\/revisions\/52068"}],"wp:featuredmedia":[{"embeddable":true,"href":"https:\/\/alice.ch\/de\/wp-json\/wp\/v2\/media\/52062"}],"wp:attachment":[{"href":"https:\/\/alice.ch\/de\/wp-json\/wp\/v2\/media?parent=52057"}],"wp:term":[{"taxonomy":"news-category","embeddable":true,"href":"https:\/\/alice.ch\/de\/wp-json\/wp\/v2\/news-category?post=52057"},{"taxonomy":"global-category","embeddable":true,"href":"https:\/\/alice.ch\/de\/wp-json\/wp\/v2\/global-category?post=52057"}],"curies":[{"name":"wp","href":"https:\/\/api.w.org\/{rel}","templated":true}]}}