{"id":5245,"date":"2022-02-15T15:46:00","date_gmt":"2022-02-15T14:46:00","guid":{"rendered":"https:\/\/projects.atxeit.ch\/sveb\/?post_type=news&#038;p=5245"},"modified":"2022-12-21T08:59:11","modified_gmt":"2022-12-21T07:59:11","slug":"die-krise-zeigt-ohne-weiterbildung-geht-gar-nichts","status":"publish","type":"news","link":"https:\/\/alice.ch\/de\/news\/die-krise-zeigt-ohne-weiterbildung-geht-gar-nichts\/","title":{"rendered":"Die Krise zeigt: Ohne Weiterbildung geht gar nichts"},"content":{"rendered":"\n<p class=\"is-style-lead\">Mit dem Ausbruch der Covid-19-Pandemie hat der Weiterbildungsbereich einen enormen Digitalisierungsschub erfahren. F\u00fcr die Anbieter ist dies eine grosse Herausforderung, die aber auch ihren Innovationsgeist anstachelt. Den Lernwilligen ihrerseits bringt diese Entwicklung eine grosse Flexibilit\u00e4t und neue M\u00f6glichkeiten.<\/p>\n\n\n\n<p><em>Von Matthias Aebischer, Pr\u00e4sident SVEB und Nationalrat,&nbsp;zuerst erschienen als Editorial in&nbsp;\u00abFokus Next Step\u00bb|&nbsp;Januar 2022<br><br><\/em>Als 54-j\u00e4hriger Politiker, der wohl in den n\u00e4chsten paar Jahren seinen Schwerpunkt wieder vermehrt auf die Arbeit ausserhalb der Politik setzen wird, war es gar nicht so einfach, aus dem Hamsterrad herauszukommen und eine Weiterbildung in Angriff zu nehmen. Denn nebst meinem Nationalratsmandat und der Familienarbeit war es eine ziemliche Herausforderung, alles unter einen Hut zu bringen. Nun habe ich abgeschlossen und bin froh, dass ich den Kraftakt gewagt habe. Das CAS \u00abDigital Marketing und Transformation\u00bb der Berner Fachhochschule war in mehreren Belangen ein Gl\u00fccksfall f\u00fcr mich. Dank hochkar\u00e4tigen Referentinnen und Referenten konnte ich mein Marketing- und Kommunikationswissen auffrischen und lernte im Bereich der digitalen Transformation sehr viel Neues dazu. Nicht nur der Kurs selbst drehte sich um die Digitalisierung, sondern auch die Art des Unterrichts. Mussten wir Covid-bedingt die erste H\u00e4lfte des Kurses noch via Video-Konferenz meistern, durften wir die zweite H\u00e4lfte vor Ort mit Maske bestreiten. Flexibilit\u00e4t war gefragt, von den Teilnehmenden, aber auch von den Dozierenden.<\/p>\n\n\n\n<h2 class=\"wp-block-heading\">Weiterbildung im Umbruch<\/h2>\n\n\n\n<p>Seit Ausbruch der Covid-Pandemie hat der Weiterbildungsbereich einen enormen Digitalisierungsschub erfahren. Wie der aktuelle&nbsp;<a href=\"https:\/\/alice.ch\/de\/branchenmonitor22\/\">Branchenmonitor des SVEB<\/a>&nbsp;zeigt, haben die meisten Weiterbildungsanbieter in k\u00fcrzester Zeit Angebote umgebaut, digitalisiert und diversifiziert. Heute k\u00f6nnen viele Weiterbildungen online besucht werden, bei denen bis vor Kurzem Pr\u00e4senz zwingend n\u00f6tig schien. Zudem sind Formate entstanden, die vor der Pandemie kein Thema waren, darunter hybride Settings, in denen die Teilnehmenden frei entscheiden k\u00f6nnen, was sie in Pr\u00e4senz und was sie online besuchen wollen. F\u00fcr die Anbieter ist dies eine grosse Herausforderung, die aber auch ihren Innovationsgeist anstachelt. Den Lernwilligen ihrerseits bringt diese Entwicklung eine grosse Flexibilit\u00e4t und neue M\u00f6glichkeiten. So k\u00f6nnen sie von zu Hause aus Weiterbildungen besuchen, die irgendwo auf der Welt angeboten werden, \u2013 sofern sie \u00fcber einen Computer und die entsprechenden Sprachkenntnisse verf\u00fcgen.<\/p>\n\n\n\n<h2 class=\"wp-block-heading\">Ungleiche Chancen<\/h2>\n\n\n\n<p>Nicht alle Erwachsenen haben dieselben Chancen, sich weiterzubilden. Nicht alle k\u00f6nnen wie ich 9000 Franken f\u00fcr einen CAS ausgeben. Nicht alle haben f\u00fcr den digitalen Unterricht die n\u00f6tige Infrastruktur. Es gibt Anzeichen, dass die rasche Digitalisierung w\u00e4hrend der Covid-Pandemie die digitale Kluft in der Gesellschaft weiter vertieft. F\u00fcr Personen, denen die Kompetenzen oder die Infrastruktur f\u00fcr die digitale Teilnahme fehlt, wird es schwieriger, sich weiterzubilden \u2013 auch in Pr\u00e4senzkursen, denn vollkommen technologiefreie Kurse d\u00fcrfte es k\u00fcnftig kaum mehr geben. Da sind auch die Weiterbildungsinstitutionen und die Bildungspolitik gefordert. Der SVEB engagiert sich f\u00fcr Chancengleichheit unter anderem mit der F\u00f6rderung von&nbsp;<a href=\"https:\/\/alice.ch\/de\/themen\/grundkompetenzen\/\">Grundkompetenzen<\/a>&nbsp;und dem Aufbau von&nbsp;<a href=\"https:\/\/alice.ch\/de\/gutscheinprojekte-des-sveb\/\">Gutscheinsystemen<\/a>.<\/p>\n\n\n\n<h2 class=\"wp-block-heading\">Ungewisse Zeiten<\/h2>\n\n\n\n<p>Wenn wir Krisen wie die aktuelle meistern wollen \u2013 und es d\u00fcrfte nicht die letzte globale Krise bleiben \u2013, dann m\u00fcssen wir in der Lage sein, besser und kreativer mit Ungewissheit umzugehen als bisher. Wenn wir Pl\u00e4ne immer wieder umstellen und \u00fcber Nacht L\u00f6sungen f\u00fcr Probleme finden m\u00fcssen, die es bisher noch gar nicht gab, steigen die Anforderungen und damit auch der Lernbedarf. Paradoxerweise bedeutet dies, dass Weiterbildung immer wichtiger wird und wir zugleich immer weniger wissen, welche Kompetenzen in Zukunft n\u00f6tig sein werden.&nbsp;<a href=\"https:\/\/alice.ch\/de\/themen\/forschung\/\">Studien<\/a>&nbsp;und Zukunftsprognosen, so auch jene von&nbsp;<a href=\"https:\/\/alice.ch\/de\/informiert-bleiben\/think-tank\/\">TRANSIT<\/a>, dem Think Tank des SVEB, legen nahe, dass die Bedeutung von transversalen Kompetenzen steigt. Dazu geh\u00f6ren etwa Kreativit\u00e4t, kritisches Denken oder Probleml\u00f6sef\u00e4higkeiten. Aber auch fundiertes Wissen hat nicht ausgedient \u2013 und auch wenn das oft behauptet wird: Wissen veraltet nicht. Im Gegensatz zu blossen Informationen. Gerade in Zeiten grosser Ver\u00e4nderungen gewinnt Wissen im Sinn eines vertieften Verstehens von Zusammenh\u00e4ngen an Bedeutung.<\/p>\n\n\n\n<p>Matthias Aebischer<br>Pr\u00e4sident SVEB und Nationalrat<\/p>\n\n\n\n<div class=\"wp-block-buttons is-layout-flex wp-block-buttons-is-layout-flex\">\n<div class=\"wp-block-button is-style-minimal\"><a class=\"wp-block-button__link wp-element-button\" href=\"https:\/\/issuu.com\/smart_media\/docs\/tagi_next_step_2\" target=\"_blank\" rel=\"noreferrer noopener\">\u00abFokus Next Step\u00bb|&nbsp;Januar 2022<\/a><\/div>\n<\/div>\n\n\n\n<p>Bild: Editorial Matthias Aebischer<\/p>\n","protected":false},"excerpt":{"rendered":"<p>Mit dem Ausbruch der Covid-19-Pandemie hat der Weiterbildungsbereich einen enormen Digitalisierungsschub erfahren. F\u00fcr die Anbieter ist dies eine grosse Herausforderung, [&hellip;]<\/p>\n","protected":false},"author":10,"featured_media":38053,"template":"","meta":{"_acf_changed":false,"inline_featured_image":false,"footnotes":""},"news-category":[35,31],"global-category":[],"class_list":["post-5245","news","type-news","status-publish","has-post-thumbnail","hentry","news-category-corona","news-category-branche"],"acf":[],"yoast_head":"<!-- This site is optimized with the Yoast SEO plugin v27.3 - https:\/\/yoast.com\/product\/yoast-seo-wordpress\/ -->\n<title>Die Krise zeigt: Ohne Weiterbildung geht gar nichts - SVEB<\/title>\n<meta name=\"robots\" content=\"index, follow, max-snippet:-1, max-image-preview:large, max-video-preview:-1\" \/>\n<link rel=\"canonical\" href=\"https:\/\/alice.ch\/de\/news\/die-krise-zeigt-ohne-weiterbildung-geht-gar-nichts\/\" \/>\n<meta property=\"og:locale\" content=\"de_DE\" \/>\n<meta property=\"og:type\" content=\"article\" \/>\n<meta property=\"og:title\" content=\"Die Krise zeigt: Ohne Weiterbildung geht gar nichts - SVEB\" \/>\n<meta property=\"og:description\" content=\"Mit dem Ausbruch der Covid-19-Pandemie hat der Weiterbildungsbereich einen enormen Digitalisierungsschub erfahren. F\u00fcr die Anbieter ist dies eine grosse Herausforderung, [&hellip;]\" \/>\n<meta property=\"og:url\" content=\"https:\/\/alice.ch\/de\/news\/die-krise-zeigt-ohne-weiterbildung-geht-gar-nichts\/\" \/>\n<meta property=\"og:site_name\" content=\"SVEB\" \/>\n<meta property=\"article:modified_time\" content=\"2022-12-21T07:59:11+00:00\" \/>\n<meta property=\"og:image\" content=\"https:\/\/alice.ch\/app\/uploads\/2022\/12\/editorial-aebischer.jpg\" \/>\n\t<meta property=\"og:image:width\" content=\"2272\" \/>\n\t<meta property=\"og:image:height\" content=\"1187\" \/>\n\t<meta property=\"og:image:type\" content=\"image\/jpeg\" \/>\n<meta name=\"twitter:card\" content=\"summary_large_image\" \/>\n<meta name=\"twitter:label1\" content=\"Gesch\u00e4tzte Lesezeit\" \/>\n\t<meta name=\"twitter:data1\" content=\"4\u00a0Minuten\" \/>\n<script type=\"application\/ld+json\" class=\"yoast-schema-graph\">{\"@context\":\"https:\\\/\\\/schema.org\",\"@graph\":[{\"@type\":\"WebPage\",\"@id\":\"https:\\\/\\\/alice.ch\\\/de\\\/news\\\/die-krise-zeigt-ohne-weiterbildung-geht-gar-nichts\\\/\",\"url\":\"https:\\\/\\\/alice.ch\\\/de\\\/news\\\/die-krise-zeigt-ohne-weiterbildung-geht-gar-nichts\\\/\",\"name\":\"Die Krise zeigt: Ohne Weiterbildung geht gar nichts - SVEB\",\"isPartOf\":{\"@id\":\"https:\\\/\\\/alice.ch\\\/de\\\/#website\"},\"primaryImageOfPage\":{\"@id\":\"https:\\\/\\\/alice.ch\\\/de\\\/news\\\/die-krise-zeigt-ohne-weiterbildung-geht-gar-nichts\\\/#primaryimage\"},\"image\":{\"@id\":\"https:\\\/\\\/alice.ch\\\/de\\\/news\\\/die-krise-zeigt-ohne-weiterbildung-geht-gar-nichts\\\/#primaryimage\"},\"thumbnailUrl\":\"https:\\\/\\\/alice.ch\\\/app\\\/uploads\\\/2022\\\/12\\\/editorial-aebischer.jpg\",\"datePublished\":\"2022-02-15T14:46:00+00:00\",\"dateModified\":\"2022-12-21T07:59:11+00:00\",\"breadcrumb\":{\"@id\":\"https:\\\/\\\/alice.ch\\\/de\\\/news\\\/die-krise-zeigt-ohne-weiterbildung-geht-gar-nichts\\\/#breadcrumb\"},\"inLanguage\":\"de\",\"potentialAction\":[{\"@type\":\"ReadAction\",\"target\":[\"https:\\\/\\\/alice.ch\\\/de\\\/news\\\/die-krise-zeigt-ohne-weiterbildung-geht-gar-nichts\\\/\"]}]},{\"@type\":\"ImageObject\",\"inLanguage\":\"de\",\"@id\":\"https:\\\/\\\/alice.ch\\\/de\\\/news\\\/die-krise-zeigt-ohne-weiterbildung-geht-gar-nichts\\\/#primaryimage\",\"url\":\"https:\\\/\\\/alice.ch\\\/app\\\/uploads\\\/2022\\\/12\\\/editorial-aebischer.jpg\",\"contentUrl\":\"https:\\\/\\\/alice.ch\\\/app\\\/uploads\\\/2022\\\/12\\\/editorial-aebischer.jpg\",\"width\":2272,\"height\":1187},{\"@type\":\"BreadcrumbList\",\"@id\":\"https:\\\/\\\/alice.ch\\\/de\\\/news\\\/die-krise-zeigt-ohne-weiterbildung-geht-gar-nichts\\\/#breadcrumb\",\"itemListElement\":[{\"@type\":\"ListItem\",\"position\":1,\"name\":\"Startseite\",\"item\":\"https:\\\/\\\/alice.ch\\\/de\\\/\"},{\"@type\":\"ListItem\",\"position\":2,\"name\":\"Die Krise zeigt: Ohne Weiterbildung geht gar nichts\"}]},{\"@type\":\"WebSite\",\"@id\":\"https:\\\/\\\/alice.ch\\\/de\\\/#website\",\"url\":\"https:\\\/\\\/alice.ch\\\/de\\\/\",\"name\":\"alice.ch (Adult Learning Information Center) ist das Portal der Weiterbildung in der Schweiz.\",\"description\":\"Schweizerischer Verband f\u00fcr Weiterbildung\",\"publisher\":{\"@id\":\"https:\\\/\\\/alice.ch\\\/de\\\/#organization\"},\"potentialAction\":[{\"@type\":\"SearchAction\",\"target\":{\"@type\":\"EntryPoint\",\"urlTemplate\":\"https:\\\/\\\/alice.ch\\\/de\\\/?s={search_term_string}\"},\"query-input\":{\"@type\":\"PropertyValueSpecification\",\"valueRequired\":true,\"valueName\":\"search_term_string\"}}],\"inLanguage\":\"de\"},{\"@type\":\"Organization\",\"@id\":\"https:\\\/\\\/alice.ch\\\/de\\\/#organization\",\"name\":\"SVEB Schweizerischer Verband f\u00fcr Weiterbildung\",\"url\":\"https:\\\/\\\/alice.ch\\\/de\\\/\",\"logo\":{\"@type\":\"ImageObject\",\"inLanguage\":\"de\",\"@id\":\"https:\\\/\\\/alice.ch\\\/de\\\/#\\\/schema\\\/logo\\\/image\\\/\",\"url\":\"https:\\\/\\\/alice.ch\\\/app\\\/uploads\\\/2022\\\/07\\\/logo-sveb.png\",\"contentUrl\":\"https:\\\/\\\/alice.ch\\\/app\\\/uploads\\\/2022\\\/07\\\/logo-sveb.png\",\"width\":145,\"height\":64,\"caption\":\"SVEB Schweizerischer Verband f\u00fcr Weiterbildung\"},\"image\":{\"@id\":\"https:\\\/\\\/alice.ch\\\/de\\\/#\\\/schema\\\/logo\\\/image\\\/\"},\"sameAs\":[\"https:\\\/\\\/www.linkedin.com\\\/company\\\/schweizerischer-verband-fr-weiterbildung-sveb\\\/\"]}]}<\/script>\n<!-- \/ Yoast SEO plugin. -->","yoast_head_json":{"title":"Die Krise zeigt: Ohne Weiterbildung geht gar nichts - SVEB","robots":{"index":"index","follow":"follow","max-snippet":"max-snippet:-1","max-image-preview":"max-image-preview:large","max-video-preview":"max-video-preview:-1"},"canonical":"https:\/\/alice.ch\/de\/news\/die-krise-zeigt-ohne-weiterbildung-geht-gar-nichts\/","og_locale":"de_DE","og_type":"article","og_title":"Die Krise zeigt: Ohne Weiterbildung geht gar nichts - SVEB","og_description":"Mit dem Ausbruch der Covid-19-Pandemie hat der Weiterbildungsbereich einen enormen Digitalisierungsschub erfahren. F\u00fcr die Anbieter ist dies eine grosse Herausforderung, [&hellip;]","og_url":"https:\/\/alice.ch\/de\/news\/die-krise-zeigt-ohne-weiterbildung-geht-gar-nichts\/","og_site_name":"SVEB","article_modified_time":"2022-12-21T07:59:11+00:00","og_image":[{"width":2272,"height":1187,"url":"https:\/\/alice.ch\/app\/uploads\/2022\/12\/editorial-aebischer.jpg","type":"image\/jpeg"}],"twitter_card":"summary_large_image","twitter_misc":{"Gesch\u00e4tzte Lesezeit":"4\u00a0Minuten"},"schema":{"@context":"https:\/\/schema.org","@graph":[{"@type":"WebPage","@id":"https:\/\/alice.ch\/de\/news\/die-krise-zeigt-ohne-weiterbildung-geht-gar-nichts\/","url":"https:\/\/alice.ch\/de\/news\/die-krise-zeigt-ohne-weiterbildung-geht-gar-nichts\/","name":"Die Krise zeigt: Ohne Weiterbildung geht gar nichts - SVEB","isPartOf":{"@id":"https:\/\/alice.ch\/de\/#website"},"primaryImageOfPage":{"@id":"https:\/\/alice.ch\/de\/news\/die-krise-zeigt-ohne-weiterbildung-geht-gar-nichts\/#primaryimage"},"image":{"@id":"https:\/\/alice.ch\/de\/news\/die-krise-zeigt-ohne-weiterbildung-geht-gar-nichts\/#primaryimage"},"thumbnailUrl":"https:\/\/alice.ch\/app\/uploads\/2022\/12\/editorial-aebischer.jpg","datePublished":"2022-02-15T14:46:00+00:00","dateModified":"2022-12-21T07:59:11+00:00","breadcrumb":{"@id":"https:\/\/alice.ch\/de\/news\/die-krise-zeigt-ohne-weiterbildung-geht-gar-nichts\/#breadcrumb"},"inLanguage":"de","potentialAction":[{"@type":"ReadAction","target":["https:\/\/alice.ch\/de\/news\/die-krise-zeigt-ohne-weiterbildung-geht-gar-nichts\/"]}]},{"@type":"ImageObject","inLanguage":"de","@id":"https:\/\/alice.ch\/de\/news\/die-krise-zeigt-ohne-weiterbildung-geht-gar-nichts\/#primaryimage","url":"https:\/\/alice.ch\/app\/uploads\/2022\/12\/editorial-aebischer.jpg","contentUrl":"https:\/\/alice.ch\/app\/uploads\/2022\/12\/editorial-aebischer.jpg","width":2272,"height":1187},{"@type":"BreadcrumbList","@id":"https:\/\/alice.ch\/de\/news\/die-krise-zeigt-ohne-weiterbildung-geht-gar-nichts\/#breadcrumb","itemListElement":[{"@type":"ListItem","position":1,"name":"Startseite","item":"https:\/\/alice.ch\/de\/"},{"@type":"ListItem","position":2,"name":"Die Krise zeigt: Ohne Weiterbildung geht gar nichts"}]},{"@type":"WebSite","@id":"https:\/\/alice.ch\/de\/#website","url":"https:\/\/alice.ch\/de\/","name":"alice.ch (Adult Learning Information Center) ist das Portal der Weiterbildung in der Schweiz.","description":"Schweizerischer Verband f\u00fcr Weiterbildung","publisher":{"@id":"https:\/\/alice.ch\/de\/#organization"},"potentialAction":[{"@type":"SearchAction","target":{"@type":"EntryPoint","urlTemplate":"https:\/\/alice.ch\/de\/?s={search_term_string}"},"query-input":{"@type":"PropertyValueSpecification","valueRequired":true,"valueName":"search_term_string"}}],"inLanguage":"de"},{"@type":"Organization","@id":"https:\/\/alice.ch\/de\/#organization","name":"SVEB Schweizerischer Verband f\u00fcr Weiterbildung","url":"https:\/\/alice.ch\/de\/","logo":{"@type":"ImageObject","inLanguage":"de","@id":"https:\/\/alice.ch\/de\/#\/schema\/logo\/image\/","url":"https:\/\/alice.ch\/app\/uploads\/2022\/07\/logo-sveb.png","contentUrl":"https:\/\/alice.ch\/app\/uploads\/2022\/07\/logo-sveb.png","width":145,"height":64,"caption":"SVEB Schweizerischer Verband f\u00fcr Weiterbildung"},"image":{"@id":"https:\/\/alice.ch\/de\/#\/schema\/logo\/image\/"},"sameAs":["https:\/\/www.linkedin.com\/company\/schweizerischer-verband-fr-weiterbildung-sveb\/"]}]}},"_links":{"self":[{"href":"https:\/\/alice.ch\/de\/wp-json\/wp\/v2\/news\/5245","targetHints":{"allow":["GET"]}}],"collection":[{"href":"https:\/\/alice.ch\/de\/wp-json\/wp\/v2\/news"}],"about":[{"href":"https:\/\/alice.ch\/de\/wp-json\/wp\/v2\/types\/news"}],"author":[{"embeddable":true,"href":"https:\/\/alice.ch\/de\/wp-json\/wp\/v2\/users\/10"}],"version-history":[{"count":5,"href":"https:\/\/alice.ch\/de\/wp-json\/wp\/v2\/news\/5245\/revisions"}],"predecessor-version":[{"id":38778,"href":"https:\/\/alice.ch\/de\/wp-json\/wp\/v2\/news\/5245\/revisions\/38778"}],"wp:featuredmedia":[{"embeddable":true,"href":"https:\/\/alice.ch\/de\/wp-json\/wp\/v2\/media\/38053"}],"wp:attachment":[{"href":"https:\/\/alice.ch\/de\/wp-json\/wp\/v2\/media?parent=5245"}],"wp:term":[{"taxonomy":"news-category","embeddable":true,"href":"https:\/\/alice.ch\/de\/wp-json\/wp\/v2\/news-category?post=5245"},{"taxonomy":"global-category","embeddable":true,"href":"https:\/\/alice.ch\/de\/wp-json\/wp\/v2\/global-category?post=5245"}],"curies":[{"name":"wp","href":"https:\/\/api.w.org\/{rel}","templated":true}]}}