{"id":54194,"date":"2023-09-25T09:08:16","date_gmt":"2023-09-25T07:08:16","guid":{"rendered":"https:\/\/alice.ch\/?post_type=news&#038;p=54194"},"modified":"2023-09-26T10:31:34","modified_gmt":"2023-09-26T08:31:34","slug":"praxisbezogen-und-zielorientiert-so-war-die-neue-go-weiterbildung","status":"publish","type":"news","link":"https:\/\/alice.ch\/de\/news\/praxisbezogen-und-zielorientiert-so-war-die-neue-go-weiterbildung\/","title":{"rendered":"Praxisbezogen und zielorientiert \u2013 so war die neue GO-Weiterbildung"},"content":{"rendered":"\n<p class=\"is-style-lead\">Das GO-Modell ist ein Werkzeugkasten f\u00fcr Fachleute, die praxisnahe Kurse f\u00fcr Grundkompetenzen in Betrieben planen und umsetzen wollen. In der neuen, modular aufgebauten GO-Weiterbildung spielten die Teilnehmenden den Prozess von der Akquise bis zur Kursumsetzung anhand konkreter Beispiele durch. Ein R\u00fcckblick.&nbsp;<\/p>\n\n\n\n<p><em>Bild und Text: Christine B\u00e4rlocher, SVEB<\/em>&nbsp;<\/p>\n\n\n\n<p>Mit der Kampagne <a href=\"https:\/\/www.besser-jetzt.ch\/betriebe.cfm\" target=\"_blank\" rel=\"noreferrer noopener\">\u00abEinfach besser! &#8230; am Arbeitsplatz\u00bb<\/a> unterst\u00fctzt der Bund Kurse f\u00fcr Grundkompetenzen wie Lesen, Schreiben, Rechnen und einfache Computeranwendungen in Betrieben. Viele Firmen erfahren davon \u00fcber die Kursanbieter.&nbsp;&nbsp;<\/p>\n\n\n\n<p>Die gute Vernetzung mit Betrieben ist deshalb ein wichtiger Erfolgsfaktor f\u00fcr Anbieter und war Thema im neu entwickelten Modul 2 \u00abVon der Akquise zur Gesuchsstellung\u00bb. Laetitia Hardegger zeigte an konkreten Beispielen, wie Sie beim SAH Z\u00fcrich Auftr\u00e4ge von namhaften Firmen \u00fcber Netzwerkarbeit, gute Branchenkenntnisse und die F\u00e4higkeit zuzuh\u00f6ren, gewinnen konnte. Ihr Fazit: Akquise braucht Ausdauer \u2013 sie soll aber auch Spass machen. Vor dem \u00abVerkaufen\u00bb steht das Interesse f\u00fcr die Betriebe und die Menschen.&nbsp;<\/p>\n\n\n\n<h2 class=\"wp-block-heading\">Von der Bedarfsanalyse zum massgeschneiderten Kurs&nbsp;<\/h2>\n\n\n\n<p>Den Lernbedarf ihrer Mitarbeitenden erkennen Betriebe oft selbst. Doch was tun, wenn jede Auftragsvergabe interne \u00dcbersetzer braucht oder die Mitarbeitenden nur mit Hilfe der Teamleitung ihre Zeittabelle am Computer ausf\u00fcllen k\u00f6nnen? Standard Sprach- oder Computerkurse helfen da kaum. Das GO-Modell f\u00fchrt zu L\u00f6sungen, die sich am jeweiligen Arbeitsplatz orientieren. Die Methode eignet sich f\u00fcr alle Branchen und Betriebsgr\u00f6ssen. <\/p>\n\n\n\n<p>Die beiden Dozentinnen Laetitia Hardegger und Olivia Walther zeigten, wie die Leitf\u00e4den und Deskriptoren im GO-Toolkit zielgerichtet genutzt werden und welche Rollen im GO-Prozess wichtig sind. F\u00fcr eine Aufgabe kann die Kombination verschiedener Kompetenzen gefragt sein \u2013 Sprache, Lesen und Schreiben, Computerkenntnisse oder Alltagsmathematik. In der GO-Weiterbildung wird deshalb die Entwicklung von Kursinhalten situativ anhand der Bedarfsanalyse und Beispielen aus dem Betrieb trainiert. Die Teilnehmenden erarbeiten Ideen f\u00fcr eine&nbsp;Standortbestimmung der Mitarbeitenden, f\u00fcr den Transfer des Gelernten in den Arbeitsalltag und die Evaluation der Kurse.&nbsp;<\/p>\n\n\n\n<h2 class=\"wp-block-heading\">\u00abLebensnah und zielorientiert\u00bb<\/h2>\n\n\n\n<p>\u00abAuch wenn ich seit vielen Jahren in dem Bereich arbeite, habe ich von den vielen praxisbezogenen Inputs profitiert\u00bb, stellt eine Kursteilnehmerin fest. \u00abFokussiert, lebensnah und zielorientiert! Spass und Vernetzung inklusive\u00bb, doppelt jemand nach. In der GO-Weiterbildung ist eine grosse Offenheit untereinander zu sp\u00fcren. Vom Austausch profitieren letztlich alle.&nbsp;<\/p>\n\n\n\n<p>Nach dem erfolgreichen Pilotkurs ist auch im Jahr 2024 eine modulare GO-Weiterbildung vorgesehen. Der SVEB wird \u00fcber den <a href=\"https:\/\/alice.ch\/de\/aktuell\/newsletter\/\" target=\"_blank\" rel=\"noreferrer noopener\">Newsletter<\/a> und weitere Kan\u00e4le dar\u00fcber informieren.&nbsp;<\/p>\n\n\n\n<h2 class=\"wp-block-heading\">Weitere Informationen<\/h2>\n\n\n\n<div class=\"wp-block-buttons is-layout-flex wp-block-buttons-is-layout-flex\">\n<div class=\"wp-block-button has-custom-width wp-block-button__width-100 is-style-minimal\"><a class=\"wp-block-button__link wp-element-button\" href=\"https:\/\/alice.ch\/de\/themen\/grundkompetenzen\/go-upskilling-am-arbeitsplatz\/go-modell\/\" target=\"_blank\" rel=\"noreferrer noopener\">Das GO-Modell \u2013 kostenloser Download des GO-Toolkit&nbsp;<\/a><\/div>\n\n\n\n<div class=\"wp-block-button has-custom-width wp-block-button__width-100 is-style-minimal\"><a class=\"wp-block-button__link wp-element-button\" href=\"https:\/\/www.besser-jetzt.ch\/betriebe_vorgehen.cfm\" target=\"_blank\" rel=\"noreferrer noopener\">F\u00f6rderschwerpunkt \u00abEinfach besser! &#8230; am Arbeitsplatz\u00bb: 4 Schritte zum Kurs&nbsp;<\/a><\/div>\n\n\n\n<div class=\"wp-block-button has-custom-width wp-block-button__width-100 is-style-minimal\"><a class=\"wp-block-button__link wp-element-button\" href=\"https:\/\/www.besser-jetzt.ch\/betriebe_stories.cfm\" target=\"_blank\" rel=\"noreferrer noopener\">Erfahrungsberichte von aus Betrieben &#8211; \u00abEinfach besser! &#8230; am Arbeitsplatz\u00bb&nbsp;<\/a><\/div>\n\n\n\n<div class=\"wp-block-button has-custom-width wp-block-button__width-100 is-style-minimal\"><a class=\"wp-block-button__link wp-element-button\" href=\"https:\/\/www.besser-jetzt.ch\/betriebe_anbieter_finden.cfm\" target=\"_blank\" rel=\"noreferrer noopener\">Matching-Tool: hier finden Betriebe passende Kursanbieter in ihrer Region&nbsp;<\/a><\/div>\n\n\n\n<div class=\"wp-block-button has-custom-width wp-block-button__width-100 is-style-minimal\"><a class=\"wp-block-button__link wp-element-button\" href=\"https:\/\/www.besser-jetzt.ch\/toolbox.cfm\" target=\"_blank\" rel=\"noreferrer noopener\">Toolbox f\u00fcr Kursanbietende: Materialien f\u00fcr die Akquise mit \u00abEinfach besser! &#8230; am Arbeitsplatz\u00bb&nbsp;<\/a><\/div>\n\n\n\n<div class=\"wp-block-button has-custom-width wp-block-button__width-100 is-style-minimal\"><a class=\"wp-block-button__link wp-element-button\" href=\"https:\/\/alice.ch\/de\/themen\/grundkompetenzen\/go-upskilling-am-arbeitsplatz\/go-weiterbildung\/\" target=\"_blank\" rel=\"noreferrer noopener\">GO-Weiterbildung (Pilot) 2023 &#8211; Programm&nbsp;<\/a><\/div>\n<\/div>\n","protected":false},"excerpt":{"rendered":"<p>Das GO-Modell ist ein Werkzeugkasten f\u00fcr Fachleute, die praxisnahe Kurse f\u00fcr Grundkompetenzen in Betrieben planen und umsetzen wollen. In der [&hellip;]<\/p>\n","protected":false},"author":27,"featured_media":54197,"template":"","meta":{"_acf_changed":false,"inline_featured_image":false,"footnotes":""},"news-category":[28],"global-category":[],"class_list":["post-54194","news","type-news","status-publish","has-post-thumbnail","hentry","news-category-grundkompetenzen"],"acf":[],"yoast_head":"<!-- This site is optimized with the Yoast SEO plugin v27.3 - https:\/\/yoast.com\/product\/yoast-seo-wordpress\/ -->\n<title>Praxisbezogen und zielorientiert \u2013 so war die neue GO-Weiterbildung - SVEB<\/title>\n<meta name=\"robots\" content=\"index, follow, max-snippet:-1, max-image-preview:large, max-video-preview:-1\" \/>\n<link rel=\"canonical\" href=\"https:\/\/alice.ch\/de\/news\/praxisbezogen-und-zielorientiert-so-war-die-neue-go-weiterbildung\/\" \/>\n<meta property=\"og:locale\" content=\"de_DE\" \/>\n<meta property=\"og:type\" content=\"article\" \/>\n<meta property=\"og:title\" content=\"Praxisbezogen und zielorientiert \u2013 so war die neue GO-Weiterbildung - SVEB\" \/>\n<meta property=\"og:description\" content=\"Das GO-Modell ist ein Werkzeugkasten f\u00fcr Fachleute, die praxisnahe Kurse f\u00fcr Grundkompetenzen in Betrieben planen und umsetzen wollen. In der [&hellip;]\" \/>\n<meta property=\"og:url\" content=\"https:\/\/alice.ch\/de\/news\/praxisbezogen-und-zielorientiert-so-war-die-neue-go-weiterbildung\/\" \/>\n<meta property=\"og:site_name\" content=\"SVEB\" \/>\n<meta property=\"article:modified_time\" content=\"2023-09-26T08:31:34+00:00\" \/>\n<meta property=\"og:image\" content=\"https:\/\/alice.ch\/app\/uploads\/2023\/09\/GO-WB-M3_230630_DSC3717_sRGB-crop.png\" \/>\n\t<meta property=\"og:image:width\" content=\"1200\" \/>\n\t<meta property=\"og:image:height\" content=\"627\" \/>\n\t<meta property=\"og:image:type\" content=\"image\/png\" \/>\n<meta name=\"twitter:card\" content=\"summary_large_image\" \/>\n<meta name=\"twitter:label1\" content=\"Gesch\u00e4tzte Lesezeit\" \/>\n\t<meta name=\"twitter:data1\" content=\"2\u00a0Minuten\" \/>\n<script type=\"application\/ld+json\" class=\"yoast-schema-graph\">{\"@context\":\"https:\\\/\\\/schema.org\",\"@graph\":[{\"@type\":\"WebPage\",\"@id\":\"https:\\\/\\\/alice.ch\\\/de\\\/news\\\/praxisbezogen-und-zielorientiert-so-war-die-neue-go-weiterbildung\\\/\",\"url\":\"https:\\\/\\\/alice.ch\\\/de\\\/news\\\/praxisbezogen-und-zielorientiert-so-war-die-neue-go-weiterbildung\\\/\",\"name\":\"Praxisbezogen und zielorientiert \u2013 so war die neue GO-Weiterbildung - SVEB\",\"isPartOf\":{\"@id\":\"https:\\\/\\\/alice.ch\\\/de\\\/#website\"},\"primaryImageOfPage\":{\"@id\":\"https:\\\/\\\/alice.ch\\\/de\\\/news\\\/praxisbezogen-und-zielorientiert-so-war-die-neue-go-weiterbildung\\\/#primaryimage\"},\"image\":{\"@id\":\"https:\\\/\\\/alice.ch\\\/de\\\/news\\\/praxisbezogen-und-zielorientiert-so-war-die-neue-go-weiterbildung\\\/#primaryimage\"},\"thumbnailUrl\":\"https:\\\/\\\/alice.ch\\\/app\\\/uploads\\\/2023\\\/09\\\/GO-WB-M3_230630_DSC3717_sRGB-crop.png\",\"datePublished\":\"2023-09-25T07:08:16+00:00\",\"dateModified\":\"2023-09-26T08:31:34+00:00\",\"breadcrumb\":{\"@id\":\"https:\\\/\\\/alice.ch\\\/de\\\/news\\\/praxisbezogen-und-zielorientiert-so-war-die-neue-go-weiterbildung\\\/#breadcrumb\"},\"inLanguage\":\"de\",\"potentialAction\":[{\"@type\":\"ReadAction\",\"target\":[\"https:\\\/\\\/alice.ch\\\/de\\\/news\\\/praxisbezogen-und-zielorientiert-so-war-die-neue-go-weiterbildung\\\/\"]}]},{\"@type\":\"ImageObject\",\"inLanguage\":\"de\",\"@id\":\"https:\\\/\\\/alice.ch\\\/de\\\/news\\\/praxisbezogen-und-zielorientiert-so-war-die-neue-go-weiterbildung\\\/#primaryimage\",\"url\":\"https:\\\/\\\/alice.ch\\\/app\\\/uploads\\\/2023\\\/09\\\/GO-WB-M3_230630_DSC3717_sRGB-crop.png\",\"contentUrl\":\"https:\\\/\\\/alice.ch\\\/app\\\/uploads\\\/2023\\\/09\\\/GO-WB-M3_230630_DSC3717_sRGB-crop.png\",\"width\":1200,\"height\":627,\"caption\":\"Teilnehmende der GO-Weiterbildung\"},{\"@type\":\"BreadcrumbList\",\"@id\":\"https:\\\/\\\/alice.ch\\\/de\\\/news\\\/praxisbezogen-und-zielorientiert-so-war-die-neue-go-weiterbildung\\\/#breadcrumb\",\"itemListElement\":[{\"@type\":\"ListItem\",\"position\":1,\"name\":\"Startseite\",\"item\":\"https:\\\/\\\/alice.ch\\\/de\\\/\"},{\"@type\":\"ListItem\",\"position\":2,\"name\":\"Praxisbezogen und zielorientiert \u2013 so war die neue GO-Weiterbildung\"}]},{\"@type\":\"WebSite\",\"@id\":\"https:\\\/\\\/alice.ch\\\/de\\\/#website\",\"url\":\"https:\\\/\\\/alice.ch\\\/de\\\/\",\"name\":\"alice.ch (Adult Learning Information Center) ist das Portal der Weiterbildung in der Schweiz.\",\"description\":\"Schweizerischer Verband f\u00fcr Weiterbildung\",\"publisher\":{\"@id\":\"https:\\\/\\\/alice.ch\\\/de\\\/#organization\"},\"potentialAction\":[{\"@type\":\"SearchAction\",\"target\":{\"@type\":\"EntryPoint\",\"urlTemplate\":\"https:\\\/\\\/alice.ch\\\/de\\\/?s={search_term_string}\"},\"query-input\":{\"@type\":\"PropertyValueSpecification\",\"valueRequired\":true,\"valueName\":\"search_term_string\"}}],\"inLanguage\":\"de\"},{\"@type\":\"Organization\",\"@id\":\"https:\\\/\\\/alice.ch\\\/de\\\/#organization\",\"name\":\"SVEB Schweizerischer Verband f\u00fcr Weiterbildung\",\"url\":\"https:\\\/\\\/alice.ch\\\/de\\\/\",\"logo\":{\"@type\":\"ImageObject\",\"inLanguage\":\"de\",\"@id\":\"https:\\\/\\\/alice.ch\\\/de\\\/#\\\/schema\\\/logo\\\/image\\\/\",\"url\":\"https:\\\/\\\/alice.ch\\\/app\\\/uploads\\\/2022\\\/07\\\/logo-sveb.png\",\"contentUrl\":\"https:\\\/\\\/alice.ch\\\/app\\\/uploads\\\/2022\\\/07\\\/logo-sveb.png\",\"width\":145,\"height\":64,\"caption\":\"SVEB Schweizerischer Verband f\u00fcr Weiterbildung\"},\"image\":{\"@id\":\"https:\\\/\\\/alice.ch\\\/de\\\/#\\\/schema\\\/logo\\\/image\\\/\"},\"sameAs\":[\"https:\\\/\\\/www.linkedin.com\\\/company\\\/schweizerischer-verband-fr-weiterbildung-sveb\\\/\"]}]}<\/script>\n<!-- \/ Yoast SEO plugin. -->","yoast_head_json":{"title":"Praxisbezogen und zielorientiert \u2013 so war die neue GO-Weiterbildung - SVEB","robots":{"index":"index","follow":"follow","max-snippet":"max-snippet:-1","max-image-preview":"max-image-preview:large","max-video-preview":"max-video-preview:-1"},"canonical":"https:\/\/alice.ch\/de\/news\/praxisbezogen-und-zielorientiert-so-war-die-neue-go-weiterbildung\/","og_locale":"de_DE","og_type":"article","og_title":"Praxisbezogen und zielorientiert \u2013 so war die neue GO-Weiterbildung - SVEB","og_description":"Das GO-Modell ist ein Werkzeugkasten f\u00fcr Fachleute, die praxisnahe Kurse f\u00fcr Grundkompetenzen in Betrieben planen und umsetzen wollen. In der [&hellip;]","og_url":"https:\/\/alice.ch\/de\/news\/praxisbezogen-und-zielorientiert-so-war-die-neue-go-weiterbildung\/","og_site_name":"SVEB","article_modified_time":"2023-09-26T08:31:34+00:00","og_image":[{"width":1200,"height":627,"url":"https:\/\/alice.ch\/app\/uploads\/2023\/09\/GO-WB-M3_230630_DSC3717_sRGB-crop.png","type":"image\/png"}],"twitter_card":"summary_large_image","twitter_misc":{"Gesch\u00e4tzte Lesezeit":"2\u00a0Minuten"},"schema":{"@context":"https:\/\/schema.org","@graph":[{"@type":"WebPage","@id":"https:\/\/alice.ch\/de\/news\/praxisbezogen-und-zielorientiert-so-war-die-neue-go-weiterbildung\/","url":"https:\/\/alice.ch\/de\/news\/praxisbezogen-und-zielorientiert-so-war-die-neue-go-weiterbildung\/","name":"Praxisbezogen und zielorientiert \u2013 so war die neue GO-Weiterbildung - SVEB","isPartOf":{"@id":"https:\/\/alice.ch\/de\/#website"},"primaryImageOfPage":{"@id":"https:\/\/alice.ch\/de\/news\/praxisbezogen-und-zielorientiert-so-war-die-neue-go-weiterbildung\/#primaryimage"},"image":{"@id":"https:\/\/alice.ch\/de\/news\/praxisbezogen-und-zielorientiert-so-war-die-neue-go-weiterbildung\/#primaryimage"},"thumbnailUrl":"https:\/\/alice.ch\/app\/uploads\/2023\/09\/GO-WB-M3_230630_DSC3717_sRGB-crop.png","datePublished":"2023-09-25T07:08:16+00:00","dateModified":"2023-09-26T08:31:34+00:00","breadcrumb":{"@id":"https:\/\/alice.ch\/de\/news\/praxisbezogen-und-zielorientiert-so-war-die-neue-go-weiterbildung\/#breadcrumb"},"inLanguage":"de","potentialAction":[{"@type":"ReadAction","target":["https:\/\/alice.ch\/de\/news\/praxisbezogen-und-zielorientiert-so-war-die-neue-go-weiterbildung\/"]}]},{"@type":"ImageObject","inLanguage":"de","@id":"https:\/\/alice.ch\/de\/news\/praxisbezogen-und-zielorientiert-so-war-die-neue-go-weiterbildung\/#primaryimage","url":"https:\/\/alice.ch\/app\/uploads\/2023\/09\/GO-WB-M3_230630_DSC3717_sRGB-crop.png","contentUrl":"https:\/\/alice.ch\/app\/uploads\/2023\/09\/GO-WB-M3_230630_DSC3717_sRGB-crop.png","width":1200,"height":627,"caption":"Teilnehmende der GO-Weiterbildung"},{"@type":"BreadcrumbList","@id":"https:\/\/alice.ch\/de\/news\/praxisbezogen-und-zielorientiert-so-war-die-neue-go-weiterbildung\/#breadcrumb","itemListElement":[{"@type":"ListItem","position":1,"name":"Startseite","item":"https:\/\/alice.ch\/de\/"},{"@type":"ListItem","position":2,"name":"Praxisbezogen und zielorientiert \u2013 so war die neue GO-Weiterbildung"}]},{"@type":"WebSite","@id":"https:\/\/alice.ch\/de\/#website","url":"https:\/\/alice.ch\/de\/","name":"alice.ch (Adult Learning Information Center) ist das Portal der Weiterbildung in der Schweiz.","description":"Schweizerischer Verband f\u00fcr Weiterbildung","publisher":{"@id":"https:\/\/alice.ch\/de\/#organization"},"potentialAction":[{"@type":"SearchAction","target":{"@type":"EntryPoint","urlTemplate":"https:\/\/alice.ch\/de\/?s={search_term_string}"},"query-input":{"@type":"PropertyValueSpecification","valueRequired":true,"valueName":"search_term_string"}}],"inLanguage":"de"},{"@type":"Organization","@id":"https:\/\/alice.ch\/de\/#organization","name":"SVEB Schweizerischer Verband f\u00fcr Weiterbildung","url":"https:\/\/alice.ch\/de\/","logo":{"@type":"ImageObject","inLanguage":"de","@id":"https:\/\/alice.ch\/de\/#\/schema\/logo\/image\/","url":"https:\/\/alice.ch\/app\/uploads\/2022\/07\/logo-sveb.png","contentUrl":"https:\/\/alice.ch\/app\/uploads\/2022\/07\/logo-sveb.png","width":145,"height":64,"caption":"SVEB Schweizerischer Verband f\u00fcr Weiterbildung"},"image":{"@id":"https:\/\/alice.ch\/de\/#\/schema\/logo\/image\/"},"sameAs":["https:\/\/www.linkedin.com\/company\/schweizerischer-verband-fr-weiterbildung-sveb\/"]}]}},"_links":{"self":[{"href":"https:\/\/alice.ch\/de\/wp-json\/wp\/v2\/news\/54194","targetHints":{"allow":["GET"]}}],"collection":[{"href":"https:\/\/alice.ch\/de\/wp-json\/wp\/v2\/news"}],"about":[{"href":"https:\/\/alice.ch\/de\/wp-json\/wp\/v2\/types\/news"}],"author":[{"embeddable":true,"href":"https:\/\/alice.ch\/de\/wp-json\/wp\/v2\/users\/27"}],"version-history":[{"count":12,"href":"https:\/\/alice.ch\/de\/wp-json\/wp\/v2\/news\/54194\/revisions"}],"predecessor-version":[{"id":54383,"href":"https:\/\/alice.ch\/de\/wp-json\/wp\/v2\/news\/54194\/revisions\/54383"}],"wp:featuredmedia":[{"embeddable":true,"href":"https:\/\/alice.ch\/de\/wp-json\/wp\/v2\/media\/54197"}],"wp:attachment":[{"href":"https:\/\/alice.ch\/de\/wp-json\/wp\/v2\/media?parent=54194"}],"wp:term":[{"taxonomy":"news-category","embeddable":true,"href":"https:\/\/alice.ch\/de\/wp-json\/wp\/v2\/news-category?post=54194"},{"taxonomy":"global-category","embeddable":true,"href":"https:\/\/alice.ch\/de\/wp-json\/wp\/v2\/global-category?post=54194"}],"curies":[{"name":"wp","href":"https:\/\/api.w.org\/{rel}","templated":true}]}}