{"id":54631,"date":"2023-10-05T10:44:14","date_gmt":"2023-10-05T08:44:14","guid":{"rendered":"https:\/\/alice.ch\/?post_type=news&#038;p=54631"},"modified":"2023-10-05T10:44:17","modified_gmt":"2023-10-05T08:44:17","slug":"wegweisend-ecap-und-gewerkschaften-einigen-sich-auf-neuen-gav","status":"publish","type":"news","link":"https:\/\/alice.ch\/de\/news\/wegweisend-ecap-und-gewerkschaften-einigen-sich-auf-neuen-gav\/","title":{"rendered":"\u00abWegweisend\u00bb: ECAP und Gewerkschaften einigen sich auf neuen GAV"},"content":{"rendered":"\n<p class=\"is-style-lead\">Am 1. Januar 2024 wird der neu verhandelte Gesamtarbeitsvertag f\u00fcr das Bildungsinstitut ECAP in Kraft treten. Er gilt f\u00fcr \u00fcber 1000 Mitarbeitende in der Erwachsenenbildung und Integrationsf\u00f6rderung.<\/p>\n\n\n\n<p>Nach \u00fcber zwei Jahren intensiver Verhandlungen haben sich die Gewerkschaften Unia und VPOD-NGO sowie die Personalvertretung und Gesch\u00e4ftsleitung der ECAP auf einen neuen Gesamtarbeitsvertrag geeinigt. Dieser st\u00e4rke die Rechte der Mitarbeitenden und sei wegweisend f\u00fcr die ganze Branche, heisst es in der Medienmitteilung dazu.<\/p>\n\n\n\n<p>Unter anderem sieht der Gesamtarbeitsvertrag folgende \u00c4nderungen vor:<\/p>\n\n\n\n<ul class=\"wp-block-list\">\n<li>Verl\u00e4ngerter Vaterschaftsurlaub (neu drei Wochen)<\/li>\n\n\n\n<li>Bei K\u00fcndigungen aus wirtschaftlichen Gr\u00fcnden sind auch in individuellen F\u00e4llen Sozialplanverhandlungen m\u00f6glich<\/li>\n\n\n\n<li>Verbesserungen bei der Arbeitsplanung, den Arbeitszeiten und beim Gesundheitsschutz<\/li>\n\n\n\n<li>Eine Woche mehr Ferien f\u00fcr nicht-lehrendes Personal m\u00f6glich<\/li>\n\n\n\n<li>Mehr Sicherheit durch verbesserte Pensenregelung<\/li>\n\n\n\n<li>Verbesserung Dienstalterszulagen: Mehr Ferien am St\u00fcck f\u00fcr gewisse Altersklassen<\/li>\n\n\n\n<li>Neue zus\u00e4tzliche Personalvertretung f\u00fcr das nicht-lehrende Personal und St\u00e4rkung der Parit\u00e4tischen Kommission.<\/li>\n\n\n\n<li>Einfacherer Zugang zu Mitarbeitendengespr\u00e4chen und dadurch St\u00e4rkung der fachlichen Weiterentwicklung<\/li>\n<\/ul>\n\n\n\n<h2 class=\"wp-block-heading\">Beispielhaft f\u00fcr die Branche<\/h2>\n\n\n\n<p>\u00abDer GAV ECAP ist vorbildlich und wegweisend f\u00fcr eine Branche, in der die Arbeitsbedingungen unter starkem Druck stehen und kaum reguliert sind\u00bb, wird Leena Schmitter, Verhandlungsleiterin Unia in der Mitteilung zitiert. Denn: \u00abNiedrige L\u00f6hne, hohe Flexibilit\u00e4t, tiefe Anstellungspensen, die oft nicht einmal garantiert sind, sowie Kursausf\u00e4lle geh\u00f6ren zum Alltag vieler Besch\u00e4ftigten. Hier liefert der GAV ECAP einen wichtigen Kontrapunkt\u00bb.<\/p>\n\n\n\n<p>Gesamtarbeitsvertr\u00e4ge wie dieser bringen den Angestellten in der Erwachsenenbildung und Integrationsf\u00f6rderung die Sicherheiten und den Schutz, die sie brauchen und verdienen, heisst es weiter in der Mitteilung. Gute Arbeitsbedingungen seien unabdingbar f\u00fcr einen qualitativ hochstehenden Unterricht.<\/p>\n\n\n\n<p>\u00abIn einer Zeit, in der es einen grossen Fachkr\u00e4ftemangel gibt und wir uns anstrengen, die Erwachsenenbildung attraktiv zu machen, ist es sehr wichtig, uns nicht nur als solides Unternehmen zu positionieren, sondern auch als Arbeitgeber, der auf gute Arbeits- und Anstellungsbedingungen achtet\u00bb, so Guglielmo Bozzolini, Gesch\u00e4ftsleiter ECAP. In dieser Hinsicht leiste ECAP Pionierarbeit und sei stolz darauf, einen f\u00fcr den Sektor beispielhaften GAV zu unterzeichnen.<\/p>\n\n\n\n<h2 class=\"wp-block-heading\">\u00d6ffentliche Hand in der Pflicht<\/h2>\n\n\n\n<p>Die Arbeitsbedingungen im Bereich der Erwachsenenbildung stehen unter Druck, weil bei der Vergabe \u00f6ffentlicher Auftr\u00e4ge das Preiskriterium immer wichtiger werde, heisst es weiter in der Mitteilung. Hier sehen die Sozialpartner auch die \u00f6ffentliche Hand in der Pflicht: Um Preis- und Lohndumping in der Branche entgegenzuwirken, brauche es \u00f6ffentliche Ausschreibungskriterien, die nicht nur den Preis ber\u00fccksichtigen, sondern gute Arbeitsbedingungen erm\u00f6glichen sowie die Qualit\u00e4t und die Professionalit\u00e4t des Unterrichts f\u00f6rdern. Micha Amstad, Verhandlungsleiter VPOD-NGO: \u00abDie \u00f6ffentliche Hand muss Verantwortung \u00fcbernehmen und bei Ausschreibungen Arbeitsbedingungen und Bildungsqualit\u00e4t h\u00f6her gewichten\u00bb.\u00a0So gewinne die ganze Branche, die eine wichtige Rolle einnimmt bei der Integration von Menschen in die Gesellschaft und den Arbeitsmarkt.<\/p>\n\n\n\n<p>Auch der SVEB befasst sich mit dem Thema: Die n\u00e4chste <a href=\"https:\/\/alice.ch\/de\/forschung\/forschungsaktivitaeten-des-sveb\/focus-weiterbildung\/\" target=\"_blank\" rel=\"noreferrer noopener\">FOCUS-Studie<\/a> widmet sich den Anstellungsbedingungen in Weiterbildungsinstitutionen. Die Studie beruht auf einer Anbieter-Umfrage, an der 447 Organisationen teilgenommen haben und erscheint Anfang Dezember.<\/p>\n","protected":false},"excerpt":{"rendered":"<p>Am 1. Januar 2024 wird der neu verhandelte Gesamtarbeitsvertag f\u00fcr das Bildungsinstitut ECAP in Kraft treten. Er gilt f\u00fcr \u00fcber [&hellip;]<\/p>\n","protected":false},"author":27,"featured_media":54632,"template":"","meta":{"_acf_changed":false,"inline_featured_image":false,"footnotes":""},"news-category":[31],"global-category":[],"class_list":["post-54631","news","type-news","status-publish","has-post-thumbnail","hentry","news-category-branche"],"acf":[],"yoast_head":"<!-- This site is optimized with the Yoast SEO plugin v27.3 - https:\/\/yoast.com\/product\/yoast-seo-wordpress\/ -->\n<title>\u00abWegweisend\u00bb: ECAP und Gewerkschaften einigen sich auf neuen GAV - SVEB<\/title>\n<meta name=\"robots\" content=\"index, follow, max-snippet:-1, max-image-preview:large, max-video-preview:-1\" \/>\n<link rel=\"canonical\" href=\"https:\/\/alice.ch\/de\/news\/wegweisend-ecap-und-gewerkschaften-einigen-sich-auf-neuen-gav\/\" \/>\n<meta property=\"og:locale\" content=\"de_DE\" \/>\n<meta property=\"og:type\" content=\"article\" \/>\n<meta property=\"og:title\" content=\"\u00abWegweisend\u00bb: ECAP und Gewerkschaften einigen sich auf neuen GAV - SVEB\" \/>\n<meta property=\"og:description\" content=\"Am 1. Januar 2024 wird der neu verhandelte Gesamtarbeitsvertag f\u00fcr das Bildungsinstitut ECAP in Kraft treten. Er gilt f\u00fcr \u00fcber [&hellip;]\" \/>\n<meta property=\"og:url\" content=\"https:\/\/alice.ch\/de\/news\/wegweisend-ecap-und-gewerkschaften-einigen-sich-auf-neuen-gav\/\" \/>\n<meta property=\"og:site_name\" content=\"SVEB\" \/>\n<meta property=\"article:modified_time\" content=\"2023-10-05T08:44:17+00:00\" \/>\n<meta property=\"og:image\" content=\"https:\/\/alice.ch\/app\/uploads\/2023\/10\/kaleidico-7lryofJ0H9s-unsplash-crop.png\" \/>\n\t<meta property=\"og:image:width\" content=\"1200\" \/>\n\t<meta property=\"og:image:height\" content=\"627\" \/>\n\t<meta property=\"og:image:type\" content=\"image\/png\" \/>\n<meta name=\"twitter:card\" content=\"summary_large_image\" \/>\n<meta name=\"twitter:label1\" content=\"Gesch\u00e4tzte Lesezeit\" \/>\n\t<meta name=\"twitter:data1\" content=\"2\u00a0Minuten\" \/>\n<script type=\"application\/ld+json\" class=\"yoast-schema-graph\">{\"@context\":\"https:\\\/\\\/schema.org\",\"@graph\":[{\"@type\":\"WebPage\",\"@id\":\"https:\\\/\\\/alice.ch\\\/de\\\/news\\\/wegweisend-ecap-und-gewerkschaften-einigen-sich-auf-neuen-gav\\\/\",\"url\":\"https:\\\/\\\/alice.ch\\\/de\\\/news\\\/wegweisend-ecap-und-gewerkschaften-einigen-sich-auf-neuen-gav\\\/\",\"name\":\"\u00abWegweisend\u00bb: ECAP und Gewerkschaften einigen sich auf neuen GAV - SVEB\",\"isPartOf\":{\"@id\":\"https:\\\/\\\/alice.ch\\\/de\\\/#website\"},\"primaryImageOfPage\":{\"@id\":\"https:\\\/\\\/alice.ch\\\/de\\\/news\\\/wegweisend-ecap-und-gewerkschaften-einigen-sich-auf-neuen-gav\\\/#primaryimage\"},\"image\":{\"@id\":\"https:\\\/\\\/alice.ch\\\/de\\\/news\\\/wegweisend-ecap-und-gewerkschaften-einigen-sich-auf-neuen-gav\\\/#primaryimage\"},\"thumbnailUrl\":\"https:\\\/\\\/alice.ch\\\/app\\\/uploads\\\/2023\\\/10\\\/kaleidico-7lryofJ0H9s-unsplash-crop.png\",\"datePublished\":\"2023-10-05T08:44:14+00:00\",\"dateModified\":\"2023-10-05T08:44:17+00:00\",\"breadcrumb\":{\"@id\":\"https:\\\/\\\/alice.ch\\\/de\\\/news\\\/wegweisend-ecap-und-gewerkschaften-einigen-sich-auf-neuen-gav\\\/#breadcrumb\"},\"inLanguage\":\"de\",\"potentialAction\":[{\"@type\":\"ReadAction\",\"target\":[\"https:\\\/\\\/alice.ch\\\/de\\\/news\\\/wegweisend-ecap-und-gewerkschaften-einigen-sich-auf-neuen-gav\\\/\"]}]},{\"@type\":\"ImageObject\",\"inLanguage\":\"de\",\"@id\":\"https:\\\/\\\/alice.ch\\\/de\\\/news\\\/wegweisend-ecap-und-gewerkschaften-einigen-sich-auf-neuen-gav\\\/#primaryimage\",\"url\":\"https:\\\/\\\/alice.ch\\\/app\\\/uploads\\\/2023\\\/10\\\/kaleidico-7lryofJ0H9s-unsplash-crop.png\",\"contentUrl\":\"https:\\\/\\\/alice.ch\\\/app\\\/uploads\\\/2023\\\/10\\\/kaleidico-7lryofJ0H9s-unsplash-crop.png\",\"width\":1200,\"height\":627},{\"@type\":\"BreadcrumbList\",\"@id\":\"https:\\\/\\\/alice.ch\\\/de\\\/news\\\/wegweisend-ecap-und-gewerkschaften-einigen-sich-auf-neuen-gav\\\/#breadcrumb\",\"itemListElement\":[{\"@type\":\"ListItem\",\"position\":1,\"name\":\"Startseite\",\"item\":\"https:\\\/\\\/alice.ch\\\/de\\\/\"},{\"@type\":\"ListItem\",\"position\":2,\"name\":\"\u00abWegweisend\u00bb: ECAP und Gewerkschaften einigen sich auf neuen GAV\"}]},{\"@type\":\"WebSite\",\"@id\":\"https:\\\/\\\/alice.ch\\\/de\\\/#website\",\"url\":\"https:\\\/\\\/alice.ch\\\/de\\\/\",\"name\":\"alice.ch (Adult Learning Information Center) ist das Portal der Weiterbildung in der Schweiz.\",\"description\":\"Schweizerischer Verband f\u00fcr Weiterbildung\",\"publisher\":{\"@id\":\"https:\\\/\\\/alice.ch\\\/de\\\/#organization\"},\"potentialAction\":[{\"@type\":\"SearchAction\",\"target\":{\"@type\":\"EntryPoint\",\"urlTemplate\":\"https:\\\/\\\/alice.ch\\\/de\\\/?s={search_term_string}\"},\"query-input\":{\"@type\":\"PropertyValueSpecification\",\"valueRequired\":true,\"valueName\":\"search_term_string\"}}],\"inLanguage\":\"de\"},{\"@type\":\"Organization\",\"@id\":\"https:\\\/\\\/alice.ch\\\/de\\\/#organization\",\"name\":\"SVEB Schweizerischer Verband f\u00fcr Weiterbildung\",\"url\":\"https:\\\/\\\/alice.ch\\\/de\\\/\",\"logo\":{\"@type\":\"ImageObject\",\"inLanguage\":\"de\",\"@id\":\"https:\\\/\\\/alice.ch\\\/de\\\/#\\\/schema\\\/logo\\\/image\\\/\",\"url\":\"https:\\\/\\\/alice.ch\\\/app\\\/uploads\\\/2022\\\/07\\\/logo-sveb.png\",\"contentUrl\":\"https:\\\/\\\/alice.ch\\\/app\\\/uploads\\\/2022\\\/07\\\/logo-sveb.png\",\"width\":145,\"height\":64,\"caption\":\"SVEB Schweizerischer Verband f\u00fcr Weiterbildung\"},\"image\":{\"@id\":\"https:\\\/\\\/alice.ch\\\/de\\\/#\\\/schema\\\/logo\\\/image\\\/\"},\"sameAs\":[\"https:\\\/\\\/www.linkedin.com\\\/company\\\/schweizerischer-verband-fr-weiterbildung-sveb\\\/\"]}]}<\/script>\n<!-- \/ Yoast SEO plugin. -->","yoast_head_json":{"title":"\u00abWegweisend\u00bb: ECAP und Gewerkschaften einigen sich auf neuen GAV - SVEB","robots":{"index":"index","follow":"follow","max-snippet":"max-snippet:-1","max-image-preview":"max-image-preview:large","max-video-preview":"max-video-preview:-1"},"canonical":"https:\/\/alice.ch\/de\/news\/wegweisend-ecap-und-gewerkschaften-einigen-sich-auf-neuen-gav\/","og_locale":"de_DE","og_type":"article","og_title":"\u00abWegweisend\u00bb: ECAP und Gewerkschaften einigen sich auf neuen GAV - SVEB","og_description":"Am 1. Januar 2024 wird der neu verhandelte Gesamtarbeitsvertag f\u00fcr das Bildungsinstitut ECAP in Kraft treten. Er gilt f\u00fcr \u00fcber [&hellip;]","og_url":"https:\/\/alice.ch\/de\/news\/wegweisend-ecap-und-gewerkschaften-einigen-sich-auf-neuen-gav\/","og_site_name":"SVEB","article_modified_time":"2023-10-05T08:44:17+00:00","og_image":[{"width":1200,"height":627,"url":"https:\/\/alice.ch\/app\/uploads\/2023\/10\/kaleidico-7lryofJ0H9s-unsplash-crop.png","type":"image\/png"}],"twitter_card":"summary_large_image","twitter_misc":{"Gesch\u00e4tzte Lesezeit":"2\u00a0Minuten"},"schema":{"@context":"https:\/\/schema.org","@graph":[{"@type":"WebPage","@id":"https:\/\/alice.ch\/de\/news\/wegweisend-ecap-und-gewerkschaften-einigen-sich-auf-neuen-gav\/","url":"https:\/\/alice.ch\/de\/news\/wegweisend-ecap-und-gewerkschaften-einigen-sich-auf-neuen-gav\/","name":"\u00abWegweisend\u00bb: ECAP und Gewerkschaften einigen sich auf neuen GAV - SVEB","isPartOf":{"@id":"https:\/\/alice.ch\/de\/#website"},"primaryImageOfPage":{"@id":"https:\/\/alice.ch\/de\/news\/wegweisend-ecap-und-gewerkschaften-einigen-sich-auf-neuen-gav\/#primaryimage"},"image":{"@id":"https:\/\/alice.ch\/de\/news\/wegweisend-ecap-und-gewerkschaften-einigen-sich-auf-neuen-gav\/#primaryimage"},"thumbnailUrl":"https:\/\/alice.ch\/app\/uploads\/2023\/10\/kaleidico-7lryofJ0H9s-unsplash-crop.png","datePublished":"2023-10-05T08:44:14+00:00","dateModified":"2023-10-05T08:44:17+00:00","breadcrumb":{"@id":"https:\/\/alice.ch\/de\/news\/wegweisend-ecap-und-gewerkschaften-einigen-sich-auf-neuen-gav\/#breadcrumb"},"inLanguage":"de","potentialAction":[{"@type":"ReadAction","target":["https:\/\/alice.ch\/de\/news\/wegweisend-ecap-und-gewerkschaften-einigen-sich-auf-neuen-gav\/"]}]},{"@type":"ImageObject","inLanguage":"de","@id":"https:\/\/alice.ch\/de\/news\/wegweisend-ecap-und-gewerkschaften-einigen-sich-auf-neuen-gav\/#primaryimage","url":"https:\/\/alice.ch\/app\/uploads\/2023\/10\/kaleidico-7lryofJ0H9s-unsplash-crop.png","contentUrl":"https:\/\/alice.ch\/app\/uploads\/2023\/10\/kaleidico-7lryofJ0H9s-unsplash-crop.png","width":1200,"height":627},{"@type":"BreadcrumbList","@id":"https:\/\/alice.ch\/de\/news\/wegweisend-ecap-und-gewerkschaften-einigen-sich-auf-neuen-gav\/#breadcrumb","itemListElement":[{"@type":"ListItem","position":1,"name":"Startseite","item":"https:\/\/alice.ch\/de\/"},{"@type":"ListItem","position":2,"name":"\u00abWegweisend\u00bb: ECAP und Gewerkschaften einigen sich auf neuen GAV"}]},{"@type":"WebSite","@id":"https:\/\/alice.ch\/de\/#website","url":"https:\/\/alice.ch\/de\/","name":"alice.ch (Adult Learning Information Center) ist das Portal der Weiterbildung in der Schweiz.","description":"Schweizerischer Verband f\u00fcr Weiterbildung","publisher":{"@id":"https:\/\/alice.ch\/de\/#organization"},"potentialAction":[{"@type":"SearchAction","target":{"@type":"EntryPoint","urlTemplate":"https:\/\/alice.ch\/de\/?s={search_term_string}"},"query-input":{"@type":"PropertyValueSpecification","valueRequired":true,"valueName":"search_term_string"}}],"inLanguage":"de"},{"@type":"Organization","@id":"https:\/\/alice.ch\/de\/#organization","name":"SVEB Schweizerischer Verband f\u00fcr Weiterbildung","url":"https:\/\/alice.ch\/de\/","logo":{"@type":"ImageObject","inLanguage":"de","@id":"https:\/\/alice.ch\/de\/#\/schema\/logo\/image\/","url":"https:\/\/alice.ch\/app\/uploads\/2022\/07\/logo-sveb.png","contentUrl":"https:\/\/alice.ch\/app\/uploads\/2022\/07\/logo-sveb.png","width":145,"height":64,"caption":"SVEB Schweizerischer Verband f\u00fcr Weiterbildung"},"image":{"@id":"https:\/\/alice.ch\/de\/#\/schema\/logo\/image\/"},"sameAs":["https:\/\/www.linkedin.com\/company\/schweizerischer-verband-fr-weiterbildung-sveb\/"]}]}},"_links":{"self":[{"href":"https:\/\/alice.ch\/de\/wp-json\/wp\/v2\/news\/54631","targetHints":{"allow":["GET"]}}],"collection":[{"href":"https:\/\/alice.ch\/de\/wp-json\/wp\/v2\/news"}],"about":[{"href":"https:\/\/alice.ch\/de\/wp-json\/wp\/v2\/types\/news"}],"author":[{"embeddable":true,"href":"https:\/\/alice.ch\/de\/wp-json\/wp\/v2\/users\/27"}],"version-history":[{"count":2,"href":"https:\/\/alice.ch\/de\/wp-json\/wp\/v2\/news\/54631\/revisions"}],"predecessor-version":[{"id":54637,"href":"https:\/\/alice.ch\/de\/wp-json\/wp\/v2\/news\/54631\/revisions\/54637"}],"wp:featuredmedia":[{"embeddable":true,"href":"https:\/\/alice.ch\/de\/wp-json\/wp\/v2\/media\/54632"}],"wp:attachment":[{"href":"https:\/\/alice.ch\/de\/wp-json\/wp\/v2\/media?parent=54631"}],"wp:term":[{"taxonomy":"news-category","embeddable":true,"href":"https:\/\/alice.ch\/de\/wp-json\/wp\/v2\/news-category?post=54631"},{"taxonomy":"global-category","embeddable":true,"href":"https:\/\/alice.ch\/de\/wp-json\/wp\/v2\/global-category?post=54631"}],"curies":[{"name":"wp","href":"https:\/\/api.w.org\/{rel}","templated":true}]}}