{"id":55086,"date":"2023-10-31T13:17:10","date_gmt":"2023-10-31T12:17:10","guid":{"rendered":"https:\/\/alice.ch\/?post_type=news&#038;p=55086"},"modified":"2023-11-02T15:25:31","modified_gmt":"2023-11-02T14:25:31","slug":"bildungspolitische-ziele-bestaetigt","status":"publish","type":"news","link":"https:\/\/alice.ch\/de\/news\/bildungspolitische-ziele-bestaetigt\/","title":{"rendered":"Bildungspolitische Ziele best\u00e4tigt"},"content":{"rendered":"\n<p class=\"is-style-lead\">Die Konferenz der kantonalen Erziehungsdirektorinnen und -direktoren (EDK) hat an ihrer Jahresversammlung zusammen mit dem Eidgen\u00f6ssischen Departement f\u00fcr Wirtschaft, Bildung und Forschung (WBF) die gemeinsamen bildungspolitischen Ziele aktualisiert.<\/p>\n\n\n\n<p>Das WBF und die EDK verst\u00e4ndigen sich auf wenige konkrete und \u00fcberpr\u00fcfbare Ziele f\u00fcr die kommenden Jahre. Im Fokus stehen strategische Ziele, zu deren Erreichung die gesamtschweizerische Ebene einen Beitrag leisten kann oder die nur auf der gesamtschweizerischen Ebene erreicht werden k\u00f6nnen. Die gemeinsamen bildungspolitischen Ziele von Bund und Kantonen st\u00fctzen sich auf die aktuellen Erkenntnisse des Schweizer Bildungsberichtes 2023. Sie best\u00e4tigen die wichtigen strategischen Priorit\u00e4ten: Alle bildungspolitischen Ziele bleiben relevant und werden langfristig weiterverfolgt. Um neuere Entwicklungen aufzunehmen, wurden die Erl\u00e4uterungen zu den Zielen teilweise angepasst.<\/p>\n\n\n\n<p>Die Ziele:<\/p>\n\n\n\n<ol class=\"wp-block-list\">\n<li class=\"is-style-default\">F\u00fcr den Bereich der obligatorischen Schule sind das Eintrittsalter, die Schulpflicht, die Dauer der Bildungsstufen sowie die \u00dcberg\u00e4nge vereinheitlicht und die Ziele harmonisiert.<br>F\u00fcr die Harmonisierung der Ziele sind insbesondere<br>a. nationale Bildungsziele in Form von Grundkompetenzen in den Fachbereichen Schulsprache, zweite Landessprache und Englisch, Mathematik und Naturwissenschaften verabschiedet, <br>b. auf sprachregionaler Ebene erarbeitete Lehrpl\u00e4ne in Anwendung, die sich an diesen Grundkompetenzen orientieren.<br><\/li>\n\n\n\n<li class=\"is-style-default\">95 % aller 25-J\u00e4hrigen verf\u00fcgen \u00fcber einen Abschluss auf der Sekundarstufe II.<br><\/li>\n\n\n\n<li class=\"is-style-default\">Der pr\u00fcfungsfreie Zugang zur Universit\u00e4t mit gymnasialer Matur ist langfristig sichergestellt.<br><\/li>\n\n\n\n<li class=\"is-style-default\">Die Profile der Angebote auf der Terti\u00e4rstufe sind gesch\u00e4rft.<br><\/li>\n\n\n\n<li class=\"is-style-default\">Es sind Massnahmen definiert, die zur Reduktion der Anzahl Studienabbr\u00fcche an den Universit\u00e4ten beitragen.<br><\/li>\n\n\n\n<li class=\"is-style-default\">Im ganzen Bildungssystem werden Ein-, Um- und Wiedereinstiege gef\u00f6rdert und durch Information und Beratung unterst\u00fctzt.<br><\/li>\n\n\n\n<li class=\"is-style-default\">Im Bildungssystem werden die neuen Herausforderungen der digitalisierten Arbeitswelt und Gesellschaft vorausschauend aufgegriffen.<br><\/li>\n\n\n\n<li class=\"is-style-default\">Austausch und Mobilit\u00e4t sind in der Bildung verankert und werden auf allen Bildungsstufen gef\u00f6rdert.<\/li>\n<\/ol>\n\n\n\n<h2 class=\"wp-block-heading\">Ziel 2 noch nicht erreicht<\/h2>\n\n\n\n<p>Das gemeinsame Ziel 2, wonach 95&nbsp;% aller 25-J\u00e4hrigen \u00fcber einen Abschluss auf der Sekundarstufe&nbsp;II verf\u00fcgen, sei noch nicht f\u00fcr alle Bev\u00f6lkerungsgruppen erreicht, schreibt die EDK in ihrer Medienmitteilung. Wie der Bildungsbericht Schweiz 2023 zeige, betr\u00e4gt die entsprechende Quote aktuell 91,4&nbsp;%. Die Abschlussquoten unterscheiden sich dabei deutlich, sei es nach Ausbildungstyp, den die Lernenden im Alter von 15 Jahren absolvieren, sei es nach Migrationsstatus. Schweizerinnen und Schweizer haben eine h\u00f6here Abschlussquote als Ausl\u00e4nderinnen und Ausl\u00e4nder. In der Schweiz geborene Ausl\u00e4nderinnen und Ausl\u00e4nder wiederum haben h\u00f6here Quoten als Personen, die sp\u00e4ter einwanderten. Schliesslich weisen auch die Kantone unterschiedliche Abschlussquoten auf. Diese vielschichtigen Befunde erfordern differenzierte Massnahmen, so die EDK, dazu geh\u00f6re insbesondere die Umsetzung der Projekte im Rahmen der Berufsbildung 2030.<\/p>\n\n\n\n<p>Die gemeinsamen Ziele 3 und 5 betreffen die gymnasiale Maturit\u00e4t. Im Sommer 2023 haben Bund und Kantone im Rahmen des Projektes \u00abWeiterentwicklung der gymnasialen Maturit\u00e4t\u00bb die gemeinsam aktualisierten Rechtsgrundlagen verabschiedet. Damit werde die anerkannt hohe Qualit\u00e4t der gymnasialen Maturit\u00e4t weiterhin schweizweit und auf lange Sicht gesichert und der pr\u00fcfungsfreie Zugang zur Universit\u00e4t mit gymnasialer Maturit\u00e4t langfristig gew\u00e4hrleistet. Zudem steigere die Totalrevision die schweizweite Vergleichbarkeit von Maturit\u00e4tszeugnissen. Aktuell l\u00e4uft die Anh\u00f6rung der EDK zum Rahmenlehrplan. Die revidierten Texte \u2013 Verordnung und Reglement, Vereinbarung und Rahmenlehrplan \u2013 sollen am 1.&nbsp;August 2024 in Kraft treten.<\/p>\n\n\n\n<h2 class=\"wp-block-heading\">Weitere Koordination<\/h2>\n\n\n\n<p>Neben den acht gemeinsamen bildungspolitischen Zielen koordinieren Bund und Kantone ihre T\u00e4tigkeiten auch in weiteren zentralen Themen der Bildungspolitik. Dazu geh\u00f6ren die Bildung f\u00fcr nachhaltige Entwicklung (BNE), die poli\u00adtische Bildung (\u00e9ducation \u00e0 la citoyennet\u00e9), die Implementierung der Fachdidaktiken in der Lehrerinnen- und Lehrerbildung sowie die Bek\u00e4mpfung des Fachkr\u00e4ftemangels insbesondere im Lehrberuf, in den MINT- und den Gesundheitsberufen.<\/p>\n\n\n\n<p>Bund und Kantone verst\u00e4ndigen sich seit 2011 auf gemeinsame bildungspolitische Ziele, die sie jeweils in einer gemeinsamen Erkl\u00e4rung festlegen. Seither werden die Ziele unter Ber\u00fccksichtigung der Bil\u00addungsberichterstattung regelm\u00e4ssig fortgeschrieben. Die Grundlage f\u00fcr die Zusammenarbeit im Bereich der Ziele bildet die in der Bundesverfassung verankerte Verpflichtung von Bund und Kantonen, gemeinsam im Rahmen ihrer Zust\u00e4ndigkeit f\u00fcr eine hohe Qualit\u00e4t und Durchl\u00e4ssigkeit des Bildungsraums Schweiz zu sorgen (Art. 61a Abs 1 BV). W\u00e4hrend die obligatorische Schule in der Kompetenz der Kantone liegt, sind die Zust\u00e4ndigkeiten im nachobligatorischen Bereich zwischen Bund und Kantonen aufgeteilt.<\/p>\n\n\n\n<h2 class=\"wp-block-heading\">Einordnung des SVEB<\/h2>\n\n\n\n<p>Der SVEB begr\u00fcsst, dass im Ziel 6 die Weiterbildung genannt und im speziellen der Zugang zur Weiterbildung hervorgehoben wird. Angesichts der sehr hohen Teilnahmedisparit\u00e4t in der Weiterbildung in der Schweiz (vgl. Bildungsbericht) sind wir der Ansicht, dass Bund und Kantone ihre Bem\u00fchungen bei der Verbesserung des Zugangs zu Weiterbildung deutlich erh\u00f6hen sollten.<\/p>\n\n\n\n<p>Der SVEB begr\u00fcsst es zudem, dass in Ziel 7 neu die Kompetenzen im Umgang mit KI explizit genannt werden. KI-Kompetenzen werden f\u00fcr Erwachsene in Zukunft stark an Bedeutung gewinnen. Es ist auch hier wichtig, dass Bund und Kantone ihr Engagement ausbauen. SVEB-Pr\u00e4sident Matthias Aebischer hat die Wichtigkeit dieses Aspekts bereits mit einer <a href=\"https:\/\/alice.ch\/de\/news\/kuenstliche-intelligenz-im-dienste-aller\/\" target=\"_blank\" rel=\"noreferrer noopener\">Interpellation<\/a> deutlich gemacht. <\/p>\n\n\n\n<h2 class=\"wp-block-heading\">Weitere Informationen<\/h2>\n\n\n\n<div class=\"wp-block-buttons is-layout-flex wp-block-buttons-is-layout-flex\">\n<div class=\"wp-block-button has-custom-width wp-block-button__width-100 is-style-minimal\"><a class=\"wp-block-button__link wp-element-button\" href=\"https:\/\/alice.ch\/de\/sveb\/weiterbildungspolitik\/\" target=\"_blank\" rel=\"noreferrer noopener\">Weiterbildungspolitik<\/a><\/div>\n<\/div>\n","protected":false},"excerpt":{"rendered":"<p>Die Konferenz der kantonalen Erziehungsdirektorinnen und -direktoren (EDK) hat an ihrer Jahresversammlung zusammen mit dem Eidgen\u00f6ssischen Departement f\u00fcr Wirtschaft, Bildung [&hellip;]<\/p>\n","protected":false},"author":27,"featured_media":55088,"template":"","meta":{"_acf_changed":false,"inline_featured_image":false,"footnotes":""},"news-category":[37],"global-category":[],"class_list":["post-55086","news","type-news","status-publish","has-post-thumbnail","hentry","news-category-politik"],"acf":[],"yoast_head":"<!-- This site is optimized with the Yoast SEO plugin v27.3 - https:\/\/yoast.com\/product\/yoast-seo-wordpress\/ -->\n<title>Bildungspolitische Ziele best\u00e4tigt - SVEB<\/title>\n<meta name=\"robots\" content=\"index, follow, max-snippet:-1, max-image-preview:large, max-video-preview:-1\" \/>\n<link rel=\"canonical\" href=\"https:\/\/alice.ch\/de\/news\/bildungspolitische-ziele-bestaetigt\/\" \/>\n<meta property=\"og:locale\" content=\"de_DE\" \/>\n<meta property=\"og:type\" content=\"article\" \/>\n<meta property=\"og:title\" content=\"Bildungspolitische Ziele best\u00e4tigt - SVEB\" \/>\n<meta property=\"og:description\" content=\"Die Konferenz der kantonalen Erziehungsdirektorinnen und -direktoren (EDK) hat an ihrer Jahresversammlung zusammen mit dem Eidgen\u00f6ssischen Departement f\u00fcr Wirtschaft, Bildung [&hellip;]\" \/>\n<meta property=\"og:url\" content=\"https:\/\/alice.ch\/de\/news\/bildungspolitische-ziele-bestaetigt\/\" \/>\n<meta property=\"og:site_name\" content=\"SVEB\" \/>\n<meta property=\"article:modified_time\" content=\"2023-11-02T14:25:31+00:00\" \/>\n<meta property=\"og:image\" content=\"https:\/\/alice.ch\/app\/uploads\/2023\/10\/javier-trueba-iQPr1XkF5F0-unsplash-crop.png\" \/>\n\t<meta property=\"og:image:width\" content=\"1200\" \/>\n\t<meta property=\"og:image:height\" content=\"627\" \/>\n\t<meta property=\"og:image:type\" content=\"image\/png\" \/>\n<meta name=\"twitter:card\" content=\"summary_large_image\" \/>\n<meta name=\"twitter:label1\" content=\"Gesch\u00e4tzte Lesezeit\" \/>\n\t<meta name=\"twitter:data1\" content=\"4\u00a0Minuten\" \/>\n<script type=\"application\/ld+json\" class=\"yoast-schema-graph\">{\"@context\":\"https:\\\/\\\/schema.org\",\"@graph\":[{\"@type\":\"WebPage\",\"@id\":\"https:\\\/\\\/alice.ch\\\/de\\\/news\\\/bildungspolitische-ziele-bestaetigt\\\/\",\"url\":\"https:\\\/\\\/alice.ch\\\/de\\\/news\\\/bildungspolitische-ziele-bestaetigt\\\/\",\"name\":\"Bildungspolitische Ziele best\u00e4tigt - SVEB\",\"isPartOf\":{\"@id\":\"https:\\\/\\\/alice.ch\\\/de\\\/#website\"},\"primaryImageOfPage\":{\"@id\":\"https:\\\/\\\/alice.ch\\\/de\\\/news\\\/bildungspolitische-ziele-bestaetigt\\\/#primaryimage\"},\"image\":{\"@id\":\"https:\\\/\\\/alice.ch\\\/de\\\/news\\\/bildungspolitische-ziele-bestaetigt\\\/#primaryimage\"},\"thumbnailUrl\":\"https:\\\/\\\/alice.ch\\\/app\\\/uploads\\\/2023\\\/10\\\/javier-trueba-iQPr1XkF5F0-unsplash-crop.png\",\"datePublished\":\"2023-10-31T12:17:10+00:00\",\"dateModified\":\"2023-11-02T14:25:31+00:00\",\"breadcrumb\":{\"@id\":\"https:\\\/\\\/alice.ch\\\/de\\\/news\\\/bildungspolitische-ziele-bestaetigt\\\/#breadcrumb\"},\"inLanguage\":\"de\",\"potentialAction\":[{\"@type\":\"ReadAction\",\"target\":[\"https:\\\/\\\/alice.ch\\\/de\\\/news\\\/bildungspolitische-ziele-bestaetigt\\\/\"]}]},{\"@type\":\"ImageObject\",\"inLanguage\":\"de\",\"@id\":\"https:\\\/\\\/alice.ch\\\/de\\\/news\\\/bildungspolitische-ziele-bestaetigt\\\/#primaryimage\",\"url\":\"https:\\\/\\\/alice.ch\\\/app\\\/uploads\\\/2023\\\/10\\\/javier-trueba-iQPr1XkF5F0-unsplash-crop.png\",\"contentUrl\":\"https:\\\/\\\/alice.ch\\\/app\\\/uploads\\\/2023\\\/10\\\/javier-trueba-iQPr1XkF5F0-unsplash-crop.png\",\"width\":1200,\"height\":627},{\"@type\":\"BreadcrumbList\",\"@id\":\"https:\\\/\\\/alice.ch\\\/de\\\/news\\\/bildungspolitische-ziele-bestaetigt\\\/#breadcrumb\",\"itemListElement\":[{\"@type\":\"ListItem\",\"position\":1,\"name\":\"Startseite\",\"item\":\"https:\\\/\\\/alice.ch\\\/de\\\/\"},{\"@type\":\"ListItem\",\"position\":2,\"name\":\"Bildungspolitische Ziele best\u00e4tigt\"}]},{\"@type\":\"WebSite\",\"@id\":\"https:\\\/\\\/alice.ch\\\/de\\\/#website\",\"url\":\"https:\\\/\\\/alice.ch\\\/de\\\/\",\"name\":\"alice.ch (Adult Learning Information Center) ist das Portal der Weiterbildung in der Schweiz.\",\"description\":\"Schweizerischer Verband f\u00fcr Weiterbildung\",\"publisher\":{\"@id\":\"https:\\\/\\\/alice.ch\\\/de\\\/#organization\"},\"potentialAction\":[{\"@type\":\"SearchAction\",\"target\":{\"@type\":\"EntryPoint\",\"urlTemplate\":\"https:\\\/\\\/alice.ch\\\/de\\\/?s={search_term_string}\"},\"query-input\":{\"@type\":\"PropertyValueSpecification\",\"valueRequired\":true,\"valueName\":\"search_term_string\"}}],\"inLanguage\":\"de\"},{\"@type\":\"Organization\",\"@id\":\"https:\\\/\\\/alice.ch\\\/de\\\/#organization\",\"name\":\"SVEB Schweizerischer Verband f\u00fcr Weiterbildung\",\"url\":\"https:\\\/\\\/alice.ch\\\/de\\\/\",\"logo\":{\"@type\":\"ImageObject\",\"inLanguage\":\"de\",\"@id\":\"https:\\\/\\\/alice.ch\\\/de\\\/#\\\/schema\\\/logo\\\/image\\\/\",\"url\":\"https:\\\/\\\/alice.ch\\\/app\\\/uploads\\\/2022\\\/07\\\/logo-sveb.png\",\"contentUrl\":\"https:\\\/\\\/alice.ch\\\/app\\\/uploads\\\/2022\\\/07\\\/logo-sveb.png\",\"width\":145,\"height\":64,\"caption\":\"SVEB Schweizerischer Verband f\u00fcr Weiterbildung\"},\"image\":{\"@id\":\"https:\\\/\\\/alice.ch\\\/de\\\/#\\\/schema\\\/logo\\\/image\\\/\"},\"sameAs\":[\"https:\\\/\\\/www.linkedin.com\\\/company\\\/schweizerischer-verband-fr-weiterbildung-sveb\\\/\"]}]}<\/script>\n<!-- \/ Yoast SEO plugin. -->","yoast_head_json":{"title":"Bildungspolitische Ziele best\u00e4tigt - SVEB","robots":{"index":"index","follow":"follow","max-snippet":"max-snippet:-1","max-image-preview":"max-image-preview:large","max-video-preview":"max-video-preview:-1"},"canonical":"https:\/\/alice.ch\/de\/news\/bildungspolitische-ziele-bestaetigt\/","og_locale":"de_DE","og_type":"article","og_title":"Bildungspolitische Ziele best\u00e4tigt - SVEB","og_description":"Die Konferenz der kantonalen Erziehungsdirektorinnen und -direktoren (EDK) hat an ihrer Jahresversammlung zusammen mit dem Eidgen\u00f6ssischen Departement f\u00fcr Wirtschaft, Bildung [&hellip;]","og_url":"https:\/\/alice.ch\/de\/news\/bildungspolitische-ziele-bestaetigt\/","og_site_name":"SVEB","article_modified_time":"2023-11-02T14:25:31+00:00","og_image":[{"width":1200,"height":627,"url":"https:\/\/alice.ch\/app\/uploads\/2023\/10\/javier-trueba-iQPr1XkF5F0-unsplash-crop.png","type":"image\/png"}],"twitter_card":"summary_large_image","twitter_misc":{"Gesch\u00e4tzte Lesezeit":"4\u00a0Minuten"},"schema":{"@context":"https:\/\/schema.org","@graph":[{"@type":"WebPage","@id":"https:\/\/alice.ch\/de\/news\/bildungspolitische-ziele-bestaetigt\/","url":"https:\/\/alice.ch\/de\/news\/bildungspolitische-ziele-bestaetigt\/","name":"Bildungspolitische Ziele best\u00e4tigt - SVEB","isPartOf":{"@id":"https:\/\/alice.ch\/de\/#website"},"primaryImageOfPage":{"@id":"https:\/\/alice.ch\/de\/news\/bildungspolitische-ziele-bestaetigt\/#primaryimage"},"image":{"@id":"https:\/\/alice.ch\/de\/news\/bildungspolitische-ziele-bestaetigt\/#primaryimage"},"thumbnailUrl":"https:\/\/alice.ch\/app\/uploads\/2023\/10\/javier-trueba-iQPr1XkF5F0-unsplash-crop.png","datePublished":"2023-10-31T12:17:10+00:00","dateModified":"2023-11-02T14:25:31+00:00","breadcrumb":{"@id":"https:\/\/alice.ch\/de\/news\/bildungspolitische-ziele-bestaetigt\/#breadcrumb"},"inLanguage":"de","potentialAction":[{"@type":"ReadAction","target":["https:\/\/alice.ch\/de\/news\/bildungspolitische-ziele-bestaetigt\/"]}]},{"@type":"ImageObject","inLanguage":"de","@id":"https:\/\/alice.ch\/de\/news\/bildungspolitische-ziele-bestaetigt\/#primaryimage","url":"https:\/\/alice.ch\/app\/uploads\/2023\/10\/javier-trueba-iQPr1XkF5F0-unsplash-crop.png","contentUrl":"https:\/\/alice.ch\/app\/uploads\/2023\/10\/javier-trueba-iQPr1XkF5F0-unsplash-crop.png","width":1200,"height":627},{"@type":"BreadcrumbList","@id":"https:\/\/alice.ch\/de\/news\/bildungspolitische-ziele-bestaetigt\/#breadcrumb","itemListElement":[{"@type":"ListItem","position":1,"name":"Startseite","item":"https:\/\/alice.ch\/de\/"},{"@type":"ListItem","position":2,"name":"Bildungspolitische Ziele best\u00e4tigt"}]},{"@type":"WebSite","@id":"https:\/\/alice.ch\/de\/#website","url":"https:\/\/alice.ch\/de\/","name":"alice.ch (Adult Learning Information Center) ist das Portal der Weiterbildung in der Schweiz.","description":"Schweizerischer Verband f\u00fcr Weiterbildung","publisher":{"@id":"https:\/\/alice.ch\/de\/#organization"},"potentialAction":[{"@type":"SearchAction","target":{"@type":"EntryPoint","urlTemplate":"https:\/\/alice.ch\/de\/?s={search_term_string}"},"query-input":{"@type":"PropertyValueSpecification","valueRequired":true,"valueName":"search_term_string"}}],"inLanguage":"de"},{"@type":"Organization","@id":"https:\/\/alice.ch\/de\/#organization","name":"SVEB Schweizerischer Verband f\u00fcr Weiterbildung","url":"https:\/\/alice.ch\/de\/","logo":{"@type":"ImageObject","inLanguage":"de","@id":"https:\/\/alice.ch\/de\/#\/schema\/logo\/image\/","url":"https:\/\/alice.ch\/app\/uploads\/2022\/07\/logo-sveb.png","contentUrl":"https:\/\/alice.ch\/app\/uploads\/2022\/07\/logo-sveb.png","width":145,"height":64,"caption":"SVEB Schweizerischer Verband f\u00fcr Weiterbildung"},"image":{"@id":"https:\/\/alice.ch\/de\/#\/schema\/logo\/image\/"},"sameAs":["https:\/\/www.linkedin.com\/company\/schweizerischer-verband-fr-weiterbildung-sveb\/"]}]}},"_links":{"self":[{"href":"https:\/\/alice.ch\/de\/wp-json\/wp\/v2\/news\/55086","targetHints":{"allow":["GET"]}}],"collection":[{"href":"https:\/\/alice.ch\/de\/wp-json\/wp\/v2\/news"}],"about":[{"href":"https:\/\/alice.ch\/de\/wp-json\/wp\/v2\/types\/news"}],"author":[{"embeddable":true,"href":"https:\/\/alice.ch\/de\/wp-json\/wp\/v2\/users\/27"}],"version-history":[{"count":5,"href":"https:\/\/alice.ch\/de\/wp-json\/wp\/v2\/news\/55086\/revisions"}],"predecessor-version":[{"id":55195,"href":"https:\/\/alice.ch\/de\/wp-json\/wp\/v2\/news\/55086\/revisions\/55195"}],"wp:featuredmedia":[{"embeddable":true,"href":"https:\/\/alice.ch\/de\/wp-json\/wp\/v2\/media\/55088"}],"wp:attachment":[{"href":"https:\/\/alice.ch\/de\/wp-json\/wp\/v2\/media?parent=55086"}],"wp:term":[{"taxonomy":"news-category","embeddable":true,"href":"https:\/\/alice.ch\/de\/wp-json\/wp\/v2\/news-category?post=55086"},{"taxonomy":"global-category","embeddable":true,"href":"https:\/\/alice.ch\/de\/wp-json\/wp\/v2\/global-category?post=55086"}],"curies":[{"name":"wp","href":"https:\/\/api.w.org\/{rel}","templated":true}]}}