{"id":55507,"date":"2023-11-07T14:32:19","date_gmt":"2023-11-07T13:32:19","guid":{"rendered":"https:\/\/alice.ch\/?post_type=news&#038;p=55507"},"modified":"2023-11-07T15:01:28","modified_gmt":"2023-11-07T14:01:28","slug":"ausbildungsbeitraege-der-stadt-zuerich-positive-bilanz","status":"publish","type":"news","link":"https:\/\/alice.ch\/de\/news\/ausbildungsbeitraege-der-stadt-zuerich-positive-bilanz\/","title":{"rendered":"Aus- und Weiterbildungsbeitr\u00e4ge der Stadt Z\u00fcrich: positive Bilanz"},"content":{"rendered":"\n<p class=\"is-style-lead\">Seit Anfang 2023 k\u00f6nnen Personen, die sich Weiterbildungen nicht leisten k\u00f6nnen, sogenannte Arbeitsmarktstipendien beantragen. Das neue Angebot erreiche die relevanten Zielgruppen und erf\u00fclle deren Bed\u00fcrfnisse, bilanziert die Stadt.<\/p>\n\n\n\n<p>Je tiefer der Bildungsabschluss ist, desto seltener absolvieren Schweizerinnen und Schweizer eine Weiterbildung. Und: Personen mit tiefen Qualifikationen oder ohne Berufsausbildung haben das h\u00f6chste Risiko, irgendwann Sozialhilfe zu beziehen. Seit 2023 gibt es darum in der Stadt Z\u00fcrich die Arbeitsmarktstipendien, welche Personen \u00fcber dem Existenzminimum eine Weiterbildung erm\u00f6glichen soll, die sie sich ansonsten nicht leisten k\u00f6nnten.<\/p>\n\n\n\n<p>Nun zieht die Stadt bereits eine erste positive Bilanz: Die Arbeitsmarktstipendien erreiche die Zielgruppen und erf\u00fclle ihre Bed\u00fcrfnisse, schreibt sie in einer <a href=\"https:\/\/www.stadt-zuerich.ch\/sd\/de\/index\/ueber_das_departement\/medien\/medienmitteilungen_aktuell\/2023\/november\/231106a.html\" target=\"_blank\" rel=\"noreferrer noopener\">Medienmitteilung<\/a>. Vor allem die M\u00f6glichkeit, einen Erwerbsausfall w\u00e4hrend der Weiterbildung zu kompensieren, setze einen gezielten und hohen Anreiz f\u00fcr Menschen mit tiefem Erwerbseinkommen, eine passende Qualifizierungsmassnahme zu absolvieren.<\/p>\n\n\n\n<h2 class=\"wp-block-heading\">120 Gesuche<\/h2>\n\n\n\n<p>Seit Jahresbeginn seien 120 Weiterbildungsgesuche eingegangen und davon gut die H\u00e4lfte bewilligt worden. Knapp ein Viertel der Gesuche wurde abgelehnt, weil sie die Kriterien nicht erf\u00fcllten, die restlichen befinden sich noch in Bearbeitung. Die durchschnittliche Stipendienh\u00f6he lag bei 6900 Franken, insgesamt wurden rund 450\u2019000 Franken gesprochen.<\/p>\n\n\n\n<p>Abgelehnt habe man Stipendiengesuche zum Beispiel, wenn die entsprechende Weiterbildungsmassnahme bereits begonnen hatte oder wenn Vorhaben nicht als notwendig, zweckm\u00e4ssig und vertretbar beurteilt werden konnten.<\/p>\n\n\n\n<p>Rund 70 Prozent der Stipendiengesuche seien von Besch\u00e4ftigten ohne h\u00f6heren Bildungsabschluss eingereicht worden. Das entspreche der Zielsetzung, in die Verbesserung der Arbeitsmarktf\u00e4higkeit von geringqualifizierten Erwerbst\u00e4tigen zu investieren.<\/p>\n\n\n\n<p>Zwei Drittel der finanzierten Weiterbildungen seien Fachkurse und Branchenabschl\u00fcsse, ein F\u00fcnftel Deutschkurse und gut zehn Prozent Berufsabschl\u00fcsse f\u00fcr Erwachsene.\u00a0Die Arbeitsmarktstipendien finanzieren aber nicht nur direkte Kurskosten, sondern auch den Erwerbsausfall und eine allf\u00e4llige externe Kinderbetreuung w\u00e4hrend der Weiterbildung.<\/p>\n\n\n\n<h2 class=\"wp-block-heading\">An Bedingungen gekn\u00fcpft<\/h2>\n\n\n\n<p>Gem\u00e4ss Sozialvorsteher Raphael Golta musste das neue Angebot zuerst einmal bekannt gemacht werden. Er geht davon aus, dass die Anzahl Gesuche steigen wird.<\/p>\n\n\n\n<p>Damit Antragsstellende Beitr\u00e4ge bekommen, haben sie einige Belege zu liefern. So m\u00fcssen sie vorweisen k\u00f6nnen, dass sie selbst wegen ihrer Einkommens- und Verm\u00f6gensverh\u00e4ltnisse nicht f\u00fcr die Kosten der Weiterbildung aufkommen k\u00f6nnen, aber auch keine ausreichenden Beitr\u00e4ge vom Arbeitgeber erhalten oder anderen staatlichen Leistungen beanspruchen k\u00f6nnen.<\/p>\n\n\n\n<p>Ausserdem m\u00fcssen sie seit mindestens zwei Jahren in der Stadt Z\u00fcrich wohnen, \u00e4lter als 25 Jahre und arbeitsf\u00e4hig sein. Auch hat die beantragte Weiterbildung an die Berufserfahrung anzukn\u00fcpfen.<\/p>\n\n\n\n<h2 class=\"wp-block-heading\">Beispielhafte F\u00e4lle<\/h2>\n\n\n\n<p>Marco Graf, Stipendienberater des Z\u00fcrcher Laufbahnzentrums beschrieb an der Pressekonferenz beispielhafte F\u00e4lle, wie der <a href=\"https:\/\/www.tagesanzeiger.ch\/neue-ausbildungsbeitraege-in-zuerich-stipendien-fuer-geringverdienende-stadt-ist-mit-startphase-zufrieden-388139002942\" target=\"_blank\" rel=\"noreferrer noopener\">Tages-Anzeiger<\/a> schreibt: So verhalfen die Stipendien einer 27-j\u00e4hrigen Frau und Mutter von drei Kindern zu einem Intensiv-Deutschkurs sowie einem PC-Grundkurs zur Vorbereitung auf die Berufsfachschule, damit sie im Hort, in dem sie Teilzeit arbeitet, eine Lehre als Fachfrau Betreuung antreten kann (Deutsch-Niveau B2 verlangt).<\/p>\n\n\n\n<p>Einem 41-j\u00e4hrigen Vater, der als Essenskurier arbeitet, aber mit den Abend- und Wochenendeins\u00e4tzen hadert, finanziert die Stadt eine Weiterbildung zum Lastwagenchauffeur.<\/p>\n\n\n\n<p>Eine 54-J\u00e4hrige, welche seit 20 Jahren als Pflegehilfe arbeitet, weil ihr Abschluss als Pflegefachperson in der Schweiz nicht anerkannt ist, kann eine Ausbildung zur Assistentin Gesundheit und Soziales machen. Sie erh\u00e4lt Stipendien f\u00fcr den Erwerbsausfall w\u00e4hrend des Kurstags pro Woche.<\/p>\n\n\n\n<h2 class=\"wp-block-heading\">Weitere Informationen<\/h2>\n\n\n\n<div class=\"wp-block-buttons is-layout-flex wp-block-buttons-is-layout-flex\">\n<div class=\"wp-block-button is-style-minimal\"><a class=\"wp-block-button__link wp-element-button\" href=\"https:\/\/alice.ch\/de\/themen\/grundkompetenzen\/\" target=\"_blank\" rel=\"noreferrer noopener\">Thema Grundkompetenzen<\/a><\/div>\n<\/div>\n","protected":false},"excerpt":{"rendered":"<p>Seit Anfang 2023 k\u00f6nnen Personen, die sich Weiterbildungen nicht leisten k\u00f6nnen, sogenannte Arbeitsmarktstipendien beantragen. Das neue Angebot erreiche die relevanten [&hellip;]<\/p>\n","protected":false},"author":27,"featured_media":55508,"template":"","meta":{"_acf_changed":false,"inline_featured_image":false,"footnotes":""},"news-category":[28],"global-category":[],"class_list":["post-55507","news","type-news","status-publish","has-post-thumbnail","hentry","news-category-grundkompetenzen"],"acf":[],"yoast_head":"<!-- This site is optimized with the Yoast SEO plugin v27.3 - https:\/\/yoast.com\/product\/yoast-seo-wordpress\/ -->\n<title>Aus- und Weiterbildungsbeitr\u00e4ge der Stadt Z\u00fcrich: positive Bilanz - SVEB<\/title>\n<meta name=\"robots\" content=\"index, follow, max-snippet:-1, max-image-preview:large, max-video-preview:-1\" \/>\n<link rel=\"canonical\" href=\"https:\/\/alice.ch\/de\/news\/ausbildungsbeitraege-der-stadt-zuerich-positive-bilanz\/\" \/>\n<meta property=\"og:locale\" content=\"de_DE\" \/>\n<meta property=\"og:type\" content=\"article\" \/>\n<meta property=\"og:title\" content=\"Aus- und Weiterbildungsbeitr\u00e4ge der Stadt Z\u00fcrich: positive Bilanz - SVEB\" \/>\n<meta property=\"og:description\" content=\"Seit Anfang 2023 k\u00f6nnen Personen, die sich Weiterbildungen nicht leisten k\u00f6nnen, sogenannte Arbeitsmarktstipendien beantragen. Das neue Angebot erreiche die relevanten [&hellip;]\" \/>\n<meta property=\"og:url\" content=\"https:\/\/alice.ch\/de\/news\/ausbildungsbeitraege-der-stadt-zuerich-positive-bilanz\/\" \/>\n<meta property=\"og:site_name\" content=\"SVEB\" \/>\n<meta property=\"article:modified_time\" content=\"2023-11-07T14:01:28+00:00\" \/>\n<meta property=\"og:image\" content=\"https:\/\/alice.ch\/app\/uploads\/2023\/11\/sol-tZw3fcjUIpM-unsplash-crop.png\" \/>\n\t<meta property=\"og:image:width\" content=\"1200\" \/>\n\t<meta property=\"og:image:height\" content=\"627\" \/>\n\t<meta property=\"og:image:type\" content=\"image\/png\" \/>\n<meta name=\"twitter:card\" content=\"summary_large_image\" \/>\n<meta name=\"twitter:label1\" content=\"Gesch\u00e4tzte Lesezeit\" \/>\n\t<meta name=\"twitter:data1\" content=\"3\u00a0Minuten\" \/>\n<script type=\"application\/ld+json\" class=\"yoast-schema-graph\">{\"@context\":\"https:\\\/\\\/schema.org\",\"@graph\":[{\"@type\":\"WebPage\",\"@id\":\"https:\\\/\\\/alice.ch\\\/de\\\/news\\\/ausbildungsbeitraege-der-stadt-zuerich-positive-bilanz\\\/\",\"url\":\"https:\\\/\\\/alice.ch\\\/de\\\/news\\\/ausbildungsbeitraege-der-stadt-zuerich-positive-bilanz\\\/\",\"name\":\"Aus- und Weiterbildungsbeitr\u00e4ge der Stadt Z\u00fcrich: positive Bilanz - SVEB\",\"isPartOf\":{\"@id\":\"https:\\\/\\\/alice.ch\\\/de\\\/#website\"},\"primaryImageOfPage\":{\"@id\":\"https:\\\/\\\/alice.ch\\\/de\\\/news\\\/ausbildungsbeitraege-der-stadt-zuerich-positive-bilanz\\\/#primaryimage\"},\"image\":{\"@id\":\"https:\\\/\\\/alice.ch\\\/de\\\/news\\\/ausbildungsbeitraege-der-stadt-zuerich-positive-bilanz\\\/#primaryimage\"},\"thumbnailUrl\":\"https:\\\/\\\/alice.ch\\\/app\\\/uploads\\\/2023\\\/11\\\/sol-tZw3fcjUIpM-unsplash-crop.png\",\"datePublished\":\"2023-11-07T13:32:19+00:00\",\"dateModified\":\"2023-11-07T14:01:28+00:00\",\"breadcrumb\":{\"@id\":\"https:\\\/\\\/alice.ch\\\/de\\\/news\\\/ausbildungsbeitraege-der-stadt-zuerich-positive-bilanz\\\/#breadcrumb\"},\"inLanguage\":\"de\",\"potentialAction\":[{\"@type\":\"ReadAction\",\"target\":[\"https:\\\/\\\/alice.ch\\\/de\\\/news\\\/ausbildungsbeitraege-der-stadt-zuerich-positive-bilanz\\\/\"]}]},{\"@type\":\"ImageObject\",\"inLanguage\":\"de\",\"@id\":\"https:\\\/\\\/alice.ch\\\/de\\\/news\\\/ausbildungsbeitraege-der-stadt-zuerich-positive-bilanz\\\/#primaryimage\",\"url\":\"https:\\\/\\\/alice.ch\\\/app\\\/uploads\\\/2023\\\/11\\\/sol-tZw3fcjUIpM-unsplash-crop.png\",\"contentUrl\":\"https:\\\/\\\/alice.ch\\\/app\\\/uploads\\\/2023\\\/11\\\/sol-tZw3fcjUIpM-unsplash-crop.png\",\"width\":1200,\"height\":627,\"caption\":\"Arbeiter mit Helm gehen eine Treppe hinauf\"},{\"@type\":\"BreadcrumbList\",\"@id\":\"https:\\\/\\\/alice.ch\\\/de\\\/news\\\/ausbildungsbeitraege-der-stadt-zuerich-positive-bilanz\\\/#breadcrumb\",\"itemListElement\":[{\"@type\":\"ListItem\",\"position\":1,\"name\":\"Startseite\",\"item\":\"https:\\\/\\\/alice.ch\\\/de\\\/\"},{\"@type\":\"ListItem\",\"position\":2,\"name\":\"Aus- und Weiterbildungsbeitr\u00e4ge der Stadt Z\u00fcrich: positive Bilanz\"}]},{\"@type\":\"WebSite\",\"@id\":\"https:\\\/\\\/alice.ch\\\/de\\\/#website\",\"url\":\"https:\\\/\\\/alice.ch\\\/de\\\/\",\"name\":\"alice.ch (Adult Learning Information Center) ist das Portal der Weiterbildung in der Schweiz.\",\"description\":\"Schweizerischer Verband f\u00fcr Weiterbildung\",\"publisher\":{\"@id\":\"https:\\\/\\\/alice.ch\\\/de\\\/#organization\"},\"potentialAction\":[{\"@type\":\"SearchAction\",\"target\":{\"@type\":\"EntryPoint\",\"urlTemplate\":\"https:\\\/\\\/alice.ch\\\/de\\\/?s={search_term_string}\"},\"query-input\":{\"@type\":\"PropertyValueSpecification\",\"valueRequired\":true,\"valueName\":\"search_term_string\"}}],\"inLanguage\":\"de\"},{\"@type\":\"Organization\",\"@id\":\"https:\\\/\\\/alice.ch\\\/de\\\/#organization\",\"name\":\"SVEB Schweizerischer Verband f\u00fcr Weiterbildung\",\"url\":\"https:\\\/\\\/alice.ch\\\/de\\\/\",\"logo\":{\"@type\":\"ImageObject\",\"inLanguage\":\"de\",\"@id\":\"https:\\\/\\\/alice.ch\\\/de\\\/#\\\/schema\\\/logo\\\/image\\\/\",\"url\":\"https:\\\/\\\/alice.ch\\\/app\\\/uploads\\\/2022\\\/07\\\/logo-sveb.png\",\"contentUrl\":\"https:\\\/\\\/alice.ch\\\/app\\\/uploads\\\/2022\\\/07\\\/logo-sveb.png\",\"width\":145,\"height\":64,\"caption\":\"SVEB Schweizerischer Verband f\u00fcr Weiterbildung\"},\"image\":{\"@id\":\"https:\\\/\\\/alice.ch\\\/de\\\/#\\\/schema\\\/logo\\\/image\\\/\"},\"sameAs\":[\"https:\\\/\\\/www.linkedin.com\\\/company\\\/schweizerischer-verband-fr-weiterbildung-sveb\\\/\"]}]}<\/script>\n<!-- \/ Yoast SEO plugin. -->","yoast_head_json":{"title":"Aus- und Weiterbildungsbeitr\u00e4ge der Stadt Z\u00fcrich: positive Bilanz - SVEB","robots":{"index":"index","follow":"follow","max-snippet":"max-snippet:-1","max-image-preview":"max-image-preview:large","max-video-preview":"max-video-preview:-1"},"canonical":"https:\/\/alice.ch\/de\/news\/ausbildungsbeitraege-der-stadt-zuerich-positive-bilanz\/","og_locale":"de_DE","og_type":"article","og_title":"Aus- und Weiterbildungsbeitr\u00e4ge der Stadt Z\u00fcrich: positive Bilanz - SVEB","og_description":"Seit Anfang 2023 k\u00f6nnen Personen, die sich Weiterbildungen nicht leisten k\u00f6nnen, sogenannte Arbeitsmarktstipendien beantragen. Das neue Angebot erreiche die relevanten [&hellip;]","og_url":"https:\/\/alice.ch\/de\/news\/ausbildungsbeitraege-der-stadt-zuerich-positive-bilanz\/","og_site_name":"SVEB","article_modified_time":"2023-11-07T14:01:28+00:00","og_image":[{"width":1200,"height":627,"url":"https:\/\/alice.ch\/app\/uploads\/2023\/11\/sol-tZw3fcjUIpM-unsplash-crop.png","type":"image\/png"}],"twitter_card":"summary_large_image","twitter_misc":{"Gesch\u00e4tzte Lesezeit":"3\u00a0Minuten"},"schema":{"@context":"https:\/\/schema.org","@graph":[{"@type":"WebPage","@id":"https:\/\/alice.ch\/de\/news\/ausbildungsbeitraege-der-stadt-zuerich-positive-bilanz\/","url":"https:\/\/alice.ch\/de\/news\/ausbildungsbeitraege-der-stadt-zuerich-positive-bilanz\/","name":"Aus- und Weiterbildungsbeitr\u00e4ge der Stadt Z\u00fcrich: positive Bilanz - SVEB","isPartOf":{"@id":"https:\/\/alice.ch\/de\/#website"},"primaryImageOfPage":{"@id":"https:\/\/alice.ch\/de\/news\/ausbildungsbeitraege-der-stadt-zuerich-positive-bilanz\/#primaryimage"},"image":{"@id":"https:\/\/alice.ch\/de\/news\/ausbildungsbeitraege-der-stadt-zuerich-positive-bilanz\/#primaryimage"},"thumbnailUrl":"https:\/\/alice.ch\/app\/uploads\/2023\/11\/sol-tZw3fcjUIpM-unsplash-crop.png","datePublished":"2023-11-07T13:32:19+00:00","dateModified":"2023-11-07T14:01:28+00:00","breadcrumb":{"@id":"https:\/\/alice.ch\/de\/news\/ausbildungsbeitraege-der-stadt-zuerich-positive-bilanz\/#breadcrumb"},"inLanguage":"de","potentialAction":[{"@type":"ReadAction","target":["https:\/\/alice.ch\/de\/news\/ausbildungsbeitraege-der-stadt-zuerich-positive-bilanz\/"]}]},{"@type":"ImageObject","inLanguage":"de","@id":"https:\/\/alice.ch\/de\/news\/ausbildungsbeitraege-der-stadt-zuerich-positive-bilanz\/#primaryimage","url":"https:\/\/alice.ch\/app\/uploads\/2023\/11\/sol-tZw3fcjUIpM-unsplash-crop.png","contentUrl":"https:\/\/alice.ch\/app\/uploads\/2023\/11\/sol-tZw3fcjUIpM-unsplash-crop.png","width":1200,"height":627,"caption":"Arbeiter mit Helm gehen eine Treppe hinauf"},{"@type":"BreadcrumbList","@id":"https:\/\/alice.ch\/de\/news\/ausbildungsbeitraege-der-stadt-zuerich-positive-bilanz\/#breadcrumb","itemListElement":[{"@type":"ListItem","position":1,"name":"Startseite","item":"https:\/\/alice.ch\/de\/"},{"@type":"ListItem","position":2,"name":"Aus- und Weiterbildungsbeitr\u00e4ge der Stadt Z\u00fcrich: positive Bilanz"}]},{"@type":"WebSite","@id":"https:\/\/alice.ch\/de\/#website","url":"https:\/\/alice.ch\/de\/","name":"alice.ch (Adult Learning Information Center) ist das Portal der Weiterbildung in der Schweiz.","description":"Schweizerischer Verband f\u00fcr Weiterbildung","publisher":{"@id":"https:\/\/alice.ch\/de\/#organization"},"potentialAction":[{"@type":"SearchAction","target":{"@type":"EntryPoint","urlTemplate":"https:\/\/alice.ch\/de\/?s={search_term_string}"},"query-input":{"@type":"PropertyValueSpecification","valueRequired":true,"valueName":"search_term_string"}}],"inLanguage":"de"},{"@type":"Organization","@id":"https:\/\/alice.ch\/de\/#organization","name":"SVEB Schweizerischer Verband f\u00fcr Weiterbildung","url":"https:\/\/alice.ch\/de\/","logo":{"@type":"ImageObject","inLanguage":"de","@id":"https:\/\/alice.ch\/de\/#\/schema\/logo\/image\/","url":"https:\/\/alice.ch\/app\/uploads\/2022\/07\/logo-sveb.png","contentUrl":"https:\/\/alice.ch\/app\/uploads\/2022\/07\/logo-sveb.png","width":145,"height":64,"caption":"SVEB Schweizerischer Verband f\u00fcr Weiterbildung"},"image":{"@id":"https:\/\/alice.ch\/de\/#\/schema\/logo\/image\/"},"sameAs":["https:\/\/www.linkedin.com\/company\/schweizerischer-verband-fr-weiterbildung-sveb\/"]}]}},"_links":{"self":[{"href":"https:\/\/alice.ch\/de\/wp-json\/wp\/v2\/news\/55507","targetHints":{"allow":["GET"]}}],"collection":[{"href":"https:\/\/alice.ch\/de\/wp-json\/wp\/v2\/news"}],"about":[{"href":"https:\/\/alice.ch\/de\/wp-json\/wp\/v2\/types\/news"}],"author":[{"embeddable":true,"href":"https:\/\/alice.ch\/de\/wp-json\/wp\/v2\/users\/27"}],"version-history":[{"count":8,"href":"https:\/\/alice.ch\/de\/wp-json\/wp\/v2\/news\/55507\/revisions"}],"predecessor-version":[{"id":55522,"href":"https:\/\/alice.ch\/de\/wp-json\/wp\/v2\/news\/55507\/revisions\/55522"}],"wp:featuredmedia":[{"embeddable":true,"href":"https:\/\/alice.ch\/de\/wp-json\/wp\/v2\/media\/55508"}],"wp:attachment":[{"href":"https:\/\/alice.ch\/de\/wp-json\/wp\/v2\/media?parent=55507"}],"wp:term":[{"taxonomy":"news-category","embeddable":true,"href":"https:\/\/alice.ch\/de\/wp-json\/wp\/v2\/news-category?post=55507"},{"taxonomy":"global-category","embeddable":true,"href":"https:\/\/alice.ch\/de\/wp-json\/wp\/v2\/global-category?post=55507"}],"curies":[{"name":"wp","href":"https:\/\/api.w.org\/{rel}","templated":true}]}}