{"id":55708,"date":"2023-11-23T13:39:02","date_gmt":"2023-11-23T12:39:02","guid":{"rendered":"https:\/\/alice.ch\/?post_type=news&#038;p=55708"},"modified":"2023-12-07T17:24:41","modified_gmt":"2023-12-07T16:24:41","slug":"wir-versprachen-uns-eine-horizonterweiterung-und-einen-innovationsboost","status":"publish","type":"news","link":"https:\/\/alice.ch\/de\/news\/wir-versprachen-uns-eine-horizonterweiterung-und-einen-innovationsboost\/","title":{"rendered":"\u00abWir versprachen uns eine Horizonterweiterung und einen Innovationsboost\u00bb\u00a0"},"content":{"rendered":"\n<p class=\"is-style-lead\">Mit dem Programm \u00abNetzwerk Europa\u00bb unterst\u00fctzt der SVEB Organisationen der Weiterbildung dabei, internationale Kooperationsprojekte zu akquirieren und durchzuf\u00fchren. Daphna Paz nahm mit der Institution Travail.Suisse Formation TSF am Programm teil. Im Interview erz\u00e4hlt sie von ihren Erfahrungen. \u00a0<\/p>\n\n\n\n<p><em>Interview: Saambavi Poopalapillai&nbsp;&nbsp;<\/em><\/p>\n\n\n\n<p><strong><em>Frau Paz, Travail.Suisse Formation TSF war bereits bei der ersten Programmrunde des \u00abNetzwerk Europa\u00bb dabei. Wie kam es dazu?<\/em><\/strong>&nbsp;<br>Der SVEB hat uns kontaktiert und eingeladen, an einem ersten Meeting teilzunehmen. Ich nahm die Einladung an und war rasch \u00fcberzeugt von der Idee. Ich habe mich dann mit dem Vorstand und insbesondere mit dem Pr\u00e4sidium von Travail.Suisse Formation TSF abgesprochen und wir haben uns f\u00fcr das Programm \u00abNetzwerk Europa\u00bb entschieden.&nbsp;<\/p>\n\n\n\n<p><strong><em>Warum waren Sie so schnell \u00fcberzeugt?&nbsp;<\/em><\/strong>&nbsp;<br>Uns motivierte vor allem die Erfahrung des Austauschs. Wir wollen gemeinsam mit Projektpartnern aus Europa Ideen weiterspinnen, an denen wir auf nationalem Level bereits arbeiten. Wir besch\u00e4ftigen uns stark mit den Themen soziale Inklusion und Chancengleichheit in der Weiterbildung. Wir versprachen uns von diesem Erfahrungsaustausch eine Horizonterweiterung und einen Innovationsboost f\u00fcr unsere Fachthemen. Zudem erschien es uns bereichernd zu sehen, welche Zug\u00e4nge in anderen europ\u00e4ischen L\u00e4ndern vorliegen. Dieser Blick \u00fcber den Tellerrand und die entsprechenden Learnings fliessen direkt in unsere nationale Arbeit ein. &nbsp;<\/p>\n\n\n\n<p><strong><em>Wie ging es danach weiter?&nbsp;<\/em><\/strong>&nbsp;<br>Im Dezember 2022 fand dann der erste Workshop im Rahmen des Programms statt. Dabei behandelten wir das Thema \u00abNetzwerkaufbau und -Pflege\u00bb. Wir erhielten Tipps und Tricks f\u00fcr die Kontaktaufnahme mit verschiedenen Partnerinstitution in Europa und wie man effizient nach neuen Projekten suchen kann.&nbsp;<\/p>\n\n\n\n<p><strong><em>Was konnten Sie umsetzten, was Sie im Workshop erarbeitet haben?<\/em><\/strong>&nbsp;<br>Wir haben uns auf mehreren der genannten Plattformen umgeschaut und mit \u00fcber zehn Projektkoordinatorinnen und -koordinatoren Kontakt aufgenommen. Besonders hilfreich f\u00fcr uns war der Hinweis, nach bereits durchgef\u00fchrten Projekten zu suchen, die zu unseren Themen passen und die jeweiligen Koordinationsverantwortlichen zu kontaktieren. \u00dcber diesen Weg konnten geeignete Partnerorganisationen identifiziert werden, welche allesamt recht positiv auf unsere Anfrage reagierten, zumal wir jedes Mal auch aufzeigten, inwiefern wir im jeweiligen Themenbereich bereits Erfahrungen gemacht haben.&nbsp;&nbsp;<\/p>\n\n\n\n<p><strong><em>Sind daraus Projekte entstanden?<\/em><\/strong>&nbsp;<br>Wir hatten zwei Antr\u00e4ge im Visier und waren im Gespr\u00e4ch f\u00fcr eine eventuelle dritte Kooperationspartnerschaft. Als im Laufe der Zeit neue Finanzierungsrichtlinien kommuniziert wurden, die schlechter waren als jene in den vorherigen Jahren (neu w\u00fcrden maximal 60% der budgetierten Kosten gedeckt), war das f\u00fcr uns eine grosse Motivationsbremse. Da die Kooperationsprojekte ohnehin nicht dazu da sind, Einnahmen zu generieren, waren wir konsterniert, dass sie nicht mal mehr ann\u00e4herungsweise kostendeckend sein w\u00fcrden. Da wir die kontaktierten Partnerorganisationen bereits liebgewonnen hatten, fuhren wir mit den Projektantr\u00e4gen weiter, entschieden aber, nicht noch weitere Partnerschaften anzustreben.&nbsp;&nbsp;<\/p>\n\n\n\n<p><strong><em>Was haben Sie dann mit den zwei bereits gewonnen Projektideen gemacht?<\/em><\/strong>&nbsp;<br>Das eine Projekt kam schlussendlich gar nicht zustande. Da wurden fast alle Details dem ganzen Kooperationsteam vorgelegt und diskutiert, was viel Zeit erforderte. Am Ende erwies es sich aus formellen Gr\u00fcnden als nicht durchf\u00fchrbar (auf Ebene der EU), so dass kein Antrag zustande kam.&nbsp;<\/p>\n\n\n\n<p><strong><em>Somit haben Sie also nur noch eine Projektidee verfolgt?<\/em><\/strong>&nbsp;<br>Genau, wir haben uns dann auf diesen einen Projektantrag fokussiert und diesen auch eingereicht. Das Projekt wurde gl\u00fccklicherweise bewilligt und hat mittlerweile gestartet. Es heisst \u00abBe inclusive!\u00bb und hat das Ziel, KMU mit Microlearning-Videos zu unterst\u00fctzen, Menschen mit Behinderungen einzustellen und nachhaltig in ihrem Betrieb zu integrieren.&nbsp;<\/p>\n\n\n\n<p><strong><em>Wie schauen Sie heute auf diese Projektakquise zur\u00fcck?<\/em><\/strong>&nbsp;<br>Ein Grossteil der kontaktierten Stellen waren \u00fcberrascht dar\u00fcber, dass Organisationen aus der Schweiz bei Erasmus+ Projekten \u00fcberhaupt mitmachen k\u00f6nnen. Wir leisteten daher recht viel Sensibilisierungsarbeit diesbez\u00fcglich und erkl\u00e4rten wiederholt unsere Rolle als assoziierte Partnerorganisation.&nbsp;Sobald dies gelang, fragten fast alle danach, ob wir nicht eines der Projektmeetings in der Schweiz hosten k\u00f6nnten, am besten in den Bergen. Gem\u00e4ss den Richtlinien ist das aber nicht m\u00f6glich. So musste ich die Kooperationspartner leicht entt\u00e4uschen, durfte aber weiterhin Teil des Konsortiums bleiben (lacht).&nbsp;&nbsp;<\/p>\n\n\n\n<p><strong><em>Sie gehen nun in die zweite Runde des Programms \u00abNetzwerk Europa\u00bb. Sie k\u00f6nnen mit dem Netzwerk, das Sie in der ersten Runde aufgebaut haben, weiterarbeiten. Was empfehlen Sie Institutionen, die sich derzeit noch \u00fcberlegen am Programm \u00abNetzwerk Europa\u00bb mitzumachen?<\/em><\/strong>&nbsp;<br>Wir haben inzwischen grad mit dem bewilligten Projekt gestartet und am ersten Meeting vor Ort teilgenommen (November 2023). Es ist eine Freude, mit Projektpartnerinnen und -partnern &nbsp;aus verschiedenen L\u00e4ndern (in unserem Fall: Griechenland, Slowenien, Italien, Estland, \u00d6sterreich und Deutschland) und mit diversen fachlichen Hintergr\u00fcnden zusammen zu arbeiten und daraus zu lernen. Es ist erbauend zu erleben, dass wir auf europ\u00e4ischem Boden mitwirken und uns einbringen k\u00f6nnen. Interessierten Weiterbildungsakteurinnen und -akteuren empfehle ich: Wenn Sie gezielt vorgehen, sich zuerst \u00fcberlegen, f\u00fcr welche Anliegen Sie einstehen und wo Sie bereits Expertise auf nationalem Level haben, dann k\u00f6nnen Sie Ihre Ressourcen effizient einsetzen und Ihren Akquiseaufwand begrenzen. &nbsp;<\/p>\n\n\n\n<h2 class=\"wp-block-heading\">Weitere Informationen<\/h2>\n\n\n\n<div class=\"wp-block-buttons is-layout-flex wp-block-buttons-is-layout-flex\">\n<div class=\"wp-block-button has-custom-width wp-block-button__width-100 is-style-minimal\"><a class=\"wp-block-button__link wp-element-button\" href=\"https:\/\/alice.ch\/de\/project\/programm-netzwerk-europa\/)\">Programm \u00abNetwerk Europa\u00bb<\/a><\/div>\n<\/div>\n","protected":false},"excerpt":{"rendered":"<p>Mit dem Programm \u00abNetzwerk Europa\u00bb unterst\u00fctzt der SVEB Organisationen der Weiterbildung dabei, internationale Kooperationsprojekte zu akquirieren und durchzuf\u00fchren. Daphna Paz [&hellip;]<\/p>\n","protected":false},"author":27,"featured_media":55713,"template":"","meta":{"_acf_changed":false,"inline_featured_image":false,"footnotes":""},"news-category":[27],"global-category":[],"class_list":["post-55708","news","type-news","status-publish","has-post-thumbnail","hentry","news-category-international"],"acf":[],"yoast_head":"<!-- This site is optimized with the Yoast SEO plugin v27.3 - https:\/\/yoast.com\/product\/yoast-seo-wordpress\/ -->\n<title>\u00abWir versprachen uns eine Horizonterweiterung und einen Innovationsboost\u00bb\u00a0 - SVEB<\/title>\n<meta name=\"robots\" content=\"index, follow, max-snippet:-1, max-image-preview:large, max-video-preview:-1\" \/>\n<link rel=\"canonical\" href=\"https:\/\/alice.ch\/de\/news\/wir-versprachen-uns-eine-horizonterweiterung-und-einen-innovationsboost\/\" \/>\n<meta property=\"og:locale\" content=\"de_DE\" \/>\n<meta property=\"og:type\" content=\"article\" \/>\n<meta property=\"og:title\" content=\"\u00abWir versprachen uns eine Horizonterweiterung und einen Innovationsboost\u00bb\u00a0 - SVEB\" \/>\n<meta property=\"og:description\" content=\"Mit dem Programm \u00abNetzwerk Europa\u00bb unterst\u00fctzt der SVEB Organisationen der Weiterbildung dabei, internationale Kooperationsprojekte zu akquirieren und durchzuf\u00fchren. Daphna Paz [&hellip;]\" \/>\n<meta property=\"og:url\" content=\"https:\/\/alice.ch\/de\/news\/wir-versprachen-uns-eine-horizonterweiterung-und-einen-innovationsboost\/\" \/>\n<meta property=\"og:site_name\" content=\"SVEB\" \/>\n<meta property=\"article:modified_time\" content=\"2023-12-07T16:24:41+00:00\" \/>\n<meta property=\"og:image\" content=\"https:\/\/alice.ch\/app\/uploads\/2023\/11\/DaphnaPaz_Buero_WEB-crop.png\" \/>\n\t<meta property=\"og:image:width\" content=\"1200\" \/>\n\t<meta property=\"og:image:height\" content=\"627\" \/>\n\t<meta property=\"og:image:type\" content=\"image\/png\" \/>\n<meta name=\"twitter:card\" content=\"summary_large_image\" \/>\n<meta name=\"twitter:label1\" content=\"Gesch\u00e4tzte Lesezeit\" \/>\n\t<meta name=\"twitter:data1\" content=\"4\u00a0Minuten\" \/>\n<script type=\"application\/ld+json\" class=\"yoast-schema-graph\">{\"@context\":\"https:\\\/\\\/schema.org\",\"@graph\":[{\"@type\":\"WebPage\",\"@id\":\"https:\\\/\\\/alice.ch\\\/de\\\/news\\\/wir-versprachen-uns-eine-horizonterweiterung-und-einen-innovationsboost\\\/\",\"url\":\"https:\\\/\\\/alice.ch\\\/de\\\/news\\\/wir-versprachen-uns-eine-horizonterweiterung-und-einen-innovationsboost\\\/\",\"name\":\"\u00abWir versprachen uns eine Horizonterweiterung und einen Innovationsboost\u00bb\u00a0 - SVEB\",\"isPartOf\":{\"@id\":\"https:\\\/\\\/alice.ch\\\/de\\\/#website\"},\"primaryImageOfPage\":{\"@id\":\"https:\\\/\\\/alice.ch\\\/de\\\/news\\\/wir-versprachen-uns-eine-horizonterweiterung-und-einen-innovationsboost\\\/#primaryimage\"},\"image\":{\"@id\":\"https:\\\/\\\/alice.ch\\\/de\\\/news\\\/wir-versprachen-uns-eine-horizonterweiterung-und-einen-innovationsboost\\\/#primaryimage\"},\"thumbnailUrl\":\"https:\\\/\\\/alice.ch\\\/app\\\/uploads\\\/2023\\\/11\\\/DaphnaPaz_Buero_WEB-crop.png\",\"datePublished\":\"2023-11-23T12:39:02+00:00\",\"dateModified\":\"2023-12-07T16:24:41+00:00\",\"breadcrumb\":{\"@id\":\"https:\\\/\\\/alice.ch\\\/de\\\/news\\\/wir-versprachen-uns-eine-horizonterweiterung-und-einen-innovationsboost\\\/#breadcrumb\"},\"inLanguage\":\"de\",\"potentialAction\":[{\"@type\":\"ReadAction\",\"target\":[\"https:\\\/\\\/alice.ch\\\/de\\\/news\\\/wir-versprachen-uns-eine-horizonterweiterung-und-einen-innovationsboost\\\/\"]}]},{\"@type\":\"ImageObject\",\"inLanguage\":\"de\",\"@id\":\"https:\\\/\\\/alice.ch\\\/de\\\/news\\\/wir-versprachen-uns-eine-horizonterweiterung-und-einen-innovationsboost\\\/#primaryimage\",\"url\":\"https:\\\/\\\/alice.ch\\\/app\\\/uploads\\\/2023\\\/11\\\/DaphnaPaz_Buero_WEB-crop.png\",\"contentUrl\":\"https:\\\/\\\/alice.ch\\\/app\\\/uploads\\\/2023\\\/11\\\/DaphnaPaz_Buero_WEB-crop.png\",\"width\":1200,\"height\":627,\"caption\":\"Daphna Paz\"},{\"@type\":\"BreadcrumbList\",\"@id\":\"https:\\\/\\\/alice.ch\\\/de\\\/news\\\/wir-versprachen-uns-eine-horizonterweiterung-und-einen-innovationsboost\\\/#breadcrumb\",\"itemListElement\":[{\"@type\":\"ListItem\",\"position\":1,\"name\":\"Startseite\",\"item\":\"https:\\\/\\\/alice.ch\\\/de\\\/\"},{\"@type\":\"ListItem\",\"position\":2,\"name\":\"\u00abWir versprachen uns eine Horizonterweiterung und einen Innovationsboost\u00bb\u00a0\"}]},{\"@type\":\"WebSite\",\"@id\":\"https:\\\/\\\/alice.ch\\\/de\\\/#website\",\"url\":\"https:\\\/\\\/alice.ch\\\/de\\\/\",\"name\":\"alice.ch (Adult Learning Information Center) ist das Portal der Weiterbildung in der Schweiz.\",\"description\":\"Schweizerischer Verband f\u00fcr Weiterbildung\",\"publisher\":{\"@id\":\"https:\\\/\\\/alice.ch\\\/de\\\/#organization\"},\"potentialAction\":[{\"@type\":\"SearchAction\",\"target\":{\"@type\":\"EntryPoint\",\"urlTemplate\":\"https:\\\/\\\/alice.ch\\\/de\\\/?s={search_term_string}\"},\"query-input\":{\"@type\":\"PropertyValueSpecification\",\"valueRequired\":true,\"valueName\":\"search_term_string\"}}],\"inLanguage\":\"de\"},{\"@type\":\"Organization\",\"@id\":\"https:\\\/\\\/alice.ch\\\/de\\\/#organization\",\"name\":\"SVEB Schweizerischer Verband f\u00fcr Weiterbildung\",\"url\":\"https:\\\/\\\/alice.ch\\\/de\\\/\",\"logo\":{\"@type\":\"ImageObject\",\"inLanguage\":\"de\",\"@id\":\"https:\\\/\\\/alice.ch\\\/de\\\/#\\\/schema\\\/logo\\\/image\\\/\",\"url\":\"https:\\\/\\\/alice.ch\\\/app\\\/uploads\\\/2022\\\/07\\\/logo-sveb.png\",\"contentUrl\":\"https:\\\/\\\/alice.ch\\\/app\\\/uploads\\\/2022\\\/07\\\/logo-sveb.png\",\"width\":145,\"height\":64,\"caption\":\"SVEB Schweizerischer Verband f\u00fcr Weiterbildung\"},\"image\":{\"@id\":\"https:\\\/\\\/alice.ch\\\/de\\\/#\\\/schema\\\/logo\\\/image\\\/\"},\"sameAs\":[\"https:\\\/\\\/www.linkedin.com\\\/company\\\/schweizerischer-verband-fr-weiterbildung-sveb\\\/\"]}]}<\/script>\n<!-- \/ Yoast SEO plugin. -->","yoast_head_json":{"title":"\u00abWir versprachen uns eine Horizonterweiterung und einen Innovationsboost\u00bb\u00a0 - SVEB","robots":{"index":"index","follow":"follow","max-snippet":"max-snippet:-1","max-image-preview":"max-image-preview:large","max-video-preview":"max-video-preview:-1"},"canonical":"https:\/\/alice.ch\/de\/news\/wir-versprachen-uns-eine-horizonterweiterung-und-einen-innovationsboost\/","og_locale":"de_DE","og_type":"article","og_title":"\u00abWir versprachen uns eine Horizonterweiterung und einen Innovationsboost\u00bb\u00a0 - SVEB","og_description":"Mit dem Programm \u00abNetzwerk Europa\u00bb unterst\u00fctzt der SVEB Organisationen der Weiterbildung dabei, internationale Kooperationsprojekte zu akquirieren und durchzuf\u00fchren. Daphna Paz [&hellip;]","og_url":"https:\/\/alice.ch\/de\/news\/wir-versprachen-uns-eine-horizonterweiterung-und-einen-innovationsboost\/","og_site_name":"SVEB","article_modified_time":"2023-12-07T16:24:41+00:00","og_image":[{"width":1200,"height":627,"url":"https:\/\/alice.ch\/app\/uploads\/2023\/11\/DaphnaPaz_Buero_WEB-crop.png","type":"image\/png"}],"twitter_card":"summary_large_image","twitter_misc":{"Gesch\u00e4tzte Lesezeit":"4\u00a0Minuten"},"schema":{"@context":"https:\/\/schema.org","@graph":[{"@type":"WebPage","@id":"https:\/\/alice.ch\/de\/news\/wir-versprachen-uns-eine-horizonterweiterung-und-einen-innovationsboost\/","url":"https:\/\/alice.ch\/de\/news\/wir-versprachen-uns-eine-horizonterweiterung-und-einen-innovationsboost\/","name":"\u00abWir versprachen uns eine Horizonterweiterung und einen Innovationsboost\u00bb\u00a0 - SVEB","isPartOf":{"@id":"https:\/\/alice.ch\/de\/#website"},"primaryImageOfPage":{"@id":"https:\/\/alice.ch\/de\/news\/wir-versprachen-uns-eine-horizonterweiterung-und-einen-innovationsboost\/#primaryimage"},"image":{"@id":"https:\/\/alice.ch\/de\/news\/wir-versprachen-uns-eine-horizonterweiterung-und-einen-innovationsboost\/#primaryimage"},"thumbnailUrl":"https:\/\/alice.ch\/app\/uploads\/2023\/11\/DaphnaPaz_Buero_WEB-crop.png","datePublished":"2023-11-23T12:39:02+00:00","dateModified":"2023-12-07T16:24:41+00:00","breadcrumb":{"@id":"https:\/\/alice.ch\/de\/news\/wir-versprachen-uns-eine-horizonterweiterung-und-einen-innovationsboost\/#breadcrumb"},"inLanguage":"de","potentialAction":[{"@type":"ReadAction","target":["https:\/\/alice.ch\/de\/news\/wir-versprachen-uns-eine-horizonterweiterung-und-einen-innovationsboost\/"]}]},{"@type":"ImageObject","inLanguage":"de","@id":"https:\/\/alice.ch\/de\/news\/wir-versprachen-uns-eine-horizonterweiterung-und-einen-innovationsboost\/#primaryimage","url":"https:\/\/alice.ch\/app\/uploads\/2023\/11\/DaphnaPaz_Buero_WEB-crop.png","contentUrl":"https:\/\/alice.ch\/app\/uploads\/2023\/11\/DaphnaPaz_Buero_WEB-crop.png","width":1200,"height":627,"caption":"Daphna Paz"},{"@type":"BreadcrumbList","@id":"https:\/\/alice.ch\/de\/news\/wir-versprachen-uns-eine-horizonterweiterung-und-einen-innovationsboost\/#breadcrumb","itemListElement":[{"@type":"ListItem","position":1,"name":"Startseite","item":"https:\/\/alice.ch\/de\/"},{"@type":"ListItem","position":2,"name":"\u00abWir versprachen uns eine Horizonterweiterung und einen Innovationsboost\u00bb\u00a0"}]},{"@type":"WebSite","@id":"https:\/\/alice.ch\/de\/#website","url":"https:\/\/alice.ch\/de\/","name":"alice.ch (Adult Learning Information Center) ist das Portal der Weiterbildung in der Schweiz.","description":"Schweizerischer Verband f\u00fcr Weiterbildung","publisher":{"@id":"https:\/\/alice.ch\/de\/#organization"},"potentialAction":[{"@type":"SearchAction","target":{"@type":"EntryPoint","urlTemplate":"https:\/\/alice.ch\/de\/?s={search_term_string}"},"query-input":{"@type":"PropertyValueSpecification","valueRequired":true,"valueName":"search_term_string"}}],"inLanguage":"de"},{"@type":"Organization","@id":"https:\/\/alice.ch\/de\/#organization","name":"SVEB Schweizerischer Verband f\u00fcr Weiterbildung","url":"https:\/\/alice.ch\/de\/","logo":{"@type":"ImageObject","inLanguage":"de","@id":"https:\/\/alice.ch\/de\/#\/schema\/logo\/image\/","url":"https:\/\/alice.ch\/app\/uploads\/2022\/07\/logo-sveb.png","contentUrl":"https:\/\/alice.ch\/app\/uploads\/2022\/07\/logo-sveb.png","width":145,"height":64,"caption":"SVEB Schweizerischer Verband f\u00fcr Weiterbildung"},"image":{"@id":"https:\/\/alice.ch\/de\/#\/schema\/logo\/image\/"},"sameAs":["https:\/\/www.linkedin.com\/company\/schweizerischer-verband-fr-weiterbildung-sveb\/"]}]}},"_links":{"self":[{"href":"https:\/\/alice.ch\/de\/wp-json\/wp\/v2\/news\/55708","targetHints":{"allow":["GET"]}}],"collection":[{"href":"https:\/\/alice.ch\/de\/wp-json\/wp\/v2\/news"}],"about":[{"href":"https:\/\/alice.ch\/de\/wp-json\/wp\/v2\/types\/news"}],"author":[{"embeddable":true,"href":"https:\/\/alice.ch\/de\/wp-json\/wp\/v2\/users\/27"}],"version-history":[{"count":6,"href":"https:\/\/alice.ch\/de\/wp-json\/wp\/v2\/news\/55708\/revisions"}],"predecessor-version":[{"id":56492,"href":"https:\/\/alice.ch\/de\/wp-json\/wp\/v2\/news\/55708\/revisions\/56492"}],"wp:featuredmedia":[{"embeddable":true,"href":"https:\/\/alice.ch\/de\/wp-json\/wp\/v2\/media\/55713"}],"wp:attachment":[{"href":"https:\/\/alice.ch\/de\/wp-json\/wp\/v2\/media?parent=55708"}],"wp:term":[{"taxonomy":"news-category","embeddable":true,"href":"https:\/\/alice.ch\/de\/wp-json\/wp\/v2\/news-category?post=55708"},{"taxonomy":"global-category","embeddable":true,"href":"https:\/\/alice.ch\/de\/wp-json\/wp\/v2\/global-category?post=55708"}],"curies":[{"name":"wp","href":"https:\/\/api.w.org\/{rel}","templated":true}]}}