{"id":56088,"date":"2023-11-27T10:31:45","date_gmt":"2023-11-27T09:31:45","guid":{"rendered":"https:\/\/alice.ch\/?post_type=news&#038;p=56088"},"modified":"2023-11-27T15:17:11","modified_gmt":"2023-11-27T14:17:11","slug":"das-verknuepfen-aller-kompetenzbereiche-ist-besonders-wichtig","status":"publish","type":"news","link":"https:\/\/alice.ch\/de\/news\/das-verknuepfen-aller-kompetenzbereiche-ist-besonders-wichtig\/","title":{"rendered":"\u00abDas Verkn\u00fcpfen aller Kompetenzbereiche ist besonders wichtig\u00bb"},"content":{"rendered":"\n<p class=\"is-style-lead\">Welche Kompetenzen brauchen Verantwortungstr\u00e4gerinnen und -tr\u00e4ger, um \u00abnachhaltige\u00bb Entscheidungen zu treffen? Und welche Rolle spielt dabei die Weiterbildung? Sarah Eberz, Keynote-Speakerin der <a href=\"https:\/\/alice.ch\/de\/event\/nachhaltigkeit-in-der-weiterbildung-impulse-fuer-organisations-und-angebotsentwicklung\/\">Tagung zu Nachhaltigkeit in der Weiterbildung<\/a>, hat dies in einer Studie untersucht \u2013 und spricht im Interview \u00fcber Probleme und L\u00f6sungsans\u00e4tze.<\/p>\n\n\n\n<p><em>Interview: Marianne M\u00fcller<\/em><\/p>\n\n\n\n<p><strong><em>Sie haben mit Entscheidungstr\u00e4gerinnen und -tr\u00e4gern aus Politik und Wirtschaft \u00fcber Nachhaltigkeit gesprochen. Was ist Ihr Fazit?<\/em><\/strong><br>Eine zentrale Fragestellung unserer <a href=\"https:\/\/mdpi-res.com\/d_attachment\/sustainability\/sustainability-15-04986\/article_deploy\/sustainability-15-04986-v4.pdf?version=1679570283\" target=\"_blank\" rel=\"noreferrer noopener\">Interview-Studie mit 14 leitenden Personen<\/a> war es, herauszufinden, welche Kompetenzen verantwortliche Personen brauchen, um nachhaltigkeitsrelevante Entscheidungen zu treffen \u2013 und damit R\u00fcckschl\u00fcsse auf schulische Bildung und Weiterbildung zu erlangen. Aus den Ergebnissen l\u00e4sst sich f\u00fcr die (Aus-) Bildung zuk\u00fcnftiger Verantwortlicher schliessen, dass das Verkn\u00fcpfen aller Kompetenzbereiche besonders wichtig ist und der Fokus auf interdisziplin\u00e4res und fach\u00fcbergreifendes Denken und Handeln gerade an den Schnittstellen unterschiedlicher Systeme gelegt werden sollte. Zudem deuten die Ergebnisse darauf hin, dass der Umgang mit Unsicherheit, ein eigenes Werteger\u00fcst und der Aufbau von Resilienz f\u00fcr Entscheidungstr\u00e4gerinnen und -tr\u00e4ger von grosser Bedeutung sind.<\/p>\n\n\n\n<p><strong><em>Was ist Ihre Einsch\u00e4tzung: Sind diese am Thema Nachhaltigkeit ehrlich interessiert?\u00a0<\/em><\/strong><br>Die Befragten aus Politik, Gesellschaft und Wirtschaft zeigten ein starkes Interesse am Thema Nachhaltigkeit. Wir haben gezielt Personen ausgew\u00e4hlt, die in nachhaltigkeitsrelevanten Bereichen t\u00e4tig sind, wie beispielsweise im Umweltministerium, in der F\u00fchrung von Energieunternehmen, die sich der Energiewende verschrieben haben, sowie in leitenden Positionen der \u00f6kologischen Landwirtschaft. Diese Auswahl verdeutlicht das generelle Interesse an Nachhaltigkeitsthemen unter den Befragten. Zuk\u00fcnftige Studien k\u00f6nnten jedoch auch Entscheidungstr\u00e4gerinnen und -tr\u00e4ger einbeziehen, die sich nicht prim\u00e4r mit Nachhaltigkeit befassen.<\/p>\n\n\n\n<p><strong><em>Wo sehen Sie die gr\u00f6ssten Probleme?<\/em><\/strong><br>Die Herausforderungen in der Nachhaltigkeit sind vielf\u00e4ltig und komplex. Ein Problem stellt die zeitliche Dimension dar, in der eine nachhaltige Transformation realisierbar ist. Politische Strategien sind daf\u00fcr essentiell, doch ihre globale Umsetzung ben\u00f6tigt Zeit, was zu Frustration f\u00fchren kann. Ich bin fest davon \u00fcberzeugt, dass es entscheidend ist, den globalen Nachhaltigkeitszielen mehr Nachdruck und Verbindlichkeit zu verleihen. Eine beschleunigte Umsetzung internationaler, verbindlicher Massnahmen ist ebenso notwendig wie die Verringerung globaler Ungleichheiten. Ausserdem sollte ein Gleichgewicht zwischen \u00f6kologischen, sozialen und wirtschaftlichen Aspekten hergestellt werden, sodass nicht l\u00e4nger (kurzfristige) wirtschaftliche Gewinne \u00fcber langfristige \u00f6kologische Stabilit\u00e4t gestellt werden. Diese Punkte sind nur einige der zahlreichen Herausforderungen auf dem Weg zu einer nachhaltigeren Welt.<\/p>\n\n\n\n<p><strong><em>Was w\u00e4ren leicht umsetzbare Ansatzpunkte?<\/em><\/strong><br>Ein wichtiger Ansatz, den ich in den Vordergrund r\u00fccken m\u00f6chte, ist die F\u00f6rderung von Bildung f\u00fcr nachhaltige Entwicklung und Schulungen im Bereich Nachhaltigkeit. Ich denke es ist entscheidend, Anreize f\u00fcr nachhaltiges Handeln zu schaffen und Richtlinien und Vorschriften zu entwickeln, die solches Verhalten f\u00f6rdern. Besonders betonen m\u00f6chte ich die Bedeutung politischer Entscheidungen und Massnahmen, die eine grosse Tragweite haben und unerl\u00e4sslich sind, um die Klimakrise zu bew\u00e4ltigen. Dabei ist es wichtig zu verstehen, dass pers\u00f6nliches Handeln relevant ist, aber \u00f6ffentliche Massnahmen den bedeutenden Unterschied machen. Das k\u00f6nnen neben politischen Rahmenbedingungen und gesetzlichen Massnahmen (z.B. Verbote, Subventionen) auch die Teilnahme an Klimastreiks sein, das Wahlverhalten, die Unterst\u00fctzung von Umweltgesetzen oder das Anbieten nachhaltiger Optionen in Kantinen.<\/p>\n\n\n\n<p><strong><em>Wie viel Wissen und Kompetenzen bringen die befragten Entscheidungstr\u00e4gerinnen und -tr\u00e4ger im Bereich Nachhaltigkeit mit? Wo haben sie noch Nachholbedarf?<\/em><\/strong><br>Die Wissens- und Kompetenzniveaus der befragten Personen variieren nat\u00fcrlich, doch insgesamt zeigte unsere Analyse, dass viele von ihnen \u00fcber Schl\u00fcsselkompetenzen im Bereich der Nachhaltigkeit verf\u00fcgen. Diese Kompetenzen sind in ihren t\u00e4glichen Aufgaben unabdingbar, sie wenden diese oft auch unbewusst und ohne explizites Wissen dar\u00fcber an. Viele Befragte gaben an, sich kontinuierlich in naturwissenschaftlichen Aspekten der Nachhaltigkeit fortzubilden, sei es durch eigene Recherchen oder das Einholen externer wie interner Expertisen, was f\u00fcr die Entwicklung politischer Strategien unerl\u00e4sslich sei.<\/p>\n\n\n\n<p><strong><em>Auf der Grundlage Ihrer Forschung: Wie steht es aktuell um die Welt?<\/em><\/strong><br>Das ist eine sehr komplexe Frage, die ich so auf Grundlage meiner Forschung nicht beantworten kann. Der aktuelle Zustand der Welt variiert ausserdem von Region zu Region. Es gibt zahlreiche globale Herausforderungen, die sowohl auf internationaler als auch individueller Ebene angegangen werden m\u00fcssen. Dies umfasst mehr als nur die Klimakrise und den Weg hin zu einer nachhaltigen Entwicklung. Mein pers\u00f6nlicher Wunsch ist es, dass die \u00f6kologische Dimension auch in Krisenzeiten nicht vernachl\u00e4ssigt, sondern in alle Entscheidungen integriert wird.<\/p>\n\n\n\n<p><em>Sarah Eberz ist Assistentin und Doktorandin am Institut f\u00fcr Erziehungswissenschaften im Bereich Fachdidaktik Naturwissenschaften an der Universit\u00e4t Z\u00fcrich. An der Tagung \u00abWeiterbildung in Forschung und Praxis\u00bb der PH Z\u00fcrich und des SVEB wird sie eine Keynote halten. <\/em><\/p>\n\n\n\n<div class=\"wp-block-media-text alignwide is-stacked-on-mobile is-style-default\" style=\"grid-template-columns:33% auto\"><figure class=\"wp-block-media-text__media\"><a href=\"https:\/\/alice.ch\/de\/event\/nachhaltigkeit-in-der-weiterbildung-impulse-fuer-organisations-und-angebotsentwicklung\/\"><img decoding=\"async\" width=\"370\" height=\"185\" src=\"https:\/\/alice.ch\/app\/uploads\/2023\/09\/Forschungstagung_2024-1.jpg\" alt=\"\" class=\"wp-image-55080 size-full\" srcset=\"https:\/\/alice.ch\/app\/uploads\/2023\/09\/Forschungstagung_2024-1.jpg 370w, https:\/\/alice.ch\/app\/uploads\/2023\/09\/Forschungstagung_2024-1-300x150.jpg 300w\" sizes=\"(max-width: 370px) 100vw, 370px\" \/><\/a><\/figure><div class=\"wp-block-media-text__content\">\n<p>Die Veranstaltung \u00abNachhaltigkeit in der Weiterbildung \u2013 Impulse f\u00fcr Organisations- und Angebotsentwicklung\u00bb der PH Z\u00fcrich und des SVEB findet am 25. Januar 2024 in Z\u00fcrich statt.<\/p>\n\n\n\n<div class=\"wp-block-buttons is-layout-flex wp-block-buttons-is-layout-flex\">\n<div class=\"wp-block-button is-style-minimal\"><a class=\"wp-block-button__link wp-element-button\" href=\"https:\/\/alice.ch\/de\/event\/nachhaltigkeit-in-der-weiterbildung-impulse-fuer-organisations-und-angebotsentwicklung\/\">Informationen und Anmeldung<\/a><\/div>\n<\/div>\n<\/div><\/div>\n","protected":false},"excerpt":{"rendered":"<p>Welche Kompetenzen brauchen Verantwortungstr\u00e4gerinnen und -tr\u00e4ger, um \u00abnachhaltige\u00bb Entscheidungen zu treffen? Und welche Rolle spielt dabei die Weiterbildung? Sarah Eberz, [&hellip;]<\/p>\n","protected":false},"author":27,"featured_media":56096,"template":"","meta":{"_acf_changed":false,"inline_featured_image":false,"footnotes":""},"news-category":[341],"global-category":[],"class_list":["post-56088","news","type-news","status-publish","has-post-thumbnail","hentry","news-category-nachhaltigkeit"],"acf":[],"yoast_head":"<!-- This site is optimized with the Yoast SEO plugin v27.3 - https:\/\/yoast.com\/product\/yoast-seo-wordpress\/ -->\n<title>\u00abDas Verkn\u00fcpfen aller Kompetenzbereiche ist besonders wichtig\u00bb - SVEB<\/title>\n<meta name=\"robots\" content=\"index, follow, max-snippet:-1, max-image-preview:large, max-video-preview:-1\" \/>\n<link rel=\"canonical\" href=\"https:\/\/alice.ch\/de\/news\/das-verknuepfen-aller-kompetenzbereiche-ist-besonders-wichtig\/\" \/>\n<meta property=\"og:locale\" content=\"de_DE\" \/>\n<meta property=\"og:type\" content=\"article\" \/>\n<meta property=\"og:title\" content=\"\u00abDas Verkn\u00fcpfen aller Kompetenzbereiche ist besonders wichtig\u00bb - SVEB\" \/>\n<meta property=\"og:description\" content=\"Welche Kompetenzen brauchen Verantwortungstr\u00e4gerinnen und -tr\u00e4ger, um \u00abnachhaltige\u00bb Entscheidungen zu treffen? Und welche Rolle spielt dabei die Weiterbildung? Sarah Eberz, [&hellip;]\" \/>\n<meta property=\"og:url\" content=\"https:\/\/alice.ch\/de\/news\/das-verknuepfen-aller-kompetenzbereiche-ist-besonders-wichtig\/\" \/>\n<meta property=\"og:site_name\" content=\"SVEB\" \/>\n<meta property=\"article:modified_time\" content=\"2023-11-27T14:17:11+00:00\" \/>\n<meta property=\"og:image\" content=\"https:\/\/alice.ch\/app\/uploads\/2023\/11\/appolinary-kalashnikova-WYGhTLym344-unsplash-crop1.png\" \/>\n\t<meta property=\"og:image:width\" content=\"1200\" \/>\n\t<meta property=\"og:image:height\" content=\"627\" \/>\n\t<meta property=\"og:image:type\" content=\"image\/png\" \/>\n<meta name=\"twitter:card\" content=\"summary_large_image\" \/>\n<meta name=\"twitter:label1\" content=\"Gesch\u00e4tzte Lesezeit\" \/>\n\t<meta name=\"twitter:data1\" content=\"4\u00a0Minuten\" \/>\n<script type=\"application\/ld+json\" class=\"yoast-schema-graph\">{\"@context\":\"https:\\\/\\\/schema.org\",\"@graph\":[{\"@type\":\"WebPage\",\"@id\":\"https:\\\/\\\/alice.ch\\\/de\\\/news\\\/das-verknuepfen-aller-kompetenzbereiche-ist-besonders-wichtig\\\/\",\"url\":\"https:\\\/\\\/alice.ch\\\/de\\\/news\\\/das-verknuepfen-aller-kompetenzbereiche-ist-besonders-wichtig\\\/\",\"name\":\"\u00abDas Verkn\u00fcpfen aller Kompetenzbereiche ist besonders wichtig\u00bb - SVEB\",\"isPartOf\":{\"@id\":\"https:\\\/\\\/alice.ch\\\/de\\\/#website\"},\"primaryImageOfPage\":{\"@id\":\"https:\\\/\\\/alice.ch\\\/de\\\/news\\\/das-verknuepfen-aller-kompetenzbereiche-ist-besonders-wichtig\\\/#primaryimage\"},\"image\":{\"@id\":\"https:\\\/\\\/alice.ch\\\/de\\\/news\\\/das-verknuepfen-aller-kompetenzbereiche-ist-besonders-wichtig\\\/#primaryimage\"},\"thumbnailUrl\":\"https:\\\/\\\/alice.ch\\\/app\\\/uploads\\\/2023\\\/11\\\/appolinary-kalashnikova-WYGhTLym344-unsplash-crop1.png\",\"datePublished\":\"2023-11-27T09:31:45+00:00\",\"dateModified\":\"2023-11-27T14:17:11+00:00\",\"breadcrumb\":{\"@id\":\"https:\\\/\\\/alice.ch\\\/de\\\/news\\\/das-verknuepfen-aller-kompetenzbereiche-ist-besonders-wichtig\\\/#breadcrumb\"},\"inLanguage\":\"de\",\"potentialAction\":[{\"@type\":\"ReadAction\",\"target\":[\"https:\\\/\\\/alice.ch\\\/de\\\/news\\\/das-verknuepfen-aller-kompetenzbereiche-ist-besonders-wichtig\\\/\"]}]},{\"@type\":\"ImageObject\",\"inLanguage\":\"de\",\"@id\":\"https:\\\/\\\/alice.ch\\\/de\\\/news\\\/das-verknuepfen-aller-kompetenzbereiche-ist-besonders-wichtig\\\/#primaryimage\",\"url\":\"https:\\\/\\\/alice.ch\\\/app\\\/uploads\\\/2023\\\/11\\\/appolinary-kalashnikova-WYGhTLym344-unsplash-crop1.png\",\"contentUrl\":\"https:\\\/\\\/alice.ch\\\/app\\\/uploads\\\/2023\\\/11\\\/appolinary-kalashnikova-WYGhTLym344-unsplash-crop1.png\",\"width\":1200,\"height\":627},{\"@type\":\"BreadcrumbList\",\"@id\":\"https:\\\/\\\/alice.ch\\\/de\\\/news\\\/das-verknuepfen-aller-kompetenzbereiche-ist-besonders-wichtig\\\/#breadcrumb\",\"itemListElement\":[{\"@type\":\"ListItem\",\"position\":1,\"name\":\"Startseite\",\"item\":\"https:\\\/\\\/alice.ch\\\/de\\\/\"},{\"@type\":\"ListItem\",\"position\":2,\"name\":\"\u00abDas Verkn\u00fcpfen aller Kompetenzbereiche ist besonders wichtig\u00bb\"}]},{\"@type\":\"WebSite\",\"@id\":\"https:\\\/\\\/alice.ch\\\/de\\\/#website\",\"url\":\"https:\\\/\\\/alice.ch\\\/de\\\/\",\"name\":\"alice.ch (Adult Learning Information Center) ist das Portal der Weiterbildung in der Schweiz.\",\"description\":\"Schweizerischer Verband f\u00fcr Weiterbildung\",\"publisher\":{\"@id\":\"https:\\\/\\\/alice.ch\\\/de\\\/#organization\"},\"potentialAction\":[{\"@type\":\"SearchAction\",\"target\":{\"@type\":\"EntryPoint\",\"urlTemplate\":\"https:\\\/\\\/alice.ch\\\/de\\\/?s={search_term_string}\"},\"query-input\":{\"@type\":\"PropertyValueSpecification\",\"valueRequired\":true,\"valueName\":\"search_term_string\"}}],\"inLanguage\":\"de\"},{\"@type\":\"Organization\",\"@id\":\"https:\\\/\\\/alice.ch\\\/de\\\/#organization\",\"name\":\"SVEB Schweizerischer Verband f\u00fcr Weiterbildung\",\"url\":\"https:\\\/\\\/alice.ch\\\/de\\\/\",\"logo\":{\"@type\":\"ImageObject\",\"inLanguage\":\"de\",\"@id\":\"https:\\\/\\\/alice.ch\\\/de\\\/#\\\/schema\\\/logo\\\/image\\\/\",\"url\":\"https:\\\/\\\/alice.ch\\\/app\\\/uploads\\\/2022\\\/07\\\/logo-sveb.png\",\"contentUrl\":\"https:\\\/\\\/alice.ch\\\/app\\\/uploads\\\/2022\\\/07\\\/logo-sveb.png\",\"width\":145,\"height\":64,\"caption\":\"SVEB Schweizerischer Verband f\u00fcr Weiterbildung\"},\"image\":{\"@id\":\"https:\\\/\\\/alice.ch\\\/de\\\/#\\\/schema\\\/logo\\\/image\\\/\"},\"sameAs\":[\"https:\\\/\\\/www.linkedin.com\\\/company\\\/schweizerischer-verband-fr-weiterbildung-sveb\\\/\"]}]}<\/script>\n<!-- \/ Yoast SEO plugin. -->","yoast_head_json":{"title":"\u00abDas Verkn\u00fcpfen aller Kompetenzbereiche ist besonders wichtig\u00bb - SVEB","robots":{"index":"index","follow":"follow","max-snippet":"max-snippet:-1","max-image-preview":"max-image-preview:large","max-video-preview":"max-video-preview:-1"},"canonical":"https:\/\/alice.ch\/de\/news\/das-verknuepfen-aller-kompetenzbereiche-ist-besonders-wichtig\/","og_locale":"de_DE","og_type":"article","og_title":"\u00abDas Verkn\u00fcpfen aller Kompetenzbereiche ist besonders wichtig\u00bb - SVEB","og_description":"Welche Kompetenzen brauchen Verantwortungstr\u00e4gerinnen und -tr\u00e4ger, um \u00abnachhaltige\u00bb Entscheidungen zu treffen? Und welche Rolle spielt dabei die Weiterbildung? Sarah Eberz, [&hellip;]","og_url":"https:\/\/alice.ch\/de\/news\/das-verknuepfen-aller-kompetenzbereiche-ist-besonders-wichtig\/","og_site_name":"SVEB","article_modified_time":"2023-11-27T14:17:11+00:00","og_image":[{"width":1200,"height":627,"url":"https:\/\/alice.ch\/app\/uploads\/2023\/11\/appolinary-kalashnikova-WYGhTLym344-unsplash-crop1.png","type":"image\/png"}],"twitter_card":"summary_large_image","twitter_misc":{"Gesch\u00e4tzte Lesezeit":"4\u00a0Minuten"},"schema":{"@context":"https:\/\/schema.org","@graph":[{"@type":"WebPage","@id":"https:\/\/alice.ch\/de\/news\/das-verknuepfen-aller-kompetenzbereiche-ist-besonders-wichtig\/","url":"https:\/\/alice.ch\/de\/news\/das-verknuepfen-aller-kompetenzbereiche-ist-besonders-wichtig\/","name":"\u00abDas Verkn\u00fcpfen aller Kompetenzbereiche ist besonders wichtig\u00bb - SVEB","isPartOf":{"@id":"https:\/\/alice.ch\/de\/#website"},"primaryImageOfPage":{"@id":"https:\/\/alice.ch\/de\/news\/das-verknuepfen-aller-kompetenzbereiche-ist-besonders-wichtig\/#primaryimage"},"image":{"@id":"https:\/\/alice.ch\/de\/news\/das-verknuepfen-aller-kompetenzbereiche-ist-besonders-wichtig\/#primaryimage"},"thumbnailUrl":"https:\/\/alice.ch\/app\/uploads\/2023\/11\/appolinary-kalashnikova-WYGhTLym344-unsplash-crop1.png","datePublished":"2023-11-27T09:31:45+00:00","dateModified":"2023-11-27T14:17:11+00:00","breadcrumb":{"@id":"https:\/\/alice.ch\/de\/news\/das-verknuepfen-aller-kompetenzbereiche-ist-besonders-wichtig\/#breadcrumb"},"inLanguage":"de","potentialAction":[{"@type":"ReadAction","target":["https:\/\/alice.ch\/de\/news\/das-verknuepfen-aller-kompetenzbereiche-ist-besonders-wichtig\/"]}]},{"@type":"ImageObject","inLanguage":"de","@id":"https:\/\/alice.ch\/de\/news\/das-verknuepfen-aller-kompetenzbereiche-ist-besonders-wichtig\/#primaryimage","url":"https:\/\/alice.ch\/app\/uploads\/2023\/11\/appolinary-kalashnikova-WYGhTLym344-unsplash-crop1.png","contentUrl":"https:\/\/alice.ch\/app\/uploads\/2023\/11\/appolinary-kalashnikova-WYGhTLym344-unsplash-crop1.png","width":1200,"height":627},{"@type":"BreadcrumbList","@id":"https:\/\/alice.ch\/de\/news\/das-verknuepfen-aller-kompetenzbereiche-ist-besonders-wichtig\/#breadcrumb","itemListElement":[{"@type":"ListItem","position":1,"name":"Startseite","item":"https:\/\/alice.ch\/de\/"},{"@type":"ListItem","position":2,"name":"\u00abDas Verkn\u00fcpfen aller Kompetenzbereiche ist besonders wichtig\u00bb"}]},{"@type":"WebSite","@id":"https:\/\/alice.ch\/de\/#website","url":"https:\/\/alice.ch\/de\/","name":"alice.ch (Adult Learning Information Center) ist das Portal der Weiterbildung in der Schweiz.","description":"Schweizerischer Verband f\u00fcr Weiterbildung","publisher":{"@id":"https:\/\/alice.ch\/de\/#organization"},"potentialAction":[{"@type":"SearchAction","target":{"@type":"EntryPoint","urlTemplate":"https:\/\/alice.ch\/de\/?s={search_term_string}"},"query-input":{"@type":"PropertyValueSpecification","valueRequired":true,"valueName":"search_term_string"}}],"inLanguage":"de"},{"@type":"Organization","@id":"https:\/\/alice.ch\/de\/#organization","name":"SVEB Schweizerischer Verband f\u00fcr Weiterbildung","url":"https:\/\/alice.ch\/de\/","logo":{"@type":"ImageObject","inLanguage":"de","@id":"https:\/\/alice.ch\/de\/#\/schema\/logo\/image\/","url":"https:\/\/alice.ch\/app\/uploads\/2022\/07\/logo-sveb.png","contentUrl":"https:\/\/alice.ch\/app\/uploads\/2022\/07\/logo-sveb.png","width":145,"height":64,"caption":"SVEB Schweizerischer Verband f\u00fcr Weiterbildung"},"image":{"@id":"https:\/\/alice.ch\/de\/#\/schema\/logo\/image\/"},"sameAs":["https:\/\/www.linkedin.com\/company\/schweizerischer-verband-fr-weiterbildung-sveb\/"]}]}},"_links":{"self":[{"href":"https:\/\/alice.ch\/de\/wp-json\/wp\/v2\/news\/56088","targetHints":{"allow":["GET"]}}],"collection":[{"href":"https:\/\/alice.ch\/de\/wp-json\/wp\/v2\/news"}],"about":[{"href":"https:\/\/alice.ch\/de\/wp-json\/wp\/v2\/types\/news"}],"author":[{"embeddable":true,"href":"https:\/\/alice.ch\/de\/wp-json\/wp\/v2\/users\/27"}],"version-history":[{"count":9,"href":"https:\/\/alice.ch\/de\/wp-json\/wp\/v2\/news\/56088\/revisions"}],"predecessor-version":[{"id":56118,"href":"https:\/\/alice.ch\/de\/wp-json\/wp\/v2\/news\/56088\/revisions\/56118"}],"wp:featuredmedia":[{"embeddable":true,"href":"https:\/\/alice.ch\/de\/wp-json\/wp\/v2\/media\/56096"}],"wp:attachment":[{"href":"https:\/\/alice.ch\/de\/wp-json\/wp\/v2\/media?parent=56088"}],"wp:term":[{"taxonomy":"news-category","embeddable":true,"href":"https:\/\/alice.ch\/de\/wp-json\/wp\/v2\/news-category?post=56088"},{"taxonomy":"global-category","embeddable":true,"href":"https:\/\/alice.ch\/de\/wp-json\/wp\/v2\/global-category?post=56088"}],"curies":[{"name":"wp","href":"https:\/\/api.w.org\/{rel}","templated":true}]}}