{"id":56410,"date":"2024-01-22T09:15:10","date_gmt":"2024-01-22T08:15:10","guid":{"rendered":"https:\/\/alice.ch\/?post_type=news&#038;p=56410"},"modified":"2024-01-22T09:45:31","modified_gmt":"2024-01-22T08:45:31","slug":"berghilfe-und-sveb-ermoeglichten-ueber-1000-weiterbildungen-in-bergregionen","status":"publish","type":"news","link":"https:\/\/alice.ch\/de\/news\/berghilfe-und-sveb-ermoeglichten-ueber-1000-weiterbildungen-in-bergregionen\/","title":{"rendered":"Berghilfe und SVEB erm\u00f6glichten \u00fcber 1000 Weiterbildungen in Bergregionen"},"content":{"rendered":"\n<p class=\"is-style-lead\">Das Gutscheinprojekt der Schweizer Berghilfe und des SVEB lief Ende 2023 aus. Dank des Projekts wurden in kleinen Betrieben im Zeitraum von 5 Jahren \u00fcber 1000 Weiterbildungen im Bereich digitale Transformation unterst\u00fctzt. Ein Fazit in Form eines Fragebogens.<\/p>\n\n\n\n<p><strong><em>Warum ist das Berggebiet benachteiligt, wenn es um den Zugang zu Bildung geht?<\/em><\/strong><br>Das Angebot im Berggebiet ist deutlich weniger ausgebaut als in den T\u00e4lern. Wenn lange Wege zu den Weiterbildungsangeboten im Tal zur\u00fcckgelegt werden m\u00fcssen, wertvolle Arbeitszeit der Angestellten aber nicht entbehrt werden kann, ist dies oftmals ein Hindernis, die anvisierte und oft dringend ben\u00f6tigte Weiterbildung zu absolvieren. Aus diesem Grund engagiert sich die Berghilfe seit Jahren f\u00fcr den Weiterbildungsbereich und ging f\u00fcr den Berghilfe-Gutschein eine Partnerschaft mit dem SVEB ein.<\/p>\n\n\n\n<p><strong><em>Warum brauchte es gerade im Bereich der digitalen Transformation einen gemeinsamen Effort von SVEB und Berghilfe?<\/em><\/strong><br>Das hat drei makro\u00f6konomische Gr\u00fcnde:<\/p>\n\n\n\n<ul class=\"wp-block-list\">\n<li>Wirtschaftsstruktur: Im Berggebiet befinden sich vor allem Klein- und Kleinstbetriebe. Gesamtschweizerisch ist festzustellen, dass KMU und Kleinstunternehmen deutlich weniger in die Weiterbildung ihrer Mitarbeitenden investieren als Grossunternehmen. <br><\/li>\n\n\n\n<li>Branchenmix: Die Besch\u00e4ftigten arbeiten zu einem deutlich gr\u00f6sseren Teil in Agrarwirtschaft und Industrie als auf die gesamte Schweiz betrachtet. Wissensintensive Branchen weisen weniger Arbeitspl\u00e4tze im Berggebiet auf als in den Zentren.<br><\/li>\n\n\n\n<li>Arbeitsmarkt: Der Arbeitsmarkt in den gering besiedelten Gebieten ist klein, und auch die Verf\u00fcgbarkeit von Fachleuten ist geringer in peripheren Gebieten. Die Arbeitskr\u00e4fte verf\u00fcgen zudem \u00fcber ein niedrigeres Ausbildungsniveau.<\/li>\n<\/ul>\n\n\n\n<p><strong><em>Woraus bestanden die Leistungen der Kooperation zwischen der Schweizer Berghilfe und dem SVEB?<\/em><\/strong><br>Das gemeinsam lancierte Angebot f\u00fcr mehr digitale Weiterbildung f\u00fcr Arbeitnehmende in den Bergregionen sah vor, dass Unternehmen, die ihre Mitarbeitenden in eine Weiterbildung zum Thema Digitalisierung schicken, die H\u00e4lfte der Kurskosten durch die Berghilfe bezahlt erhalten. Zentrale Plattform f\u00fcr die Kursauswahl und -Buchung war das Weiterbildungsportal des SVEB <a href=\"https:\/\/www.weiterbildung.swiss\/?\" target=\"_blank\" rel=\"noreferrer noopener\">weiterbildung.swiss<\/a>. Gleichzeitig starteten die Berghilfe und der SVEB 2018 eine Sensibilisierungskampagne, um einerseits Unternehmen in der Bergregion dazu zu ermuntern, die Weiterbildung ihrer Mitarbeitenden anzugehen. Zudem sollten Weiterbildungsanbieter f\u00fcr die Bed\u00fcrfnisse der Bergbev\u00f6lkerung sensibilisiert werden.<\/p>\n\n\n\n<p><strong><em>Wie hoch war die Unterst\u00fctzungsleistung durch die Schweizer Berghilfe?<\/em><\/strong><br>W\u00e4hrend den 5 Jahren Laufzeit des Programms wurden mehr als 1000 Weiterbildungen mit einem Gesamtbetrag von \u00fcber 1 Million Franken unterst\u00fctzt.&nbsp;<\/p>\n\n\n\n<p><strong><em>Welche Kurse geh\u00f6rten zum Angebot im Programm?<\/em><\/strong><br>Es bestand eine breite Auswahl an Kursen, um die verschiedenen Bildungsbed\u00fcrfnisse abzudecken. Diese reichten von Anwenderkursen f\u00fcr Office-Programme wie Excel oder bildgestalterische Programme wie Photoshop und Indesign \u00fcber Programmierkurse bis hin zu komplexeren Weiterbildungen zum Thema Digitales Marketing, Social Media und Management.<\/p>\n\n\n\n<p><strong><em>Was passiert nach Beendigung des Programms Ende 2023<\/em><\/strong>?<br>Die Schweizer Berghilfe nimmt weiterhin Gesuche zur Unterst\u00fctzung von Weiterbildungen \u00fcber ihre&nbsp;Online-Plattform&nbsp;<a href=\"http:\/\/www.berghilfe.ch\/gesuche\/bildung.ch\">www.berghilfe.ch\/gesuche\/bildung.ch<\/a>&nbsp;entgegen. Eine finanzielle Unterst\u00fctzung ist aber nur m\u00f6glich, wenn die Gesuchstellerinnen und Gesuchsteller nachweisen, dass sie als Haushalt oder als Betrieb die Weiterbildungskosten nicht selber tragen k\u00f6nnen.&nbsp;<\/p>\n\n\n\n<h2 class=\"wp-block-heading\">Weitere Informationen<\/h2>\n\n\n\n<div class=\"wp-block-buttons is-layout-flex wp-block-buttons-is-layout-flex\">\n<div class=\"wp-block-button has-custom-width wp-block-button__width-100 is-style-minimal\"><a class=\"wp-block-button__link wp-element-button\" href=\"https:\/\/alice.ch\/de\/dienstleistungen\/gutscheinprojekte-des-sveb\/\" target=\"_blank\" rel=\"noreferrer noopener\">Gutscheinprojekte des SVEB<\/a><\/div>\n\n\n\n<div class=\"wp-block-button has-custom-width wp-block-button__width-100 is-style-minimal\"><a class=\"wp-block-button__link wp-element-button\" href=\"https:\/\/www.berghilfe.ch\/gesuche\/bildung\" target=\"_blank\" rel=\"noreferrer noopener\">Angebot der Schweizer Berghilfe<\/a><\/div>\n<\/div>\n","protected":false},"excerpt":{"rendered":"<p>Das Gutscheinprojekt der Schweizer Berghilfe und des SVEB lief Ende 2023 aus. Dank des Projekts wurden in kleinen Betrieben im [&hellip;]<\/p>\n","protected":false},"author":27,"featured_media":57199,"template":"","meta":{"_acf_changed":false,"inline_featured_image":false,"footnotes":""},"news-category":[39],"global-category":[],"class_list":["post-56410","news","type-news","status-publish","has-post-thumbnail","hentry","news-category-sveb"],"acf":[],"yoast_head":"<!-- This site is optimized with the Yoast SEO plugin v27.3 - https:\/\/yoast.com\/product\/yoast-seo-wordpress\/ -->\n<title>Berghilfe und SVEB erm\u00f6glichten \u00fcber 1000 Weiterbildungen in Bergregionen - SVEB<\/title>\n<meta name=\"robots\" content=\"index, follow, max-snippet:-1, max-image-preview:large, max-video-preview:-1\" \/>\n<link rel=\"canonical\" href=\"https:\/\/alice.ch\/de\/news\/berghilfe-und-sveb-ermoeglichten-ueber-1000-weiterbildungen-in-bergregionen\/\" \/>\n<meta property=\"og:locale\" content=\"de_DE\" \/>\n<meta property=\"og:type\" content=\"article\" \/>\n<meta property=\"og:title\" content=\"Berghilfe und SVEB erm\u00f6glichten \u00fcber 1000 Weiterbildungen in Bergregionen - SVEB\" \/>\n<meta property=\"og:description\" content=\"Das Gutscheinprojekt der Schweizer Berghilfe und des SVEB lief Ende 2023 aus. Dank des Projekts wurden in kleinen Betrieben im [&hellip;]\" \/>\n<meta property=\"og:url\" content=\"https:\/\/alice.ch\/de\/news\/berghilfe-und-sveb-ermoeglichten-ueber-1000-weiterbildungen-in-bergregionen\/\" \/>\n<meta property=\"og:site_name\" content=\"SVEB\" \/>\n<meta property=\"article:modified_time\" content=\"2024-01-22T08:45:31+00:00\" \/>\n<meta property=\"og:image\" content=\"https:\/\/alice.ch\/app\/uploads\/2024\/01\/Schweizer_Berghilfe_Weiterbildung_Y6A0194-crop.png\" \/>\n\t<meta property=\"og:image:width\" content=\"1200\" \/>\n\t<meta property=\"og:image:height\" content=\"627\" \/>\n\t<meta property=\"og:image:type\" content=\"image\/png\" \/>\n<meta name=\"twitter:card\" content=\"summary_large_image\" \/>\n<meta name=\"twitter:label1\" content=\"Gesch\u00e4tzte Lesezeit\" \/>\n\t<meta name=\"twitter:data1\" content=\"2\u00a0Minuten\" \/>\n<script type=\"application\/ld+json\" class=\"yoast-schema-graph\">{\"@context\":\"https:\\\/\\\/schema.org\",\"@graph\":[{\"@type\":\"WebPage\",\"@id\":\"https:\\\/\\\/alice.ch\\\/de\\\/news\\\/berghilfe-und-sveb-ermoeglichten-ueber-1000-weiterbildungen-in-bergregionen\\\/\",\"url\":\"https:\\\/\\\/alice.ch\\\/de\\\/news\\\/berghilfe-und-sveb-ermoeglichten-ueber-1000-weiterbildungen-in-bergregionen\\\/\",\"name\":\"Berghilfe und SVEB erm\u00f6glichten \u00fcber 1000 Weiterbildungen in Bergregionen - SVEB\",\"isPartOf\":{\"@id\":\"https:\\\/\\\/alice.ch\\\/de\\\/#website\"},\"primaryImageOfPage\":{\"@id\":\"https:\\\/\\\/alice.ch\\\/de\\\/news\\\/berghilfe-und-sveb-ermoeglichten-ueber-1000-weiterbildungen-in-bergregionen\\\/#primaryimage\"},\"image\":{\"@id\":\"https:\\\/\\\/alice.ch\\\/de\\\/news\\\/berghilfe-und-sveb-ermoeglichten-ueber-1000-weiterbildungen-in-bergregionen\\\/#primaryimage\"},\"thumbnailUrl\":\"https:\\\/\\\/alice.ch\\\/app\\\/uploads\\\/2024\\\/01\\\/Schweizer_Berghilfe_Weiterbildung_Y6A0194-crop.png\",\"datePublished\":\"2024-01-22T08:15:10+00:00\",\"dateModified\":\"2024-01-22T08:45:31+00:00\",\"breadcrumb\":{\"@id\":\"https:\\\/\\\/alice.ch\\\/de\\\/news\\\/berghilfe-und-sveb-ermoeglichten-ueber-1000-weiterbildungen-in-bergregionen\\\/#breadcrumb\"},\"inLanguage\":\"de\",\"potentialAction\":[{\"@type\":\"ReadAction\",\"target\":[\"https:\\\/\\\/alice.ch\\\/de\\\/news\\\/berghilfe-und-sveb-ermoeglichten-ueber-1000-weiterbildungen-in-bergregionen\\\/\"]}]},{\"@type\":\"ImageObject\",\"inLanguage\":\"de\",\"@id\":\"https:\\\/\\\/alice.ch\\\/de\\\/news\\\/berghilfe-und-sveb-ermoeglichten-ueber-1000-weiterbildungen-in-bergregionen\\\/#primaryimage\",\"url\":\"https:\\\/\\\/alice.ch\\\/app\\\/uploads\\\/2024\\\/01\\\/Schweizer_Berghilfe_Weiterbildung_Y6A0194-crop.png\",\"contentUrl\":\"https:\\\/\\\/alice.ch\\\/app\\\/uploads\\\/2024\\\/01\\\/Schweizer_Berghilfe_Weiterbildung_Y6A0194-crop.png\",\"width\":1200,\"height\":627},{\"@type\":\"BreadcrumbList\",\"@id\":\"https:\\\/\\\/alice.ch\\\/de\\\/news\\\/berghilfe-und-sveb-ermoeglichten-ueber-1000-weiterbildungen-in-bergregionen\\\/#breadcrumb\",\"itemListElement\":[{\"@type\":\"ListItem\",\"position\":1,\"name\":\"Startseite\",\"item\":\"https:\\\/\\\/alice.ch\\\/de\\\/\"},{\"@type\":\"ListItem\",\"position\":2,\"name\":\"Berghilfe und SVEB erm\u00f6glichten \u00fcber 1000 Weiterbildungen in Bergregionen\"}]},{\"@type\":\"WebSite\",\"@id\":\"https:\\\/\\\/alice.ch\\\/de\\\/#website\",\"url\":\"https:\\\/\\\/alice.ch\\\/de\\\/\",\"name\":\"alice.ch (Adult Learning Information Center) ist das Portal der Weiterbildung in der Schweiz.\",\"description\":\"Schweizerischer Verband f\u00fcr Weiterbildung\",\"publisher\":{\"@id\":\"https:\\\/\\\/alice.ch\\\/de\\\/#organization\"},\"potentialAction\":[{\"@type\":\"SearchAction\",\"target\":{\"@type\":\"EntryPoint\",\"urlTemplate\":\"https:\\\/\\\/alice.ch\\\/de\\\/?s={search_term_string}\"},\"query-input\":{\"@type\":\"PropertyValueSpecification\",\"valueRequired\":true,\"valueName\":\"search_term_string\"}}],\"inLanguage\":\"de\"},{\"@type\":\"Organization\",\"@id\":\"https:\\\/\\\/alice.ch\\\/de\\\/#organization\",\"name\":\"SVEB Schweizerischer Verband f\u00fcr Weiterbildung\",\"url\":\"https:\\\/\\\/alice.ch\\\/de\\\/\",\"logo\":{\"@type\":\"ImageObject\",\"inLanguage\":\"de\",\"@id\":\"https:\\\/\\\/alice.ch\\\/de\\\/#\\\/schema\\\/logo\\\/image\\\/\",\"url\":\"https:\\\/\\\/alice.ch\\\/app\\\/uploads\\\/2022\\\/07\\\/logo-sveb.png\",\"contentUrl\":\"https:\\\/\\\/alice.ch\\\/app\\\/uploads\\\/2022\\\/07\\\/logo-sveb.png\",\"width\":145,\"height\":64,\"caption\":\"SVEB Schweizerischer Verband f\u00fcr Weiterbildung\"},\"image\":{\"@id\":\"https:\\\/\\\/alice.ch\\\/de\\\/#\\\/schema\\\/logo\\\/image\\\/\"},\"sameAs\":[\"https:\\\/\\\/www.linkedin.com\\\/company\\\/schweizerischer-verband-fr-weiterbildung-sveb\\\/\"]}]}<\/script>\n<!-- \/ Yoast SEO plugin. -->","yoast_head_json":{"title":"Berghilfe und SVEB erm\u00f6glichten \u00fcber 1000 Weiterbildungen in Bergregionen - SVEB","robots":{"index":"index","follow":"follow","max-snippet":"max-snippet:-1","max-image-preview":"max-image-preview:large","max-video-preview":"max-video-preview:-1"},"canonical":"https:\/\/alice.ch\/de\/news\/berghilfe-und-sveb-ermoeglichten-ueber-1000-weiterbildungen-in-bergregionen\/","og_locale":"de_DE","og_type":"article","og_title":"Berghilfe und SVEB erm\u00f6glichten \u00fcber 1000 Weiterbildungen in Bergregionen - SVEB","og_description":"Das Gutscheinprojekt der Schweizer Berghilfe und des SVEB lief Ende 2023 aus. Dank des Projekts wurden in kleinen Betrieben im [&hellip;]","og_url":"https:\/\/alice.ch\/de\/news\/berghilfe-und-sveb-ermoeglichten-ueber-1000-weiterbildungen-in-bergregionen\/","og_site_name":"SVEB","article_modified_time":"2024-01-22T08:45:31+00:00","og_image":[{"width":1200,"height":627,"url":"https:\/\/alice.ch\/app\/uploads\/2024\/01\/Schweizer_Berghilfe_Weiterbildung_Y6A0194-crop.png","type":"image\/png"}],"twitter_card":"summary_large_image","twitter_misc":{"Gesch\u00e4tzte Lesezeit":"2\u00a0Minuten"},"schema":{"@context":"https:\/\/schema.org","@graph":[{"@type":"WebPage","@id":"https:\/\/alice.ch\/de\/news\/berghilfe-und-sveb-ermoeglichten-ueber-1000-weiterbildungen-in-bergregionen\/","url":"https:\/\/alice.ch\/de\/news\/berghilfe-und-sveb-ermoeglichten-ueber-1000-weiterbildungen-in-bergregionen\/","name":"Berghilfe und SVEB erm\u00f6glichten \u00fcber 1000 Weiterbildungen in Bergregionen - SVEB","isPartOf":{"@id":"https:\/\/alice.ch\/de\/#website"},"primaryImageOfPage":{"@id":"https:\/\/alice.ch\/de\/news\/berghilfe-und-sveb-ermoeglichten-ueber-1000-weiterbildungen-in-bergregionen\/#primaryimage"},"image":{"@id":"https:\/\/alice.ch\/de\/news\/berghilfe-und-sveb-ermoeglichten-ueber-1000-weiterbildungen-in-bergregionen\/#primaryimage"},"thumbnailUrl":"https:\/\/alice.ch\/app\/uploads\/2024\/01\/Schweizer_Berghilfe_Weiterbildung_Y6A0194-crop.png","datePublished":"2024-01-22T08:15:10+00:00","dateModified":"2024-01-22T08:45:31+00:00","breadcrumb":{"@id":"https:\/\/alice.ch\/de\/news\/berghilfe-und-sveb-ermoeglichten-ueber-1000-weiterbildungen-in-bergregionen\/#breadcrumb"},"inLanguage":"de","potentialAction":[{"@type":"ReadAction","target":["https:\/\/alice.ch\/de\/news\/berghilfe-und-sveb-ermoeglichten-ueber-1000-weiterbildungen-in-bergregionen\/"]}]},{"@type":"ImageObject","inLanguage":"de","@id":"https:\/\/alice.ch\/de\/news\/berghilfe-und-sveb-ermoeglichten-ueber-1000-weiterbildungen-in-bergregionen\/#primaryimage","url":"https:\/\/alice.ch\/app\/uploads\/2024\/01\/Schweizer_Berghilfe_Weiterbildung_Y6A0194-crop.png","contentUrl":"https:\/\/alice.ch\/app\/uploads\/2024\/01\/Schweizer_Berghilfe_Weiterbildung_Y6A0194-crop.png","width":1200,"height":627},{"@type":"BreadcrumbList","@id":"https:\/\/alice.ch\/de\/news\/berghilfe-und-sveb-ermoeglichten-ueber-1000-weiterbildungen-in-bergregionen\/#breadcrumb","itemListElement":[{"@type":"ListItem","position":1,"name":"Startseite","item":"https:\/\/alice.ch\/de\/"},{"@type":"ListItem","position":2,"name":"Berghilfe und SVEB erm\u00f6glichten \u00fcber 1000 Weiterbildungen in Bergregionen"}]},{"@type":"WebSite","@id":"https:\/\/alice.ch\/de\/#website","url":"https:\/\/alice.ch\/de\/","name":"alice.ch (Adult Learning Information Center) ist das Portal der Weiterbildung in der Schweiz.","description":"Schweizerischer Verband f\u00fcr Weiterbildung","publisher":{"@id":"https:\/\/alice.ch\/de\/#organization"},"potentialAction":[{"@type":"SearchAction","target":{"@type":"EntryPoint","urlTemplate":"https:\/\/alice.ch\/de\/?s={search_term_string}"},"query-input":{"@type":"PropertyValueSpecification","valueRequired":true,"valueName":"search_term_string"}}],"inLanguage":"de"},{"@type":"Organization","@id":"https:\/\/alice.ch\/de\/#organization","name":"SVEB Schweizerischer Verband f\u00fcr Weiterbildung","url":"https:\/\/alice.ch\/de\/","logo":{"@type":"ImageObject","inLanguage":"de","@id":"https:\/\/alice.ch\/de\/#\/schema\/logo\/image\/","url":"https:\/\/alice.ch\/app\/uploads\/2022\/07\/logo-sveb.png","contentUrl":"https:\/\/alice.ch\/app\/uploads\/2022\/07\/logo-sveb.png","width":145,"height":64,"caption":"SVEB Schweizerischer Verband f\u00fcr Weiterbildung"},"image":{"@id":"https:\/\/alice.ch\/de\/#\/schema\/logo\/image\/"},"sameAs":["https:\/\/www.linkedin.com\/company\/schweizerischer-verband-fr-weiterbildung-sveb\/"]}]}},"_links":{"self":[{"href":"https:\/\/alice.ch\/de\/wp-json\/wp\/v2\/news\/56410","targetHints":{"allow":["GET"]}}],"collection":[{"href":"https:\/\/alice.ch\/de\/wp-json\/wp\/v2\/news"}],"about":[{"href":"https:\/\/alice.ch\/de\/wp-json\/wp\/v2\/types\/news"}],"author":[{"embeddable":true,"href":"https:\/\/alice.ch\/de\/wp-json\/wp\/v2\/users\/27"}],"version-history":[{"count":9,"href":"https:\/\/alice.ch\/de\/wp-json\/wp\/v2\/news\/56410\/revisions"}],"predecessor-version":[{"id":57246,"href":"https:\/\/alice.ch\/de\/wp-json\/wp\/v2\/news\/56410\/revisions\/57246"}],"wp:featuredmedia":[{"embeddable":true,"href":"https:\/\/alice.ch\/de\/wp-json\/wp\/v2\/media\/57199"}],"wp:attachment":[{"href":"https:\/\/alice.ch\/de\/wp-json\/wp\/v2\/media?parent=56410"}],"wp:term":[{"taxonomy":"news-category","embeddable":true,"href":"https:\/\/alice.ch\/de\/wp-json\/wp\/v2\/news-category?post=56410"},{"taxonomy":"global-category","embeddable":true,"href":"https:\/\/alice.ch\/de\/wp-json\/wp\/v2\/global-category?post=56410"}],"curies":[{"name":"wp","href":"https:\/\/api.w.org\/{rel}","templated":true}]}}