{"id":56503,"date":"2023-12-08T12:59:26","date_gmt":"2023-12-08T11:59:26","guid":{"rendered":"https:\/\/alice.ch\/?post_type=news&#038;p=56503"},"modified":"2023-12-08T12:59:29","modified_gmt":"2023-12-08T11:59:29","slug":"die-innovationspreis-diese-weiterbildungen-foerdern-den-sozial-oekonomischen-wandel","status":"publish","type":"news","link":"https:\/\/alice.ch\/de\/news\/die-innovationspreis-diese-weiterbildungen-foerdern-den-sozial-oekonomischen-wandel\/","title":{"rendered":"DIE-Innovationspreis: Diese Weiterbildungen f\u00f6rdern den sozial-\u00f6konomischen Wandel"},"content":{"rendered":"\n<p class=\"is-style-lead\">Das Deutsche Institut f\u00fcr Erwachsenenbildung DIE verleiht alle zwei Jahre den Preis f\u00fcr Innovation in der Erwachsenenbildung. Diesmal wurden vier Projekte pr\u00e4miert, \u00abwelche die sozial-\u00f6konomische Transformation durch Bildung gestalten\u00bb.<\/p>\n\n\n\n<p>Seit 1997 vergibt das <a href=\"https:\/\/www.die-bonn.de\/\" target=\"_blank\" rel=\"noreferrer noopener\">DIE<\/a> den Preis f\u00fcr Innovation in der Erwachsenenbildung. Die Auszeichnung macht gem\u00e4ss eigenen Angaben neue und vielversprechende Ans\u00e4tze in der Weiterbildung publik und stellt sie einer breiteren \u00d6ffentlichkeit zur Diskussion. Zu den zentralen Kriterien f\u00fcr die Auszeichnung der Projekte geh\u00f6rt, dass sie innovativ und praxiserprobt sind und der Erwachsenenbildung neue Impulse geben.<\/p>\n\n\n\n<p>2023 zeichne das DIE Lernangebote und Projekte aus, die zeigen, wie Weiterbildung einen gerechten und nachhaltigen Fortschritt unterst\u00fctzen kann, schreibt das Institut in einer Medienmitteilung. Das sind die pr\u00e4mierten Institutionen und Projekte:<\/p>\n\n\n\n<h2 class=\"wp-block-heading\">Ethische und psychologische Hintergr\u00fcnde des Wirtschaftens<\/h2>\n\n\n\n<p>Die&nbsp;\u00ab<a href=\"https:\/\/youtu.be\/0tyFJr4spU8\">Weiterbildung Wirtschaftsethik<\/a>\u00bb&nbsp;der Thales-Akademie f\u00fcr angewandte Philosophie \u2013 gemeinn\u00fctzige GmbH und der Universit\u00e4t Freiburg verfolgt folgende Idee: Gewachsene Denkmuster und normative \u00dcberzeugungen, die Verhaltensroutinen und Institutionen bis heute bestimmen und nicht zukunftsf\u00e4hig sind, m\u00fcssen hinterfragt und erneuert werden, um eine \u00abenkeltaugliche\u00bb Transformation zu schaffen. Deshalb erm\u00f6glicht die \u00abWeiterbildung Wirtschaftsethik\u00bb es Menschen, die in Wirtschaft, Staat und Zivilgesellschaft Verantwortung tragen, sich tiefer mit den ethischen und psychologischen Hintergr\u00fcnden unseres Wirtschaftens und Arbeitens zu besch\u00e4ftigen und innovative Konzepte und Praxisbeispiele kennenzulernen. Die Weiterbildung schliesst mit einem international anerkannten Certificate of Advanced Studies (CAS) in Wirtschaftsethik ab.<\/p>\n\n\n\n<h2 class=\"wp-block-heading\">Nachhaltiger Umgang mit nat\u00fcrlichen Lebensgrundlangen f\u00fcr Menschen mit Assistenzbedarf<\/h2>\n\n\n\n<p>Das Projekt \u00ab<a href=\"https:\/\/youtu.be\/2dWD8oEScck\">kaffeepause<\/a>&nbsp;\u2013 \u00f6kologische und kulturelle Erwachsenenbildung f\u00fcr Menschen mit Assistenzbedarf\u00bb soll die selbstbestimmte Teilhabe von Menschen mit Assistenzbedarf sowie einen gerechten und nachhaltigen Fortschritt im Umgang mit den nat\u00fcrlichen Lebensgrundlagen f\u00f6rdern. Menschen mit Handicap sollen sich zu \u00f6kologischen Themen weiterbilden, sich durch eine k\u00fcnstlerische Auseinandersetzung mit \u00f6kologischen Themen Kenntnisse \u00fcber \u00f6kologische Zusammenh\u00e4nge erarbeiten und lernen, die Auswirkungen des eigenen Handelns auf die Welt zu verstehen. Dabei entstehen literarische Texte und Bilder, die in der Zeitschrift \u00abkaffeepause\u00bb ver\u00f6ffentlicht&nbsp;werden. Ziel ist es, die Teilnehmenden zum nachhaltigen Handeln zu motivieren und sie durch \u00f6kologische Bildung dazu zu bef\u00e4higen. \u201ekaffeepause\u201c ist ein Projekt der Evangelischen Erwachsenenbildung Sachsen und der Diakonie St.&nbsp;Martin.<\/p>\n\n\n\n<h2 class=\"wp-block-heading\">Partizipative Diskussions- und Lernr\u00e4ume f\u00fcr Demokratie und Nachhaltigkeit<\/h2>\n\n\n\n<p>Im Projekt \u00ab<a href=\"https:\/\/youtu.be\/zpeuOh-McBo\">OUR VOICES \u2013 OUR PLANET<\/a>&nbsp;\u2013 Globaler Dialog und Globales Lernen f\u00fcr Demokratie und Nachhaltigkeit\u00bb entwickeln die Partner analoge und digitale Bildungsformate, durch die Verbindungen von Demokratie und Nachhaltigkeit deutlich werden sowie Handlungsm\u00f6glichkeiten aufgezeigt werden. Mit Quizzen, Video-Interviews, einem Spiel, einem Selbstlernmodul, Workshops, Fachtagen und Online-Talks er\u00f6ffnet das Projekt partizipative Diskussions- und Lernr\u00e4ume. Zielgruppen sind Jugendliche, Erwachsene und Lehrende. In alle Bildungsaktivit\u00e4ten sind Fachleute aus dem Globalen S\u00fcden eingebunden; der globale Dialog und das Lernen von- und miteinander inspirieren. Mut machende Praxisbeispiele aus aller Welt motivieren, selbst aktiv zu werden in Transformationsprozessen f\u00fcr Demokratie, Nachhaltigkeit und globale Gerechtigkeit. Ein Projekt des Vereins Nieders\u00e4chsischer Bildungsinitiativen e.V. (VNB) und von \u00abLearn2Change \u2013 Global Network of Educational Activists\u00bb.&nbsp;<\/p>\n\n\n\n<h2 class=\"wp-block-heading\">Im herzlich-konstruktiven Miteinander Zukunft anpacken<\/h2>\n\n\n\n<p>Die Menschen, die sich in der&nbsp;\u00ab<a href=\"https:\/\/youtu.be\/uud2nu86Thk\">Akademie des Wandels<\/a>\u00bb&nbsp;zusammengetan haben, wollen einen Beitrag zur tiefgreifenden sozial-\u00f6kologischen Transformation leisten. Deshalb hat sich die Akademie zum Ziel gesetzt, Menschen und Organisationen aus Zivilgesellschaft, Politik und Verwaltung daf\u00fcr zu bef\u00e4higen und zu begeistern, in einem \u00abherzlich-konstruktiven Miteinander Zukunft anzupacken \u2013 vor Ort\u00bb. Die Akademie bildet entschlossene Gestalterinnen und Gestalter von Wandel aus und unterst\u00fctzt sie mit innovativen Methoden dabei, Begegnungsr\u00e4ume zu schaffen und eine Kultur des Miteinanders als N\u00e4hrboden f\u00fcr erfolgreiches gemeinsames Wirken zu etablieren. Die Akademie will Inspirations-Ort, Wissensvermittlerin und Erfahrungsraum f\u00fcr begeisterndes, inspirierendes, wertsch\u00e4tzendes und verbindendes Anpacken sein. Die Akademie gibt es seit zehn Jahren in der D\u00f6rfergemeinschaft Flegessen, Hasperde und Klein S\u00fcntel im Weserbergland.<\/p>\n","protected":false},"excerpt":{"rendered":"<p>Das Deutsche Institut f\u00fcr Erwachsenenbildung DIE verleiht alle zwei Jahre den Preis f\u00fcr Innovation in der Erwachsenenbildung. Diesmal wurden vier [&hellip;]<\/p>\n","protected":false},"author":27,"featured_media":56505,"template":"","meta":{"_acf_changed":false,"inline_featured_image":false,"footnotes":""},"news-category":[31],"global-category":[],"class_list":["post-56503","news","type-news","status-publish","has-post-thumbnail","hentry","news-category-branche"],"acf":[],"yoast_head":"<!-- This site is optimized with the Yoast SEO plugin v27.3 - https:\/\/yoast.com\/product\/yoast-seo-wordpress\/ -->\n<title>DIE-Innovationspreis: Diese Weiterbildungen f\u00f6rdern den sozial-\u00f6konomischen Wandel - SVEB<\/title>\n<meta name=\"robots\" content=\"index, follow, max-snippet:-1, max-image-preview:large, max-video-preview:-1\" \/>\n<link rel=\"canonical\" href=\"https:\/\/alice.ch\/de\/news\/die-innovationspreis-diese-weiterbildungen-foerdern-den-sozial-oekonomischen-wandel\/\" \/>\n<meta property=\"og:locale\" content=\"de_DE\" \/>\n<meta property=\"og:type\" content=\"article\" \/>\n<meta property=\"og:title\" content=\"DIE-Innovationspreis: Diese Weiterbildungen f\u00f6rdern den sozial-\u00f6konomischen Wandel - SVEB\" \/>\n<meta property=\"og:description\" content=\"Das Deutsche Institut f\u00fcr Erwachsenenbildung DIE verleiht alle zwei Jahre den Preis f\u00fcr Innovation in der Erwachsenenbildung. Diesmal wurden vier [&hellip;]\" \/>\n<meta property=\"og:url\" content=\"https:\/\/alice.ch\/de\/news\/die-innovationspreis-diese-weiterbildungen-foerdern-den-sozial-oekonomischen-wandel\/\" \/>\n<meta property=\"og:site_name\" content=\"SVEB\" \/>\n<meta property=\"article:modified_time\" content=\"2023-12-08T11:59:29+00:00\" \/>\n<meta property=\"og:image\" content=\"https:\/\/alice.ch\/app\/uploads\/2023\/12\/DIE-Innovationspreis.png\" \/>\n\t<meta property=\"og:image:width\" content=\"1200\" \/>\n\t<meta property=\"og:image:height\" content=\"627\" \/>\n\t<meta property=\"og:image:type\" content=\"image\/png\" \/>\n<meta name=\"twitter:card\" content=\"summary_large_image\" \/>\n<meta name=\"twitter:label1\" content=\"Gesch\u00e4tzte Lesezeit\" \/>\n\t<meta name=\"twitter:data1\" content=\"3\u00a0Minuten\" \/>\n<script type=\"application\/ld+json\" class=\"yoast-schema-graph\">{\"@context\":\"https:\\\/\\\/schema.org\",\"@graph\":[{\"@type\":\"WebPage\",\"@id\":\"https:\\\/\\\/alice.ch\\\/de\\\/news\\\/die-innovationspreis-diese-weiterbildungen-foerdern-den-sozial-oekonomischen-wandel\\\/\",\"url\":\"https:\\\/\\\/alice.ch\\\/de\\\/news\\\/die-innovationspreis-diese-weiterbildungen-foerdern-den-sozial-oekonomischen-wandel\\\/\",\"name\":\"DIE-Innovationspreis: Diese Weiterbildungen f\u00f6rdern den sozial-\u00f6konomischen Wandel - SVEB\",\"isPartOf\":{\"@id\":\"https:\\\/\\\/alice.ch\\\/de\\\/#website\"},\"primaryImageOfPage\":{\"@id\":\"https:\\\/\\\/alice.ch\\\/de\\\/news\\\/die-innovationspreis-diese-weiterbildungen-foerdern-den-sozial-oekonomischen-wandel\\\/#primaryimage\"},\"image\":{\"@id\":\"https:\\\/\\\/alice.ch\\\/de\\\/news\\\/die-innovationspreis-diese-weiterbildungen-foerdern-den-sozial-oekonomischen-wandel\\\/#primaryimage\"},\"thumbnailUrl\":\"https:\\\/\\\/alice.ch\\\/app\\\/uploads\\\/2023\\\/12\\\/DIE-Innovationspreis.png\",\"datePublished\":\"2023-12-08T11:59:26+00:00\",\"dateModified\":\"2023-12-08T11:59:29+00:00\",\"breadcrumb\":{\"@id\":\"https:\\\/\\\/alice.ch\\\/de\\\/news\\\/die-innovationspreis-diese-weiterbildungen-foerdern-den-sozial-oekonomischen-wandel\\\/#breadcrumb\"},\"inLanguage\":\"de\",\"potentialAction\":[{\"@type\":\"ReadAction\",\"target\":[\"https:\\\/\\\/alice.ch\\\/de\\\/news\\\/die-innovationspreis-diese-weiterbildungen-foerdern-den-sozial-oekonomischen-wandel\\\/\"]}]},{\"@type\":\"ImageObject\",\"inLanguage\":\"de\",\"@id\":\"https:\\\/\\\/alice.ch\\\/de\\\/news\\\/die-innovationspreis-diese-weiterbildungen-foerdern-den-sozial-oekonomischen-wandel\\\/#primaryimage\",\"url\":\"https:\\\/\\\/alice.ch\\\/app\\\/uploads\\\/2023\\\/12\\\/DIE-Innovationspreis.png\",\"contentUrl\":\"https:\\\/\\\/alice.ch\\\/app\\\/uploads\\\/2023\\\/12\\\/DIE-Innovationspreis.png\",\"width\":1200,\"height\":627},{\"@type\":\"BreadcrumbList\",\"@id\":\"https:\\\/\\\/alice.ch\\\/de\\\/news\\\/die-innovationspreis-diese-weiterbildungen-foerdern-den-sozial-oekonomischen-wandel\\\/#breadcrumb\",\"itemListElement\":[{\"@type\":\"ListItem\",\"position\":1,\"name\":\"Startseite\",\"item\":\"https:\\\/\\\/alice.ch\\\/de\\\/\"},{\"@type\":\"ListItem\",\"position\":2,\"name\":\"DIE-Innovationspreis: Diese Weiterbildungen f\u00f6rdern den sozial-\u00f6konomischen Wandel\"}]},{\"@type\":\"WebSite\",\"@id\":\"https:\\\/\\\/alice.ch\\\/de\\\/#website\",\"url\":\"https:\\\/\\\/alice.ch\\\/de\\\/\",\"name\":\"alice.ch (Adult Learning Information Center) ist das Portal der Weiterbildung in der Schweiz.\",\"description\":\"Schweizerischer Verband f\u00fcr Weiterbildung\",\"publisher\":{\"@id\":\"https:\\\/\\\/alice.ch\\\/de\\\/#organization\"},\"potentialAction\":[{\"@type\":\"SearchAction\",\"target\":{\"@type\":\"EntryPoint\",\"urlTemplate\":\"https:\\\/\\\/alice.ch\\\/de\\\/?s={search_term_string}\"},\"query-input\":{\"@type\":\"PropertyValueSpecification\",\"valueRequired\":true,\"valueName\":\"search_term_string\"}}],\"inLanguage\":\"de\"},{\"@type\":\"Organization\",\"@id\":\"https:\\\/\\\/alice.ch\\\/de\\\/#organization\",\"name\":\"SVEB Schweizerischer Verband f\u00fcr Weiterbildung\",\"url\":\"https:\\\/\\\/alice.ch\\\/de\\\/\",\"logo\":{\"@type\":\"ImageObject\",\"inLanguage\":\"de\",\"@id\":\"https:\\\/\\\/alice.ch\\\/de\\\/#\\\/schema\\\/logo\\\/image\\\/\",\"url\":\"https:\\\/\\\/alice.ch\\\/app\\\/uploads\\\/2022\\\/07\\\/logo-sveb.png\",\"contentUrl\":\"https:\\\/\\\/alice.ch\\\/app\\\/uploads\\\/2022\\\/07\\\/logo-sveb.png\",\"width\":145,\"height\":64,\"caption\":\"SVEB Schweizerischer Verband f\u00fcr Weiterbildung\"},\"image\":{\"@id\":\"https:\\\/\\\/alice.ch\\\/de\\\/#\\\/schema\\\/logo\\\/image\\\/\"},\"sameAs\":[\"https:\\\/\\\/www.linkedin.com\\\/company\\\/schweizerischer-verband-fr-weiterbildung-sveb\\\/\"]}]}<\/script>\n<!-- \/ Yoast SEO plugin. -->","yoast_head_json":{"title":"DIE-Innovationspreis: Diese Weiterbildungen f\u00f6rdern den sozial-\u00f6konomischen Wandel - SVEB","robots":{"index":"index","follow":"follow","max-snippet":"max-snippet:-1","max-image-preview":"max-image-preview:large","max-video-preview":"max-video-preview:-1"},"canonical":"https:\/\/alice.ch\/de\/news\/die-innovationspreis-diese-weiterbildungen-foerdern-den-sozial-oekonomischen-wandel\/","og_locale":"de_DE","og_type":"article","og_title":"DIE-Innovationspreis: Diese Weiterbildungen f\u00f6rdern den sozial-\u00f6konomischen Wandel - SVEB","og_description":"Das Deutsche Institut f\u00fcr Erwachsenenbildung DIE verleiht alle zwei Jahre den Preis f\u00fcr Innovation in der Erwachsenenbildung. Diesmal wurden vier [&hellip;]","og_url":"https:\/\/alice.ch\/de\/news\/die-innovationspreis-diese-weiterbildungen-foerdern-den-sozial-oekonomischen-wandel\/","og_site_name":"SVEB","article_modified_time":"2023-12-08T11:59:29+00:00","og_image":[{"width":1200,"height":627,"url":"https:\/\/alice.ch\/app\/uploads\/2023\/12\/DIE-Innovationspreis.png","type":"image\/png"}],"twitter_card":"summary_large_image","twitter_misc":{"Gesch\u00e4tzte Lesezeit":"3\u00a0Minuten"},"schema":{"@context":"https:\/\/schema.org","@graph":[{"@type":"WebPage","@id":"https:\/\/alice.ch\/de\/news\/die-innovationspreis-diese-weiterbildungen-foerdern-den-sozial-oekonomischen-wandel\/","url":"https:\/\/alice.ch\/de\/news\/die-innovationspreis-diese-weiterbildungen-foerdern-den-sozial-oekonomischen-wandel\/","name":"DIE-Innovationspreis: Diese Weiterbildungen f\u00f6rdern den sozial-\u00f6konomischen Wandel - SVEB","isPartOf":{"@id":"https:\/\/alice.ch\/de\/#website"},"primaryImageOfPage":{"@id":"https:\/\/alice.ch\/de\/news\/die-innovationspreis-diese-weiterbildungen-foerdern-den-sozial-oekonomischen-wandel\/#primaryimage"},"image":{"@id":"https:\/\/alice.ch\/de\/news\/die-innovationspreis-diese-weiterbildungen-foerdern-den-sozial-oekonomischen-wandel\/#primaryimage"},"thumbnailUrl":"https:\/\/alice.ch\/app\/uploads\/2023\/12\/DIE-Innovationspreis.png","datePublished":"2023-12-08T11:59:26+00:00","dateModified":"2023-12-08T11:59:29+00:00","breadcrumb":{"@id":"https:\/\/alice.ch\/de\/news\/die-innovationspreis-diese-weiterbildungen-foerdern-den-sozial-oekonomischen-wandel\/#breadcrumb"},"inLanguage":"de","potentialAction":[{"@type":"ReadAction","target":["https:\/\/alice.ch\/de\/news\/die-innovationspreis-diese-weiterbildungen-foerdern-den-sozial-oekonomischen-wandel\/"]}]},{"@type":"ImageObject","inLanguage":"de","@id":"https:\/\/alice.ch\/de\/news\/die-innovationspreis-diese-weiterbildungen-foerdern-den-sozial-oekonomischen-wandel\/#primaryimage","url":"https:\/\/alice.ch\/app\/uploads\/2023\/12\/DIE-Innovationspreis.png","contentUrl":"https:\/\/alice.ch\/app\/uploads\/2023\/12\/DIE-Innovationspreis.png","width":1200,"height":627},{"@type":"BreadcrumbList","@id":"https:\/\/alice.ch\/de\/news\/die-innovationspreis-diese-weiterbildungen-foerdern-den-sozial-oekonomischen-wandel\/#breadcrumb","itemListElement":[{"@type":"ListItem","position":1,"name":"Startseite","item":"https:\/\/alice.ch\/de\/"},{"@type":"ListItem","position":2,"name":"DIE-Innovationspreis: Diese Weiterbildungen f\u00f6rdern den sozial-\u00f6konomischen Wandel"}]},{"@type":"WebSite","@id":"https:\/\/alice.ch\/de\/#website","url":"https:\/\/alice.ch\/de\/","name":"alice.ch (Adult Learning Information Center) ist das Portal der Weiterbildung in der Schweiz.","description":"Schweizerischer Verband f\u00fcr Weiterbildung","publisher":{"@id":"https:\/\/alice.ch\/de\/#organization"},"potentialAction":[{"@type":"SearchAction","target":{"@type":"EntryPoint","urlTemplate":"https:\/\/alice.ch\/de\/?s={search_term_string}"},"query-input":{"@type":"PropertyValueSpecification","valueRequired":true,"valueName":"search_term_string"}}],"inLanguage":"de"},{"@type":"Organization","@id":"https:\/\/alice.ch\/de\/#organization","name":"SVEB Schweizerischer Verband f\u00fcr Weiterbildung","url":"https:\/\/alice.ch\/de\/","logo":{"@type":"ImageObject","inLanguage":"de","@id":"https:\/\/alice.ch\/de\/#\/schema\/logo\/image\/","url":"https:\/\/alice.ch\/app\/uploads\/2022\/07\/logo-sveb.png","contentUrl":"https:\/\/alice.ch\/app\/uploads\/2022\/07\/logo-sveb.png","width":145,"height":64,"caption":"SVEB Schweizerischer Verband f\u00fcr Weiterbildung"},"image":{"@id":"https:\/\/alice.ch\/de\/#\/schema\/logo\/image\/"},"sameAs":["https:\/\/www.linkedin.com\/company\/schweizerischer-verband-fr-weiterbildung-sveb\/"]}]}},"_links":{"self":[{"href":"https:\/\/alice.ch\/de\/wp-json\/wp\/v2\/news\/56503","targetHints":{"allow":["GET"]}}],"collection":[{"href":"https:\/\/alice.ch\/de\/wp-json\/wp\/v2\/news"}],"about":[{"href":"https:\/\/alice.ch\/de\/wp-json\/wp\/v2\/types\/news"}],"author":[{"embeddable":true,"href":"https:\/\/alice.ch\/de\/wp-json\/wp\/v2\/users\/27"}],"version-history":[{"count":2,"href":"https:\/\/alice.ch\/de\/wp-json\/wp\/v2\/news\/56503\/revisions"}],"predecessor-version":[{"id":56509,"href":"https:\/\/alice.ch\/de\/wp-json\/wp\/v2\/news\/56503\/revisions\/56509"}],"wp:featuredmedia":[{"embeddable":true,"href":"https:\/\/alice.ch\/de\/wp-json\/wp\/v2\/media\/56505"}],"wp:attachment":[{"href":"https:\/\/alice.ch\/de\/wp-json\/wp\/v2\/media?parent=56503"}],"wp:term":[{"taxonomy":"news-category","embeddable":true,"href":"https:\/\/alice.ch\/de\/wp-json\/wp\/v2\/news-category?post=56503"},{"taxonomy":"global-category","embeddable":true,"href":"https:\/\/alice.ch\/de\/wp-json\/wp\/v2\/global-category?post=56503"}],"curies":[{"name":"wp","href":"https:\/\/api.w.org\/{rel}","templated":true}]}}