{"id":57059,"date":"2024-01-05T11:33:30","date_gmt":"2024-01-05T10:33:30","guid":{"rendered":"https:\/\/alice.ch\/?post_type=news&#038;p=57059"},"modified":"2024-01-16T10:37:55","modified_gmt":"2024-01-16T09:37:55","slug":"das-mantra-gegen-den-fachkraeftemangel-weiterbildung-weiterbildung-weiterbildung","status":"publish","type":"news","link":"https:\/\/alice.ch\/de\/news\/das-mantra-gegen-den-fachkraeftemangel-weiterbildung-weiterbildung-weiterbildung\/","title":{"rendered":"\u00abDas Mantra gegen den Fachkr\u00e4ftemangel: Weiterbildung, Weiterbildung, Weiterbildung\u00bb"},"content":{"rendered":"\n<p class=\"is-style-lead\">Nicht nur Quereinsteigende, auch langj\u00e4hrige Festangestellte k\u00f6nnen in Zeiten des Personalmangels eine Weiterbildung gebrauchen, sagen Experten. Dabei sind auch die Arbeitgeber in der Pflicht.<\/p>\n\n\n\n<p>Der Fachkr\u00e4ftemangel spitzt sich zu. Waren vor Kurzem noch einzelne Branchen nach Mitarbeitenden suchten, sind es nun alle, wie Lars Hering, Leiter bei der Berufs- und Laufbahnberatung Basel-Stadt in einem <a href=\"https:\/\/www.srf.ch\/news\/schweiz\/fehlende-arbeitskraefte-fachkraeftemangel-was-heisst-das-fuer-die-arbeitnehmenden\" target=\"_blank\" rel=\"noreferrer noopener\">Bericht<\/a> gegen\u00fcber SRF sagt.<\/p>\n\n\n\n<p>Logischerweise sind Quereinsteigende dadurch gefragter denn je. Und diese k\u00f6nnen oft mit Weiterbildungen an die neue Aufgabe herangef\u00fchrt werden. Aber auch wer derzeit nicht auf Jobsuche ist, soll regelm\u00e4ssig die eigene Arbeitsmarktf\u00e4higkeit reflektieren, raten Experten.<\/p>\n\n\n\n<h2 class=\"wp-block-heading\">Auch Arbeitgeber in der Pflicht<\/h2>\n\n\n\n<p>\u00abEine Ausbildung hat eine Halbwertszeit und wie vieles andere auch nimmt ihr Wert \u00fcber die Zeit ab\u00bb, sagt Ernst Kurzbein, Leiter der Berufs- und Studienberatung des Kantons Thurgau, gegen\u00fcber SRF, \u00abdeshalb sagen wir allen fast Mantra-m\u00e4ssig: Weiterbildung, Weiterbildung, Weiterbildung.\u00bb<\/p>\n\n\n\n<p>Er sieht dabei aber auch die Arbeitgeber in der Verantwortung: \u00abDie Unternehmen k\u00f6nnen die Weiterbildung ihrer Mitarbeitenden aktiv unterst\u00fctzen und somit einen wichtigen Beitrag gegen den Fachkr\u00e4ftemangel leisten.\u00bb<\/p>\n\n\n\n<h2 class=\"wp-block-heading\">Weitere Informationen<\/h2>\n\n\n\n<div class=\"wp-block-buttons is-layout-flex wp-block-buttons-is-layout-flex\">\n<div class=\"wp-block-button is-style-minimal\"><a class=\"wp-block-button__link wp-element-button\" href=\"https:\/\/www.srf.ch\/news\/schweiz\/fehlende-arbeitskraefte-fachkraeftemangel-was-heisst-das-fuer-die-arbeitnehmenden\" target=\"_blank\" rel=\"noreferrer noopener\">SRF-Bericht<\/a><\/div>\n<\/div>\n","protected":false},"excerpt":{"rendered":"<p>Nicht nur Quereinsteigende, auch langj\u00e4hrige Festangestellte k\u00f6nnen in Zeiten des Personalmangels eine Weiterbildung gebrauchen, sagen Experten. Dabei sind auch die [&hellip;]<\/p>\n","protected":false},"author":27,"featured_media":57061,"template":"","meta":{"_acf_changed":false,"inline_featured_image":false,"footnotes":""},"news-category":[31],"global-category":[],"class_list":["post-57059","news","type-news","status-publish","has-post-thumbnail","hentry","news-category-branche"],"acf":[],"yoast_head":"<!-- This site is optimized with the Yoast SEO plugin v27.3 - https:\/\/yoast.com\/product\/yoast-seo-wordpress\/ -->\n<title>\u00abDas Mantra gegen den Fachkr\u00e4ftemangel: Weiterbildung, Weiterbildung, Weiterbildung\u00bb - SVEB<\/title>\n<meta name=\"robots\" content=\"index, follow, max-snippet:-1, max-image-preview:large, max-video-preview:-1\" \/>\n<link rel=\"canonical\" href=\"https:\/\/alice.ch\/de\/news\/das-mantra-gegen-den-fachkraeftemangel-weiterbildung-weiterbildung-weiterbildung\/\" \/>\n<meta property=\"og:locale\" content=\"de_DE\" \/>\n<meta property=\"og:type\" content=\"article\" \/>\n<meta property=\"og:title\" content=\"\u00abDas Mantra gegen den Fachkr\u00e4ftemangel: Weiterbildung, Weiterbildung, Weiterbildung\u00bb - SVEB\" \/>\n<meta property=\"og:description\" content=\"Nicht nur Quereinsteigende, auch langj\u00e4hrige Festangestellte k\u00f6nnen in Zeiten des Personalmangels eine Weiterbildung gebrauchen, sagen Experten. Dabei sind auch die [&hellip;]\" \/>\n<meta property=\"og:url\" content=\"https:\/\/alice.ch\/de\/news\/das-mantra-gegen-den-fachkraeftemangel-weiterbildung-weiterbildung-weiterbildung\/\" \/>\n<meta property=\"og:site_name\" content=\"SVEB\" \/>\n<meta property=\"article:modified_time\" content=\"2024-01-16T09:37:55+00:00\" \/>\n<meta property=\"og:image\" content=\"https:\/\/alice.ch\/app\/uploads\/2023\/12\/evangeline-shaw-VLkoOabAxqw-unsplash-crop.png\" \/>\n\t<meta property=\"og:image:width\" content=\"1200\" \/>\n\t<meta property=\"og:image:height\" content=\"627\" \/>\n\t<meta property=\"og:image:type\" content=\"image\/png\" \/>\n<meta name=\"twitter:card\" content=\"summary_large_image\" \/>\n<meta name=\"twitter:label1\" content=\"Gesch\u00e4tzte Lesezeit\" \/>\n\t<meta name=\"twitter:data1\" content=\"1\u00a0Minute\" \/>\n<script type=\"application\/ld+json\" class=\"yoast-schema-graph\">{\"@context\":\"https:\\\/\\\/schema.org\",\"@graph\":[{\"@type\":\"WebPage\",\"@id\":\"https:\\\/\\\/alice.ch\\\/de\\\/news\\\/das-mantra-gegen-den-fachkraeftemangel-weiterbildung-weiterbildung-weiterbildung\\\/\",\"url\":\"https:\\\/\\\/alice.ch\\\/de\\\/news\\\/das-mantra-gegen-den-fachkraeftemangel-weiterbildung-weiterbildung-weiterbildung\\\/\",\"name\":\"\u00abDas Mantra gegen den Fachkr\u00e4ftemangel: Weiterbildung, Weiterbildung, Weiterbildung\u00bb - SVEB\",\"isPartOf\":{\"@id\":\"https:\\\/\\\/alice.ch\\\/de\\\/#website\"},\"primaryImageOfPage\":{\"@id\":\"https:\\\/\\\/alice.ch\\\/de\\\/news\\\/das-mantra-gegen-den-fachkraeftemangel-weiterbildung-weiterbildung-weiterbildung\\\/#primaryimage\"},\"image\":{\"@id\":\"https:\\\/\\\/alice.ch\\\/de\\\/news\\\/das-mantra-gegen-den-fachkraeftemangel-weiterbildung-weiterbildung-weiterbildung\\\/#primaryimage\"},\"thumbnailUrl\":\"https:\\\/\\\/alice.ch\\\/app\\\/uploads\\\/2023\\\/12\\\/evangeline-shaw-VLkoOabAxqw-unsplash-crop.png\",\"datePublished\":\"2024-01-05T10:33:30+00:00\",\"dateModified\":\"2024-01-16T09:37:55+00:00\",\"breadcrumb\":{\"@id\":\"https:\\\/\\\/alice.ch\\\/de\\\/news\\\/das-mantra-gegen-den-fachkraeftemangel-weiterbildung-weiterbildung-weiterbildung\\\/#breadcrumb\"},\"inLanguage\":\"de\",\"potentialAction\":[{\"@type\":\"ReadAction\",\"target\":[\"https:\\\/\\\/alice.ch\\\/de\\\/news\\\/das-mantra-gegen-den-fachkraeftemangel-weiterbildung-weiterbildung-weiterbildung\\\/\"]}]},{\"@type\":\"ImageObject\",\"inLanguage\":\"de\",\"@id\":\"https:\\\/\\\/alice.ch\\\/de\\\/news\\\/das-mantra-gegen-den-fachkraeftemangel-weiterbildung-weiterbildung-weiterbildung\\\/#primaryimage\",\"url\":\"https:\\\/\\\/alice.ch\\\/app\\\/uploads\\\/2023\\\/12\\\/evangeline-shaw-VLkoOabAxqw-unsplash-crop.png\",\"contentUrl\":\"https:\\\/\\\/alice.ch\\\/app\\\/uploads\\\/2023\\\/12\\\/evangeline-shaw-VLkoOabAxqw-unsplash-crop.png\",\"width\":1200,\"height\":627},{\"@type\":\"BreadcrumbList\",\"@id\":\"https:\\\/\\\/alice.ch\\\/de\\\/news\\\/das-mantra-gegen-den-fachkraeftemangel-weiterbildung-weiterbildung-weiterbildung\\\/#breadcrumb\",\"itemListElement\":[{\"@type\":\"ListItem\",\"position\":1,\"name\":\"Startseite\",\"item\":\"https:\\\/\\\/alice.ch\\\/de\\\/\"},{\"@type\":\"ListItem\",\"position\":2,\"name\":\"\u00abDas Mantra gegen den Fachkr\u00e4ftemangel: Weiterbildung, Weiterbildung, Weiterbildung\u00bb\"}]},{\"@type\":\"WebSite\",\"@id\":\"https:\\\/\\\/alice.ch\\\/de\\\/#website\",\"url\":\"https:\\\/\\\/alice.ch\\\/de\\\/\",\"name\":\"alice.ch (Adult Learning Information Center) ist das Portal der Weiterbildung in der Schweiz.\",\"description\":\"Schweizerischer Verband f\u00fcr Weiterbildung\",\"publisher\":{\"@id\":\"https:\\\/\\\/alice.ch\\\/de\\\/#organization\"},\"potentialAction\":[{\"@type\":\"SearchAction\",\"target\":{\"@type\":\"EntryPoint\",\"urlTemplate\":\"https:\\\/\\\/alice.ch\\\/de\\\/?s={search_term_string}\"},\"query-input\":{\"@type\":\"PropertyValueSpecification\",\"valueRequired\":true,\"valueName\":\"search_term_string\"}}],\"inLanguage\":\"de\"},{\"@type\":\"Organization\",\"@id\":\"https:\\\/\\\/alice.ch\\\/de\\\/#organization\",\"name\":\"SVEB Schweizerischer Verband f\u00fcr Weiterbildung\",\"url\":\"https:\\\/\\\/alice.ch\\\/de\\\/\",\"logo\":{\"@type\":\"ImageObject\",\"inLanguage\":\"de\",\"@id\":\"https:\\\/\\\/alice.ch\\\/de\\\/#\\\/schema\\\/logo\\\/image\\\/\",\"url\":\"https:\\\/\\\/alice.ch\\\/app\\\/uploads\\\/2022\\\/07\\\/logo-sveb.png\",\"contentUrl\":\"https:\\\/\\\/alice.ch\\\/app\\\/uploads\\\/2022\\\/07\\\/logo-sveb.png\",\"width\":145,\"height\":64,\"caption\":\"SVEB Schweizerischer Verband f\u00fcr Weiterbildung\"},\"image\":{\"@id\":\"https:\\\/\\\/alice.ch\\\/de\\\/#\\\/schema\\\/logo\\\/image\\\/\"},\"sameAs\":[\"https:\\\/\\\/www.linkedin.com\\\/company\\\/schweizerischer-verband-fr-weiterbildung-sveb\\\/\"]}]}<\/script>\n<!-- \/ Yoast SEO plugin. -->","yoast_head_json":{"title":"\u00abDas Mantra gegen den Fachkr\u00e4ftemangel: Weiterbildung, Weiterbildung, Weiterbildung\u00bb - SVEB","robots":{"index":"index","follow":"follow","max-snippet":"max-snippet:-1","max-image-preview":"max-image-preview:large","max-video-preview":"max-video-preview:-1"},"canonical":"https:\/\/alice.ch\/de\/news\/das-mantra-gegen-den-fachkraeftemangel-weiterbildung-weiterbildung-weiterbildung\/","og_locale":"de_DE","og_type":"article","og_title":"\u00abDas Mantra gegen den Fachkr\u00e4ftemangel: Weiterbildung, Weiterbildung, Weiterbildung\u00bb - SVEB","og_description":"Nicht nur Quereinsteigende, auch langj\u00e4hrige Festangestellte k\u00f6nnen in Zeiten des Personalmangels eine Weiterbildung gebrauchen, sagen Experten. Dabei sind auch die [&hellip;]","og_url":"https:\/\/alice.ch\/de\/news\/das-mantra-gegen-den-fachkraeftemangel-weiterbildung-weiterbildung-weiterbildung\/","og_site_name":"SVEB","article_modified_time":"2024-01-16T09:37:55+00:00","og_image":[{"width":1200,"height":627,"url":"https:\/\/alice.ch\/app\/uploads\/2023\/12\/evangeline-shaw-VLkoOabAxqw-unsplash-crop.png","type":"image\/png"}],"twitter_card":"summary_large_image","twitter_misc":{"Gesch\u00e4tzte Lesezeit":"1\u00a0Minute"},"schema":{"@context":"https:\/\/schema.org","@graph":[{"@type":"WebPage","@id":"https:\/\/alice.ch\/de\/news\/das-mantra-gegen-den-fachkraeftemangel-weiterbildung-weiterbildung-weiterbildung\/","url":"https:\/\/alice.ch\/de\/news\/das-mantra-gegen-den-fachkraeftemangel-weiterbildung-weiterbildung-weiterbildung\/","name":"\u00abDas Mantra gegen den Fachkr\u00e4ftemangel: Weiterbildung, Weiterbildung, Weiterbildung\u00bb - SVEB","isPartOf":{"@id":"https:\/\/alice.ch\/de\/#website"},"primaryImageOfPage":{"@id":"https:\/\/alice.ch\/de\/news\/das-mantra-gegen-den-fachkraeftemangel-weiterbildung-weiterbildung-weiterbildung\/#primaryimage"},"image":{"@id":"https:\/\/alice.ch\/de\/news\/das-mantra-gegen-den-fachkraeftemangel-weiterbildung-weiterbildung-weiterbildung\/#primaryimage"},"thumbnailUrl":"https:\/\/alice.ch\/app\/uploads\/2023\/12\/evangeline-shaw-VLkoOabAxqw-unsplash-crop.png","datePublished":"2024-01-05T10:33:30+00:00","dateModified":"2024-01-16T09:37:55+00:00","breadcrumb":{"@id":"https:\/\/alice.ch\/de\/news\/das-mantra-gegen-den-fachkraeftemangel-weiterbildung-weiterbildung-weiterbildung\/#breadcrumb"},"inLanguage":"de","potentialAction":[{"@type":"ReadAction","target":["https:\/\/alice.ch\/de\/news\/das-mantra-gegen-den-fachkraeftemangel-weiterbildung-weiterbildung-weiterbildung\/"]}]},{"@type":"ImageObject","inLanguage":"de","@id":"https:\/\/alice.ch\/de\/news\/das-mantra-gegen-den-fachkraeftemangel-weiterbildung-weiterbildung-weiterbildung\/#primaryimage","url":"https:\/\/alice.ch\/app\/uploads\/2023\/12\/evangeline-shaw-VLkoOabAxqw-unsplash-crop.png","contentUrl":"https:\/\/alice.ch\/app\/uploads\/2023\/12\/evangeline-shaw-VLkoOabAxqw-unsplash-crop.png","width":1200,"height":627},{"@type":"BreadcrumbList","@id":"https:\/\/alice.ch\/de\/news\/das-mantra-gegen-den-fachkraeftemangel-weiterbildung-weiterbildung-weiterbildung\/#breadcrumb","itemListElement":[{"@type":"ListItem","position":1,"name":"Startseite","item":"https:\/\/alice.ch\/de\/"},{"@type":"ListItem","position":2,"name":"\u00abDas Mantra gegen den Fachkr\u00e4ftemangel: Weiterbildung, Weiterbildung, Weiterbildung\u00bb"}]},{"@type":"WebSite","@id":"https:\/\/alice.ch\/de\/#website","url":"https:\/\/alice.ch\/de\/","name":"alice.ch (Adult Learning Information Center) ist das Portal der Weiterbildung in der Schweiz.","description":"Schweizerischer Verband f\u00fcr Weiterbildung","publisher":{"@id":"https:\/\/alice.ch\/de\/#organization"},"potentialAction":[{"@type":"SearchAction","target":{"@type":"EntryPoint","urlTemplate":"https:\/\/alice.ch\/de\/?s={search_term_string}"},"query-input":{"@type":"PropertyValueSpecification","valueRequired":true,"valueName":"search_term_string"}}],"inLanguage":"de"},{"@type":"Organization","@id":"https:\/\/alice.ch\/de\/#organization","name":"SVEB Schweizerischer Verband f\u00fcr Weiterbildung","url":"https:\/\/alice.ch\/de\/","logo":{"@type":"ImageObject","inLanguage":"de","@id":"https:\/\/alice.ch\/de\/#\/schema\/logo\/image\/","url":"https:\/\/alice.ch\/app\/uploads\/2022\/07\/logo-sveb.png","contentUrl":"https:\/\/alice.ch\/app\/uploads\/2022\/07\/logo-sveb.png","width":145,"height":64,"caption":"SVEB Schweizerischer Verband f\u00fcr Weiterbildung"},"image":{"@id":"https:\/\/alice.ch\/de\/#\/schema\/logo\/image\/"},"sameAs":["https:\/\/www.linkedin.com\/company\/schweizerischer-verband-fr-weiterbildung-sveb\/"]}]}},"_links":{"self":[{"href":"https:\/\/alice.ch\/de\/wp-json\/wp\/v2\/news\/57059","targetHints":{"allow":["GET"]}}],"collection":[{"href":"https:\/\/alice.ch\/de\/wp-json\/wp\/v2\/news"}],"about":[{"href":"https:\/\/alice.ch\/de\/wp-json\/wp\/v2\/types\/news"}],"author":[{"embeddable":true,"href":"https:\/\/alice.ch\/de\/wp-json\/wp\/v2\/users\/27"}],"version-history":[{"count":3,"href":"https:\/\/alice.ch\/de\/wp-json\/wp\/v2\/news\/57059\/revisions"}],"predecessor-version":[{"id":57186,"href":"https:\/\/alice.ch\/de\/wp-json\/wp\/v2\/news\/57059\/revisions\/57186"}],"wp:featuredmedia":[{"embeddable":true,"href":"https:\/\/alice.ch\/de\/wp-json\/wp\/v2\/media\/57061"}],"wp:attachment":[{"href":"https:\/\/alice.ch\/de\/wp-json\/wp\/v2\/media?parent=57059"}],"wp:term":[{"taxonomy":"news-category","embeddable":true,"href":"https:\/\/alice.ch\/de\/wp-json\/wp\/v2\/news-category?post=57059"},{"taxonomy":"global-category","embeddable":true,"href":"https:\/\/alice.ch\/de\/wp-json\/wp\/v2\/global-category?post=57059"}],"curies":[{"name":"wp","href":"https:\/\/api.w.org\/{rel}","templated":true}]}}