{"id":57290,"date":"2024-01-24T10:39:49","date_gmt":"2024-01-24T09:39:49","guid":{"rendered":"https:\/\/alice.ch\/?post_type=news&#038;p=57290"},"modified":"2024-02-06T10:19:25","modified_gmt":"2024-02-06T09:19:25","slug":"so-unterstuetzen-arbeitgeber-die-weiterbildung-ihrer-mitarbeitenden-aber","status":"publish","type":"news","link":"https:\/\/alice.ch\/de\/news\/so-unterstuetzen-arbeitgeber-die-weiterbildung-ihrer-mitarbeitenden-aber\/","title":{"rendered":"So unterst\u00fctzen Arbeitgeber die Weiterbildung ihrer Mitarbeitenden, aber&#8230;"},"content":{"rendered":"\n<p class=\"is-style-lead\">2021 nahmen 49 Prozent der Erwerbst\u00e4tigen zwischen 25 und 64 Jahren in der Schweiz an mindestens einer beruflich orientierten Weiterbildung teil. Die meisten wurden dabei von ihrem Arbeitgeber in Form von Arbeitszeit oder finanziell unterst\u00fctzt. Doch es gibt auch eine Kehrseite.<\/p>\n\n\n\n<p>Im Jahr 2021 nahm nahezu die H\u00e4lfte der Erwerbst\u00e4tigen an beruflichen Weiterbildungen teil, wobei 93 Prozent von ihrem Arbeitgeber unterst\u00fctzt wurden. Die Arbeitgeber unterst\u00fctzten insgesamt 89 Prozent aller Weiterbildungsaktivit\u00e4ten und deckten damit 80 Prozent beziehungsweise 122 Millionen der Weiterbildungsstunden ab, wie das Bundesamt f\u00fcr Statistik in einer <a href=\"https:\/\/www.bfs.admin.ch\/news\/de\/2024-0176\" target=\"_blank\" rel=\"noreferrer noopener\">Medienmitteilung<\/a> schreibt. &nbsp;&nbsp;\u2028&nbsp;&nbsp;\u2028<\/p>\n\n\n\n<p>58 Prozent aller Weiterbildungsstunden wurden demnach vom Arbeitgeber sowohl in Form von Arbeitszeit als auch finanziell unterst\u00fctzt. 58 Prozent der Stunden wurden \u00fcberwiegend oder ausschliesslich w\u00e4hrend der Arbeitszeit absolviert und f\u00fcr 54 Prozent wurde eine volle finanzielle Unterst\u00fctzung gew\u00e4hrt.&nbsp;\u2028\u2028<\/p>\n\n\n\n<h2 class=\"wp-block-heading\">Unterst\u00fctzung nimmt mit Besch\u00e4ftigungsgrad ab<\/h2>\n\n\n\n<p>Am h\u00f6chsten ist der Anteil der arbeitgeberunterst\u00fctzten Weiterbildungen in den Themenbereichen Informatik und B\u00fcrotechnik (95 Prozent), Produktion, Industrie und Dienstleistungen (95 Prozent) sowie Verwaltung, Finanzen und Versicherungen (93 Prozent). Die gr\u00f6sste Unterst\u00fctzung erhielten tendenziell Weiterbildungsthemen, die mit dem Wirtschaftsabschnitt der Unternehmen zusammenh\u00e4ngen. Beispielsweise bezogen sich im Finanzsektor die meisten unterst\u00fctzten Weiterbildungen auf das Thema Verwaltung, Finanzen und Versicherungen (49 Prozent).&nbsp;\u2028\u2028<\/p>\n\n\n\n<p>Von den Personen mit einem Besch\u00e4ftigungsgrad unter 50 Prozent nahmen 36 Prozent an einer Weiterbildung teil und 83 Prozent wurden vom Arbeitgeber unterst\u00fctzt. Bei den Personen, die mindestens 50 Prozent arbeiten, lag die Weiterbildungsquote bei gut 47 Prozent, wovon 92 Prozent bis 95 Prozent unterst\u00fctzt wurden. Unter Ber\u00fccksichtigung s\u00e4mtlicher Einflussfaktoren haben Personen mit einem Besch\u00e4ftigungsgrad unter 50 Prozent eine nahezu 60 Prozent tiefere Chance auf Unterst\u00fctzung als Vollzeitbesch\u00e4ftigte.&nbsp; \u2028&nbsp;&nbsp;\u2028<\/p>\n\n\n\n<p>Besch\u00e4ftigte, die erst seit Kurzem in einem Unternehmen arbeiten, interessieren sich selbst ohne Arbeitgeberunterst\u00fctzung f\u00fcr Weiterbildungen: 12,4 Prozent der neuen Mitarbeitenden nahmen ohne Unterst\u00fctzung an einer Weiterbildung teil \u2013 dieser Anteil f\u00e4llt deutlich h\u00f6her aus als bei Personen, die schon l\u00e4nger im Unternehmen besch\u00e4ftigt sind (2 Prozent bis 4 Prozent). Unter Ber\u00fccksichtigung aller Merkmale f\u00e4llt die Chance auf Arbeitgeberunterst\u00fctzung bei Besch\u00e4ftigten mit mindestens einem Dienstjahr gegen\u00fcber k\u00fcrzlich eingestellten Mitarbeitenden viermal h\u00f6her aus.&nbsp;\u2028&nbsp;&nbsp;\u2028<\/p>\n\n\n\n<h2 class=\"wp-block-heading\">Teilnahme wahrscheinlicher in grossen Betrieben&nbsp;\u2028<\/h2>\n\n\n\n<p>In Betrieben mit weniger als zehn Besch\u00e4ftigten nahmen 33 Prozent der Mitarbeitenden an einer arbeitgeberunterst\u00fctzten Weiterbildung teil. Dies entspricht 86 Prozent aller Weiterbildungsteilnehmenden in diesen Betrieben. Demgegen\u00fcber bel\u00e4uft sich der Anteil der unterst\u00fctzten Mitarbeitenden in Grossbetrieben mit 250 oder mehr Besch\u00e4ftigten auf 57 Prozent (bzw. 96 Prozent aller Mitarbeitenden, die an einer Weiterbildung teilnahmen). Unabh\u00e4ngig von den \u00fcbrigen Einflussfaktoren nimmt die Chance, eine vom Arbeitgeber unterst\u00fctzte Weiterbildung zu besuchen, mit der Betriebsgr\u00f6sse zu. Personen in Betrieben mit 10 bis 19 Besch\u00e4ftigten haben eine 1,5-mal h\u00f6here Chance, an einer arbeitgeberunterst\u00fctzten Weiterbildung teilzunehmen, als Personen in Kleinbetrieben. In Betrieben mit mehr als 250 Besch\u00e4ftigten ist die Chance 2,4-mal h\u00f6her.<\/p>\n\n\n\n<h2 class=\"wp-block-heading\">Die Einsch\u00e4tzung des SVEB<\/h2>\n\n\n\n<p>Die neue Auswertung des BFS zur berufsorientierten Weiterbildung zeigt eindr\u00fccklich die Bedeutung der Arbeitgeber bei der Finanzierung. Die Studie belegt aber ebenso eindr\u00fccklich den enormen Handlungsbedarf, den es bei der Finanzierung der berufsorientierten Weiterbildung gibt: Nicht alle Erwerbst\u00e4tigen haben die gleichen Chancen, von ihrem Arbeitgeber unterst\u00fctzt zu werden. So werden beispielsweise nur gerade 16 Prozent der erwerbst\u00e4tigen Geringqualifizierten von ihrem Arbeitgeber unterst\u00fctzt. Bei den Personen mit einem Hochschulabschluss sind es 60 Prozent. Weitere Faktoren, die bei der Unterst\u00fctzung eine Rolle spielen, sind die berufliche Stellung, die ausge\u00fcbte T\u00e4tigkeit oder auch der Migrationsstatus. Wie bereits der Bildungsbericht 2023 gezeigt hat, f\u00fchrt diese Ungleichbehandlung zur h\u00f6chsten Disparit\u00e4t der Weiterbildungsteilnahme in ganz Europa. Der SVEB fordert eine aktive Weiterbildungspolitik, die sich dieser Problematik annimmt und L\u00f6sungen erarbeitet.<\/p>\n\n\n\n<h2 class=\"wp-block-heading\">Weitere Informationen<\/h2>\n\n\n\n<div class=\"wp-block-buttons is-layout-flex wp-block-buttons-is-layout-flex\">\n<div class=\"wp-block-button has-custom-width wp-block-button__width-100 is-style-minimal\"><a class=\"wp-block-button__link wp-element-button\" href=\"https:\/\/www.bfs.admin.ch\/news\/de\/2024-0176\" target=\"_blank\" rel=\"noreferrer noopener\">Medienmitteilung des BFS<\/a><\/div>\n\n\n\n<div class=\"wp-block-button has-custom-width wp-block-button__width-100 is-style-minimal\"><a class=\"wp-block-button__link wp-element-button\" href=\"https:\/\/alice.ch\/de\/themen\/grundkompetenzen\/go-upskilling-am-arbeitsplatz\/\">Upskilling am Arbeitsplatz<\/a><\/div>\n<\/div>\n","protected":false},"excerpt":{"rendered":"<p>2021 nahmen 49 Prozent der Erwerbst\u00e4tigen zwischen 25 und 64 Jahren in der Schweiz an mindestens einer beruflich orientierten Weiterbildung [&hellip;]<\/p>\n","protected":false},"author":27,"featured_media":57292,"template":"","meta":{"_acf_changed":false,"inline_featured_image":false,"footnotes":""},"news-category":[31],"global-category":[],"class_list":["post-57290","news","type-news","status-publish","has-post-thumbnail","hentry","news-category-branche"],"acf":[],"yoast_head":"<!-- This site is optimized with the Yoast SEO plugin v27.3 - https:\/\/yoast.com\/product\/yoast-seo-wordpress\/ -->\n<title>So unterst\u00fctzen Arbeitgeber die Weiterbildung ihrer Mitarbeitenden, aber... - SVEB<\/title>\n<meta name=\"robots\" content=\"index, follow, max-snippet:-1, max-image-preview:large, max-video-preview:-1\" \/>\n<link rel=\"canonical\" href=\"https:\/\/alice.ch\/de\/news\/so-unterstuetzen-arbeitgeber-die-weiterbildung-ihrer-mitarbeitenden-aber\/\" \/>\n<meta property=\"og:locale\" content=\"de_DE\" \/>\n<meta property=\"og:type\" content=\"article\" \/>\n<meta property=\"og:title\" content=\"So unterst\u00fctzen Arbeitgeber die Weiterbildung ihrer Mitarbeitenden, aber... - SVEB\" \/>\n<meta property=\"og:description\" content=\"2021 nahmen 49 Prozent der Erwerbst\u00e4tigen zwischen 25 und 64 Jahren in der Schweiz an mindestens einer beruflich orientierten Weiterbildung [&hellip;]\" \/>\n<meta property=\"og:url\" content=\"https:\/\/alice.ch\/de\/news\/so-unterstuetzen-arbeitgeber-die-weiterbildung-ihrer-mitarbeitenden-aber\/\" \/>\n<meta property=\"og:site_name\" content=\"SVEB\" \/>\n<meta property=\"article:modified_time\" content=\"2024-02-06T09:19:25+00:00\" \/>\n<meta property=\"og:image\" content=\"https:\/\/alice.ch\/app\/uploads\/2024\/01\/arlington-research-Kz8nHVg_tGI-unsplash-crop1.png\" \/>\n\t<meta property=\"og:image:width\" content=\"1200\" \/>\n\t<meta property=\"og:image:height\" content=\"627\" \/>\n\t<meta property=\"og:image:type\" content=\"image\/png\" \/>\n<meta name=\"twitter:card\" content=\"summary_large_image\" \/>\n<meta name=\"twitter:label1\" content=\"Gesch\u00e4tzte Lesezeit\" \/>\n\t<meta name=\"twitter:data1\" content=\"3\u00a0Minuten\" \/>\n<script type=\"application\/ld+json\" class=\"yoast-schema-graph\">{\"@context\":\"https:\\\/\\\/schema.org\",\"@graph\":[{\"@type\":\"WebPage\",\"@id\":\"https:\\\/\\\/alice.ch\\\/de\\\/news\\\/so-unterstuetzen-arbeitgeber-die-weiterbildung-ihrer-mitarbeitenden-aber\\\/\",\"url\":\"https:\\\/\\\/alice.ch\\\/de\\\/news\\\/so-unterstuetzen-arbeitgeber-die-weiterbildung-ihrer-mitarbeitenden-aber\\\/\",\"name\":\"So unterst\u00fctzen Arbeitgeber die Weiterbildung ihrer Mitarbeitenden, aber... - SVEB\",\"isPartOf\":{\"@id\":\"https:\\\/\\\/alice.ch\\\/de\\\/#website\"},\"primaryImageOfPage\":{\"@id\":\"https:\\\/\\\/alice.ch\\\/de\\\/news\\\/so-unterstuetzen-arbeitgeber-die-weiterbildung-ihrer-mitarbeitenden-aber\\\/#primaryimage\"},\"image\":{\"@id\":\"https:\\\/\\\/alice.ch\\\/de\\\/news\\\/so-unterstuetzen-arbeitgeber-die-weiterbildung-ihrer-mitarbeitenden-aber\\\/#primaryimage\"},\"thumbnailUrl\":\"https:\\\/\\\/alice.ch\\\/app\\\/uploads\\\/2024\\\/01\\\/arlington-research-Kz8nHVg_tGI-unsplash-crop1.png\",\"datePublished\":\"2024-01-24T09:39:49+00:00\",\"dateModified\":\"2024-02-06T09:19:25+00:00\",\"breadcrumb\":{\"@id\":\"https:\\\/\\\/alice.ch\\\/de\\\/news\\\/so-unterstuetzen-arbeitgeber-die-weiterbildung-ihrer-mitarbeitenden-aber\\\/#breadcrumb\"},\"inLanguage\":\"de\",\"potentialAction\":[{\"@type\":\"ReadAction\",\"target\":[\"https:\\\/\\\/alice.ch\\\/de\\\/news\\\/so-unterstuetzen-arbeitgeber-die-weiterbildung-ihrer-mitarbeitenden-aber\\\/\"]}]},{\"@type\":\"ImageObject\",\"inLanguage\":\"de\",\"@id\":\"https:\\\/\\\/alice.ch\\\/de\\\/news\\\/so-unterstuetzen-arbeitgeber-die-weiterbildung-ihrer-mitarbeitenden-aber\\\/#primaryimage\",\"url\":\"https:\\\/\\\/alice.ch\\\/app\\\/uploads\\\/2024\\\/01\\\/arlington-research-Kz8nHVg_tGI-unsplash-crop1.png\",\"contentUrl\":\"https:\\\/\\\/alice.ch\\\/app\\\/uploads\\\/2024\\\/01\\\/arlington-research-Kz8nHVg_tGI-unsplash-crop1.png\",\"width\":1200,\"height\":627},{\"@type\":\"BreadcrumbList\",\"@id\":\"https:\\\/\\\/alice.ch\\\/de\\\/news\\\/so-unterstuetzen-arbeitgeber-die-weiterbildung-ihrer-mitarbeitenden-aber\\\/#breadcrumb\",\"itemListElement\":[{\"@type\":\"ListItem\",\"position\":1,\"name\":\"Startseite\",\"item\":\"https:\\\/\\\/alice.ch\\\/de\\\/\"},{\"@type\":\"ListItem\",\"position\":2,\"name\":\"So unterst\u00fctzen Arbeitgeber die Weiterbildung ihrer Mitarbeitenden, aber&#8230;\"}]},{\"@type\":\"WebSite\",\"@id\":\"https:\\\/\\\/alice.ch\\\/de\\\/#website\",\"url\":\"https:\\\/\\\/alice.ch\\\/de\\\/\",\"name\":\"alice.ch (Adult Learning Information Center) ist das Portal der Weiterbildung in der Schweiz.\",\"description\":\"Schweizerischer Verband f\u00fcr Weiterbildung\",\"publisher\":{\"@id\":\"https:\\\/\\\/alice.ch\\\/de\\\/#organization\"},\"potentialAction\":[{\"@type\":\"SearchAction\",\"target\":{\"@type\":\"EntryPoint\",\"urlTemplate\":\"https:\\\/\\\/alice.ch\\\/de\\\/?s={search_term_string}\"},\"query-input\":{\"@type\":\"PropertyValueSpecification\",\"valueRequired\":true,\"valueName\":\"search_term_string\"}}],\"inLanguage\":\"de\"},{\"@type\":\"Organization\",\"@id\":\"https:\\\/\\\/alice.ch\\\/de\\\/#organization\",\"name\":\"SVEB Schweizerischer Verband f\u00fcr Weiterbildung\",\"url\":\"https:\\\/\\\/alice.ch\\\/de\\\/\",\"logo\":{\"@type\":\"ImageObject\",\"inLanguage\":\"de\",\"@id\":\"https:\\\/\\\/alice.ch\\\/de\\\/#\\\/schema\\\/logo\\\/image\\\/\",\"url\":\"https:\\\/\\\/alice.ch\\\/app\\\/uploads\\\/2022\\\/07\\\/logo-sveb.png\",\"contentUrl\":\"https:\\\/\\\/alice.ch\\\/app\\\/uploads\\\/2022\\\/07\\\/logo-sveb.png\",\"width\":145,\"height\":64,\"caption\":\"SVEB Schweizerischer Verband f\u00fcr Weiterbildung\"},\"image\":{\"@id\":\"https:\\\/\\\/alice.ch\\\/de\\\/#\\\/schema\\\/logo\\\/image\\\/\"},\"sameAs\":[\"https:\\\/\\\/www.linkedin.com\\\/company\\\/schweizerischer-verband-fr-weiterbildung-sveb\\\/\"]}]}<\/script>\n<!-- \/ Yoast SEO plugin. -->","yoast_head_json":{"title":"So unterst\u00fctzen Arbeitgeber die Weiterbildung ihrer Mitarbeitenden, aber... - SVEB","robots":{"index":"index","follow":"follow","max-snippet":"max-snippet:-1","max-image-preview":"max-image-preview:large","max-video-preview":"max-video-preview:-1"},"canonical":"https:\/\/alice.ch\/de\/news\/so-unterstuetzen-arbeitgeber-die-weiterbildung-ihrer-mitarbeitenden-aber\/","og_locale":"de_DE","og_type":"article","og_title":"So unterst\u00fctzen Arbeitgeber die Weiterbildung ihrer Mitarbeitenden, aber... - SVEB","og_description":"2021 nahmen 49 Prozent der Erwerbst\u00e4tigen zwischen 25 und 64 Jahren in der Schweiz an mindestens einer beruflich orientierten Weiterbildung [&hellip;]","og_url":"https:\/\/alice.ch\/de\/news\/so-unterstuetzen-arbeitgeber-die-weiterbildung-ihrer-mitarbeitenden-aber\/","og_site_name":"SVEB","article_modified_time":"2024-02-06T09:19:25+00:00","og_image":[{"width":1200,"height":627,"url":"https:\/\/alice.ch\/app\/uploads\/2024\/01\/arlington-research-Kz8nHVg_tGI-unsplash-crop1.png","type":"image\/png"}],"twitter_card":"summary_large_image","twitter_misc":{"Gesch\u00e4tzte Lesezeit":"3\u00a0Minuten"},"schema":{"@context":"https:\/\/schema.org","@graph":[{"@type":"WebPage","@id":"https:\/\/alice.ch\/de\/news\/so-unterstuetzen-arbeitgeber-die-weiterbildung-ihrer-mitarbeitenden-aber\/","url":"https:\/\/alice.ch\/de\/news\/so-unterstuetzen-arbeitgeber-die-weiterbildung-ihrer-mitarbeitenden-aber\/","name":"So unterst\u00fctzen Arbeitgeber die Weiterbildung ihrer Mitarbeitenden, aber... - SVEB","isPartOf":{"@id":"https:\/\/alice.ch\/de\/#website"},"primaryImageOfPage":{"@id":"https:\/\/alice.ch\/de\/news\/so-unterstuetzen-arbeitgeber-die-weiterbildung-ihrer-mitarbeitenden-aber\/#primaryimage"},"image":{"@id":"https:\/\/alice.ch\/de\/news\/so-unterstuetzen-arbeitgeber-die-weiterbildung-ihrer-mitarbeitenden-aber\/#primaryimage"},"thumbnailUrl":"https:\/\/alice.ch\/app\/uploads\/2024\/01\/arlington-research-Kz8nHVg_tGI-unsplash-crop1.png","datePublished":"2024-01-24T09:39:49+00:00","dateModified":"2024-02-06T09:19:25+00:00","breadcrumb":{"@id":"https:\/\/alice.ch\/de\/news\/so-unterstuetzen-arbeitgeber-die-weiterbildung-ihrer-mitarbeitenden-aber\/#breadcrumb"},"inLanguage":"de","potentialAction":[{"@type":"ReadAction","target":["https:\/\/alice.ch\/de\/news\/so-unterstuetzen-arbeitgeber-die-weiterbildung-ihrer-mitarbeitenden-aber\/"]}]},{"@type":"ImageObject","inLanguage":"de","@id":"https:\/\/alice.ch\/de\/news\/so-unterstuetzen-arbeitgeber-die-weiterbildung-ihrer-mitarbeitenden-aber\/#primaryimage","url":"https:\/\/alice.ch\/app\/uploads\/2024\/01\/arlington-research-Kz8nHVg_tGI-unsplash-crop1.png","contentUrl":"https:\/\/alice.ch\/app\/uploads\/2024\/01\/arlington-research-Kz8nHVg_tGI-unsplash-crop1.png","width":1200,"height":627},{"@type":"BreadcrumbList","@id":"https:\/\/alice.ch\/de\/news\/so-unterstuetzen-arbeitgeber-die-weiterbildung-ihrer-mitarbeitenden-aber\/#breadcrumb","itemListElement":[{"@type":"ListItem","position":1,"name":"Startseite","item":"https:\/\/alice.ch\/de\/"},{"@type":"ListItem","position":2,"name":"So unterst\u00fctzen Arbeitgeber die Weiterbildung ihrer Mitarbeitenden, aber&#8230;"}]},{"@type":"WebSite","@id":"https:\/\/alice.ch\/de\/#website","url":"https:\/\/alice.ch\/de\/","name":"alice.ch (Adult Learning Information Center) ist das Portal der Weiterbildung in der Schweiz.","description":"Schweizerischer Verband f\u00fcr Weiterbildung","publisher":{"@id":"https:\/\/alice.ch\/de\/#organization"},"potentialAction":[{"@type":"SearchAction","target":{"@type":"EntryPoint","urlTemplate":"https:\/\/alice.ch\/de\/?s={search_term_string}"},"query-input":{"@type":"PropertyValueSpecification","valueRequired":true,"valueName":"search_term_string"}}],"inLanguage":"de"},{"@type":"Organization","@id":"https:\/\/alice.ch\/de\/#organization","name":"SVEB Schweizerischer Verband f\u00fcr Weiterbildung","url":"https:\/\/alice.ch\/de\/","logo":{"@type":"ImageObject","inLanguage":"de","@id":"https:\/\/alice.ch\/de\/#\/schema\/logo\/image\/","url":"https:\/\/alice.ch\/app\/uploads\/2022\/07\/logo-sveb.png","contentUrl":"https:\/\/alice.ch\/app\/uploads\/2022\/07\/logo-sveb.png","width":145,"height":64,"caption":"SVEB Schweizerischer Verband f\u00fcr Weiterbildung"},"image":{"@id":"https:\/\/alice.ch\/de\/#\/schema\/logo\/image\/"},"sameAs":["https:\/\/www.linkedin.com\/company\/schweizerischer-verband-fr-weiterbildung-sveb\/"]}]}},"_links":{"self":[{"href":"https:\/\/alice.ch\/de\/wp-json\/wp\/v2\/news\/57290","targetHints":{"allow":["GET"]}}],"collection":[{"href":"https:\/\/alice.ch\/de\/wp-json\/wp\/v2\/news"}],"about":[{"href":"https:\/\/alice.ch\/de\/wp-json\/wp\/v2\/types\/news"}],"author":[{"embeddable":true,"href":"https:\/\/alice.ch\/de\/wp-json\/wp\/v2\/users\/27"}],"version-history":[{"count":9,"href":"https:\/\/alice.ch\/de\/wp-json\/wp\/v2\/news\/57290\/revisions"}],"predecessor-version":[{"id":57586,"href":"https:\/\/alice.ch\/de\/wp-json\/wp\/v2\/news\/57290\/revisions\/57586"}],"wp:featuredmedia":[{"embeddable":true,"href":"https:\/\/alice.ch\/de\/wp-json\/wp\/v2\/media\/57292"}],"wp:attachment":[{"href":"https:\/\/alice.ch\/de\/wp-json\/wp\/v2\/media?parent=57290"}],"wp:term":[{"taxonomy":"news-category","embeddable":true,"href":"https:\/\/alice.ch\/de\/wp-json\/wp\/v2\/news-category?post=57290"},{"taxonomy":"global-category","embeddable":true,"href":"https:\/\/alice.ch\/de\/wp-json\/wp\/v2\/global-category?post=57290"}],"curies":[{"name":"wp","href":"https:\/\/api.w.org\/{rel}","templated":true}]}}