{"id":57695,"date":"2024-02-15T13:46:11","date_gmt":"2024-02-15T12:46:11","guid":{"rendered":"https:\/\/alice.ch\/?post_type=news&#038;p=57695"},"modified":"2024-02-20T14:03:25","modified_gmt":"2024-02-20T13:03:25","slug":"lebenslanges-lernen-in-unternehmen-weiterbildung-muss-neu-gedacht-werden","status":"publish","type":"news","link":"https:\/\/alice.ch\/de\/news\/lebenslanges-lernen-in-unternehmen-weiterbildung-muss-neu-gedacht-werden\/","title":{"rendered":"Lebenslanges Lernen in Unternehmen: Weiterbildung muss neu gedacht werden"},"content":{"rendered":"\n<p class=\"is-style-lead\">Unternehmen schreiben mehr und mehr die F\u00f6rderung ihrer Mitarbeitenden durch Weiterbildung auf ihre Fahnen. Sie tun gut daran. Doch in agilen Organisationen wird die fortw\u00e4hrende berufliche Weiterbildung zu einem integralen Bestandteil der Arbeitsleistung \u2013 und damit muss Lernen auch neu gelernt werden.<\/p>\n\n\n\n<p><em>Ronald Schenkel<\/em><\/p>\n\n\n\n<p>Fast die H\u00e4lfte aller Besch\u00e4ftigten in der Schweiz nahmen im vergangenen Jahr an <a href=\"https:\/\/alice.ch\/de\/news\/so-unterstuetzen-arbeitgeber-die-weiterbildung-ihrer-mitarbeitenden-aber\/\">mindestens einer beruflich orientierten Weiterbildung teil<\/a>. Das ist sicherlich ein guter Wert und zeigt, welche Bedeutung Unternehmen der aktuellen fachlichen Kompetenz ihrer Mitarbeitenden beimessen. Und im Zeitalter des Fachkr\u00e4ftemangels ist Weiterbildung des bestehenden Personals oft die L\u00f6sung, um Engp\u00e4sse zu vermeiden. Weiterbildung hat sich zudem als Instrument des Employer Brandings etabliert; wie Annalisa Job, Vizepr\u00e4sidentin Marketing und Kommunikation bei der Adecco Gruppe Schweiz im Gespr\u00e4ch mit dem SVEB <a href=\"https:\/\/alice.ch\/de\/news\/unternehmen-die-in-die-weiterbildung-ihrer-mitarbeitenden-investieren-steigern-ihre-attraktivitaet\/\">festh\u00e4lt<\/a>, steigern Unternehmen damit ihre Attraktivit\u00e4t. Entsprechend gilt als besonders innovativ, wer seinen Mitarbeitenden nicht nur im engeren Sinn berufliche Weiterbildung anbietet, sondern auch die M\u00f6glichkeit schafft, sozusagen \u00fcber den Tellerrand hinaus neues kennenzulernen.<\/p>\n\n\n\n<h2 class=\"wp-block-heading\">Am Anfang eines neuen Lernens<\/h2>\n\n\n\n<p>Vermutlich aber stehen wir erst am Anfang einer eigentlichen Neubeurteilung dessen, was berufliche Weiterbildung beziehungsweise Weiterbildung in Unternehmen bedeutet. Viele Unternehmen sehen sich heute dazu gezwungen, ihre Strukturen in Richtung agiler Organisation zu ver\u00e4ndern. Sie tun dies nicht ohne Not. Einige Schweizer Unternehmen standen schon lange in einem globalen Konkurrenzkampf. Die Digitalisierung hat dies nun auch f\u00fcr Branchen zu einer Realit\u00e4t gemacht, die fr\u00fcher in einer Nische mit lokalen M\u00e4rkten agieren konnten. Nicht zuletzt f\u00fcr die Weiterbildungsbranche selbst ist dies zu einer neuen Wirklichkeit geworden, wie verschiedene Branchenvertreter einr\u00e4umen.<\/p>\n\n\n\n<p>Eine agile Organisation ist gleichzeitig eine lernende Organisation. Mitarbeitende tragen nicht allein in der t\u00e4glichen Aufgabenerf\u00fcllung mehr Verantwortung. Sie sind auch deutlich st\u00e4rker in die Entwicklung von Produkten, Kundenbeziehungen und anderen Innovationsbereichen des Unternehmens eingebunden.<\/p>\n\n\n\n<h2 class=\"wp-block-heading\">Mehr und mehr lernen<\/h2>\n\n\n\n<p>Der Weiterbildungsbedarf in einer agilen Unternehmung d\u00fcrfte bei weitem \u00fcbersteigen, was man Mitarbeitenden in traditionellen Betrieben zugestand. Es ist keine neue Erkenntnis, dass das Weiterbildungswesen des letzten Jahrtausends l\u00e4ngst ausgedient hat. Damals wurden Seminare eher im Sinne einer Auszeit besucht, ohne wirklich an einen Transfer des Gelernten in die Arbeitsrealit\u00e4t zu denken. Doch auch die Vorstellung, Weiterbildung sei etwas, das von der eigentlichen Arbeitszeit Abgekoppeltes, ja von der Arbeit im engeren Sinn Separiertes, ist wahrscheinlich \u00fcberholt. Die neue Realit\u00e4t tendiert eher zu Weiterbildungen in kleineren Einheiten direkt am Arbeitsplatz und als eigentlicher Bestandteil der T\u00e4tigkeit \u2013 Lernen und Arbeiten im engeren Sinn greifen immer mehr ineinander.<\/p>\n\n\n\n<p>Dabei spielen zwei Elemente eine wichtige Rolle. Zum einen wird k\u00fcnstliche Intelligenz (KI) mehr und mehr zum Lernbegleiter; Chatbots \u00fcbernehmen Funktionen bei der Bew\u00e4ltigung von Lernstoffen \u2013 und ersetzen unter Umst\u00e4nden Trainerinnen und Trainer. Dies gesagt, wird auch das selbstgesteuerte Lernen zur vielleicht dominierenden Form der Weiterbildung.<\/p>\n\n\n\n<h2 class=\"wp-block-heading\">Scheitern am Text<\/h2>\n\n\n\n<p>Selbstgesteuertes Lernen hat viele Vorteile \u2013 vorab f\u00fcr die Unternehmen. Es ist die deutlich kosteng\u00fcnstigere Form der Weiterbildung als der Besuch von Kursen oder das Engagement von betriebsexternen Trainerinnen und Trainern. Zudem k\u00f6nnen Mitarbeitend zeit- und ortsungebunden lernen.<\/p>\n\n\n\n<p>Mit seinem Thinktank <a href=\"https:\/\/thinktank-transit.ch\">TRANSIT<\/a> beleuchtet der SVEB Themen zur Zukunft der Weiterbildung. Dazu geh\u00f6ren auch der Einfluss von KI und von selbstgesteuertem Lernen auf die Weiterbildung. TRANSIT verweist dabei auf Probleme, die nicht vom Enthusiasmus von KI-J\u00fcngern ausgeblendet werden d\u00fcrfen. Dazu geh\u00f6rt auch die Kompetenz, \u00fcberhaupt lernen zu k\u00f6nnen. Lerncoach <a href=\"https:\/\/katrinpiazza.ch\" target=\"_blank\" rel=\"noreferrer noopener\">Katrin Piazza<\/a> beispielsweise begegnen immer wieder gestandene Berufsleute, die am Selbstlernen scheitern. Nicht selten ist es etwas vermeintlich Banales wie die Lesekompetenz, die fehlt. \u00abDie Leute m\u00f6chten einen Fachtext wie einen Roman lesen. Sie investieren zwar viel Zeit darin, nehmen jedoch das Wesentlich nicht mit.\u00bb Oder aber sie schaffen es nicht, ihre Lerneinheiten in der bereits durchgetakteten Arbeitswoche unterzubringen oder sie tats\u00e4chlich zur geplanten Zeit durchzuf\u00fchren. Manche sitzen am Ende der vorgesehenen Zeit vor einem Berg unerledigter Lerneinheiten.<\/p>\n\n\n\n<h2 class=\"wp-block-heading\">Die Lernkompetenz f\u00f6rdern<\/h2>\n\n\n\n<p>Das ist nicht allein frustrierend f\u00fcr die Lernenden, es setzt sie auch zus\u00e4tzlich unter Druck. An wen k\u00f6nnen sie sich in einer solchen Situation wenden? Die wenigsten werden ihr Unverm\u00f6gen, das sie selbst oft nicht verstehen, so ohne weiteres gegen\u00fcber ihren Vorgesetzten oder dem HR einr\u00e4umen \u2013 umso weniger, wenn in einem Unternehmen mit agiler Organisationsform brilliert, wer mit Innovation am leichtesten umgeht. Doch da Lernkompetenz zu einer grundlegenden Voraussetzung der Arbeitsleistung wird, muss auch sie gef\u00f6rdert werden.<\/p>\n\n\n\n<p>Zu glauben, dass nachkommende Generationen dies in ihrem Schulrucksack mitbringen, w\u00e4re naiv. Die Schule f\u00f6rdern Lernkompetenz kaum. Fr\u00fcher oder sp\u00e4ter werden Unternehmen merken, dass die Weiterbildung ihrer Mitarbeiter noch einen Schritt weitergehen muss \u2013 eben in Richtung St\u00e4rkung der Lernkompetenz. Eigentlich ist das etwas Grunds\u00e4tzliches, vielleicht eine Grundkompetenz, die man ganz einfach noch nicht in ihrer umfassenden Bedeutung erkannt hat. Aber die Zeit scheint nun reif daf\u00fcr zu sein.<\/p>\n\n\n\n<p><em>Dieser Artikel erschien zuerst in der Sonderbeilage \u00abWeiterbildung &amp; Karriere\u00bb der <a href=\"https:\/\/www.handelszeitung.ch\/specials\/weiterbildung-karriere-2024\/weiterbildung-muss-neu-gedacht-werden-681494\" target=\"_blank\" rel=\"noreferrer noopener\">Handelszeitung<\/a>. <\/em><\/p>\n","protected":false},"excerpt":{"rendered":"<p>Unternehmen schreiben mehr und mehr die F\u00f6rderung ihrer Mitarbeitenden durch Weiterbildung auf ihre Fahnen. Sie tun gut daran. Doch in [&hellip;]<\/p>\n","protected":false},"author":27,"featured_media":57699,"template":"","meta":{"_acf_changed":false,"inline_featured_image":false,"footnotes":""},"news-category":[31],"global-category":[],"class_list":["post-57695","news","type-news","status-publish","has-post-thumbnail","hentry","news-category-branche"],"acf":[],"yoast_head":"<!-- This site is optimized with the Yoast SEO plugin v27.3 - https:\/\/yoast.com\/product\/yoast-seo-wordpress\/ -->\n<title>Lebenslanges Lernen in Unternehmen: Weiterbildung muss neu gedacht werden - SVEB<\/title>\n<meta name=\"robots\" content=\"index, follow, max-snippet:-1, max-image-preview:large, max-video-preview:-1\" \/>\n<link rel=\"canonical\" href=\"https:\/\/alice.ch\/de\/news\/lebenslanges-lernen-in-unternehmen-weiterbildung-muss-neu-gedacht-werden\/\" \/>\n<meta property=\"og:locale\" content=\"de_DE\" \/>\n<meta property=\"og:type\" content=\"article\" \/>\n<meta property=\"og:title\" content=\"Lebenslanges Lernen in Unternehmen: Weiterbildung muss neu gedacht werden - SVEB\" \/>\n<meta property=\"og:description\" content=\"Unternehmen schreiben mehr und mehr die F\u00f6rderung ihrer Mitarbeitenden durch Weiterbildung auf ihre Fahnen. Sie tun gut daran. Doch in [&hellip;]\" \/>\n<meta property=\"og:url\" content=\"https:\/\/alice.ch\/de\/news\/lebenslanges-lernen-in-unternehmen-weiterbildung-muss-neu-gedacht-werden\/\" \/>\n<meta property=\"og:site_name\" content=\"SVEB\" \/>\n<meta property=\"article:modified_time\" content=\"2024-02-20T13:03:25+00:00\" \/>\n<meta property=\"og:image\" content=\"https:\/\/alice.ch\/app\/uploads\/2024\/02\/nick-fithen-Y125COCWeuQ-unsplash-crop.png\" \/>\n\t<meta property=\"og:image:width\" content=\"1200\" \/>\n\t<meta property=\"og:image:height\" content=\"627\" \/>\n\t<meta property=\"og:image:type\" content=\"image\/png\" \/>\n<meta name=\"twitter:card\" content=\"summary_large_image\" \/>\n<meta name=\"twitter:label1\" content=\"Gesch\u00e4tzte Lesezeit\" \/>\n\t<meta name=\"twitter:data1\" content=\"4\u00a0Minuten\" \/>\n<script type=\"application\/ld+json\" class=\"yoast-schema-graph\">{\"@context\":\"https:\\\/\\\/schema.org\",\"@graph\":[{\"@type\":\"WebPage\",\"@id\":\"https:\\\/\\\/alice.ch\\\/de\\\/news\\\/lebenslanges-lernen-in-unternehmen-weiterbildung-muss-neu-gedacht-werden\\\/\",\"url\":\"https:\\\/\\\/alice.ch\\\/de\\\/news\\\/lebenslanges-lernen-in-unternehmen-weiterbildung-muss-neu-gedacht-werden\\\/\",\"name\":\"Lebenslanges Lernen in Unternehmen: Weiterbildung muss neu gedacht werden - SVEB\",\"isPartOf\":{\"@id\":\"https:\\\/\\\/alice.ch\\\/de\\\/#website\"},\"primaryImageOfPage\":{\"@id\":\"https:\\\/\\\/alice.ch\\\/de\\\/news\\\/lebenslanges-lernen-in-unternehmen-weiterbildung-muss-neu-gedacht-werden\\\/#primaryimage\"},\"image\":{\"@id\":\"https:\\\/\\\/alice.ch\\\/de\\\/news\\\/lebenslanges-lernen-in-unternehmen-weiterbildung-muss-neu-gedacht-werden\\\/#primaryimage\"},\"thumbnailUrl\":\"https:\\\/\\\/alice.ch\\\/app\\\/uploads\\\/2024\\\/02\\\/nick-fithen-Y125COCWeuQ-unsplash-crop.png\",\"datePublished\":\"2024-02-15T12:46:11+00:00\",\"dateModified\":\"2024-02-20T13:03:25+00:00\",\"breadcrumb\":{\"@id\":\"https:\\\/\\\/alice.ch\\\/de\\\/news\\\/lebenslanges-lernen-in-unternehmen-weiterbildung-muss-neu-gedacht-werden\\\/#breadcrumb\"},\"inLanguage\":\"de\",\"potentialAction\":[{\"@type\":\"ReadAction\",\"target\":[\"https:\\\/\\\/alice.ch\\\/de\\\/news\\\/lebenslanges-lernen-in-unternehmen-weiterbildung-muss-neu-gedacht-werden\\\/\"]}]},{\"@type\":\"ImageObject\",\"inLanguage\":\"de\",\"@id\":\"https:\\\/\\\/alice.ch\\\/de\\\/news\\\/lebenslanges-lernen-in-unternehmen-weiterbildung-muss-neu-gedacht-werden\\\/#primaryimage\",\"url\":\"https:\\\/\\\/alice.ch\\\/app\\\/uploads\\\/2024\\\/02\\\/nick-fithen-Y125COCWeuQ-unsplash-crop.png\",\"contentUrl\":\"https:\\\/\\\/alice.ch\\\/app\\\/uploads\\\/2024\\\/02\\\/nick-fithen-Y125COCWeuQ-unsplash-crop.png\",\"width\":1200,\"height\":627},{\"@type\":\"BreadcrumbList\",\"@id\":\"https:\\\/\\\/alice.ch\\\/de\\\/news\\\/lebenslanges-lernen-in-unternehmen-weiterbildung-muss-neu-gedacht-werden\\\/#breadcrumb\",\"itemListElement\":[{\"@type\":\"ListItem\",\"position\":1,\"name\":\"Startseite\",\"item\":\"https:\\\/\\\/alice.ch\\\/de\\\/\"},{\"@type\":\"ListItem\",\"position\":2,\"name\":\"Lebenslanges Lernen in Unternehmen: Weiterbildung muss neu gedacht werden\"}]},{\"@type\":\"WebSite\",\"@id\":\"https:\\\/\\\/alice.ch\\\/de\\\/#website\",\"url\":\"https:\\\/\\\/alice.ch\\\/de\\\/\",\"name\":\"alice.ch (Adult Learning Information Center) ist das Portal der Weiterbildung in der Schweiz.\",\"description\":\"Schweizerischer Verband f\u00fcr Weiterbildung\",\"publisher\":{\"@id\":\"https:\\\/\\\/alice.ch\\\/de\\\/#organization\"},\"potentialAction\":[{\"@type\":\"SearchAction\",\"target\":{\"@type\":\"EntryPoint\",\"urlTemplate\":\"https:\\\/\\\/alice.ch\\\/de\\\/?s={search_term_string}\"},\"query-input\":{\"@type\":\"PropertyValueSpecification\",\"valueRequired\":true,\"valueName\":\"search_term_string\"}}],\"inLanguage\":\"de\"},{\"@type\":\"Organization\",\"@id\":\"https:\\\/\\\/alice.ch\\\/de\\\/#organization\",\"name\":\"SVEB Schweizerischer Verband f\u00fcr Weiterbildung\",\"url\":\"https:\\\/\\\/alice.ch\\\/de\\\/\",\"logo\":{\"@type\":\"ImageObject\",\"inLanguage\":\"de\",\"@id\":\"https:\\\/\\\/alice.ch\\\/de\\\/#\\\/schema\\\/logo\\\/image\\\/\",\"url\":\"https:\\\/\\\/alice.ch\\\/app\\\/uploads\\\/2022\\\/07\\\/logo-sveb.png\",\"contentUrl\":\"https:\\\/\\\/alice.ch\\\/app\\\/uploads\\\/2022\\\/07\\\/logo-sveb.png\",\"width\":145,\"height\":64,\"caption\":\"SVEB Schweizerischer Verband f\u00fcr Weiterbildung\"},\"image\":{\"@id\":\"https:\\\/\\\/alice.ch\\\/de\\\/#\\\/schema\\\/logo\\\/image\\\/\"},\"sameAs\":[\"https:\\\/\\\/www.linkedin.com\\\/company\\\/schweizerischer-verband-fr-weiterbildung-sveb\\\/\"]}]}<\/script>\n<!-- \/ Yoast SEO plugin. -->","yoast_head_json":{"title":"Lebenslanges Lernen in Unternehmen: Weiterbildung muss neu gedacht werden - SVEB","robots":{"index":"index","follow":"follow","max-snippet":"max-snippet:-1","max-image-preview":"max-image-preview:large","max-video-preview":"max-video-preview:-1"},"canonical":"https:\/\/alice.ch\/de\/news\/lebenslanges-lernen-in-unternehmen-weiterbildung-muss-neu-gedacht-werden\/","og_locale":"de_DE","og_type":"article","og_title":"Lebenslanges Lernen in Unternehmen: Weiterbildung muss neu gedacht werden - SVEB","og_description":"Unternehmen schreiben mehr und mehr die F\u00f6rderung ihrer Mitarbeitenden durch Weiterbildung auf ihre Fahnen. Sie tun gut daran. Doch in [&hellip;]","og_url":"https:\/\/alice.ch\/de\/news\/lebenslanges-lernen-in-unternehmen-weiterbildung-muss-neu-gedacht-werden\/","og_site_name":"SVEB","article_modified_time":"2024-02-20T13:03:25+00:00","og_image":[{"width":1200,"height":627,"url":"https:\/\/alice.ch\/app\/uploads\/2024\/02\/nick-fithen-Y125COCWeuQ-unsplash-crop.png","type":"image\/png"}],"twitter_card":"summary_large_image","twitter_misc":{"Gesch\u00e4tzte Lesezeit":"4\u00a0Minuten"},"schema":{"@context":"https:\/\/schema.org","@graph":[{"@type":"WebPage","@id":"https:\/\/alice.ch\/de\/news\/lebenslanges-lernen-in-unternehmen-weiterbildung-muss-neu-gedacht-werden\/","url":"https:\/\/alice.ch\/de\/news\/lebenslanges-lernen-in-unternehmen-weiterbildung-muss-neu-gedacht-werden\/","name":"Lebenslanges Lernen in Unternehmen: Weiterbildung muss neu gedacht werden - SVEB","isPartOf":{"@id":"https:\/\/alice.ch\/de\/#website"},"primaryImageOfPage":{"@id":"https:\/\/alice.ch\/de\/news\/lebenslanges-lernen-in-unternehmen-weiterbildung-muss-neu-gedacht-werden\/#primaryimage"},"image":{"@id":"https:\/\/alice.ch\/de\/news\/lebenslanges-lernen-in-unternehmen-weiterbildung-muss-neu-gedacht-werden\/#primaryimage"},"thumbnailUrl":"https:\/\/alice.ch\/app\/uploads\/2024\/02\/nick-fithen-Y125COCWeuQ-unsplash-crop.png","datePublished":"2024-02-15T12:46:11+00:00","dateModified":"2024-02-20T13:03:25+00:00","breadcrumb":{"@id":"https:\/\/alice.ch\/de\/news\/lebenslanges-lernen-in-unternehmen-weiterbildung-muss-neu-gedacht-werden\/#breadcrumb"},"inLanguage":"de","potentialAction":[{"@type":"ReadAction","target":["https:\/\/alice.ch\/de\/news\/lebenslanges-lernen-in-unternehmen-weiterbildung-muss-neu-gedacht-werden\/"]}]},{"@type":"ImageObject","inLanguage":"de","@id":"https:\/\/alice.ch\/de\/news\/lebenslanges-lernen-in-unternehmen-weiterbildung-muss-neu-gedacht-werden\/#primaryimage","url":"https:\/\/alice.ch\/app\/uploads\/2024\/02\/nick-fithen-Y125COCWeuQ-unsplash-crop.png","contentUrl":"https:\/\/alice.ch\/app\/uploads\/2024\/02\/nick-fithen-Y125COCWeuQ-unsplash-crop.png","width":1200,"height":627},{"@type":"BreadcrumbList","@id":"https:\/\/alice.ch\/de\/news\/lebenslanges-lernen-in-unternehmen-weiterbildung-muss-neu-gedacht-werden\/#breadcrumb","itemListElement":[{"@type":"ListItem","position":1,"name":"Startseite","item":"https:\/\/alice.ch\/de\/"},{"@type":"ListItem","position":2,"name":"Lebenslanges Lernen in Unternehmen: Weiterbildung muss neu gedacht werden"}]},{"@type":"WebSite","@id":"https:\/\/alice.ch\/de\/#website","url":"https:\/\/alice.ch\/de\/","name":"alice.ch (Adult Learning Information Center) ist das Portal der Weiterbildung in der Schweiz.","description":"Schweizerischer Verband f\u00fcr Weiterbildung","publisher":{"@id":"https:\/\/alice.ch\/de\/#organization"},"potentialAction":[{"@type":"SearchAction","target":{"@type":"EntryPoint","urlTemplate":"https:\/\/alice.ch\/de\/?s={search_term_string}"},"query-input":{"@type":"PropertyValueSpecification","valueRequired":true,"valueName":"search_term_string"}}],"inLanguage":"de"},{"@type":"Organization","@id":"https:\/\/alice.ch\/de\/#organization","name":"SVEB Schweizerischer Verband f\u00fcr Weiterbildung","url":"https:\/\/alice.ch\/de\/","logo":{"@type":"ImageObject","inLanguage":"de","@id":"https:\/\/alice.ch\/de\/#\/schema\/logo\/image\/","url":"https:\/\/alice.ch\/app\/uploads\/2022\/07\/logo-sveb.png","contentUrl":"https:\/\/alice.ch\/app\/uploads\/2022\/07\/logo-sveb.png","width":145,"height":64,"caption":"SVEB Schweizerischer Verband f\u00fcr Weiterbildung"},"image":{"@id":"https:\/\/alice.ch\/de\/#\/schema\/logo\/image\/"},"sameAs":["https:\/\/www.linkedin.com\/company\/schweizerischer-verband-fr-weiterbildung-sveb\/"]}]}},"_links":{"self":[{"href":"https:\/\/alice.ch\/de\/wp-json\/wp\/v2\/news\/57695","targetHints":{"allow":["GET"]}}],"collection":[{"href":"https:\/\/alice.ch\/de\/wp-json\/wp\/v2\/news"}],"about":[{"href":"https:\/\/alice.ch\/de\/wp-json\/wp\/v2\/types\/news"}],"author":[{"embeddable":true,"href":"https:\/\/alice.ch\/de\/wp-json\/wp\/v2\/users\/27"}],"version-history":[{"count":5,"href":"https:\/\/alice.ch\/de\/wp-json\/wp\/v2\/news\/57695\/revisions"}],"predecessor-version":[{"id":57779,"href":"https:\/\/alice.ch\/de\/wp-json\/wp\/v2\/news\/57695\/revisions\/57779"}],"wp:featuredmedia":[{"embeddable":true,"href":"https:\/\/alice.ch\/de\/wp-json\/wp\/v2\/media\/57699"}],"wp:attachment":[{"href":"https:\/\/alice.ch\/de\/wp-json\/wp\/v2\/media?parent=57695"}],"wp:term":[{"taxonomy":"news-category","embeddable":true,"href":"https:\/\/alice.ch\/de\/wp-json\/wp\/v2\/news-category?post=57695"},{"taxonomy":"global-category","embeddable":true,"href":"https:\/\/alice.ch\/de\/wp-json\/wp\/v2\/global-category?post=57695"}],"curies":[{"name":"wp","href":"https:\/\/api.w.org\/{rel}","templated":true}]}}