{"id":58139,"date":"2024-03-14T13:11:22","date_gmt":"2024-03-14T12:11:22","guid":{"rendered":"https:\/\/alice.ch\/?post_type=news&#038;p=58139"},"modified":"2024-03-21T14:34:09","modified_gmt":"2024-03-21T13:34:09","slug":"zukunftskompetenzen-im-fokus","status":"publish","type":"news","link":"https:\/\/alice.ch\/de\/news\/zukunftskompetenzen-im-fokus\/","title":{"rendered":"Zukunftskompetenzen im Fokus"},"content":{"rendered":"\n<p class=\"is-style-lead\">Der Think-Tank TRANSIT hat sich dem Thema Future Skills angenommen. Doch was ist darunter genau zu verstehen?<\/p>\n\n\n\n<p>Die Welt steht vor zahlreichen Herausforderungen: von Digitalisierung \u00fcber Klimawandel bis hin zu Migrationsbewegungen. In diesem dynamischen Umfeld gewinnen Future Skills an Bedeutung \u2013 also Kompetenzen, Haltungen und Wissen, welche f\u00fcr eine erfolgreiche Zukunftsgestaltung entscheidend sind. Der <a href=\"https:\/\/thinktank-transit.ch\/de\/\" target=\"_blank\" rel=\"noreferrer noopener\">Think-Tank TRANSIT<\/a> m\u00f6chte einen Beitrag dazu leisten, wie die Weiterbildung angesichts dieser Herausforderungen gestaltet werden kann. In einem <a href=\"https:\/\/thinktank-transit.ch\/de\/focustopic\/future-skills-konzepte-perspektiven-zukunft-der-weiterbildung\/\" target=\"_blank\" rel=\"noreferrer noopener\">Artikel<\/a> hat er sich darum den Future Skills gewidmet.<\/p>\n\n\n\n<p>Future Skills sind die F\u00e4higkeiten, komplexe Probleme in aufkommenden Kontexten selbstorganisiert zu l\u00f6sen und erfolgreich zu handeln \u2013 dies ist eine Definition von vielen. Die bekannten Future Skills-Konzepte betonen Schl\u00fcsselkompetenzen wie Medienkompetenz, interkulturelle F\u00e4higkeiten, Verantwortungsbewusstsein und komplexe Probleml\u00f6sung. Ein Vergleich der Kompetenzen \u00fcber die Konzepte hinweg gestaltet sich jedoch schwierig.<\/p>\n\n\n\n<h2 class=\"wp-block-heading\">Wenig greifbar<\/h2>\n\n\n\n<p>Kritiker bem\u00e4ngeln zudem, dass der Begriff Future Skills eine l\u00e4ngst existierende Idee wiedergibt und oft wenig greifbar ist. Die fehlende empirische Forschung erschwert zudem die Beurteilung der tats\u00e4chlichen Relevanz dieser F\u00e4higkeiten f\u00fcr gesellschaftliche Entwicklungen und individuelle Lebenswege.<\/p>\n\n\n\n<p>Trotzdem bieten Future Skills-Konzepte einen Rahmen, um \u00fcber die Zukunft nachzudenken und die Dringlichkeit gesellschaftlicher Diskussionen \u00fcber aufkommende Herausforderungen zu unterstreichen. Und k\u00f6nnen so als Inspiration f\u00fcr die Weiterbildung dienen. <\/p>\n\n\n\n<h2 class=\"wp-block-heading\">Weitere Informationen<\/h2>\n\n\n\n<div class=\"wp-block-buttons is-layout-flex wp-block-buttons-is-layout-flex\">\n<div class=\"wp-block-button has-custom-width wp-block-button__width-100 is-style-minimal\"><a class=\"wp-block-button__link wp-element-button\" href=\"https:\/\/thinktank-transit.ch\/de\/focustopic\/future-skills-konzepte-perspektiven-zukunft-der-weiterbildung\/\">TRANSIT-Beitrag<\/a><\/div>\n<\/div>\n","protected":false},"excerpt":{"rendered":"<p>Der Think-Tank TRANSIT hat sich dem Thema Future Skills angenommen. Doch was ist darunter genau zu verstehen? Die Welt steht [&hellip;]<\/p>\n","protected":false},"author":27,"featured_media":58281,"template":"","meta":{"_acf_changed":false,"inline_featured_image":false,"footnotes":""},"news-category":[33],"global-category":[],"class_list":["post-58139","news","type-news","status-publish","has-post-thumbnail","hentry","news-category-think-tank-transit"],"acf":[],"yoast_head":"<!-- This site is optimized with the Yoast SEO plugin v27.3 - https:\/\/yoast.com\/product\/yoast-seo-wordpress\/ -->\n<title>Zukunftskompetenzen im Fokus - SVEB<\/title>\n<meta name=\"robots\" content=\"index, follow, max-snippet:-1, max-image-preview:large, max-video-preview:-1\" \/>\n<link rel=\"canonical\" href=\"https:\/\/alice.ch\/de\/news\/zukunftskompetenzen-im-fokus\/\" \/>\n<meta property=\"og:locale\" content=\"de_DE\" \/>\n<meta property=\"og:type\" content=\"article\" \/>\n<meta property=\"og:title\" content=\"Zukunftskompetenzen im Fokus - SVEB\" \/>\n<meta property=\"og:description\" content=\"Der Think-Tank TRANSIT hat sich dem Thema Future Skills angenommen. Doch was ist darunter genau zu verstehen? Die Welt steht [&hellip;]\" \/>\n<meta property=\"og:url\" content=\"https:\/\/alice.ch\/de\/news\/zukunftskompetenzen-im-fokus\/\" \/>\n<meta property=\"og:site_name\" content=\"SVEB\" \/>\n<meta property=\"article:modified_time\" content=\"2024-03-21T13:34:09+00:00\" \/>\n<meta property=\"og:image\" content=\"https:\/\/alice.ch\/app\/uploads\/2024\/03\/thought-catalog-BlGmdY18CFQ-unsplash-crop.png\" \/>\n\t<meta property=\"og:image:width\" content=\"1200\" \/>\n\t<meta property=\"og:image:height\" content=\"627\" \/>\n\t<meta property=\"og:image:type\" content=\"image\/png\" \/>\n<meta name=\"twitter:card\" content=\"summary_large_image\" \/>\n<meta name=\"twitter:label1\" content=\"Gesch\u00e4tzte Lesezeit\" \/>\n\t<meta name=\"twitter:data1\" content=\"1\u00a0Minute\" \/>\n<script type=\"application\/ld+json\" class=\"yoast-schema-graph\">{\"@context\":\"https:\\\/\\\/schema.org\",\"@graph\":[{\"@type\":\"WebPage\",\"@id\":\"https:\\\/\\\/alice.ch\\\/de\\\/news\\\/zukunftskompetenzen-im-fokus\\\/\",\"url\":\"https:\\\/\\\/alice.ch\\\/de\\\/news\\\/zukunftskompetenzen-im-fokus\\\/\",\"name\":\"Zukunftskompetenzen im Fokus - SVEB\",\"isPartOf\":{\"@id\":\"https:\\\/\\\/alice.ch\\\/de\\\/#website\"},\"primaryImageOfPage\":{\"@id\":\"https:\\\/\\\/alice.ch\\\/de\\\/news\\\/zukunftskompetenzen-im-fokus\\\/#primaryimage\"},\"image\":{\"@id\":\"https:\\\/\\\/alice.ch\\\/de\\\/news\\\/zukunftskompetenzen-im-fokus\\\/#primaryimage\"},\"thumbnailUrl\":\"https:\\\/\\\/alice.ch\\\/app\\\/uploads\\\/2024\\\/03\\\/thought-catalog-BlGmdY18CFQ-unsplash-crop.png\",\"datePublished\":\"2024-03-14T12:11:22+00:00\",\"dateModified\":\"2024-03-21T13:34:09+00:00\",\"breadcrumb\":{\"@id\":\"https:\\\/\\\/alice.ch\\\/de\\\/news\\\/zukunftskompetenzen-im-fokus\\\/#breadcrumb\"},\"inLanguage\":\"de\",\"potentialAction\":[{\"@type\":\"ReadAction\",\"target\":[\"https:\\\/\\\/alice.ch\\\/de\\\/news\\\/zukunftskompetenzen-im-fokus\\\/\"]}]},{\"@type\":\"ImageObject\",\"inLanguage\":\"de\",\"@id\":\"https:\\\/\\\/alice.ch\\\/de\\\/news\\\/zukunftskompetenzen-im-fokus\\\/#primaryimage\",\"url\":\"https:\\\/\\\/alice.ch\\\/app\\\/uploads\\\/2024\\\/03\\\/thought-catalog-BlGmdY18CFQ-unsplash-crop.png\",\"contentUrl\":\"https:\\\/\\\/alice.ch\\\/app\\\/uploads\\\/2024\\\/03\\\/thought-catalog-BlGmdY18CFQ-unsplash-crop.png\",\"width\":1200,\"height\":627,\"caption\":\"Frau am Tablet\"},{\"@type\":\"BreadcrumbList\",\"@id\":\"https:\\\/\\\/alice.ch\\\/de\\\/news\\\/zukunftskompetenzen-im-fokus\\\/#breadcrumb\",\"itemListElement\":[{\"@type\":\"ListItem\",\"position\":1,\"name\":\"Startseite\",\"item\":\"https:\\\/\\\/alice.ch\\\/de\\\/\"},{\"@type\":\"ListItem\",\"position\":2,\"name\":\"Zukunftskompetenzen im Fokus\"}]},{\"@type\":\"WebSite\",\"@id\":\"https:\\\/\\\/alice.ch\\\/de\\\/#website\",\"url\":\"https:\\\/\\\/alice.ch\\\/de\\\/\",\"name\":\"alice.ch (Adult Learning Information Center) ist das Portal der Weiterbildung in der Schweiz.\",\"description\":\"Schweizerischer Verband f\u00fcr Weiterbildung\",\"publisher\":{\"@id\":\"https:\\\/\\\/alice.ch\\\/de\\\/#organization\"},\"potentialAction\":[{\"@type\":\"SearchAction\",\"target\":{\"@type\":\"EntryPoint\",\"urlTemplate\":\"https:\\\/\\\/alice.ch\\\/de\\\/?s={search_term_string}\"},\"query-input\":{\"@type\":\"PropertyValueSpecification\",\"valueRequired\":true,\"valueName\":\"search_term_string\"}}],\"inLanguage\":\"de\"},{\"@type\":\"Organization\",\"@id\":\"https:\\\/\\\/alice.ch\\\/de\\\/#organization\",\"name\":\"SVEB Schweizerischer Verband f\u00fcr Weiterbildung\",\"url\":\"https:\\\/\\\/alice.ch\\\/de\\\/\",\"logo\":{\"@type\":\"ImageObject\",\"inLanguage\":\"de\",\"@id\":\"https:\\\/\\\/alice.ch\\\/de\\\/#\\\/schema\\\/logo\\\/image\\\/\",\"url\":\"https:\\\/\\\/alice.ch\\\/app\\\/uploads\\\/2022\\\/07\\\/logo-sveb.png\",\"contentUrl\":\"https:\\\/\\\/alice.ch\\\/app\\\/uploads\\\/2022\\\/07\\\/logo-sveb.png\",\"width\":145,\"height\":64,\"caption\":\"SVEB Schweizerischer Verband f\u00fcr Weiterbildung\"},\"image\":{\"@id\":\"https:\\\/\\\/alice.ch\\\/de\\\/#\\\/schema\\\/logo\\\/image\\\/\"},\"sameAs\":[\"https:\\\/\\\/www.linkedin.com\\\/company\\\/schweizerischer-verband-fr-weiterbildung-sveb\\\/\"]}]}<\/script>\n<!-- \/ Yoast SEO plugin. -->","yoast_head_json":{"title":"Zukunftskompetenzen im Fokus - SVEB","robots":{"index":"index","follow":"follow","max-snippet":"max-snippet:-1","max-image-preview":"max-image-preview:large","max-video-preview":"max-video-preview:-1"},"canonical":"https:\/\/alice.ch\/de\/news\/zukunftskompetenzen-im-fokus\/","og_locale":"de_DE","og_type":"article","og_title":"Zukunftskompetenzen im Fokus - SVEB","og_description":"Der Think-Tank TRANSIT hat sich dem Thema Future Skills angenommen. Doch was ist darunter genau zu verstehen? Die Welt steht [&hellip;]","og_url":"https:\/\/alice.ch\/de\/news\/zukunftskompetenzen-im-fokus\/","og_site_name":"SVEB","article_modified_time":"2024-03-21T13:34:09+00:00","og_image":[{"width":1200,"height":627,"url":"https:\/\/alice.ch\/app\/uploads\/2024\/03\/thought-catalog-BlGmdY18CFQ-unsplash-crop.png","type":"image\/png"}],"twitter_card":"summary_large_image","twitter_misc":{"Gesch\u00e4tzte Lesezeit":"1\u00a0Minute"},"schema":{"@context":"https:\/\/schema.org","@graph":[{"@type":"WebPage","@id":"https:\/\/alice.ch\/de\/news\/zukunftskompetenzen-im-fokus\/","url":"https:\/\/alice.ch\/de\/news\/zukunftskompetenzen-im-fokus\/","name":"Zukunftskompetenzen im Fokus - SVEB","isPartOf":{"@id":"https:\/\/alice.ch\/de\/#website"},"primaryImageOfPage":{"@id":"https:\/\/alice.ch\/de\/news\/zukunftskompetenzen-im-fokus\/#primaryimage"},"image":{"@id":"https:\/\/alice.ch\/de\/news\/zukunftskompetenzen-im-fokus\/#primaryimage"},"thumbnailUrl":"https:\/\/alice.ch\/app\/uploads\/2024\/03\/thought-catalog-BlGmdY18CFQ-unsplash-crop.png","datePublished":"2024-03-14T12:11:22+00:00","dateModified":"2024-03-21T13:34:09+00:00","breadcrumb":{"@id":"https:\/\/alice.ch\/de\/news\/zukunftskompetenzen-im-fokus\/#breadcrumb"},"inLanguage":"de","potentialAction":[{"@type":"ReadAction","target":["https:\/\/alice.ch\/de\/news\/zukunftskompetenzen-im-fokus\/"]}]},{"@type":"ImageObject","inLanguage":"de","@id":"https:\/\/alice.ch\/de\/news\/zukunftskompetenzen-im-fokus\/#primaryimage","url":"https:\/\/alice.ch\/app\/uploads\/2024\/03\/thought-catalog-BlGmdY18CFQ-unsplash-crop.png","contentUrl":"https:\/\/alice.ch\/app\/uploads\/2024\/03\/thought-catalog-BlGmdY18CFQ-unsplash-crop.png","width":1200,"height":627,"caption":"Frau am Tablet"},{"@type":"BreadcrumbList","@id":"https:\/\/alice.ch\/de\/news\/zukunftskompetenzen-im-fokus\/#breadcrumb","itemListElement":[{"@type":"ListItem","position":1,"name":"Startseite","item":"https:\/\/alice.ch\/de\/"},{"@type":"ListItem","position":2,"name":"Zukunftskompetenzen im Fokus"}]},{"@type":"WebSite","@id":"https:\/\/alice.ch\/de\/#website","url":"https:\/\/alice.ch\/de\/","name":"alice.ch (Adult Learning Information Center) ist das Portal der Weiterbildung in der Schweiz.","description":"Schweizerischer Verband f\u00fcr Weiterbildung","publisher":{"@id":"https:\/\/alice.ch\/de\/#organization"},"potentialAction":[{"@type":"SearchAction","target":{"@type":"EntryPoint","urlTemplate":"https:\/\/alice.ch\/de\/?s={search_term_string}"},"query-input":{"@type":"PropertyValueSpecification","valueRequired":true,"valueName":"search_term_string"}}],"inLanguage":"de"},{"@type":"Organization","@id":"https:\/\/alice.ch\/de\/#organization","name":"SVEB Schweizerischer Verband f\u00fcr Weiterbildung","url":"https:\/\/alice.ch\/de\/","logo":{"@type":"ImageObject","inLanguage":"de","@id":"https:\/\/alice.ch\/de\/#\/schema\/logo\/image\/","url":"https:\/\/alice.ch\/app\/uploads\/2022\/07\/logo-sveb.png","contentUrl":"https:\/\/alice.ch\/app\/uploads\/2022\/07\/logo-sveb.png","width":145,"height":64,"caption":"SVEB Schweizerischer Verband f\u00fcr Weiterbildung"},"image":{"@id":"https:\/\/alice.ch\/de\/#\/schema\/logo\/image\/"},"sameAs":["https:\/\/www.linkedin.com\/company\/schweizerischer-verband-fr-weiterbildung-sveb\/"]}]}},"_links":{"self":[{"href":"https:\/\/alice.ch\/de\/wp-json\/wp\/v2\/news\/58139","targetHints":{"allow":["GET"]}}],"collection":[{"href":"https:\/\/alice.ch\/de\/wp-json\/wp\/v2\/news"}],"about":[{"href":"https:\/\/alice.ch\/de\/wp-json\/wp\/v2\/types\/news"}],"author":[{"embeddable":true,"href":"https:\/\/alice.ch\/de\/wp-json\/wp\/v2\/users\/27"}],"version-history":[{"count":6,"href":"https:\/\/alice.ch\/de\/wp-json\/wp\/v2\/news\/58139\/revisions"}],"predecessor-version":[{"id":58416,"href":"https:\/\/alice.ch\/de\/wp-json\/wp\/v2\/news\/58139\/revisions\/58416"}],"wp:featuredmedia":[{"embeddable":true,"href":"https:\/\/alice.ch\/de\/wp-json\/wp\/v2\/media\/58281"}],"wp:attachment":[{"href":"https:\/\/alice.ch\/de\/wp-json\/wp\/v2\/media?parent=58139"}],"wp:term":[{"taxonomy":"news-category","embeddable":true,"href":"https:\/\/alice.ch\/de\/wp-json\/wp\/v2\/news-category?post=58139"},{"taxonomy":"global-category","embeddable":true,"href":"https:\/\/alice.ch\/de\/wp-json\/wp\/v2\/global-category?post=58139"}],"curies":[{"name":"wp","href":"https:\/\/api.w.org\/{rel}","templated":true}]}}