{"id":58313,"date":"2024-03-25T14:57:10","date_gmt":"2024-03-25T13:57:10","guid":{"rendered":"https:\/\/alice.ch\/?post_type=news&#038;p=58313"},"modified":"2024-03-25T14:57:12","modified_gmt":"2024-03-25T13:57:12","slug":"sind-quereinstiege-das-neue-normal","status":"publish","type":"news","link":"https:\/\/alice.ch\/de\/news\/sind-quereinstiege-das-neue-normal\/","title":{"rendered":"Sind Quereinstiege das neue Normal?"},"content":{"rendered":"\n<p class=\"is-style-lead\">Werte- und demografischer Wandel, technologischer Fortschritt und Fachkr\u00e4ftemangel: Mehrere Faktoren w\u00fchlen die Arbeitswelt auf \u2013 und beg\u00fcnstigen anstelle von abgetretenen Trampelpfaden unkonventionelle und mutige Wege. Die Weiterbildung gewinnt vor diesem Hintergrund stark an Bedeutung.<\/p>\n\n\n\n<p><em>Reto Hunziker<\/em><\/p>\n\n\n\n<p>\u00abArbeitszeiten \u00e4ndern sich\u00bb, warb das deutsche Handelsblatt unl\u00e4ngst f\u00fcr neues Denken. Und tats\u00e4chlich scheint sich in der Arbeitswelt in den letzten Jahren so viel zu tun wie seit Jahrzenten nicht mehr. Befeuert von der Pandemie haben sich Home Office und Videokonferenzen in \u00fcberraschend kurzer Zeit etabliert. Der Fachkr\u00e4ftemangel hat den Arbeitgebermarkt zunehmend in einen Arbeitnehmermarkt gewandelt. Und der technologische Fortschritt steuert seinen Teil zur Disruption der Arbeitswelt bei, wie man sie jahrzehntelang kannte.<\/p>\n\n\n\n<p>Insofern muss arbeiten tats\u00e4chlich \u00abneu gedacht\u00bb werden. Denn ein schnelllebiger Arbeitsalltag verlangt eine ausgepr\u00e4gte Anpassungsf\u00e4higkeit. Ein Arbeitnehmermarkt gew\u00e4hrleistet viele Optionen. Das Arbeiten \u00fcber das Pensionsalter hinaus sowie lebenslanges Lernen erfordern neue Modelle. \u00abIch kann mir gut vorstellen, dass wir aus verschiedenen Gr\u00fcnden die Lebensarbeitszeit werden verl\u00e4ngern m\u00fcssen\u00bb, sagt etwa HR-Koryph\u00e4e Matthias M\u00f6lleney, \u00abdann wird umso klarer, dass es nicht mehr der K\u00f6nigsweg sein kann, nach der Schule eine Lehre zu machen und diesen Beruf dann bis zur Pensionierung auszu\u00fcben.\u00bb<\/p>\n\n\n\n<h2 class=\"wp-block-heading\">\u00abAttitude\u00bb statt \u00abSkills\u00bb<\/h2>\n\n\n\n<p>Neue Wege werden sich also etablieren. Umschulungen d\u00fcrften sich mehren, Quereinstiege normaler werden. \u00abHire for attitude, train for skills\u00bb, heisst es ja schon eine Weile \u2013 es ist anzunehmen, dass sich der Kampf um Talente noch versch\u00e4rfen wird \u2013 und damit auch diese Maxime an G\u00fcltigkeit gewinnt. Wenn die Hard Skills n\u00e4mlich aufgrund des technologischen Fortschritts immer schneller obsolet werden, sind andere Eigenschaften st\u00e4rker gefragt. Eigenschaften, die mit gezielter Weiterbildung gef\u00f6rdert werden k\u00f6nnen.<\/p>\n\n\n\n<p>Gem\u00e4ss der Eurobarometer-Umfrage der Europ\u00e4ischen Kommission, bei der 2023 europaweit fast 13&#8217;000 Telefoninterviews gef\u00fchrt wurden, ist es f\u00fcr mehr als drei Viertel der Unternehmen sehr oder m\u00e4ssig schwierig, Arbeitskr\u00e4fte mit den richtigen Kompetenzen zu finden. 68 Prozent der Befragten glauben, dass Soft Skills in Zukunft wichtiger werden. Im Vergleich dazu: Bei den Digital Skills sind es 62 Prozent, bei den Hard Skills 47 Prozent.<\/p>\n\n\n\n<h2 class=\"wp-block-heading\">Quereinsteigende gesucht<\/h2>\n\n\n\n<p>Ger\u00e4t eine Branche unter Druck, wird sie offener f\u00fcr Quereinstiege: Letztes Jahr suchte die Stadtpolizei Z\u00fcrich mit Slogans wie \u00abheute G\u00e4rtnerin, morgen Polizistin\u00bb explizit nach Quereinsteigenden. Auch an Schulen kommen Menschen ohne Diplom zum Einsatz, da es an Lehrpersonal fehlt. Und in ihrer aktuellen Kampagne sprechen die Verkehrsbetriebe Z\u00fcrich VBZ gezielt Quereinsteigende \u00fcber 45 Jahren an. Auch der Schweizerische Verband f\u00fcr Weiterbildung SVEB lanciert demn\u00e4chst eine Kampagne, um Sprachkursleiterinnen und Sprachkursleiter im Integrationsbereich zu finden \u2013 Quereinsteigende ausdr\u00fccklich erw\u00fcnscht.<\/p>\n\n\n\n<p>\u00abQuereinstiege werden durch den Fachkr\u00e4ftemangel sicher erleichtert\u00bb, sagt Arbeitsmarktsoziologin Helen Buchs. Denn die Unternehmen seien eher bereit, solche zuzulassen und zu f\u00f6rdern. Dies gelte f\u00fcr Personen mit einer Berufslehre oder einem Hochschulabschluss, aber auch f\u00fcr Personen ohne nachobligatorische Ausbildung. \u00abDie Unternehmen werden kreativer bei der Personalrekrutierung, kommen von einem perfekten Matching ab und pr\u00fcfen auch Dossiers mit nicht ganz gradlinig verlaufenden Berufskarrieren\u00bb, so Buchs.<br><br>Dies best\u00e4tigt auch Marco Riso, B\u00fcroleiter beim Personalvermittler Randstad, gegen\u00fcber der NZZ: Quereinsteigende h\u00e4tten heute mehr Chancen als noch vor ein paar Jahren, die Arbeitgeber seien flexibler geworden. Und sie werden noch flexibler werden m\u00fcssen, da die Transformationsprozesse in vollem Gange sind. Zero Gap \u2013 sprich: kein Spielraum zwischen den Stellenanforderungen und dem, was die Bewerberin oder der Bewerber mitbringt \u2013 wird sich niemand mehr leisten k\u00f6nnen.<\/p>\n\n\n\n<h2 class=\"wp-block-heading\">Gen Z machts vor<\/h2>\n\n\n\n<p>Auch hat die Pandemie viele dazu bewogen, ihre Lebensweise respektive ihre Beziehung zur Arbeit zu \u00fcberdenken. Gleichzeitig f\u00e4rbt die Entschiedenheit, wie viele Vertreterinnen und Vertreter der Generation Z ihre W\u00fcnsche und Erwartungen einfordern auch auf andere Generationen ab. Ebenso die Anspr\u00fcche an eine gesunde Work-Life-Balance.<br><br>Zwar kam in einer im vergangenen Oktober ver\u00f6ffentlichten Umfrage der Firma Von Rundstedt unter 1907 Personalverantwortlichen heraus, dass Quereinsteigende und \u00e4ltere Menschen in der Schweiz weiterhin weniger gefragt seien. Doch es kann nur eine Frage der Zeit sein, bis hier ein Umdenken stattfindet. Zumal schon nur die digitale Transformation ein hohes Mass an Flexibilit\u00e4t erfordert, allein der Einsatz von k\u00fcnstlicher Intelligenz d\u00fcrfte die Mobilit\u00e4t zwischen Berufsprofilen und Branchen erh\u00f6hen.<\/p>\n\n\n\n<h2 class=\"wp-block-heading\">Gezielter und informeller lernen<\/h2>\n\n\n\n<p>Klar auch, dass mit zunehmender Flexibilit\u00e4t im Arbeitsmarkt sich auch die Aus- und Weiterbildung anpassen muss. Gerade die Weiterbildung hat hier schon einige Schritte unternommen. So werden etwa mit sogenannten Micro-Credentials kurze, informelle Lerneinheiten ausgewiesen. Damit lassen sich F\u00e4higkeiten gezielter und punktueller im Arbeitsalltag vermitteln \u2013 und belegen. Dies ist insbesondere eine Chance f\u00fcr Menschen ohne Berufsabschuss oder mit geringen Qualifikationen. Der SVEB pr\u00fcft derzeit mit zentralen Akteuren der Weiterbildung, wie ein nationales Vorgehen zur Umsetzung von Micro Credentials aussehen k\u00f6nnte.<br><br>Das (lebenslange) Lernen on the Job wird wohl bald normal sein. Und somit auch Zick-Zack-Lebensl\u00e4ufe, Quereinstiege und damit einhergehend punktuelle, informelle und gezielte Weiterbildung. Und wenn ein Berufswechsel gar nicht mehr so quer ist, er\u00fcbrigt sich auch diese Unterscheidung.<\/p>\n\n\n\n<p><em>Dieser Artikel erschien am 16. M\u00e4rz in der Zeitungsbeilage <a href=\"https:\/\/issuu.com\/smart_media\/docs\/2403_tag_cal_next_step\">\u00abFokus Next Step\u00bb<\/a>. <\/em><\/p>\n","protected":false},"excerpt":{"rendered":"<p>Werte- und demografischer Wandel, technologischer Fortschritt und Fachkr\u00e4ftemangel: Mehrere Faktoren w\u00fchlen die Arbeitswelt auf \u2013 und beg\u00fcnstigen anstelle von abgetretenen [&hellip;]<\/p>\n","protected":false},"author":27,"featured_media":58316,"template":"","meta":{"_acf_changed":false,"inline_featured_image":false,"footnotes":""},"news-category":[31],"global-category":[],"class_list":["post-58313","news","type-news","status-publish","has-post-thumbnail","hentry","news-category-branche"],"acf":[],"yoast_head":"<!-- This site is optimized with the Yoast SEO plugin v27.3 - https:\/\/yoast.com\/product\/yoast-seo-wordpress\/ -->\n<title>Sind Quereinstiege das neue Normal? - SVEB<\/title>\n<meta name=\"robots\" content=\"index, follow, max-snippet:-1, max-image-preview:large, max-video-preview:-1\" \/>\n<link rel=\"canonical\" href=\"https:\/\/alice.ch\/de\/news\/sind-quereinstiege-das-neue-normal\/\" \/>\n<meta property=\"og:locale\" content=\"de_DE\" \/>\n<meta property=\"og:type\" content=\"article\" \/>\n<meta property=\"og:title\" content=\"Sind Quereinstiege das neue Normal? - SVEB\" \/>\n<meta property=\"og:description\" content=\"Werte- und demografischer Wandel, technologischer Fortschritt und Fachkr\u00e4ftemangel: Mehrere Faktoren w\u00fchlen die Arbeitswelt auf \u2013 und beg\u00fcnstigen anstelle von abgetretenen [&hellip;]\" \/>\n<meta property=\"og:url\" content=\"https:\/\/alice.ch\/de\/news\/sind-quereinstiege-das-neue-normal\/\" \/>\n<meta property=\"og:site_name\" content=\"SVEB\" \/>\n<meta property=\"article:modified_time\" content=\"2024-03-25T13:57:12+00:00\" \/>\n<meta property=\"og:image\" content=\"https:\/\/alice.ch\/app\/uploads\/2024\/03\/isabella-fischer-itNq2RRTOqI-unsplash-crop.png\" \/>\n\t<meta property=\"og:image:width\" content=\"1200\" \/>\n\t<meta property=\"og:image:height\" content=\"627\" \/>\n\t<meta property=\"og:image:type\" content=\"image\/png\" \/>\n<meta name=\"twitter:card\" content=\"summary_large_image\" \/>\n<meta name=\"twitter:label1\" content=\"Gesch\u00e4tzte Lesezeit\" \/>\n\t<meta name=\"twitter:data1\" content=\"4\u00a0Minuten\" \/>\n<script type=\"application\/ld+json\" class=\"yoast-schema-graph\">{\"@context\":\"https:\\\/\\\/schema.org\",\"@graph\":[{\"@type\":\"WebPage\",\"@id\":\"https:\\\/\\\/alice.ch\\\/de\\\/news\\\/sind-quereinstiege-das-neue-normal\\\/\",\"url\":\"https:\\\/\\\/alice.ch\\\/de\\\/news\\\/sind-quereinstiege-das-neue-normal\\\/\",\"name\":\"Sind Quereinstiege das neue Normal? - SVEB\",\"isPartOf\":{\"@id\":\"https:\\\/\\\/alice.ch\\\/de\\\/#website\"},\"primaryImageOfPage\":{\"@id\":\"https:\\\/\\\/alice.ch\\\/de\\\/news\\\/sind-quereinstiege-das-neue-normal\\\/#primaryimage\"},\"image\":{\"@id\":\"https:\\\/\\\/alice.ch\\\/de\\\/news\\\/sind-quereinstiege-das-neue-normal\\\/#primaryimage\"},\"thumbnailUrl\":\"https:\\\/\\\/alice.ch\\\/app\\\/uploads\\\/2024\\\/03\\\/isabella-fischer-itNq2RRTOqI-unsplash-crop.png\",\"datePublished\":\"2024-03-25T13:57:10+00:00\",\"dateModified\":\"2024-03-25T13:57:12+00:00\",\"breadcrumb\":{\"@id\":\"https:\\\/\\\/alice.ch\\\/de\\\/news\\\/sind-quereinstiege-das-neue-normal\\\/#breadcrumb\"},\"inLanguage\":\"de\",\"potentialAction\":[{\"@type\":\"ReadAction\",\"target\":[\"https:\\\/\\\/alice.ch\\\/de\\\/news\\\/sind-quereinstiege-das-neue-normal\\\/\"]}]},{\"@type\":\"ImageObject\",\"inLanguage\":\"de\",\"@id\":\"https:\\\/\\\/alice.ch\\\/de\\\/news\\\/sind-quereinstiege-das-neue-normal\\\/#primaryimage\",\"url\":\"https:\\\/\\\/alice.ch\\\/app\\\/uploads\\\/2024\\\/03\\\/isabella-fischer-itNq2RRTOqI-unsplash-crop.png\",\"contentUrl\":\"https:\\\/\\\/alice.ch\\\/app\\\/uploads\\\/2024\\\/03\\\/isabella-fischer-itNq2RRTOqI-unsplash-crop.png\",\"width\":1200,\"height\":627},{\"@type\":\"BreadcrumbList\",\"@id\":\"https:\\\/\\\/alice.ch\\\/de\\\/news\\\/sind-quereinstiege-das-neue-normal\\\/#breadcrumb\",\"itemListElement\":[{\"@type\":\"ListItem\",\"position\":1,\"name\":\"Startseite\",\"item\":\"https:\\\/\\\/alice.ch\\\/de\\\/\"},{\"@type\":\"ListItem\",\"position\":2,\"name\":\"Sind Quereinstiege das neue Normal?\"}]},{\"@type\":\"WebSite\",\"@id\":\"https:\\\/\\\/alice.ch\\\/de\\\/#website\",\"url\":\"https:\\\/\\\/alice.ch\\\/de\\\/\",\"name\":\"alice.ch (Adult Learning Information Center) ist das Portal der Weiterbildung in der Schweiz.\",\"description\":\"Schweizerischer Verband f\u00fcr Weiterbildung\",\"publisher\":{\"@id\":\"https:\\\/\\\/alice.ch\\\/de\\\/#organization\"},\"potentialAction\":[{\"@type\":\"SearchAction\",\"target\":{\"@type\":\"EntryPoint\",\"urlTemplate\":\"https:\\\/\\\/alice.ch\\\/de\\\/?s={search_term_string}\"},\"query-input\":{\"@type\":\"PropertyValueSpecification\",\"valueRequired\":true,\"valueName\":\"search_term_string\"}}],\"inLanguage\":\"de\"},{\"@type\":\"Organization\",\"@id\":\"https:\\\/\\\/alice.ch\\\/de\\\/#organization\",\"name\":\"SVEB Schweizerischer Verband f\u00fcr Weiterbildung\",\"url\":\"https:\\\/\\\/alice.ch\\\/de\\\/\",\"logo\":{\"@type\":\"ImageObject\",\"inLanguage\":\"de\",\"@id\":\"https:\\\/\\\/alice.ch\\\/de\\\/#\\\/schema\\\/logo\\\/image\\\/\",\"url\":\"https:\\\/\\\/alice.ch\\\/app\\\/uploads\\\/2022\\\/07\\\/logo-sveb.png\",\"contentUrl\":\"https:\\\/\\\/alice.ch\\\/app\\\/uploads\\\/2022\\\/07\\\/logo-sveb.png\",\"width\":145,\"height\":64,\"caption\":\"SVEB Schweizerischer Verband f\u00fcr Weiterbildung\"},\"image\":{\"@id\":\"https:\\\/\\\/alice.ch\\\/de\\\/#\\\/schema\\\/logo\\\/image\\\/\"},\"sameAs\":[\"https:\\\/\\\/www.linkedin.com\\\/company\\\/schweizerischer-verband-fr-weiterbildung-sveb\\\/\"]}]}<\/script>\n<!-- \/ Yoast SEO plugin. -->","yoast_head_json":{"title":"Sind Quereinstiege das neue Normal? - SVEB","robots":{"index":"index","follow":"follow","max-snippet":"max-snippet:-1","max-image-preview":"max-image-preview:large","max-video-preview":"max-video-preview:-1"},"canonical":"https:\/\/alice.ch\/de\/news\/sind-quereinstiege-das-neue-normal\/","og_locale":"de_DE","og_type":"article","og_title":"Sind Quereinstiege das neue Normal? - SVEB","og_description":"Werte- und demografischer Wandel, technologischer Fortschritt und Fachkr\u00e4ftemangel: Mehrere Faktoren w\u00fchlen die Arbeitswelt auf \u2013 und beg\u00fcnstigen anstelle von abgetretenen [&hellip;]","og_url":"https:\/\/alice.ch\/de\/news\/sind-quereinstiege-das-neue-normal\/","og_site_name":"SVEB","article_modified_time":"2024-03-25T13:57:12+00:00","og_image":[{"width":1200,"height":627,"url":"https:\/\/alice.ch\/app\/uploads\/2024\/03\/isabella-fischer-itNq2RRTOqI-unsplash-crop.png","type":"image\/png"}],"twitter_card":"summary_large_image","twitter_misc":{"Gesch\u00e4tzte Lesezeit":"4\u00a0Minuten"},"schema":{"@context":"https:\/\/schema.org","@graph":[{"@type":"WebPage","@id":"https:\/\/alice.ch\/de\/news\/sind-quereinstiege-das-neue-normal\/","url":"https:\/\/alice.ch\/de\/news\/sind-quereinstiege-das-neue-normal\/","name":"Sind Quereinstiege das neue Normal? - SVEB","isPartOf":{"@id":"https:\/\/alice.ch\/de\/#website"},"primaryImageOfPage":{"@id":"https:\/\/alice.ch\/de\/news\/sind-quereinstiege-das-neue-normal\/#primaryimage"},"image":{"@id":"https:\/\/alice.ch\/de\/news\/sind-quereinstiege-das-neue-normal\/#primaryimage"},"thumbnailUrl":"https:\/\/alice.ch\/app\/uploads\/2024\/03\/isabella-fischer-itNq2RRTOqI-unsplash-crop.png","datePublished":"2024-03-25T13:57:10+00:00","dateModified":"2024-03-25T13:57:12+00:00","breadcrumb":{"@id":"https:\/\/alice.ch\/de\/news\/sind-quereinstiege-das-neue-normal\/#breadcrumb"},"inLanguage":"de","potentialAction":[{"@type":"ReadAction","target":["https:\/\/alice.ch\/de\/news\/sind-quereinstiege-das-neue-normal\/"]}]},{"@type":"ImageObject","inLanguage":"de","@id":"https:\/\/alice.ch\/de\/news\/sind-quereinstiege-das-neue-normal\/#primaryimage","url":"https:\/\/alice.ch\/app\/uploads\/2024\/03\/isabella-fischer-itNq2RRTOqI-unsplash-crop.png","contentUrl":"https:\/\/alice.ch\/app\/uploads\/2024\/03\/isabella-fischer-itNq2RRTOqI-unsplash-crop.png","width":1200,"height":627},{"@type":"BreadcrumbList","@id":"https:\/\/alice.ch\/de\/news\/sind-quereinstiege-das-neue-normal\/#breadcrumb","itemListElement":[{"@type":"ListItem","position":1,"name":"Startseite","item":"https:\/\/alice.ch\/de\/"},{"@type":"ListItem","position":2,"name":"Sind Quereinstiege das neue Normal?"}]},{"@type":"WebSite","@id":"https:\/\/alice.ch\/de\/#website","url":"https:\/\/alice.ch\/de\/","name":"alice.ch (Adult Learning Information Center) ist das Portal der Weiterbildung in der Schweiz.","description":"Schweizerischer Verband f\u00fcr Weiterbildung","publisher":{"@id":"https:\/\/alice.ch\/de\/#organization"},"potentialAction":[{"@type":"SearchAction","target":{"@type":"EntryPoint","urlTemplate":"https:\/\/alice.ch\/de\/?s={search_term_string}"},"query-input":{"@type":"PropertyValueSpecification","valueRequired":true,"valueName":"search_term_string"}}],"inLanguage":"de"},{"@type":"Organization","@id":"https:\/\/alice.ch\/de\/#organization","name":"SVEB Schweizerischer Verband f\u00fcr Weiterbildung","url":"https:\/\/alice.ch\/de\/","logo":{"@type":"ImageObject","inLanguage":"de","@id":"https:\/\/alice.ch\/de\/#\/schema\/logo\/image\/","url":"https:\/\/alice.ch\/app\/uploads\/2022\/07\/logo-sveb.png","contentUrl":"https:\/\/alice.ch\/app\/uploads\/2022\/07\/logo-sveb.png","width":145,"height":64,"caption":"SVEB Schweizerischer Verband f\u00fcr Weiterbildung"},"image":{"@id":"https:\/\/alice.ch\/de\/#\/schema\/logo\/image\/"},"sameAs":["https:\/\/www.linkedin.com\/company\/schweizerischer-verband-fr-weiterbildung-sveb\/"]}]}},"_links":{"self":[{"href":"https:\/\/alice.ch\/de\/wp-json\/wp\/v2\/news\/58313","targetHints":{"allow":["GET"]}}],"collection":[{"href":"https:\/\/alice.ch\/de\/wp-json\/wp\/v2\/news"}],"about":[{"href":"https:\/\/alice.ch\/de\/wp-json\/wp\/v2\/types\/news"}],"author":[{"embeddable":true,"href":"https:\/\/alice.ch\/de\/wp-json\/wp\/v2\/users\/27"}],"version-history":[{"count":5,"href":"https:\/\/alice.ch\/de\/wp-json\/wp\/v2\/news\/58313\/revisions"}],"predecessor-version":[{"id":58322,"href":"https:\/\/alice.ch\/de\/wp-json\/wp\/v2\/news\/58313\/revisions\/58322"}],"wp:featuredmedia":[{"embeddable":true,"href":"https:\/\/alice.ch\/de\/wp-json\/wp\/v2\/media\/58316"}],"wp:attachment":[{"href":"https:\/\/alice.ch\/de\/wp-json\/wp\/v2\/media?parent=58313"}],"wp:term":[{"taxonomy":"news-category","embeddable":true,"href":"https:\/\/alice.ch\/de\/wp-json\/wp\/v2\/news-category?post=58313"},{"taxonomy":"global-category","embeddable":true,"href":"https:\/\/alice.ch\/de\/wp-json\/wp\/v2\/global-category?post=58313"}],"curies":[{"name":"wp","href":"https:\/\/api.w.org\/{rel}","templated":true}]}}