{"id":59944,"date":"2024-05-24T11:17:43","date_gmt":"2024-05-24T09:17:43","guid":{"rendered":"https:\/\/alice.ch\/?post_type=news&#038;p=59944"},"modified":"2024-05-24T11:33:19","modified_gmt":"2024-05-24T09:33:19","slug":"neue-pruefungsordnung-fuer-eidg-fachausweis-ausbilder-ausbilderin-genehmigt","status":"publish","type":"news","link":"https:\/\/alice.ch\/de\/news\/neue-pruefungsordnung-fuer-eidg-fachausweis-ausbilder-ausbilderin-genehmigt\/","title":{"rendered":"Neue Pr\u00fcfungsordnung f\u00fcr eidg. Fachausweis Ausbilder\/Ausbilderin genehmigt"},"content":{"rendered":"\n<p class=\"is-style-lead\">Der SVEB feiert einen Meilenstein: Das SBFI hat die neue Pr\u00fcfungsordnung genehmigt. Schon im Oktober werden Kandidatinnen und Kandidaten mit Performanzdossier und Reflexionsgespr\u00e4ch gepr\u00fcft. <\/p>\n\n\n\n<p>Es ist geschafft, die neue Pr\u00fcfungsordnung f\u00fcr den eidgen\u00f6ssischen Fachausweis Ausbilderin\/Ausbilder wurde am 22.Mai 2024 vom SBFI genehmigt. Sie tritt mit gleichem Datum in Kraft. Damit liegen nun auch die rechtlichen Grundlagen vor, um die neue Pr\u00fcfung durchf\u00fchren zu k\u00f6nnen. Die Anmeldefrist f\u00fcr den ersten Durchgang ist Mitte Mai abgelaufen. 14 Kandidatinnen und Kandidaten werden im Sommer ein Performanzdossier erstellen und dieses im Oktober pr\u00e4sentieren und ihr Professionsverst\u00e4ndnis gegen\u00fcber den Pr\u00fcfungsexpertinnen und -experten reflektieren.<\/p>\n\n\n\n<p>Mit der Genehmigung der Pr\u00fcfungsordnung hat der SVEB einen grossen Meilenstein erreicht. Wir freuen uns, dass wir nun eine erwachsenengerechte und praxisorientierte Pr\u00fcfung implementieren k\u00f6nnen. Der SVEB dankt allen, die diese Revision erm\u00f6glicht haben.<\/p>\n","protected":false},"excerpt":{"rendered":"<p>Der SVEB feiert einen Meilenstein: Das SBFI hat die neue Pr\u00fcfungsordnung genehmigt. Schon im Oktober werden Kandidatinnen und Kandidaten mit [&hellip;]<\/p>\n","protected":false},"author":27,"featured_media":59949,"template":"","meta":{"_acf_changed":false,"inline_featured_image":false,"footnotes":""},"news-category":[39],"global-category":[],"class_list":["post-59944","news","type-news","status-publish","has-post-thumbnail","hentry","news-category-sveb"],"acf":[],"yoast_head":"<!-- This site is optimized with the Yoast SEO plugin v27.3 - https:\/\/yoast.com\/product\/yoast-seo-wordpress\/ -->\n<title>Neue Pr\u00fcfungsordnung f\u00fcr eidg. Fachausweis Ausbilder\/Ausbilderin genehmigt - SVEB<\/title>\n<meta name=\"robots\" content=\"index, follow, max-snippet:-1, max-image-preview:large, max-video-preview:-1\" \/>\n<link rel=\"canonical\" href=\"https:\/\/alice.ch\/de\/news\/neue-pruefungsordnung-fuer-eidg-fachausweis-ausbilder-ausbilderin-genehmigt\/\" \/>\n<meta property=\"og:locale\" content=\"de_DE\" \/>\n<meta property=\"og:type\" content=\"article\" \/>\n<meta property=\"og:title\" content=\"Neue Pr\u00fcfungsordnung f\u00fcr eidg. Fachausweis Ausbilder\/Ausbilderin genehmigt - SVEB\" \/>\n<meta property=\"og:description\" content=\"Der SVEB feiert einen Meilenstein: Das SBFI hat die neue Pr\u00fcfungsordnung genehmigt. Schon im Oktober werden Kandidatinnen und Kandidaten mit [&hellip;]\" \/>\n<meta property=\"og:url\" content=\"https:\/\/alice.ch\/de\/news\/neue-pruefungsordnung-fuer-eidg-fachausweis-ausbilder-ausbilderin-genehmigt\/\" \/>\n<meta property=\"og:site_name\" content=\"SVEB\" \/>\n<meta property=\"article:modified_time\" content=\"2024-05-24T09:33:19+00:00\" \/>\n<meta property=\"og:image\" content=\"https:\/\/alice.ch\/app\/uploads\/2024\/05\/glenn-carstens-peters-npxXWgQ33ZQ-unsplash-crop.png\" \/>\n\t<meta property=\"og:image:width\" content=\"1200\" \/>\n\t<meta property=\"og:image:height\" content=\"627\" \/>\n\t<meta property=\"og:image:type\" content=\"image\/png\" \/>\n<meta name=\"twitter:card\" content=\"summary_large_image\" \/>\n<meta name=\"twitter:label1\" content=\"Gesch\u00e4tzte Lesezeit\" \/>\n\t<meta name=\"twitter:data1\" content=\"1\u00a0Minute\" \/>\n<script type=\"application\/ld+json\" class=\"yoast-schema-graph\">{\"@context\":\"https:\\\/\\\/schema.org\",\"@graph\":[{\"@type\":\"WebPage\",\"@id\":\"https:\\\/\\\/alice.ch\\\/de\\\/news\\\/neue-pruefungsordnung-fuer-eidg-fachausweis-ausbilder-ausbilderin-genehmigt\\\/\",\"url\":\"https:\\\/\\\/alice.ch\\\/de\\\/news\\\/neue-pruefungsordnung-fuer-eidg-fachausweis-ausbilder-ausbilderin-genehmigt\\\/\",\"name\":\"Neue Pr\u00fcfungsordnung f\u00fcr eidg. Fachausweis Ausbilder\\\/Ausbilderin genehmigt - SVEB\",\"isPartOf\":{\"@id\":\"https:\\\/\\\/alice.ch\\\/de\\\/#website\"},\"primaryImageOfPage\":{\"@id\":\"https:\\\/\\\/alice.ch\\\/de\\\/news\\\/neue-pruefungsordnung-fuer-eidg-fachausweis-ausbilder-ausbilderin-genehmigt\\\/#primaryimage\"},\"image\":{\"@id\":\"https:\\\/\\\/alice.ch\\\/de\\\/news\\\/neue-pruefungsordnung-fuer-eidg-fachausweis-ausbilder-ausbilderin-genehmigt\\\/#primaryimage\"},\"thumbnailUrl\":\"https:\\\/\\\/alice.ch\\\/app\\\/uploads\\\/2024\\\/05\\\/glenn-carstens-peters-npxXWgQ33ZQ-unsplash-crop.png\",\"datePublished\":\"2024-05-24T09:17:43+00:00\",\"dateModified\":\"2024-05-24T09:33:19+00:00\",\"breadcrumb\":{\"@id\":\"https:\\\/\\\/alice.ch\\\/de\\\/news\\\/neue-pruefungsordnung-fuer-eidg-fachausweis-ausbilder-ausbilderin-genehmigt\\\/#breadcrumb\"},\"inLanguage\":\"de\",\"potentialAction\":[{\"@type\":\"ReadAction\",\"target\":[\"https:\\\/\\\/alice.ch\\\/de\\\/news\\\/neue-pruefungsordnung-fuer-eidg-fachausweis-ausbilder-ausbilderin-genehmigt\\\/\"]}]},{\"@type\":\"ImageObject\",\"inLanguage\":\"de\",\"@id\":\"https:\\\/\\\/alice.ch\\\/de\\\/news\\\/neue-pruefungsordnung-fuer-eidg-fachausweis-ausbilder-ausbilderin-genehmigt\\\/#primaryimage\",\"url\":\"https:\\\/\\\/alice.ch\\\/app\\\/uploads\\\/2024\\\/05\\\/glenn-carstens-peters-npxXWgQ33ZQ-unsplash-crop.png\",\"contentUrl\":\"https:\\\/\\\/alice.ch\\\/app\\\/uploads\\\/2024\\\/05\\\/glenn-carstens-peters-npxXWgQ33ZQ-unsplash-crop.png\",\"width\":1200,\"height\":627},{\"@type\":\"BreadcrumbList\",\"@id\":\"https:\\\/\\\/alice.ch\\\/de\\\/news\\\/neue-pruefungsordnung-fuer-eidg-fachausweis-ausbilder-ausbilderin-genehmigt\\\/#breadcrumb\",\"itemListElement\":[{\"@type\":\"ListItem\",\"position\":1,\"name\":\"Startseite\",\"item\":\"https:\\\/\\\/alice.ch\\\/de\\\/\"},{\"@type\":\"ListItem\",\"position\":2,\"name\":\"Neue Pr\u00fcfungsordnung f\u00fcr eidg. Fachausweis Ausbilder\\\/Ausbilderin genehmigt\"}]},{\"@type\":\"WebSite\",\"@id\":\"https:\\\/\\\/alice.ch\\\/de\\\/#website\",\"url\":\"https:\\\/\\\/alice.ch\\\/de\\\/\",\"name\":\"alice.ch (Adult Learning Information Center) ist das Portal der Weiterbildung in der Schweiz.\",\"description\":\"Schweizerischer Verband f\u00fcr Weiterbildung\",\"publisher\":{\"@id\":\"https:\\\/\\\/alice.ch\\\/de\\\/#organization\"},\"potentialAction\":[{\"@type\":\"SearchAction\",\"target\":{\"@type\":\"EntryPoint\",\"urlTemplate\":\"https:\\\/\\\/alice.ch\\\/de\\\/?s={search_term_string}\"},\"query-input\":{\"@type\":\"PropertyValueSpecification\",\"valueRequired\":true,\"valueName\":\"search_term_string\"}}],\"inLanguage\":\"de\"},{\"@type\":\"Organization\",\"@id\":\"https:\\\/\\\/alice.ch\\\/de\\\/#organization\",\"name\":\"SVEB Schweizerischer Verband f\u00fcr Weiterbildung\",\"url\":\"https:\\\/\\\/alice.ch\\\/de\\\/\",\"logo\":{\"@type\":\"ImageObject\",\"inLanguage\":\"de\",\"@id\":\"https:\\\/\\\/alice.ch\\\/de\\\/#\\\/schema\\\/logo\\\/image\\\/\",\"url\":\"https:\\\/\\\/alice.ch\\\/app\\\/uploads\\\/2022\\\/07\\\/logo-sveb.png\",\"contentUrl\":\"https:\\\/\\\/alice.ch\\\/app\\\/uploads\\\/2022\\\/07\\\/logo-sveb.png\",\"width\":145,\"height\":64,\"caption\":\"SVEB Schweizerischer Verband f\u00fcr Weiterbildung\"},\"image\":{\"@id\":\"https:\\\/\\\/alice.ch\\\/de\\\/#\\\/schema\\\/logo\\\/image\\\/\"},\"sameAs\":[\"https:\\\/\\\/www.linkedin.com\\\/company\\\/schweizerischer-verband-fr-weiterbildung-sveb\\\/\"]}]}<\/script>\n<!-- \/ Yoast SEO plugin. -->","yoast_head_json":{"title":"Neue Pr\u00fcfungsordnung f\u00fcr eidg. Fachausweis Ausbilder\/Ausbilderin genehmigt - SVEB","robots":{"index":"index","follow":"follow","max-snippet":"max-snippet:-1","max-image-preview":"max-image-preview:large","max-video-preview":"max-video-preview:-1"},"canonical":"https:\/\/alice.ch\/de\/news\/neue-pruefungsordnung-fuer-eidg-fachausweis-ausbilder-ausbilderin-genehmigt\/","og_locale":"de_DE","og_type":"article","og_title":"Neue Pr\u00fcfungsordnung f\u00fcr eidg. Fachausweis Ausbilder\/Ausbilderin genehmigt - SVEB","og_description":"Der SVEB feiert einen Meilenstein: Das SBFI hat die neue Pr\u00fcfungsordnung genehmigt. Schon im Oktober werden Kandidatinnen und Kandidaten mit [&hellip;]","og_url":"https:\/\/alice.ch\/de\/news\/neue-pruefungsordnung-fuer-eidg-fachausweis-ausbilder-ausbilderin-genehmigt\/","og_site_name":"SVEB","article_modified_time":"2024-05-24T09:33:19+00:00","og_image":[{"width":1200,"height":627,"url":"https:\/\/alice.ch\/app\/uploads\/2024\/05\/glenn-carstens-peters-npxXWgQ33ZQ-unsplash-crop.png","type":"image\/png"}],"twitter_card":"summary_large_image","twitter_misc":{"Gesch\u00e4tzte Lesezeit":"1\u00a0Minute"},"schema":{"@context":"https:\/\/schema.org","@graph":[{"@type":"WebPage","@id":"https:\/\/alice.ch\/de\/news\/neue-pruefungsordnung-fuer-eidg-fachausweis-ausbilder-ausbilderin-genehmigt\/","url":"https:\/\/alice.ch\/de\/news\/neue-pruefungsordnung-fuer-eidg-fachausweis-ausbilder-ausbilderin-genehmigt\/","name":"Neue Pr\u00fcfungsordnung f\u00fcr eidg. Fachausweis Ausbilder\/Ausbilderin genehmigt - SVEB","isPartOf":{"@id":"https:\/\/alice.ch\/de\/#website"},"primaryImageOfPage":{"@id":"https:\/\/alice.ch\/de\/news\/neue-pruefungsordnung-fuer-eidg-fachausweis-ausbilder-ausbilderin-genehmigt\/#primaryimage"},"image":{"@id":"https:\/\/alice.ch\/de\/news\/neue-pruefungsordnung-fuer-eidg-fachausweis-ausbilder-ausbilderin-genehmigt\/#primaryimage"},"thumbnailUrl":"https:\/\/alice.ch\/app\/uploads\/2024\/05\/glenn-carstens-peters-npxXWgQ33ZQ-unsplash-crop.png","datePublished":"2024-05-24T09:17:43+00:00","dateModified":"2024-05-24T09:33:19+00:00","breadcrumb":{"@id":"https:\/\/alice.ch\/de\/news\/neue-pruefungsordnung-fuer-eidg-fachausweis-ausbilder-ausbilderin-genehmigt\/#breadcrumb"},"inLanguage":"de","potentialAction":[{"@type":"ReadAction","target":["https:\/\/alice.ch\/de\/news\/neue-pruefungsordnung-fuer-eidg-fachausweis-ausbilder-ausbilderin-genehmigt\/"]}]},{"@type":"ImageObject","inLanguage":"de","@id":"https:\/\/alice.ch\/de\/news\/neue-pruefungsordnung-fuer-eidg-fachausweis-ausbilder-ausbilderin-genehmigt\/#primaryimage","url":"https:\/\/alice.ch\/app\/uploads\/2024\/05\/glenn-carstens-peters-npxXWgQ33ZQ-unsplash-crop.png","contentUrl":"https:\/\/alice.ch\/app\/uploads\/2024\/05\/glenn-carstens-peters-npxXWgQ33ZQ-unsplash-crop.png","width":1200,"height":627},{"@type":"BreadcrumbList","@id":"https:\/\/alice.ch\/de\/news\/neue-pruefungsordnung-fuer-eidg-fachausweis-ausbilder-ausbilderin-genehmigt\/#breadcrumb","itemListElement":[{"@type":"ListItem","position":1,"name":"Startseite","item":"https:\/\/alice.ch\/de\/"},{"@type":"ListItem","position":2,"name":"Neue Pr\u00fcfungsordnung f\u00fcr eidg. Fachausweis Ausbilder\/Ausbilderin genehmigt"}]},{"@type":"WebSite","@id":"https:\/\/alice.ch\/de\/#website","url":"https:\/\/alice.ch\/de\/","name":"alice.ch (Adult Learning Information Center) ist das Portal der Weiterbildung in der Schweiz.","description":"Schweizerischer Verband f\u00fcr Weiterbildung","publisher":{"@id":"https:\/\/alice.ch\/de\/#organization"},"potentialAction":[{"@type":"SearchAction","target":{"@type":"EntryPoint","urlTemplate":"https:\/\/alice.ch\/de\/?s={search_term_string}"},"query-input":{"@type":"PropertyValueSpecification","valueRequired":true,"valueName":"search_term_string"}}],"inLanguage":"de"},{"@type":"Organization","@id":"https:\/\/alice.ch\/de\/#organization","name":"SVEB Schweizerischer Verband f\u00fcr Weiterbildung","url":"https:\/\/alice.ch\/de\/","logo":{"@type":"ImageObject","inLanguage":"de","@id":"https:\/\/alice.ch\/de\/#\/schema\/logo\/image\/","url":"https:\/\/alice.ch\/app\/uploads\/2022\/07\/logo-sveb.png","contentUrl":"https:\/\/alice.ch\/app\/uploads\/2022\/07\/logo-sveb.png","width":145,"height":64,"caption":"SVEB Schweizerischer Verband f\u00fcr Weiterbildung"},"image":{"@id":"https:\/\/alice.ch\/de\/#\/schema\/logo\/image\/"},"sameAs":["https:\/\/www.linkedin.com\/company\/schweizerischer-verband-fr-weiterbildung-sveb\/"]}]}},"_links":{"self":[{"href":"https:\/\/alice.ch\/de\/wp-json\/wp\/v2\/news\/59944","targetHints":{"allow":["GET"]}}],"collection":[{"href":"https:\/\/alice.ch\/de\/wp-json\/wp\/v2\/news"}],"about":[{"href":"https:\/\/alice.ch\/de\/wp-json\/wp\/v2\/types\/news"}],"author":[{"embeddable":true,"href":"https:\/\/alice.ch\/de\/wp-json\/wp\/v2\/users\/27"}],"version-history":[{"count":3,"href":"https:\/\/alice.ch\/de\/wp-json\/wp\/v2\/news\/59944\/revisions"}],"predecessor-version":[{"id":60002,"href":"https:\/\/alice.ch\/de\/wp-json\/wp\/v2\/news\/59944\/revisions\/60002"}],"wp:featuredmedia":[{"embeddable":true,"href":"https:\/\/alice.ch\/de\/wp-json\/wp\/v2\/media\/59949"}],"wp:attachment":[{"href":"https:\/\/alice.ch\/de\/wp-json\/wp\/v2\/media?parent=59944"}],"wp:term":[{"taxonomy":"news-category","embeddable":true,"href":"https:\/\/alice.ch\/de\/wp-json\/wp\/v2\/news-category?post=59944"},{"taxonomy":"global-category","embeddable":true,"href":"https:\/\/alice.ch\/de\/wp-json\/wp\/v2\/global-category?post=59944"}],"curies":[{"name":"wp","href":"https:\/\/api.w.org\/{rel}","templated":true}]}}