{"id":60520,"date":"2024-06-14T08:58:08","date_gmt":"2024-06-14T06:58:08","guid":{"rendered":"https:\/\/alice.ch\/?post_type=news&#038;p=60520"},"modified":"2024-06-14T08:58:10","modified_gmt":"2024-06-14T06:58:10","slug":"lernendenzentrierte-weiterbildung-umfrage-unter-anbietern","status":"publish","type":"news","link":"https:\/\/alice.ch\/de\/news\/lernendenzentrierte-weiterbildung-umfrage-unter-anbietern\/","title":{"rendered":"Lernendenzentrierte Weiterbildung: Umfrage unter Anbietern"},"content":{"rendered":"\n<p class=\"is-style-lead\">Ein Kooperationsprojekt von f\u00fcnf Schweizer Hochschulen zielt darauf ab, einen Ansatz f\u00fcr Weiterbildung zu gestalten, welcher die Lernenden ins Zentrum stellt. Zu diesem Zweck wurde nun eine Umfrage lanciert. Weiterbildungsanbieter sind eingeladen, daran teilzunehmen.<\/p>\n\n\n\n<p>Das von Innosuisse gef\u00f6rderte Projekt \u00abSwiss Circular Economy of Skills and Competences\u00bb (<a href=\"https:\/\/iwi.unisg.ch\/de\/projektliste\/projekt-detail\/project\/scesc-swiss-circular-economy-of-skills-and-competences-1\/\" target=\"_blank\" rel=\"noreferrer noopener\">SCESC<\/a>) m\u00f6chte einen neuen lernendenzentrierten Ansatz f\u00fcr Weiterbildung entwickeln. Der Ansatz verkn\u00fcpft die auf dem Arbeitsmarkt geforderten F\u00e4higkeiten und Kompetenzen mit Personen und ihren individuellen Kompetenzbed\u00fcrfnissen sowie den Bildungsanbietern.<\/p>\n\n\n\n<p>Die anhand eines algorithmenbasierten Scannings von Stellenprofilen, Kursangeboten und Lebensl\u00e4ufen erhobenen Daten sollen Unternehmen Informationen \u00fcber Qualifikationsdefizite liefern, Bildungsanbietern helfen, sich mit entsprechenden Programmen nachhaltig auszurichten und die Plattformnutzenden in ihren Weiterbildungsentscheidungen unterst\u00fctzen.<\/p>\n\n\n\n<p>Im Rahmen des dazugeh\u00f6rigen Forschungsprojekts \u00abGovernance: Cohesion and Context\u00bb (<a href=\"https:\/\/www.ife.uzh.ch\/de\/research\/kraus\/forschung\/GoCC.html\" target=\"_blank\" rel=\"noreferrer noopener\">GoCC<\/a>) erhebt die Universit\u00e4t Z\u00fcrich, wie der Ansatz in der beruflichen Weiterbildung etabliert werden kann und welche Governancestrukturen es braucht, um sowohl die etablierten Stakeholder wie neue M\u00f6glichkeiten digitaler Technologien in die Governance einzubeziehen. Dazu f\u00fchrt die Uni aktuell eine Umfrage durch.&nbsp;<\/p>\n\n\n\n<h2 class=\"wp-block-heading\">Einladung zur Teilnahme<\/h2>\n\n\n\n<p>Der SVEB m\u00f6chte Anbieter von Weiterbildungen, deren Angebote sich im weitesten Sinne auf die Erwerbst\u00e4tigkeit der Teilnehmenden beziehen, einladen, an der Umfrage des erziehungswissenschaftlichen Instituts teilzunehmen. Es geht um ihre Einsch\u00e4tzung zu Fragen der Steuerung von Weiterbildung. Die Ergebnisse sind f\u00fcr die Akteure der Weiterbildung in der Schweiz von grossem Interesse. Durch ihre Teilnahme leisten Anbieter einen wertvollen Beitrag zur Forschung und Entwicklung der Weiterbildung in der Schweiz.&nbsp;&nbsp;<\/p>\n\n\n\n<p>Die Umfrage ist \u00fcber diesen <a href=\"https:\/\/www.uzh.ch\/zi\/cl\/umfragen\/index.php\/536416?lang=de\" target=\"_blank\" rel=\"noreferrer noopener\">Link<\/a> erreichbar. Das Ausf\u00fcllen dauert zirka 12 Minuten. Die Daten werden anonymisiert erhoben und unterliegen den Datenschutzbestimmungen der Universit\u00e4t Z\u00fcrich.&nbsp;&nbsp;<\/p>\n\n\n\n<h2 class=\"wp-block-heading\">Weitere Informationen<\/h2>\n\n\n\n<div class=\"wp-block-buttons is-layout-flex wp-block-buttons-is-layout-flex\">\n<div class=\"wp-block-button has-custom-width wp-block-button__width-100 is-style-minimal\"><a class=\"wp-block-button__link wp-element-button\" href=\"https:\/\/www.uzh.ch\/zi\/cl\/umfragen\/index.php\/536416?lang=de\" target=\"_blank\" rel=\"noreferrer noopener\">Link zur Umfrage<\/a><\/div>\n\n\n\n<div class=\"wp-block-button has-custom-width wp-block-button__width-100 is-style-minimal\"><a class=\"wp-block-button__link wp-element-button\" href=\"https:\/\/www.ife.uzh.ch\/de\/research\/kraus\/forschung\/GoCC.html\" target=\"_blank\" rel=\"noreferrer noopener\">\u00dcber das Projekt GoCC<\/a><\/div>\n<\/div>\n","protected":false},"excerpt":{"rendered":"<p>Ein Kooperationsprojekt von f\u00fcnf Schweizer Hochschulen zielt darauf ab, einen Ansatz f\u00fcr Weiterbildung zu gestalten, welcher die Lernenden ins Zentrum [&hellip;]<\/p>\n","protected":false},"author":27,"featured_media":60525,"template":"","meta":{"_acf_changed":false,"inline_featured_image":false,"footnotes":""},"news-category":[31],"global-category":[],"class_list":["post-60520","news","type-news","status-publish","has-post-thumbnail","hentry","news-category-branche"],"acf":[],"yoast_head":"<!-- This site is optimized with the Yoast SEO plugin v27.3 - https:\/\/yoast.com\/product\/yoast-seo-wordpress\/ -->\n<title>Lernendenzentrierte Weiterbildung: Umfrage unter Anbietern - SVEB<\/title>\n<meta name=\"robots\" content=\"index, follow, max-snippet:-1, max-image-preview:large, max-video-preview:-1\" \/>\n<link rel=\"canonical\" href=\"https:\/\/alice.ch\/de\/news\/lernendenzentrierte-weiterbildung-umfrage-unter-anbietern\/\" \/>\n<meta property=\"og:locale\" content=\"de_DE\" \/>\n<meta property=\"og:type\" content=\"article\" \/>\n<meta property=\"og:title\" content=\"Lernendenzentrierte Weiterbildung: Umfrage unter Anbietern - SVEB\" \/>\n<meta property=\"og:description\" content=\"Ein Kooperationsprojekt von f\u00fcnf Schweizer Hochschulen zielt darauf ab, einen Ansatz f\u00fcr Weiterbildung zu gestalten, welcher die Lernenden ins Zentrum [&hellip;]\" \/>\n<meta property=\"og:url\" content=\"https:\/\/alice.ch\/de\/news\/lernendenzentrierte-weiterbildung-umfrage-unter-anbietern\/\" \/>\n<meta property=\"og:site_name\" content=\"SVEB\" \/>\n<meta property=\"article:modified_time\" content=\"2024-06-14T06:58:10+00:00\" \/>\n<meta property=\"og:image\" content=\"https:\/\/alice.ch\/app\/uploads\/2024\/06\/mimi-thian-slWBjTGhREQ-unsplash-crop.png\" \/>\n\t<meta property=\"og:image:width\" content=\"1200\" \/>\n\t<meta property=\"og:image:height\" content=\"627\" \/>\n\t<meta property=\"og:image:type\" content=\"image\/png\" \/>\n<meta name=\"twitter:card\" content=\"summary_large_image\" \/>\n<meta name=\"twitter:label1\" content=\"Gesch\u00e4tzte Lesezeit\" \/>\n\t<meta name=\"twitter:data1\" content=\"1\u00a0Minute\" \/>\n<script type=\"application\/ld+json\" class=\"yoast-schema-graph\">{\"@context\":\"https:\\\/\\\/schema.org\",\"@graph\":[{\"@type\":\"WebPage\",\"@id\":\"https:\\\/\\\/alice.ch\\\/de\\\/news\\\/lernendenzentrierte-weiterbildung-umfrage-unter-anbietern\\\/\",\"url\":\"https:\\\/\\\/alice.ch\\\/de\\\/news\\\/lernendenzentrierte-weiterbildung-umfrage-unter-anbietern\\\/\",\"name\":\"Lernendenzentrierte Weiterbildung: Umfrage unter Anbietern - SVEB\",\"isPartOf\":{\"@id\":\"https:\\\/\\\/alice.ch\\\/de\\\/#website\"},\"primaryImageOfPage\":{\"@id\":\"https:\\\/\\\/alice.ch\\\/de\\\/news\\\/lernendenzentrierte-weiterbildung-umfrage-unter-anbietern\\\/#primaryimage\"},\"image\":{\"@id\":\"https:\\\/\\\/alice.ch\\\/de\\\/news\\\/lernendenzentrierte-weiterbildung-umfrage-unter-anbietern\\\/#primaryimage\"},\"thumbnailUrl\":\"https:\\\/\\\/alice.ch\\\/app\\\/uploads\\\/2024\\\/06\\\/mimi-thian-slWBjTGhREQ-unsplash-crop.png\",\"datePublished\":\"2024-06-14T06:58:08+00:00\",\"dateModified\":\"2024-06-14T06:58:10+00:00\",\"breadcrumb\":{\"@id\":\"https:\\\/\\\/alice.ch\\\/de\\\/news\\\/lernendenzentrierte-weiterbildung-umfrage-unter-anbietern\\\/#breadcrumb\"},\"inLanguage\":\"de\",\"potentialAction\":[{\"@type\":\"ReadAction\",\"target\":[\"https:\\\/\\\/alice.ch\\\/de\\\/news\\\/lernendenzentrierte-weiterbildung-umfrage-unter-anbietern\\\/\"]}]},{\"@type\":\"ImageObject\",\"inLanguage\":\"de\",\"@id\":\"https:\\\/\\\/alice.ch\\\/de\\\/news\\\/lernendenzentrierte-weiterbildung-umfrage-unter-anbietern\\\/#primaryimage\",\"url\":\"https:\\\/\\\/alice.ch\\\/app\\\/uploads\\\/2024\\\/06\\\/mimi-thian-slWBjTGhREQ-unsplash-crop.png\",\"contentUrl\":\"https:\\\/\\\/alice.ch\\\/app\\\/uploads\\\/2024\\\/06\\\/mimi-thian-slWBjTGhREQ-unsplash-crop.png\",\"width\":1200,\"height\":627},{\"@type\":\"BreadcrumbList\",\"@id\":\"https:\\\/\\\/alice.ch\\\/de\\\/news\\\/lernendenzentrierte-weiterbildung-umfrage-unter-anbietern\\\/#breadcrumb\",\"itemListElement\":[{\"@type\":\"ListItem\",\"position\":1,\"name\":\"Startseite\",\"item\":\"https:\\\/\\\/alice.ch\\\/de\\\/\"},{\"@type\":\"ListItem\",\"position\":2,\"name\":\"Lernendenzentrierte Weiterbildung: Umfrage unter Anbietern\"}]},{\"@type\":\"WebSite\",\"@id\":\"https:\\\/\\\/alice.ch\\\/de\\\/#website\",\"url\":\"https:\\\/\\\/alice.ch\\\/de\\\/\",\"name\":\"alice.ch (Adult Learning Information Center) ist das Portal der Weiterbildung in der Schweiz.\",\"description\":\"Schweizerischer Verband f\u00fcr Weiterbildung\",\"publisher\":{\"@id\":\"https:\\\/\\\/alice.ch\\\/de\\\/#organization\"},\"potentialAction\":[{\"@type\":\"SearchAction\",\"target\":{\"@type\":\"EntryPoint\",\"urlTemplate\":\"https:\\\/\\\/alice.ch\\\/de\\\/?s={search_term_string}\"},\"query-input\":{\"@type\":\"PropertyValueSpecification\",\"valueRequired\":true,\"valueName\":\"search_term_string\"}}],\"inLanguage\":\"de\"},{\"@type\":\"Organization\",\"@id\":\"https:\\\/\\\/alice.ch\\\/de\\\/#organization\",\"name\":\"SVEB Schweizerischer Verband f\u00fcr Weiterbildung\",\"url\":\"https:\\\/\\\/alice.ch\\\/de\\\/\",\"logo\":{\"@type\":\"ImageObject\",\"inLanguage\":\"de\",\"@id\":\"https:\\\/\\\/alice.ch\\\/de\\\/#\\\/schema\\\/logo\\\/image\\\/\",\"url\":\"https:\\\/\\\/alice.ch\\\/app\\\/uploads\\\/2022\\\/07\\\/logo-sveb.png\",\"contentUrl\":\"https:\\\/\\\/alice.ch\\\/app\\\/uploads\\\/2022\\\/07\\\/logo-sveb.png\",\"width\":145,\"height\":64,\"caption\":\"SVEB Schweizerischer Verband f\u00fcr Weiterbildung\"},\"image\":{\"@id\":\"https:\\\/\\\/alice.ch\\\/de\\\/#\\\/schema\\\/logo\\\/image\\\/\"},\"sameAs\":[\"https:\\\/\\\/www.linkedin.com\\\/company\\\/schweizerischer-verband-fr-weiterbildung-sveb\\\/\"]}]}<\/script>\n<!-- \/ Yoast SEO plugin. -->","yoast_head_json":{"title":"Lernendenzentrierte Weiterbildung: Umfrage unter Anbietern - SVEB","robots":{"index":"index","follow":"follow","max-snippet":"max-snippet:-1","max-image-preview":"max-image-preview:large","max-video-preview":"max-video-preview:-1"},"canonical":"https:\/\/alice.ch\/de\/news\/lernendenzentrierte-weiterbildung-umfrage-unter-anbietern\/","og_locale":"de_DE","og_type":"article","og_title":"Lernendenzentrierte Weiterbildung: Umfrage unter Anbietern - SVEB","og_description":"Ein Kooperationsprojekt von f\u00fcnf Schweizer Hochschulen zielt darauf ab, einen Ansatz f\u00fcr Weiterbildung zu gestalten, welcher die Lernenden ins Zentrum [&hellip;]","og_url":"https:\/\/alice.ch\/de\/news\/lernendenzentrierte-weiterbildung-umfrage-unter-anbietern\/","og_site_name":"SVEB","article_modified_time":"2024-06-14T06:58:10+00:00","og_image":[{"width":1200,"height":627,"url":"https:\/\/alice.ch\/app\/uploads\/2024\/06\/mimi-thian-slWBjTGhREQ-unsplash-crop.png","type":"image\/png"}],"twitter_card":"summary_large_image","twitter_misc":{"Gesch\u00e4tzte Lesezeit":"1\u00a0Minute"},"schema":{"@context":"https:\/\/schema.org","@graph":[{"@type":"WebPage","@id":"https:\/\/alice.ch\/de\/news\/lernendenzentrierte-weiterbildung-umfrage-unter-anbietern\/","url":"https:\/\/alice.ch\/de\/news\/lernendenzentrierte-weiterbildung-umfrage-unter-anbietern\/","name":"Lernendenzentrierte Weiterbildung: Umfrage unter Anbietern - SVEB","isPartOf":{"@id":"https:\/\/alice.ch\/de\/#website"},"primaryImageOfPage":{"@id":"https:\/\/alice.ch\/de\/news\/lernendenzentrierte-weiterbildung-umfrage-unter-anbietern\/#primaryimage"},"image":{"@id":"https:\/\/alice.ch\/de\/news\/lernendenzentrierte-weiterbildung-umfrage-unter-anbietern\/#primaryimage"},"thumbnailUrl":"https:\/\/alice.ch\/app\/uploads\/2024\/06\/mimi-thian-slWBjTGhREQ-unsplash-crop.png","datePublished":"2024-06-14T06:58:08+00:00","dateModified":"2024-06-14T06:58:10+00:00","breadcrumb":{"@id":"https:\/\/alice.ch\/de\/news\/lernendenzentrierte-weiterbildung-umfrage-unter-anbietern\/#breadcrumb"},"inLanguage":"de","potentialAction":[{"@type":"ReadAction","target":["https:\/\/alice.ch\/de\/news\/lernendenzentrierte-weiterbildung-umfrage-unter-anbietern\/"]}]},{"@type":"ImageObject","inLanguage":"de","@id":"https:\/\/alice.ch\/de\/news\/lernendenzentrierte-weiterbildung-umfrage-unter-anbietern\/#primaryimage","url":"https:\/\/alice.ch\/app\/uploads\/2024\/06\/mimi-thian-slWBjTGhREQ-unsplash-crop.png","contentUrl":"https:\/\/alice.ch\/app\/uploads\/2024\/06\/mimi-thian-slWBjTGhREQ-unsplash-crop.png","width":1200,"height":627},{"@type":"BreadcrumbList","@id":"https:\/\/alice.ch\/de\/news\/lernendenzentrierte-weiterbildung-umfrage-unter-anbietern\/#breadcrumb","itemListElement":[{"@type":"ListItem","position":1,"name":"Startseite","item":"https:\/\/alice.ch\/de\/"},{"@type":"ListItem","position":2,"name":"Lernendenzentrierte Weiterbildung: Umfrage unter Anbietern"}]},{"@type":"WebSite","@id":"https:\/\/alice.ch\/de\/#website","url":"https:\/\/alice.ch\/de\/","name":"alice.ch (Adult Learning Information Center) ist das Portal der Weiterbildung in der Schweiz.","description":"Schweizerischer Verband f\u00fcr Weiterbildung","publisher":{"@id":"https:\/\/alice.ch\/de\/#organization"},"potentialAction":[{"@type":"SearchAction","target":{"@type":"EntryPoint","urlTemplate":"https:\/\/alice.ch\/de\/?s={search_term_string}"},"query-input":{"@type":"PropertyValueSpecification","valueRequired":true,"valueName":"search_term_string"}}],"inLanguage":"de"},{"@type":"Organization","@id":"https:\/\/alice.ch\/de\/#organization","name":"SVEB Schweizerischer Verband f\u00fcr Weiterbildung","url":"https:\/\/alice.ch\/de\/","logo":{"@type":"ImageObject","inLanguage":"de","@id":"https:\/\/alice.ch\/de\/#\/schema\/logo\/image\/","url":"https:\/\/alice.ch\/app\/uploads\/2022\/07\/logo-sveb.png","contentUrl":"https:\/\/alice.ch\/app\/uploads\/2022\/07\/logo-sveb.png","width":145,"height":64,"caption":"SVEB Schweizerischer Verband f\u00fcr Weiterbildung"},"image":{"@id":"https:\/\/alice.ch\/de\/#\/schema\/logo\/image\/"},"sameAs":["https:\/\/www.linkedin.com\/company\/schweizerischer-verband-fr-weiterbildung-sveb\/"]}]}},"_links":{"self":[{"href":"https:\/\/alice.ch\/de\/wp-json\/wp\/v2\/news\/60520","targetHints":{"allow":["GET"]}}],"collection":[{"href":"https:\/\/alice.ch\/de\/wp-json\/wp\/v2\/news"}],"about":[{"href":"https:\/\/alice.ch\/de\/wp-json\/wp\/v2\/types\/news"}],"author":[{"embeddable":true,"href":"https:\/\/alice.ch\/de\/wp-json\/wp\/v2\/users\/27"}],"version-history":[{"count":4,"href":"https:\/\/alice.ch\/de\/wp-json\/wp\/v2\/news\/60520\/revisions"}],"predecessor-version":[{"id":60543,"href":"https:\/\/alice.ch\/de\/wp-json\/wp\/v2\/news\/60520\/revisions\/60543"}],"wp:featuredmedia":[{"embeddable":true,"href":"https:\/\/alice.ch\/de\/wp-json\/wp\/v2\/media\/60525"}],"wp:attachment":[{"href":"https:\/\/alice.ch\/de\/wp-json\/wp\/v2\/media?parent=60520"}],"wp:term":[{"taxonomy":"news-category","embeddable":true,"href":"https:\/\/alice.ch\/de\/wp-json\/wp\/v2\/news-category?post=60520"},{"taxonomy":"global-category","embeddable":true,"href":"https:\/\/alice.ch\/de\/wp-json\/wp\/v2\/global-category?post=60520"}],"curies":[{"name":"wp","href":"https:\/\/api.w.org\/{rel}","templated":true}]}}