{"id":60587,"date":"2024-08-05T09:02:42","date_gmt":"2024-08-05T07:02:42","guid":{"rendered":"https:\/\/alice.ch\/?post_type=news&#038;p=60587"},"modified":"2024-11-22T10:29:15","modified_gmt":"2024-11-22T09:29:15","slug":"der-einsatz-von-ki-in-der-weiterbildung-will-geplant-sein","status":"publish","type":"news","link":"https:\/\/alice.ch\/de\/news\/der-einsatz-von-ki-in-der-weiterbildung-will-geplant-sein\/","title":{"rendered":"Der Einsatz von KI in der Weiterbildung will geplant sein"},"content":{"rendered":"\n<p class=\"is-style-lead\">K\u00fcnstliche Intelligenz einzusetzen, ist auch f\u00fcr Weiterbildungsanbieter naheliegend. Doch vorher gilt es, sich \u00fcber einige Fragen im Klaren zu werden.<\/p>\n\n\n\n<p>Die Frage ist wohl nicht, ob k\u00fcnstliche Intelligenz auch im (Weiter-)Bildungsbereich zum Einsatz kommt, sondern wie. Und was ist dabei zu ber\u00fccksichtigen? Mit dieser Frage hat sich ein <a href=\"https:\/\/erwachsenenbildung.at\/digiprof\/neuigkeiten\/19290-ki-strategie-fuer-erwachsenenbildner-innen.php?utm_source=newsletter&amp;utm_medium=email&amp;utm_campaign=Newsletter+11%2F2024\" target=\"_blank\" rel=\"noreferrer noopener\">Beitrag<\/a> von Erwachsenenbildung.at auseinandergesetzt. \u00abBildungsanbieter, die generative KI in ihren Kursen einsetzen wollen, k\u00f6nnen nicht einfach loslegen \u2013 sie haben eine Planungsaufgabe vor sich\u00bb, heisst es darin. Die Plattform liefert gleich einige Fragen und Denkanst\u00f6sse mit, um den Einsatz von KI durchzudenken.<\/p>\n\n\n\n<p><em><strong>Fragen zur Positionsbestimmung wie:<\/strong><\/em><br>Gibt es Hinweise im Leitbild, die den Umgang mit KI vorzeichnen? Geht es dem Anbieter vor allem um die Vorbereitung der Teilnehmenden auf ihre Arbeit oder vorrangig um andere Ziele?<\/p>\n\n\n\n<p><strong><em>Fragen zu den Zielen<\/em><\/strong>:<br>In welchen Bereichen einer Organisation soll KI genutzt werden \u2013 in der Verwaltung, im Bildungsmanagement, in der \u00d6ffentlichkeitsarbeit, in der Unterrichtsvorbereitung und im Kursgeschehen?<\/p>\n\n\n\n<p><strong><em>Fragen zur Programmplanung:<\/em><\/strong><br>In welche bestehenden Angebote \u2013 beispielsweise zum Schreiben oder zur Bildbearbeitung \u2013 sollen KI-M\u00f6glichkeiten obligatorisch integriert werden?<\/p>\n\n\n\n<p><strong><em>Fragen zu Mindeststandards<\/em><\/strong>:<br>Ab wann sollten wichtige Basics vermittelt werden, etwa die Funktionsweise eines Sprachmodells, der Unterschied zwischen Generieren und Recherchieren oder die No-Gos beim Eingeben von Informationen in einen KI-Chatbot?<\/p>\n\n\n\n<p><strong><em>Fragen zum KI-Einsatz in Qualifikationsarbeiten:<\/em><\/strong><br>Welche Regeln sollen f\u00fcr den KI-Einsatz bei Pr\u00fcfungen und Abschlussarbeiten gelten \u2013 sofern das den jeweiligen Anbieter betrifft?&nbsp;<\/p>\n\n\n\n<p><strong><em>Fragen zu KI-Kompetenz und Personalentwicklung: &nbsp;<\/em><\/strong><br>Welche konkreten KI-Kompetenzen werden von den Unterrichtenden erwartet? Wie k\u00f6nnen sie dabei unterst\u00fctzt werden, diese zu erwerben?<\/p>\n\n\n\n<p><strong><em>Fragen zur Umsetzungsplanung:<\/em><\/strong><br>Welche neuen Technologien braucht es? Ist etwa die Anschaffung einer lokalen KI geplant?<\/p>\n\n\n\n<p>Alle weiteren Fragen finden sich im <a href=\"https:\/\/erwachsenenbildung.at\/digiprof\/neuigkeiten\/19290-ki-strategie-fuer-erwachsenenbildner-innen.php?utm_source=newsletter&amp;utm_medium=email&amp;utm_campaign=Newsletter+11%2F2024\" target=\"_blank\" rel=\"noreferrer noopener\">Beitrag<\/a>. <\/p>\n\n\n\n<p>Der SVEB besch\u00e4ftigt sich an der <a href=\"https:\/\/alice.ch\/de\/event\/ada-plattformtagung-2024\/\" target=\"_blank\" rel=\"noreferrer noopener\">AdA-Plattformtagung vom 17. September 2024<\/a> ebenfalls mit dem Thema KI in der Weiterbildung.<\/p>\n\n\n\n<h2 class=\"wp-block-heading\">Weitere Informationen<\/h2>\n\n\n\n<div class=\"wp-block-buttons is-layout-flex wp-block-buttons-is-layout-flex\">\n<div class=\"wp-block-button has-custom-width wp-block-button__width-100 is-style-minimal\"><a class=\"wp-block-button__link wp-element-button\" href=\"https:\/\/alice.ch\/de\/event\/ada-plattformtagung-2024\/\">AdA-Plattformtagung<\/a><\/div>\n<\/div>\n","protected":false},"excerpt":{"rendered":"<p>K\u00fcnstliche Intelligenz einzusetzen, ist auch f\u00fcr Weiterbildungsanbieter naheliegend. Doch vorher gilt es, sich \u00fcber einige Fragen im Klaren zu werden. [&hellip;]<\/p>\n","protected":false},"author":27,"featured_media":60589,"template":"","meta":{"_acf_changed":false,"inline_featured_image":false,"footnotes":""},"news-category":[29],"global-category":[52,366],"class_list":["post-60587","news","type-news","status-publish","has-post-thumbnail","hentry","news-category-digitalisierung","global-category-digitalisierung","global-category-ki-in-der-weiterbildung"],"acf":[],"yoast_head":"<!-- This site is optimized with the Yoast SEO plugin v27.3 - https:\/\/yoast.com\/product\/yoast-seo-wordpress\/ -->\n<title>Der Einsatz von KI in der Weiterbildung will geplant sein - SVEB<\/title>\n<meta name=\"robots\" content=\"index, follow, max-snippet:-1, max-image-preview:large, max-video-preview:-1\" \/>\n<link rel=\"canonical\" href=\"https:\/\/alice.ch\/de\/news\/der-einsatz-von-ki-in-der-weiterbildung-will-geplant-sein\/\" \/>\n<meta property=\"og:locale\" content=\"de_DE\" \/>\n<meta property=\"og:type\" content=\"article\" \/>\n<meta property=\"og:title\" content=\"Der Einsatz von KI in der Weiterbildung will geplant sein - SVEB\" \/>\n<meta property=\"og:description\" content=\"K\u00fcnstliche Intelligenz einzusetzen, ist auch f\u00fcr Weiterbildungsanbieter naheliegend. Doch vorher gilt es, sich \u00fcber einige Fragen im Klaren zu werden. [&hellip;]\" \/>\n<meta property=\"og:url\" content=\"https:\/\/alice.ch\/de\/news\/der-einsatz-von-ki-in-der-weiterbildung-will-geplant-sein\/\" \/>\n<meta property=\"og:site_name\" content=\"SVEB\" \/>\n<meta property=\"article:modified_time\" content=\"2024-11-22T09:29:15+00:00\" \/>\n<meta property=\"og:image\" content=\"https:\/\/alice.ch\/app\/uploads\/2024\/06\/airfocus-um1zVjVCtEY-unsplash-crop.png\" \/>\n\t<meta property=\"og:image:width\" content=\"1200\" \/>\n\t<meta property=\"og:image:height\" content=\"627\" \/>\n\t<meta property=\"og:image:type\" content=\"image\/png\" \/>\n<meta name=\"twitter:card\" content=\"summary_large_image\" \/>\n<meta name=\"twitter:label1\" content=\"Gesch\u00e4tzte Lesezeit\" \/>\n\t<meta name=\"twitter:data1\" content=\"2\u00a0Minuten\" \/>\n<script type=\"application\/ld+json\" class=\"yoast-schema-graph\">{\"@context\":\"https:\\\/\\\/schema.org\",\"@graph\":[{\"@type\":\"WebPage\",\"@id\":\"https:\\\/\\\/alice.ch\\\/de\\\/news\\\/der-einsatz-von-ki-in-der-weiterbildung-will-geplant-sein\\\/\",\"url\":\"https:\\\/\\\/alice.ch\\\/de\\\/news\\\/der-einsatz-von-ki-in-der-weiterbildung-will-geplant-sein\\\/\",\"name\":\"Der Einsatz von KI in der Weiterbildung will geplant sein - SVEB\",\"isPartOf\":{\"@id\":\"https:\\\/\\\/alice.ch\\\/de\\\/#website\"},\"primaryImageOfPage\":{\"@id\":\"https:\\\/\\\/alice.ch\\\/de\\\/news\\\/der-einsatz-von-ki-in-der-weiterbildung-will-geplant-sein\\\/#primaryimage\"},\"image\":{\"@id\":\"https:\\\/\\\/alice.ch\\\/de\\\/news\\\/der-einsatz-von-ki-in-der-weiterbildung-will-geplant-sein\\\/#primaryimage\"},\"thumbnailUrl\":\"https:\\\/\\\/alice.ch\\\/app\\\/uploads\\\/2024\\\/06\\\/airfocus-um1zVjVCtEY-unsplash-crop.png\",\"datePublished\":\"2024-08-05T07:02:42+00:00\",\"dateModified\":\"2024-11-22T09:29:15+00:00\",\"breadcrumb\":{\"@id\":\"https:\\\/\\\/alice.ch\\\/de\\\/news\\\/der-einsatz-von-ki-in-der-weiterbildung-will-geplant-sein\\\/#breadcrumb\"},\"inLanguage\":\"de\",\"potentialAction\":[{\"@type\":\"ReadAction\",\"target\":[\"https:\\\/\\\/alice.ch\\\/de\\\/news\\\/der-einsatz-von-ki-in-der-weiterbildung-will-geplant-sein\\\/\"]}]},{\"@type\":\"ImageObject\",\"inLanguage\":\"de\",\"@id\":\"https:\\\/\\\/alice.ch\\\/de\\\/news\\\/der-einsatz-von-ki-in-der-weiterbildung-will-geplant-sein\\\/#primaryimage\",\"url\":\"https:\\\/\\\/alice.ch\\\/app\\\/uploads\\\/2024\\\/06\\\/airfocus-um1zVjVCtEY-unsplash-crop.png\",\"contentUrl\":\"https:\\\/\\\/alice.ch\\\/app\\\/uploads\\\/2024\\\/06\\\/airfocus-um1zVjVCtEY-unsplash-crop.png\",\"width\":1200,\"height\":627},{\"@type\":\"BreadcrumbList\",\"@id\":\"https:\\\/\\\/alice.ch\\\/de\\\/news\\\/der-einsatz-von-ki-in-der-weiterbildung-will-geplant-sein\\\/#breadcrumb\",\"itemListElement\":[{\"@type\":\"ListItem\",\"position\":1,\"name\":\"Startseite\",\"item\":\"https:\\\/\\\/alice.ch\\\/de\\\/\"},{\"@type\":\"ListItem\",\"position\":2,\"name\":\"Der Einsatz von KI in der Weiterbildung will geplant sein\"}]},{\"@type\":\"WebSite\",\"@id\":\"https:\\\/\\\/alice.ch\\\/de\\\/#website\",\"url\":\"https:\\\/\\\/alice.ch\\\/de\\\/\",\"name\":\"alice.ch (Adult Learning Information Center) ist das Portal der Weiterbildung in der Schweiz.\",\"description\":\"Schweizerischer Verband f\u00fcr Weiterbildung\",\"publisher\":{\"@id\":\"https:\\\/\\\/alice.ch\\\/de\\\/#organization\"},\"potentialAction\":[{\"@type\":\"SearchAction\",\"target\":{\"@type\":\"EntryPoint\",\"urlTemplate\":\"https:\\\/\\\/alice.ch\\\/de\\\/?s={search_term_string}\"},\"query-input\":{\"@type\":\"PropertyValueSpecification\",\"valueRequired\":true,\"valueName\":\"search_term_string\"}}],\"inLanguage\":\"de\"},{\"@type\":\"Organization\",\"@id\":\"https:\\\/\\\/alice.ch\\\/de\\\/#organization\",\"name\":\"SVEB Schweizerischer Verband f\u00fcr Weiterbildung\",\"url\":\"https:\\\/\\\/alice.ch\\\/de\\\/\",\"logo\":{\"@type\":\"ImageObject\",\"inLanguage\":\"de\",\"@id\":\"https:\\\/\\\/alice.ch\\\/de\\\/#\\\/schema\\\/logo\\\/image\\\/\",\"url\":\"https:\\\/\\\/alice.ch\\\/app\\\/uploads\\\/2022\\\/07\\\/logo-sveb.png\",\"contentUrl\":\"https:\\\/\\\/alice.ch\\\/app\\\/uploads\\\/2022\\\/07\\\/logo-sveb.png\",\"width\":145,\"height\":64,\"caption\":\"SVEB Schweizerischer Verband f\u00fcr Weiterbildung\"},\"image\":{\"@id\":\"https:\\\/\\\/alice.ch\\\/de\\\/#\\\/schema\\\/logo\\\/image\\\/\"},\"sameAs\":[\"https:\\\/\\\/www.linkedin.com\\\/company\\\/schweizerischer-verband-fr-weiterbildung-sveb\\\/\"]}]}<\/script>\n<!-- \/ Yoast SEO plugin. -->","yoast_head_json":{"title":"Der Einsatz von KI in der Weiterbildung will geplant sein - SVEB","robots":{"index":"index","follow":"follow","max-snippet":"max-snippet:-1","max-image-preview":"max-image-preview:large","max-video-preview":"max-video-preview:-1"},"canonical":"https:\/\/alice.ch\/de\/news\/der-einsatz-von-ki-in-der-weiterbildung-will-geplant-sein\/","og_locale":"de_DE","og_type":"article","og_title":"Der Einsatz von KI in der Weiterbildung will geplant sein - SVEB","og_description":"K\u00fcnstliche Intelligenz einzusetzen, ist auch f\u00fcr Weiterbildungsanbieter naheliegend. Doch vorher gilt es, sich \u00fcber einige Fragen im Klaren zu werden. [&hellip;]","og_url":"https:\/\/alice.ch\/de\/news\/der-einsatz-von-ki-in-der-weiterbildung-will-geplant-sein\/","og_site_name":"SVEB","article_modified_time":"2024-11-22T09:29:15+00:00","og_image":[{"width":1200,"height":627,"url":"https:\/\/alice.ch\/app\/uploads\/2024\/06\/airfocus-um1zVjVCtEY-unsplash-crop.png","type":"image\/png"}],"twitter_card":"summary_large_image","twitter_misc":{"Gesch\u00e4tzte Lesezeit":"2\u00a0Minuten"},"schema":{"@context":"https:\/\/schema.org","@graph":[{"@type":"WebPage","@id":"https:\/\/alice.ch\/de\/news\/der-einsatz-von-ki-in-der-weiterbildung-will-geplant-sein\/","url":"https:\/\/alice.ch\/de\/news\/der-einsatz-von-ki-in-der-weiterbildung-will-geplant-sein\/","name":"Der Einsatz von KI in der Weiterbildung will geplant sein - SVEB","isPartOf":{"@id":"https:\/\/alice.ch\/de\/#website"},"primaryImageOfPage":{"@id":"https:\/\/alice.ch\/de\/news\/der-einsatz-von-ki-in-der-weiterbildung-will-geplant-sein\/#primaryimage"},"image":{"@id":"https:\/\/alice.ch\/de\/news\/der-einsatz-von-ki-in-der-weiterbildung-will-geplant-sein\/#primaryimage"},"thumbnailUrl":"https:\/\/alice.ch\/app\/uploads\/2024\/06\/airfocus-um1zVjVCtEY-unsplash-crop.png","datePublished":"2024-08-05T07:02:42+00:00","dateModified":"2024-11-22T09:29:15+00:00","breadcrumb":{"@id":"https:\/\/alice.ch\/de\/news\/der-einsatz-von-ki-in-der-weiterbildung-will-geplant-sein\/#breadcrumb"},"inLanguage":"de","potentialAction":[{"@type":"ReadAction","target":["https:\/\/alice.ch\/de\/news\/der-einsatz-von-ki-in-der-weiterbildung-will-geplant-sein\/"]}]},{"@type":"ImageObject","inLanguage":"de","@id":"https:\/\/alice.ch\/de\/news\/der-einsatz-von-ki-in-der-weiterbildung-will-geplant-sein\/#primaryimage","url":"https:\/\/alice.ch\/app\/uploads\/2024\/06\/airfocus-um1zVjVCtEY-unsplash-crop.png","contentUrl":"https:\/\/alice.ch\/app\/uploads\/2024\/06\/airfocus-um1zVjVCtEY-unsplash-crop.png","width":1200,"height":627},{"@type":"BreadcrumbList","@id":"https:\/\/alice.ch\/de\/news\/der-einsatz-von-ki-in-der-weiterbildung-will-geplant-sein\/#breadcrumb","itemListElement":[{"@type":"ListItem","position":1,"name":"Startseite","item":"https:\/\/alice.ch\/de\/"},{"@type":"ListItem","position":2,"name":"Der Einsatz von KI in der Weiterbildung will geplant sein"}]},{"@type":"WebSite","@id":"https:\/\/alice.ch\/de\/#website","url":"https:\/\/alice.ch\/de\/","name":"alice.ch (Adult Learning Information Center) ist das Portal der Weiterbildung in der Schweiz.","description":"Schweizerischer Verband f\u00fcr Weiterbildung","publisher":{"@id":"https:\/\/alice.ch\/de\/#organization"},"potentialAction":[{"@type":"SearchAction","target":{"@type":"EntryPoint","urlTemplate":"https:\/\/alice.ch\/de\/?s={search_term_string}"},"query-input":{"@type":"PropertyValueSpecification","valueRequired":true,"valueName":"search_term_string"}}],"inLanguage":"de"},{"@type":"Organization","@id":"https:\/\/alice.ch\/de\/#organization","name":"SVEB Schweizerischer Verband f\u00fcr Weiterbildung","url":"https:\/\/alice.ch\/de\/","logo":{"@type":"ImageObject","inLanguage":"de","@id":"https:\/\/alice.ch\/de\/#\/schema\/logo\/image\/","url":"https:\/\/alice.ch\/app\/uploads\/2022\/07\/logo-sveb.png","contentUrl":"https:\/\/alice.ch\/app\/uploads\/2022\/07\/logo-sveb.png","width":145,"height":64,"caption":"SVEB Schweizerischer Verband f\u00fcr Weiterbildung"},"image":{"@id":"https:\/\/alice.ch\/de\/#\/schema\/logo\/image\/"},"sameAs":["https:\/\/www.linkedin.com\/company\/schweizerischer-verband-fr-weiterbildung-sveb\/"]}]}},"_links":{"self":[{"href":"https:\/\/alice.ch\/de\/wp-json\/wp\/v2\/news\/60587","targetHints":{"allow":["GET"]}}],"collection":[{"href":"https:\/\/alice.ch\/de\/wp-json\/wp\/v2\/news"}],"about":[{"href":"https:\/\/alice.ch\/de\/wp-json\/wp\/v2\/types\/news"}],"author":[{"embeddable":true,"href":"https:\/\/alice.ch\/de\/wp-json\/wp\/v2\/users\/27"}],"version-history":[{"count":5,"href":"https:\/\/alice.ch\/de\/wp-json\/wp\/v2\/news\/60587\/revisions"}],"predecessor-version":[{"id":61372,"href":"https:\/\/alice.ch\/de\/wp-json\/wp\/v2\/news\/60587\/revisions\/61372"}],"wp:featuredmedia":[{"embeddable":true,"href":"https:\/\/alice.ch\/de\/wp-json\/wp\/v2\/media\/60589"}],"wp:attachment":[{"href":"https:\/\/alice.ch\/de\/wp-json\/wp\/v2\/media?parent=60587"}],"wp:term":[{"taxonomy":"news-category","embeddable":true,"href":"https:\/\/alice.ch\/de\/wp-json\/wp\/v2\/news-category?post=60587"},{"taxonomy":"global-category","embeddable":true,"href":"https:\/\/alice.ch\/de\/wp-json\/wp\/v2\/global-category?post=60587"}],"curies":[{"name":"wp","href":"https:\/\/api.w.org\/{rel}","templated":true}]}}