{"id":60672,"date":"2024-06-20T09:47:40","date_gmt":"2024-06-20T07:47:40","guid":{"rendered":"https:\/\/alice.ch\/?post_type=news&#038;p=60672"},"modified":"2024-06-27T10:56:29","modified_gmt":"2024-06-27T08:56:29","slug":"weiterbildungsbeteiligung-in-deutschland-unter-dem-ziel","status":"publish","type":"news","link":"https:\/\/alice.ch\/de\/news\/weiterbildungsbeteiligung-in-deutschland-unter-dem-ziel\/","title":{"rendered":"Weiterbildungsbeteiligung in Deutschland unter dem Zielwert\u00a0"},"content":{"rendered":"\n<p class=\"is-style-lead\">Gem\u00e4ss dem Bericht \u00abBildung in Deutschland 2024\u00bb lag die Weiterbildungsbeteiligung in Deutschland im Jahr 2022 bei 54 Prozent. Dieser Wert blieb weit unter dem Ziel der Bundesregierung, welches vorsieht, die Weiterbildungsbeteiligung der 25- bis 64-J\u00e4hrigen bis zum Jahr 2030 auf 65 Prozent zu erh\u00f6hen.<\/p>\n\n\n\n<p>Trotz Bestrebungen in den letzten Jahren, das Weiterbildungsangebot auszubauen, die Transparenz zu verbessern, soziale und strukturelle Benachteiligung abzubauen und die Beteiligung zu f\u00f6rdern, bestehe weiterhin bildungspolitischer Handlungsbedarf, heisst es in einer <a href=\"https:\/\/www.die-bonn.de\/institut\/wir-ueber-uns\/presse\/mitteilungen\/nationaler-bildungsbericht-2024\" target=\"_blank\" rel=\"noreferrer noopener\">Mitteilung des Deutschen Instituts f\u00fcr Erwachsenenbildung DIE<\/a>.<\/p>\n\n\n\n<p>Mit der st\u00e4rkeren Digitalisierung des Weiterbildungsangebots h\u00e4tten sich die Unterschiede in der Weiterbildungsbeteiligung eher versch\u00e4rft. Der Bildungsbereich stehe vor neuen oder noch ungel\u00f6sten Herausforderungen wie dem Fachkr\u00e4ftemangel, den Nachwirkungen der Corona-Pandemie und dem gestiegenen Bedarf an Integrationskursen.<\/p>\n\n\n\n<p>\u00abDer nationale Bildungsbericht bietet eine F\u00fclle von Befunden und Diagnosen, die helfen k\u00f6nnen, bessere M\u00f6glichkeiten f\u00fcr das lebenslange Lernen aller zu schaffen\u00bb, wird DIE-Direktor Prof. Dr. Josef Schrader zitiert, \u00abdie Frage, ob und unter welchen Bedingungen dies gelingt, sollte zuk\u00fcnftig mehr Beachtung finden.\u00bb<\/p>\n\n\n\n<h2 class=\"wp-block-heading\">Weitere Informationen<\/h2>\n\n\n\n<div class=\"wp-block-buttons is-layout-flex wp-block-buttons-is-layout-flex\">\n<div class=\"wp-block-button has-custom-width wp-block-button__width-100 is-style-minimal\"><a class=\"wp-block-button__link wp-element-button\" href=\"https:\/\/www.die-bonn.de\/institut\/wir-ueber-uns\/presse\/mitteilungen\/nationaler-bildungsbericht-2024\" target=\"_blank\" rel=\"noreferrer noopener\">Mitteilung des DIE<\/a><\/div>\n\n\n\n<div class=\"wp-block-button has-custom-width wp-block-button__width-100 is-style-minimal\"><a class=\"wp-block-button__link wp-element-button\" href=\"http:\/\/www.bildungsbericht.de\" target=\"_blank\" rel=\"noreferrer noopener\">Bericht \u00abBildung in Deutschland 2024\u00bb<\/a><\/div>\n<\/div>\n","protected":false},"excerpt":{"rendered":"<p>Gem\u00e4ss dem Bericht \u00abBildung in Deutschland 2024\u00bb lag die Weiterbildungsbeteiligung in Deutschland im Jahr 2022 bei 54 Prozent. Dieser Wert [&hellip;]<\/p>\n","protected":false},"author":27,"featured_media":60675,"template":"","meta":{"_acf_changed":false,"inline_featured_image":false,"footnotes":""},"news-category":[31],"global-category":[],"class_list":["post-60672","news","type-news","status-publish","has-post-thumbnail","hentry","news-category-branche"],"acf":[],"yoast_head":"<!-- This site is optimized with the Yoast SEO plugin v27.3 - https:\/\/yoast.com\/product\/yoast-seo-wordpress\/ -->\n<title>Weiterbildungsbeteiligung in Deutschland unter dem Zielwert\u00a0 - SVEB<\/title>\n<meta name=\"robots\" content=\"index, follow, max-snippet:-1, max-image-preview:large, max-video-preview:-1\" \/>\n<link rel=\"canonical\" href=\"https:\/\/alice.ch\/de\/news\/weiterbildungsbeteiligung-in-deutschland-unter-dem-ziel\/\" \/>\n<meta property=\"og:locale\" content=\"de_DE\" \/>\n<meta property=\"og:type\" content=\"article\" \/>\n<meta property=\"og:title\" content=\"Weiterbildungsbeteiligung in Deutschland unter dem Zielwert\u00a0 - SVEB\" \/>\n<meta property=\"og:description\" content=\"Gem\u00e4ss dem Bericht \u00abBildung in Deutschland 2024\u00bb lag die Weiterbildungsbeteiligung in Deutschland im Jahr 2022 bei 54 Prozent. Dieser Wert [&hellip;]\" \/>\n<meta property=\"og:url\" content=\"https:\/\/alice.ch\/de\/news\/weiterbildungsbeteiligung-in-deutschland-unter-dem-ziel\/\" \/>\n<meta property=\"og:site_name\" content=\"SVEB\" \/>\n<meta property=\"article:modified_time\" content=\"2024-06-27T08:56:29+00:00\" \/>\n<meta property=\"og:image\" content=\"https:\/\/alice.ch\/app\/uploads\/2024\/06\/getty-images-gOiQSPn9yt4-unsplash-crop.png\" \/>\n\t<meta property=\"og:image:width\" content=\"1200\" \/>\n\t<meta property=\"og:image:height\" content=\"627\" \/>\n\t<meta property=\"og:image:type\" content=\"image\/png\" \/>\n<meta name=\"twitter:card\" content=\"summary_large_image\" \/>\n<meta name=\"twitter:label1\" content=\"Gesch\u00e4tzte Lesezeit\" \/>\n\t<meta name=\"twitter:data1\" content=\"1\u00a0Minute\" \/>\n<script type=\"application\/ld+json\" class=\"yoast-schema-graph\">{\"@context\":\"https:\\\/\\\/schema.org\",\"@graph\":[{\"@type\":\"WebPage\",\"@id\":\"https:\\\/\\\/alice.ch\\\/de\\\/news\\\/weiterbildungsbeteiligung-in-deutschland-unter-dem-ziel\\\/\",\"url\":\"https:\\\/\\\/alice.ch\\\/de\\\/news\\\/weiterbildungsbeteiligung-in-deutschland-unter-dem-ziel\\\/\",\"name\":\"Weiterbildungsbeteiligung in Deutschland unter dem Zielwert\u00a0 - SVEB\",\"isPartOf\":{\"@id\":\"https:\\\/\\\/alice.ch\\\/de\\\/#website\"},\"primaryImageOfPage\":{\"@id\":\"https:\\\/\\\/alice.ch\\\/de\\\/news\\\/weiterbildungsbeteiligung-in-deutschland-unter-dem-ziel\\\/#primaryimage\"},\"image\":{\"@id\":\"https:\\\/\\\/alice.ch\\\/de\\\/news\\\/weiterbildungsbeteiligung-in-deutschland-unter-dem-ziel\\\/#primaryimage\"},\"thumbnailUrl\":\"https:\\\/\\\/alice.ch\\\/app\\\/uploads\\\/2024\\\/06\\\/getty-images-gOiQSPn9yt4-unsplash-crop.png\",\"datePublished\":\"2024-06-20T07:47:40+00:00\",\"dateModified\":\"2024-06-27T08:56:29+00:00\",\"breadcrumb\":{\"@id\":\"https:\\\/\\\/alice.ch\\\/de\\\/news\\\/weiterbildungsbeteiligung-in-deutschland-unter-dem-ziel\\\/#breadcrumb\"},\"inLanguage\":\"de\",\"potentialAction\":[{\"@type\":\"ReadAction\",\"target\":[\"https:\\\/\\\/alice.ch\\\/de\\\/news\\\/weiterbildungsbeteiligung-in-deutschland-unter-dem-ziel\\\/\"]}]},{\"@type\":\"ImageObject\",\"inLanguage\":\"de\",\"@id\":\"https:\\\/\\\/alice.ch\\\/de\\\/news\\\/weiterbildungsbeteiligung-in-deutschland-unter-dem-ziel\\\/#primaryimage\",\"url\":\"https:\\\/\\\/alice.ch\\\/app\\\/uploads\\\/2024\\\/06\\\/getty-images-gOiQSPn9yt4-unsplash-crop.png\",\"contentUrl\":\"https:\\\/\\\/alice.ch\\\/app\\\/uploads\\\/2024\\\/06\\\/getty-images-gOiQSPn9yt4-unsplash-crop.png\",\"width\":1200,\"height\":627},{\"@type\":\"BreadcrumbList\",\"@id\":\"https:\\\/\\\/alice.ch\\\/de\\\/news\\\/weiterbildungsbeteiligung-in-deutschland-unter-dem-ziel\\\/#breadcrumb\",\"itemListElement\":[{\"@type\":\"ListItem\",\"position\":1,\"name\":\"Startseite\",\"item\":\"https:\\\/\\\/alice.ch\\\/de\\\/\"},{\"@type\":\"ListItem\",\"position\":2,\"name\":\"Weiterbildungsbeteiligung in Deutschland unter dem Zielwert\u00a0\"}]},{\"@type\":\"WebSite\",\"@id\":\"https:\\\/\\\/alice.ch\\\/de\\\/#website\",\"url\":\"https:\\\/\\\/alice.ch\\\/de\\\/\",\"name\":\"alice.ch (Adult Learning Information Center) ist das Portal der Weiterbildung in der Schweiz.\",\"description\":\"Schweizerischer Verband f\u00fcr Weiterbildung\",\"publisher\":{\"@id\":\"https:\\\/\\\/alice.ch\\\/de\\\/#organization\"},\"potentialAction\":[{\"@type\":\"SearchAction\",\"target\":{\"@type\":\"EntryPoint\",\"urlTemplate\":\"https:\\\/\\\/alice.ch\\\/de\\\/?s={search_term_string}\"},\"query-input\":{\"@type\":\"PropertyValueSpecification\",\"valueRequired\":true,\"valueName\":\"search_term_string\"}}],\"inLanguage\":\"de\"},{\"@type\":\"Organization\",\"@id\":\"https:\\\/\\\/alice.ch\\\/de\\\/#organization\",\"name\":\"SVEB Schweizerischer Verband f\u00fcr Weiterbildung\",\"url\":\"https:\\\/\\\/alice.ch\\\/de\\\/\",\"logo\":{\"@type\":\"ImageObject\",\"inLanguage\":\"de\",\"@id\":\"https:\\\/\\\/alice.ch\\\/de\\\/#\\\/schema\\\/logo\\\/image\\\/\",\"url\":\"https:\\\/\\\/alice.ch\\\/app\\\/uploads\\\/2022\\\/07\\\/logo-sveb.png\",\"contentUrl\":\"https:\\\/\\\/alice.ch\\\/app\\\/uploads\\\/2022\\\/07\\\/logo-sveb.png\",\"width\":145,\"height\":64,\"caption\":\"SVEB Schweizerischer Verband f\u00fcr Weiterbildung\"},\"image\":{\"@id\":\"https:\\\/\\\/alice.ch\\\/de\\\/#\\\/schema\\\/logo\\\/image\\\/\"},\"sameAs\":[\"https:\\\/\\\/www.linkedin.com\\\/company\\\/schweizerischer-verband-fr-weiterbildung-sveb\\\/\"]}]}<\/script>\n<!-- \/ Yoast SEO plugin. -->","yoast_head_json":{"title":"Weiterbildungsbeteiligung in Deutschland unter dem Zielwert\u00a0 - SVEB","robots":{"index":"index","follow":"follow","max-snippet":"max-snippet:-1","max-image-preview":"max-image-preview:large","max-video-preview":"max-video-preview:-1"},"canonical":"https:\/\/alice.ch\/de\/news\/weiterbildungsbeteiligung-in-deutschland-unter-dem-ziel\/","og_locale":"de_DE","og_type":"article","og_title":"Weiterbildungsbeteiligung in Deutschland unter dem Zielwert\u00a0 - SVEB","og_description":"Gem\u00e4ss dem Bericht \u00abBildung in Deutschland 2024\u00bb lag die Weiterbildungsbeteiligung in Deutschland im Jahr 2022 bei 54 Prozent. Dieser Wert [&hellip;]","og_url":"https:\/\/alice.ch\/de\/news\/weiterbildungsbeteiligung-in-deutschland-unter-dem-ziel\/","og_site_name":"SVEB","article_modified_time":"2024-06-27T08:56:29+00:00","og_image":[{"width":1200,"height":627,"url":"https:\/\/alice.ch\/app\/uploads\/2024\/06\/getty-images-gOiQSPn9yt4-unsplash-crop.png","type":"image\/png"}],"twitter_card":"summary_large_image","twitter_misc":{"Gesch\u00e4tzte Lesezeit":"1\u00a0Minute"},"schema":{"@context":"https:\/\/schema.org","@graph":[{"@type":"WebPage","@id":"https:\/\/alice.ch\/de\/news\/weiterbildungsbeteiligung-in-deutschland-unter-dem-ziel\/","url":"https:\/\/alice.ch\/de\/news\/weiterbildungsbeteiligung-in-deutschland-unter-dem-ziel\/","name":"Weiterbildungsbeteiligung in Deutschland unter dem Zielwert\u00a0 - SVEB","isPartOf":{"@id":"https:\/\/alice.ch\/de\/#website"},"primaryImageOfPage":{"@id":"https:\/\/alice.ch\/de\/news\/weiterbildungsbeteiligung-in-deutschland-unter-dem-ziel\/#primaryimage"},"image":{"@id":"https:\/\/alice.ch\/de\/news\/weiterbildungsbeteiligung-in-deutschland-unter-dem-ziel\/#primaryimage"},"thumbnailUrl":"https:\/\/alice.ch\/app\/uploads\/2024\/06\/getty-images-gOiQSPn9yt4-unsplash-crop.png","datePublished":"2024-06-20T07:47:40+00:00","dateModified":"2024-06-27T08:56:29+00:00","breadcrumb":{"@id":"https:\/\/alice.ch\/de\/news\/weiterbildungsbeteiligung-in-deutschland-unter-dem-ziel\/#breadcrumb"},"inLanguage":"de","potentialAction":[{"@type":"ReadAction","target":["https:\/\/alice.ch\/de\/news\/weiterbildungsbeteiligung-in-deutschland-unter-dem-ziel\/"]}]},{"@type":"ImageObject","inLanguage":"de","@id":"https:\/\/alice.ch\/de\/news\/weiterbildungsbeteiligung-in-deutschland-unter-dem-ziel\/#primaryimage","url":"https:\/\/alice.ch\/app\/uploads\/2024\/06\/getty-images-gOiQSPn9yt4-unsplash-crop.png","contentUrl":"https:\/\/alice.ch\/app\/uploads\/2024\/06\/getty-images-gOiQSPn9yt4-unsplash-crop.png","width":1200,"height":627},{"@type":"BreadcrumbList","@id":"https:\/\/alice.ch\/de\/news\/weiterbildungsbeteiligung-in-deutschland-unter-dem-ziel\/#breadcrumb","itemListElement":[{"@type":"ListItem","position":1,"name":"Startseite","item":"https:\/\/alice.ch\/de\/"},{"@type":"ListItem","position":2,"name":"Weiterbildungsbeteiligung in Deutschland unter dem Zielwert\u00a0"}]},{"@type":"WebSite","@id":"https:\/\/alice.ch\/de\/#website","url":"https:\/\/alice.ch\/de\/","name":"alice.ch (Adult Learning Information Center) ist das Portal der Weiterbildung in der Schweiz.","description":"Schweizerischer Verband f\u00fcr Weiterbildung","publisher":{"@id":"https:\/\/alice.ch\/de\/#organization"},"potentialAction":[{"@type":"SearchAction","target":{"@type":"EntryPoint","urlTemplate":"https:\/\/alice.ch\/de\/?s={search_term_string}"},"query-input":{"@type":"PropertyValueSpecification","valueRequired":true,"valueName":"search_term_string"}}],"inLanguage":"de"},{"@type":"Organization","@id":"https:\/\/alice.ch\/de\/#organization","name":"SVEB Schweizerischer Verband f\u00fcr Weiterbildung","url":"https:\/\/alice.ch\/de\/","logo":{"@type":"ImageObject","inLanguage":"de","@id":"https:\/\/alice.ch\/de\/#\/schema\/logo\/image\/","url":"https:\/\/alice.ch\/app\/uploads\/2022\/07\/logo-sveb.png","contentUrl":"https:\/\/alice.ch\/app\/uploads\/2022\/07\/logo-sveb.png","width":145,"height":64,"caption":"SVEB Schweizerischer Verband f\u00fcr Weiterbildung"},"image":{"@id":"https:\/\/alice.ch\/de\/#\/schema\/logo\/image\/"},"sameAs":["https:\/\/www.linkedin.com\/company\/schweizerischer-verband-fr-weiterbildung-sveb\/"]}]}},"_links":{"self":[{"href":"https:\/\/alice.ch\/de\/wp-json\/wp\/v2\/news\/60672","targetHints":{"allow":["GET"]}}],"collection":[{"href":"https:\/\/alice.ch\/de\/wp-json\/wp\/v2\/news"}],"about":[{"href":"https:\/\/alice.ch\/de\/wp-json\/wp\/v2\/types\/news"}],"author":[{"embeddable":true,"href":"https:\/\/alice.ch\/de\/wp-json\/wp\/v2\/users\/27"}],"version-history":[{"count":4,"href":"https:\/\/alice.ch\/de\/wp-json\/wp\/v2\/news\/60672\/revisions"}],"predecessor-version":[{"id":60764,"href":"https:\/\/alice.ch\/de\/wp-json\/wp\/v2\/news\/60672\/revisions\/60764"}],"wp:featuredmedia":[{"embeddable":true,"href":"https:\/\/alice.ch\/de\/wp-json\/wp\/v2\/media\/60675"}],"wp:attachment":[{"href":"https:\/\/alice.ch\/de\/wp-json\/wp\/v2\/media?parent=60672"}],"wp:term":[{"taxonomy":"news-category","embeddable":true,"href":"https:\/\/alice.ch\/de\/wp-json\/wp\/v2\/news-category?post=60672"},{"taxonomy":"global-category","embeddable":true,"href":"https:\/\/alice.ch\/de\/wp-json\/wp\/v2\/global-category?post=60672"}],"curies":[{"name":"wp","href":"https:\/\/api.w.org\/{rel}","templated":true}]}}