{"id":60775,"date":"2024-07-01T10:07:36","date_gmt":"2024-07-01T08:07:36","guid":{"rendered":"https:\/\/alice.ch\/?post_type=news&#038;p=60775"},"modified":"2024-07-01T14:57:12","modified_gmt":"2024-07-01T12:57:12","slug":"wiedereinstieg-nach-familienzeit-auch-travail-suisse-fordert-massnahmen","status":"publish","type":"news","link":"https:\/\/alice.ch\/de\/news\/wiedereinstieg-nach-familienzeit-auch-travail-suisse-fordert-massnahmen\/","title":{"rendered":"Wiedereinstieg nach Familienzeit: Auch Travail Suisse fordert Massnahmen"},"content":{"rendered":"\n<p class=\"is-style-lead\">Der Dachverband der Arbeitnehmenden verlangt Schritte auf Bundesebene als Teil einer nationalen Strategie, um Wiedereinsteigende zu unterst\u00fczen. Die Weiterbildung spielt dabei eine zentrale Rolle.<\/p>\n\n\n\n<p>Jedes Jahr kehren gem\u00e4ss Travail Suisse zwischen 9000 und 12000 junge M\u00fctter nach der Geburt ihres Kindes unfreiwillig nicht an ihren Arbeitsplatz zur\u00fcck. Sie seien oftmals Opfer einer so genannten informellen Entlassung. Der Bundesrat habe bisher sehr allgemeine Massnahmen vorgeschlagen, um diese Situation zu verbessern. &nbsp;<\/p>\n\n\n\n<p>Aus Sicht der Gewerkschaften brauche es darum dringend mehr Unterst\u00fctzung f\u00fcr Frauen, die nach einer famili\u00e4r bedingten Pause wieder ins Erwerbsleben einsteigen m\u00f6chten. \u00abDer Staat muss seine Rolle ernst nehmen und den Wiedereinstieg von Frauen aktiv f\u00f6rdern, etwa durch die Finanzierung von Weiterbildungen\u00bb, wird Yvonne Feri, Pr\u00e4sidentin von Syna, in der <a href=\"https:\/\/www.travailsuisse.ch\/de\/gleichstellung-vereinbarkeit\/wiedereinstieg\/2024-06-27\/medienkonferenz-wiedereinstieg-ins\" target=\"_blank\" rel=\"noreferrer noopener\">Mitteilung<\/a> zitiert.<\/p>\n\n\n\n<h2 class=\"wp-block-heading\">\u00abUnterst\u00fctzung unzureichend\u00bb<\/h2>\n\n\n\n<p>Aus- und Weiterbildung seien f\u00fcr den Erhalt der Besch\u00e4ftigungsf\u00e4higkeit von entscheidender Bedeutung, heisst es denn auch im Positionspapier. Doch trotz der grossen Bedeutung des lebenslangen Lernens, nicht zuletzt f\u00fcr Wiedereinsteigende, fehle es oft an Unterst\u00fctzung: \u00abDie Unterst\u00fctzung durch die Arbeitgebenden f\u00e4llt bei den Wiedereinsteigenden per Definition weg, w\u00e4hrend die staatliche Unterst\u00fctzung oft unzureichend ist\u00bb, schreibt Travail Suisse.<\/p>\n\n\n\n<p>Nach der Geburt des ersten Kindes sei es f\u00fcr viele Frauen aufgrund der Doppelbelastung durch Beruf und Familie schwierig, an Weiterbildungen teilzunehmen. Auch haben Frauen, die lange f\u00fcr die Kinderbetreuung pausieren, einen erschwerten Zugang zu Weiterbildung. Die f\u00fcr Weiterbildungen gew\u00e4hrte Unterst\u00fctzung durch arbeitsmarktliche Massnahmen im Rahmen der Arbeitslosenversicherung sei oft unzureichend und zuf\u00e4llig. Ebenso die Finanzierung von Weiterbildung, insbesondere f\u00fcr \u00e4ltere Arbeitnehmende oder solche mit l\u00e4ngeren Arbeitsunterbrechungen.<\/p>\n\n\n\n<h2 class=\"wp-block-heading\">Bildungsgutscheine als L\u00f6sung<\/h2>\n\n\n\n<p>Als L\u00f6sungsvorschl\u00e4ge nennt Travail Suisse etwa Berufsabschl\u00fcsse f\u00fcr Erwachsene und F\u00f6rderung von Grundkompetenzen, um den Zugang zu Weiterbildung zu f\u00f6rdern. Oder Stipendien, Bildungsgutscheine oder pers\u00f6nliche Bildungskosten, um Wiedereinsteigende von direkten und indirekten Weiterbildungskosten zu entlasten. Auch k\u00f6nnten mit modularen und flexiblen Weiterbildungsangeboten die Vereinbarkeit verbessert werden.<\/p>\n\n\n\n<p>Der SVEB unterst\u00fctzt die Forderung der Weiterbildungsf\u00f6rderung f\u00fcr Wiedereinsteigende und <a href=\"https:\/\/alice.ch\/de\/news\/rueckkehr-in-die-arbeitswelt-unterstuetzung-fuer-weiterbildung-gefordert\/\">erwartet vom Bundesrat<\/a>, aufzuzeigen, welche M\u00f6glichkeiten die bestehenden gesetzlichen Grundlagen, insbesondere die Arbeitslosenversicherung sowie auch das Berufsbildungsgesetz, zur Finanzierung von berufsorientierten Weiterbildungen haben.<\/p>\n\n\n\n<h2 class=\"wp-block-heading\">Weitere Informationen<\/h2>\n\n\n\n<div class=\"wp-block-buttons is-layout-flex wp-block-buttons-is-layout-flex\">\n<div class=\"wp-block-button has-custom-width wp-block-button__width-100 is-style-minimal\"><a class=\"wp-block-button__link wp-element-button\" href=\"https:\/\/alice.ch\/de\/news\/rueckkehr-in-die-arbeitswelt-unterstuetzung-fuer-weiterbildung-gefordert\/\">R\u00fcckkehr in die Arbeitswelt: Unterst\u00fctzung f\u00fcr Weiterbildung gefordert<\/a><\/div>\n<\/div>\n","protected":false},"excerpt":{"rendered":"<p>Der Dachverband der Arbeitnehmenden verlangt Schritte auf Bundesebene als Teil einer nationalen Strategie, um Wiedereinsteigende zu unterst\u00fczen. Die Weiterbildung spielt [&hellip;]<\/p>\n","protected":false},"author":27,"featured_media":60779,"template":"","meta":{"_acf_changed":false,"inline_featured_image":false,"footnotes":""},"news-category":[37],"global-category":[],"class_list":["post-60775","news","type-news","status-publish","has-post-thumbnail","hentry","news-category-politik"],"acf":[],"yoast_head":"<!-- This site is optimized with the Yoast SEO plugin v27.3 - https:\/\/yoast.com\/product\/yoast-seo-wordpress\/ -->\n<title>Wiedereinstieg nach Familienzeit: Auch Travail Suisse fordert Massnahmen - SVEB<\/title>\n<meta name=\"robots\" content=\"index, follow, max-snippet:-1, max-image-preview:large, max-video-preview:-1\" \/>\n<link rel=\"canonical\" href=\"https:\/\/alice.ch\/de\/news\/wiedereinstieg-nach-familienzeit-auch-travail-suisse-fordert-massnahmen\/\" \/>\n<meta property=\"og:locale\" content=\"de_DE\" \/>\n<meta property=\"og:type\" content=\"article\" \/>\n<meta property=\"og:title\" content=\"Wiedereinstieg nach Familienzeit: Auch Travail Suisse fordert Massnahmen - SVEB\" \/>\n<meta property=\"og:description\" content=\"Der Dachverband der Arbeitnehmenden verlangt Schritte auf Bundesebene als Teil einer nationalen Strategie, um Wiedereinsteigende zu unterst\u00fczen. Die Weiterbildung spielt [&hellip;]\" \/>\n<meta property=\"og:url\" content=\"https:\/\/alice.ch\/de\/news\/wiedereinstieg-nach-familienzeit-auch-travail-suisse-fordert-massnahmen\/\" \/>\n<meta property=\"og:site_name\" content=\"SVEB\" \/>\n<meta property=\"article:modified_time\" content=\"2024-07-01T12:57:12+00:00\" \/>\n<meta property=\"og:image\" content=\"https:\/\/alice.ch\/app\/uploads\/2024\/07\/frank-flores-nL-vpbHVOW4-unsplash-crop.png\" \/>\n\t<meta property=\"og:image:width\" content=\"1200\" \/>\n\t<meta property=\"og:image:height\" content=\"627\" \/>\n\t<meta property=\"og:image:type\" content=\"image\/png\" \/>\n<meta name=\"twitter:card\" content=\"summary_large_image\" \/>\n<meta name=\"twitter:label1\" content=\"Gesch\u00e4tzte Lesezeit\" \/>\n\t<meta name=\"twitter:data1\" content=\"2\u00a0Minuten\" \/>\n<script type=\"application\/ld+json\" class=\"yoast-schema-graph\">{\"@context\":\"https:\\\/\\\/schema.org\",\"@graph\":[{\"@type\":\"WebPage\",\"@id\":\"https:\\\/\\\/alice.ch\\\/de\\\/news\\\/wiedereinstieg-nach-familienzeit-auch-travail-suisse-fordert-massnahmen\\\/\",\"url\":\"https:\\\/\\\/alice.ch\\\/de\\\/news\\\/wiedereinstieg-nach-familienzeit-auch-travail-suisse-fordert-massnahmen\\\/\",\"name\":\"Wiedereinstieg nach Familienzeit: Auch Travail Suisse fordert Massnahmen - SVEB\",\"isPartOf\":{\"@id\":\"https:\\\/\\\/alice.ch\\\/de\\\/#website\"},\"primaryImageOfPage\":{\"@id\":\"https:\\\/\\\/alice.ch\\\/de\\\/news\\\/wiedereinstieg-nach-familienzeit-auch-travail-suisse-fordert-massnahmen\\\/#primaryimage\"},\"image\":{\"@id\":\"https:\\\/\\\/alice.ch\\\/de\\\/news\\\/wiedereinstieg-nach-familienzeit-auch-travail-suisse-fordert-massnahmen\\\/#primaryimage\"},\"thumbnailUrl\":\"https:\\\/\\\/alice.ch\\\/app\\\/uploads\\\/2024\\\/07\\\/frank-flores-nL-vpbHVOW4-unsplash-crop.png\",\"datePublished\":\"2024-07-01T08:07:36+00:00\",\"dateModified\":\"2024-07-01T12:57:12+00:00\",\"breadcrumb\":{\"@id\":\"https:\\\/\\\/alice.ch\\\/de\\\/news\\\/wiedereinstieg-nach-familienzeit-auch-travail-suisse-fordert-massnahmen\\\/#breadcrumb\"},\"inLanguage\":\"de\",\"potentialAction\":[{\"@type\":\"ReadAction\",\"target\":[\"https:\\\/\\\/alice.ch\\\/de\\\/news\\\/wiedereinstieg-nach-familienzeit-auch-travail-suisse-fordert-massnahmen\\\/\"]}]},{\"@type\":\"ImageObject\",\"inLanguage\":\"de\",\"@id\":\"https:\\\/\\\/alice.ch\\\/de\\\/news\\\/wiedereinstieg-nach-familienzeit-auch-travail-suisse-fordert-massnahmen\\\/#primaryimage\",\"url\":\"https:\\\/\\\/alice.ch\\\/app\\\/uploads\\\/2024\\\/07\\\/frank-flores-nL-vpbHVOW4-unsplash-crop.png\",\"contentUrl\":\"https:\\\/\\\/alice.ch\\\/app\\\/uploads\\\/2024\\\/07\\\/frank-flores-nL-vpbHVOW4-unsplash-crop.png\",\"width\":1200,\"height\":627},{\"@type\":\"BreadcrumbList\",\"@id\":\"https:\\\/\\\/alice.ch\\\/de\\\/news\\\/wiedereinstieg-nach-familienzeit-auch-travail-suisse-fordert-massnahmen\\\/#breadcrumb\",\"itemListElement\":[{\"@type\":\"ListItem\",\"position\":1,\"name\":\"Startseite\",\"item\":\"https:\\\/\\\/alice.ch\\\/de\\\/\"},{\"@type\":\"ListItem\",\"position\":2,\"name\":\"Wiedereinstieg nach Familienzeit: Auch Travail Suisse fordert Massnahmen\"}]},{\"@type\":\"WebSite\",\"@id\":\"https:\\\/\\\/alice.ch\\\/de\\\/#website\",\"url\":\"https:\\\/\\\/alice.ch\\\/de\\\/\",\"name\":\"alice.ch (Adult Learning Information Center) ist das Portal der Weiterbildung in der Schweiz.\",\"description\":\"Schweizerischer Verband f\u00fcr Weiterbildung\",\"publisher\":{\"@id\":\"https:\\\/\\\/alice.ch\\\/de\\\/#organization\"},\"potentialAction\":[{\"@type\":\"SearchAction\",\"target\":{\"@type\":\"EntryPoint\",\"urlTemplate\":\"https:\\\/\\\/alice.ch\\\/de\\\/?s={search_term_string}\"},\"query-input\":{\"@type\":\"PropertyValueSpecification\",\"valueRequired\":true,\"valueName\":\"search_term_string\"}}],\"inLanguage\":\"de\"},{\"@type\":\"Organization\",\"@id\":\"https:\\\/\\\/alice.ch\\\/de\\\/#organization\",\"name\":\"SVEB Schweizerischer Verband f\u00fcr Weiterbildung\",\"url\":\"https:\\\/\\\/alice.ch\\\/de\\\/\",\"logo\":{\"@type\":\"ImageObject\",\"inLanguage\":\"de\",\"@id\":\"https:\\\/\\\/alice.ch\\\/de\\\/#\\\/schema\\\/logo\\\/image\\\/\",\"url\":\"https:\\\/\\\/alice.ch\\\/app\\\/uploads\\\/2022\\\/07\\\/logo-sveb.png\",\"contentUrl\":\"https:\\\/\\\/alice.ch\\\/app\\\/uploads\\\/2022\\\/07\\\/logo-sveb.png\",\"width\":145,\"height\":64,\"caption\":\"SVEB Schweizerischer Verband f\u00fcr Weiterbildung\"},\"image\":{\"@id\":\"https:\\\/\\\/alice.ch\\\/de\\\/#\\\/schema\\\/logo\\\/image\\\/\"},\"sameAs\":[\"https:\\\/\\\/www.linkedin.com\\\/company\\\/schweizerischer-verband-fr-weiterbildung-sveb\\\/\"]}]}<\/script>\n<!-- \/ Yoast SEO plugin. -->","yoast_head_json":{"title":"Wiedereinstieg nach Familienzeit: Auch Travail Suisse fordert Massnahmen - SVEB","robots":{"index":"index","follow":"follow","max-snippet":"max-snippet:-1","max-image-preview":"max-image-preview:large","max-video-preview":"max-video-preview:-1"},"canonical":"https:\/\/alice.ch\/de\/news\/wiedereinstieg-nach-familienzeit-auch-travail-suisse-fordert-massnahmen\/","og_locale":"de_DE","og_type":"article","og_title":"Wiedereinstieg nach Familienzeit: Auch Travail Suisse fordert Massnahmen - SVEB","og_description":"Der Dachverband der Arbeitnehmenden verlangt Schritte auf Bundesebene als Teil einer nationalen Strategie, um Wiedereinsteigende zu unterst\u00fczen. Die Weiterbildung spielt [&hellip;]","og_url":"https:\/\/alice.ch\/de\/news\/wiedereinstieg-nach-familienzeit-auch-travail-suisse-fordert-massnahmen\/","og_site_name":"SVEB","article_modified_time":"2024-07-01T12:57:12+00:00","og_image":[{"width":1200,"height":627,"url":"https:\/\/alice.ch\/app\/uploads\/2024\/07\/frank-flores-nL-vpbHVOW4-unsplash-crop.png","type":"image\/png"}],"twitter_card":"summary_large_image","twitter_misc":{"Gesch\u00e4tzte Lesezeit":"2\u00a0Minuten"},"schema":{"@context":"https:\/\/schema.org","@graph":[{"@type":"WebPage","@id":"https:\/\/alice.ch\/de\/news\/wiedereinstieg-nach-familienzeit-auch-travail-suisse-fordert-massnahmen\/","url":"https:\/\/alice.ch\/de\/news\/wiedereinstieg-nach-familienzeit-auch-travail-suisse-fordert-massnahmen\/","name":"Wiedereinstieg nach Familienzeit: Auch Travail Suisse fordert Massnahmen - SVEB","isPartOf":{"@id":"https:\/\/alice.ch\/de\/#website"},"primaryImageOfPage":{"@id":"https:\/\/alice.ch\/de\/news\/wiedereinstieg-nach-familienzeit-auch-travail-suisse-fordert-massnahmen\/#primaryimage"},"image":{"@id":"https:\/\/alice.ch\/de\/news\/wiedereinstieg-nach-familienzeit-auch-travail-suisse-fordert-massnahmen\/#primaryimage"},"thumbnailUrl":"https:\/\/alice.ch\/app\/uploads\/2024\/07\/frank-flores-nL-vpbHVOW4-unsplash-crop.png","datePublished":"2024-07-01T08:07:36+00:00","dateModified":"2024-07-01T12:57:12+00:00","breadcrumb":{"@id":"https:\/\/alice.ch\/de\/news\/wiedereinstieg-nach-familienzeit-auch-travail-suisse-fordert-massnahmen\/#breadcrumb"},"inLanguage":"de","potentialAction":[{"@type":"ReadAction","target":["https:\/\/alice.ch\/de\/news\/wiedereinstieg-nach-familienzeit-auch-travail-suisse-fordert-massnahmen\/"]}]},{"@type":"ImageObject","inLanguage":"de","@id":"https:\/\/alice.ch\/de\/news\/wiedereinstieg-nach-familienzeit-auch-travail-suisse-fordert-massnahmen\/#primaryimage","url":"https:\/\/alice.ch\/app\/uploads\/2024\/07\/frank-flores-nL-vpbHVOW4-unsplash-crop.png","contentUrl":"https:\/\/alice.ch\/app\/uploads\/2024\/07\/frank-flores-nL-vpbHVOW4-unsplash-crop.png","width":1200,"height":627},{"@type":"BreadcrumbList","@id":"https:\/\/alice.ch\/de\/news\/wiedereinstieg-nach-familienzeit-auch-travail-suisse-fordert-massnahmen\/#breadcrumb","itemListElement":[{"@type":"ListItem","position":1,"name":"Startseite","item":"https:\/\/alice.ch\/de\/"},{"@type":"ListItem","position":2,"name":"Wiedereinstieg nach Familienzeit: Auch Travail Suisse fordert Massnahmen"}]},{"@type":"WebSite","@id":"https:\/\/alice.ch\/de\/#website","url":"https:\/\/alice.ch\/de\/","name":"alice.ch (Adult Learning Information Center) ist das Portal der Weiterbildung in der Schweiz.","description":"Schweizerischer Verband f\u00fcr Weiterbildung","publisher":{"@id":"https:\/\/alice.ch\/de\/#organization"},"potentialAction":[{"@type":"SearchAction","target":{"@type":"EntryPoint","urlTemplate":"https:\/\/alice.ch\/de\/?s={search_term_string}"},"query-input":{"@type":"PropertyValueSpecification","valueRequired":true,"valueName":"search_term_string"}}],"inLanguage":"de"},{"@type":"Organization","@id":"https:\/\/alice.ch\/de\/#organization","name":"SVEB Schweizerischer Verband f\u00fcr Weiterbildung","url":"https:\/\/alice.ch\/de\/","logo":{"@type":"ImageObject","inLanguage":"de","@id":"https:\/\/alice.ch\/de\/#\/schema\/logo\/image\/","url":"https:\/\/alice.ch\/app\/uploads\/2022\/07\/logo-sveb.png","contentUrl":"https:\/\/alice.ch\/app\/uploads\/2022\/07\/logo-sveb.png","width":145,"height":64,"caption":"SVEB Schweizerischer Verband f\u00fcr Weiterbildung"},"image":{"@id":"https:\/\/alice.ch\/de\/#\/schema\/logo\/image\/"},"sameAs":["https:\/\/www.linkedin.com\/company\/schweizerischer-verband-fr-weiterbildung-sveb\/"]}]}},"_links":{"self":[{"href":"https:\/\/alice.ch\/de\/wp-json\/wp\/v2\/news\/60775","targetHints":{"allow":["GET"]}}],"collection":[{"href":"https:\/\/alice.ch\/de\/wp-json\/wp\/v2\/news"}],"about":[{"href":"https:\/\/alice.ch\/de\/wp-json\/wp\/v2\/types\/news"}],"author":[{"embeddable":true,"href":"https:\/\/alice.ch\/de\/wp-json\/wp\/v2\/users\/27"}],"version-history":[{"count":4,"href":"https:\/\/alice.ch\/de\/wp-json\/wp\/v2\/news\/60775\/revisions"}],"predecessor-version":[{"id":60798,"href":"https:\/\/alice.ch\/de\/wp-json\/wp\/v2\/news\/60775\/revisions\/60798"}],"wp:featuredmedia":[{"embeddable":true,"href":"https:\/\/alice.ch\/de\/wp-json\/wp\/v2\/media\/60779"}],"wp:attachment":[{"href":"https:\/\/alice.ch\/de\/wp-json\/wp\/v2\/media?parent=60775"}],"wp:term":[{"taxonomy":"news-category","embeddable":true,"href":"https:\/\/alice.ch\/de\/wp-json\/wp\/v2\/news-category?post=60775"},{"taxonomy":"global-category","embeddable":true,"href":"https:\/\/alice.ch\/de\/wp-json\/wp\/v2\/global-category?post=60775"}],"curies":[{"name":"wp","href":"https:\/\/api.w.org\/{rel}","templated":true}]}}