{"id":60845,"date":"2024-07-04T09:30:24","date_gmt":"2024-07-04T07:30:24","guid":{"rendered":"https:\/\/alice.ch\/?post_type=news&#038;p=60845"},"modified":"2024-07-04T09:30:26","modified_gmt":"2024-07-04T07:30:26","slug":"die-neue-pruefung-auf-dem-pruefstand","status":"publish","type":"news","link":"https:\/\/alice.ch\/de\/news\/die-neue-pruefung-auf-dem-pruefstand\/","title":{"rendered":"Die neue Pr\u00fcfung auf dem Pr\u00fcfstand"},"content":{"rendered":"\n<p class=\"is-style-lead\">Performanzdossier und Reflexionsgespr\u00e4ch; \u00fcber diese zwei Pr\u00fcfungsbestandteile k\u00f6nnen Kandidatinnen und Kandidaten ab diesem Herbst zum Abschluss eidg. Fachausweis Ausbilderin\/Ausbilder gelangen. Wie gut das funktioniert und wo die Schwierigkeiten liegen \u2013 das hat der SVEB vorab in einem Kolloquium mit Pr\u00fcfungsexpertinnen und -experten getestet.<\/p>\n\n\n\n<p><em>Artikel: Reto Hunziker<\/em><\/p>\n\n\n\n<p>Kolloquium. Latein scheint gut zu passen zu dieser Umgebung: Wir sind im pittoresken Kloster Fischingen, wo Tests der neuen Abschlusspr\u00fcfung durchgef\u00fchrt werden. Denn ab Herbst dieses Jahres k\u00f6nnen angehende Ausbilderinnen und Ausbilder ihren Fachausweis nach der neuen Pr\u00fcfungsordnung absolvieren. Dabei reichen sie ein sogenanntes Performanzdossier ein und reflektieren dieses in einem Gespr\u00e4ch mit zwei Pr\u00fcfungsexpertinnen und -experten (PEX). Das ist nicht nur f\u00fcr die angehenden Absolvierenden eine grosse Ver\u00e4nderung, sondern auch f\u00fcr die PEX.<\/p>\n\n\n\n<p>Worauf ist zu achten? Was sind Schwierigkeiten? Dies gilt es nun zu pr\u00fcfen, denn vier Personen treten probeweise an, um ihr extra f\u00fcr die Testdurchf\u00fchrung erstelltes Performanzdossier zu vertreten. Sie haben bereits ihren Fachausweis erworben, haben alle n\u00f6tigen Module absolviert und l\u00e4ngst die n\u00f6tigen Praxisstunden hinter sich.<\/p>\n\n\n\n<p>Es sei nicht einfach gewesen, Freiwillige zu finden, erkl\u00e4rt Pr\u00fcfungsleiterin Jenny Laschkolnig. Sie habe zwischen 40 und 50 Personen angefragt. Sechs von ihnen sagten zu und reichten ein Performanzdossier ein, vier davon stehen nun Red und Antwort.<\/p>\n\n\n\n<p>\u00abWir wollen die Performanz pr\u00fcfen und handhabbar machen\u00bb, sagt Laschkolnig vor den versammelten Fachpersonen. \u00abDie Kandidierenden d\u00fcrfen sich zeigen und sich \u00fcber ihren Stand und ihren Lernprozess bewusst sein.\u00bb<\/p>\n\n\n\n<h2 class=\"wp-block-heading\">Testlauf 1: \u00abanspruchsvoll und intensiv\u00bb<\/h2>\n\n\n\n<p>Kurz darauf geht es los mit dem ersten Durchlauf: Die Kandidatin hatte ihr Performanzdossier zuvor eingereicht, welches die PEX kritisch gelesen und hinterfragt haben. In einer zehnmin\u00fctigen Pr\u00e4sentation fasst die Kandidatin ihr Vorgehen zusammen, danach beantwortet sie im Fachgespr\u00e4ch die Fragen der PEX. Im Zentrum: das kompetenzorientierte Handeln in der Ausbildungst\u00e4tigkeit. Die Kandidatin wird nach ihrer Erfahrung mit dem im Rahmen der Pr\u00fcfung angewandten Ansatz gefragt, nach Learnings, Wirkung und Reaktionen. Obwohl die Kandidatin seit 25 Jahren unterrichtet, gibt sie sich selbstkritisch.<\/p>\n\n\n\n<p>Im Nachhinein sagt sie, sie habe die Pr\u00fcfung als anregend und intensiv erlebt. Wobei ihr der schriftliche Teil leichter von der Hand ging, jetzt beim Vorstellen sei sie sehr nerv\u00f6s gewesen. Die Kombination aus Dossier und Gespr\u00e4ch empfindet sie als niveauvoll und wertvoll zugleich: \u00abIch habe mich 12 Wochen mit einem Thema auseinandergesetzt \u2013 etwas, das ich sonst wohl nie gemacht h\u00e4tte\u00bb, sagt sie, \u00abdabei habe ich viel gelernt und profitiert.\u00bb<\/p>\n\n\n\n<p>Die Examinandinnen und Examinanden sind angehalten, im Performanzdossier drei Handlungskompetenzbereiche zu beleuchten und auszuarbeiten, gleichzeitig aber auch das eigene Tun zu hinterfragen und einzusch\u00e4tzen.<\/p>\n\n\n\n<h2 class=\"wp-block-heading\">Testlauf 2: \u00abdie eigene Haltung getestet und gefestigt\u00bb<\/h2>\n\n\n\n<p>\u00abWer bin ich? Was kann ich? Was m\u00f6chte ich zeigen?\u00bb \u2013 diese Fragen hat sich die Kandidatin im zweiten Testdurchlauf gestellt, wie sie selbst in der Pr\u00e4sentation erkl\u00e4rt. Sie er\u00f6rtert ihre Bestrebungen, die unternehmerische Kreativit\u00e4t und Innovationskultur zu f\u00f6rdern. Die PEX stellen ihr Fragen zu ihrem Professionsverst\u00e4ndnis, zum Dossier, aber auch zu einzelnen Schlagw\u00f6rtern, die sie in der Pr\u00e4sentation verwendet. Im Nachhinein empfand auch sie die Arbeit am Dossier und der Pr\u00e4sentation als bereichernd: \u00abIch habe hinterfragt und reflektiert, aber auch meine Haltung getestet und gefestigt.\u00bb<\/p>\n\n\n\n<p>In der anschliessenden Diskussion unter den beobachtenden Expertinnen und Experten stellt sich etwa die Frage, ob im Reflexionsgespr\u00e4ch zwischen Verst\u00e4ndnisfragen und Reflexionsfragen unterschieden werden soll. Und wie ist vorzugehen, wenn zwar das Dossier \u00fcberzeugt, aber nicht die Pr\u00e4sentation? Jenny Laschkolnig stellt klar: Beide Pr\u00fcfungsbestandteile k\u00f6nnen unabh\u00e4ngig voneinander bestanden oder nicht bestanden werden. Und: Die PEX m\u00fcssen ein Sensorium entwickeln f\u00fcr das Niveau der Absolvierenden und f\u00fcr die neue Pr\u00fcfungsprozedur. <\/p>\n\n\n\n<p>Klar, so ist es immer, wenn ein neuer Standard eingef\u00fchrt wird. Auch wenn hie und da noch Unsicherheiten sind, scheint der Tenor doch deutlich: Diese neue Berufspr\u00fcfung stellt einen klaren Mehrwert dar \u2013 sowohl f\u00fcr die Examinandinnen und Examinanden als auch f\u00fcr die Pr\u00fcfungsexpertinnen und -experten.<\/p>\n\n\n\n<h2 class=\"wp-block-heading\">Weitere Informationen<\/h2>\n\n\n\n<div class=\"wp-block-buttons is-layout-flex wp-block-buttons-is-layout-flex\">\n<div class=\"wp-block-button has-custom-width wp-block-button__width-100 is-style-minimal\"><a class=\"wp-block-button__link wp-element-button\" href=\"https:\/\/alice.ch\/de\/news\/neue-pruefungsordnung-fuer-eidg-fachausweis-ausbilder-ausbilderin-genehmigt\/\">Neue Pr\u00fcfungsordnung f\u00fcr eidg. Fachausweis Ausbilder\/Ausbilderin genehmigt<\/a><\/div>\n\n\n\n<div class=\"wp-block-button has-custom-width wp-block-button__width-100 is-style-minimal\"><a class=\"wp-block-button__link wp-element-button\" href=\"https:\/\/alice.ch\/de\/news\/auf-dem-weg-zur-neuen-berufspruefung\/\">Auf dem Weg zur neuen Berufspr\u00fcfung<\/a><\/div>\n<\/div>\n","protected":false},"excerpt":{"rendered":"<p>Performanzdossier und Reflexionsgespr\u00e4ch; \u00fcber diese zwei Pr\u00fcfungsbestandteile k\u00f6nnen Kandidatinnen und Kandidaten ab diesem Herbst zum Abschluss eidg. Fachausweis Ausbilderin\/Ausbilder gelangen. [&hellip;]<\/p>\n","protected":false},"author":27,"featured_media":60846,"template":"","meta":{"_acf_changed":false,"inline_featured_image":false,"footnotes":""},"news-category":[36],"global-category":[],"class_list":["post-60845","news","type-news","status-publish","has-post-thumbnail","hentry","news-category-professionalisierung"],"acf":[],"yoast_head":"<!-- This site is optimized with the Yoast SEO plugin v27.3 - https:\/\/yoast.com\/product\/yoast-seo-wordpress\/ -->\n<title>Die neue Pr\u00fcfung auf dem Pr\u00fcfstand - SVEB<\/title>\n<meta name=\"robots\" content=\"index, follow, max-snippet:-1, max-image-preview:large, max-video-preview:-1\" \/>\n<link rel=\"canonical\" href=\"https:\/\/alice.ch\/de\/news\/die-neue-pruefung-auf-dem-pruefstand\/\" \/>\n<meta property=\"og:locale\" content=\"de_DE\" \/>\n<meta property=\"og:type\" content=\"article\" \/>\n<meta property=\"og:title\" content=\"Die neue Pr\u00fcfung auf dem Pr\u00fcfstand - SVEB\" \/>\n<meta property=\"og:description\" content=\"Performanzdossier und Reflexionsgespr\u00e4ch; \u00fcber diese zwei Pr\u00fcfungsbestandteile k\u00f6nnen Kandidatinnen und Kandidaten ab diesem Herbst zum Abschluss eidg. Fachausweis Ausbilderin\/Ausbilder gelangen. [&hellip;]\" \/>\n<meta property=\"og:url\" content=\"https:\/\/alice.ch\/de\/news\/die-neue-pruefung-auf-dem-pruefstand\/\" \/>\n<meta property=\"og:site_name\" content=\"SVEB\" \/>\n<meta property=\"article:modified_time\" content=\"2024-07-04T07:30:26+00:00\" \/>\n<meta property=\"og:image\" content=\"https:\/\/alice.ch\/app\/uploads\/2024\/07\/20240625_111554-crop.png\" \/>\n\t<meta property=\"og:image:width\" content=\"1200\" \/>\n\t<meta property=\"og:image:height\" content=\"627\" \/>\n\t<meta property=\"og:image:type\" content=\"image\/png\" \/>\n<meta name=\"twitter:card\" content=\"summary_large_image\" \/>\n<meta name=\"twitter:label1\" content=\"Gesch\u00e4tzte Lesezeit\" \/>\n\t<meta name=\"twitter:data1\" content=\"3\u00a0Minuten\" \/>\n<script type=\"application\/ld+json\" class=\"yoast-schema-graph\">{\"@context\":\"https:\\\/\\\/schema.org\",\"@graph\":[{\"@type\":\"WebPage\",\"@id\":\"https:\\\/\\\/alice.ch\\\/de\\\/news\\\/die-neue-pruefung-auf-dem-pruefstand\\\/\",\"url\":\"https:\\\/\\\/alice.ch\\\/de\\\/news\\\/die-neue-pruefung-auf-dem-pruefstand\\\/\",\"name\":\"Die neue Pr\u00fcfung auf dem Pr\u00fcfstand - SVEB\",\"isPartOf\":{\"@id\":\"https:\\\/\\\/alice.ch\\\/de\\\/#website\"},\"primaryImageOfPage\":{\"@id\":\"https:\\\/\\\/alice.ch\\\/de\\\/news\\\/die-neue-pruefung-auf-dem-pruefstand\\\/#primaryimage\"},\"image\":{\"@id\":\"https:\\\/\\\/alice.ch\\\/de\\\/news\\\/die-neue-pruefung-auf-dem-pruefstand\\\/#primaryimage\"},\"thumbnailUrl\":\"https:\\\/\\\/alice.ch\\\/app\\\/uploads\\\/2024\\\/07\\\/20240625_111554-crop.png\",\"datePublished\":\"2024-07-04T07:30:24+00:00\",\"dateModified\":\"2024-07-04T07:30:26+00:00\",\"breadcrumb\":{\"@id\":\"https:\\\/\\\/alice.ch\\\/de\\\/news\\\/die-neue-pruefung-auf-dem-pruefstand\\\/#breadcrumb\"},\"inLanguage\":\"de\",\"potentialAction\":[{\"@type\":\"ReadAction\",\"target\":[\"https:\\\/\\\/alice.ch\\\/de\\\/news\\\/die-neue-pruefung-auf-dem-pruefstand\\\/\"]}]},{\"@type\":\"ImageObject\",\"inLanguage\":\"de\",\"@id\":\"https:\\\/\\\/alice.ch\\\/de\\\/news\\\/die-neue-pruefung-auf-dem-pruefstand\\\/#primaryimage\",\"url\":\"https:\\\/\\\/alice.ch\\\/app\\\/uploads\\\/2024\\\/07\\\/20240625_111554-crop.png\",\"contentUrl\":\"https:\\\/\\\/alice.ch\\\/app\\\/uploads\\\/2024\\\/07\\\/20240625_111554-crop.png\",\"width\":1200,\"height\":627,\"caption\":\"Eine Test-Kandidatin w\u00e4hrend ihrer Pr\u00e4sentation\"},{\"@type\":\"BreadcrumbList\",\"@id\":\"https:\\\/\\\/alice.ch\\\/de\\\/news\\\/die-neue-pruefung-auf-dem-pruefstand\\\/#breadcrumb\",\"itemListElement\":[{\"@type\":\"ListItem\",\"position\":1,\"name\":\"Startseite\",\"item\":\"https:\\\/\\\/alice.ch\\\/de\\\/\"},{\"@type\":\"ListItem\",\"position\":2,\"name\":\"Die neue Pr\u00fcfung auf dem Pr\u00fcfstand\"}]},{\"@type\":\"WebSite\",\"@id\":\"https:\\\/\\\/alice.ch\\\/de\\\/#website\",\"url\":\"https:\\\/\\\/alice.ch\\\/de\\\/\",\"name\":\"alice.ch (Adult Learning Information Center) ist das Portal der Weiterbildung in der Schweiz.\",\"description\":\"Schweizerischer Verband f\u00fcr Weiterbildung\",\"publisher\":{\"@id\":\"https:\\\/\\\/alice.ch\\\/de\\\/#organization\"},\"potentialAction\":[{\"@type\":\"SearchAction\",\"target\":{\"@type\":\"EntryPoint\",\"urlTemplate\":\"https:\\\/\\\/alice.ch\\\/de\\\/?s={search_term_string}\"},\"query-input\":{\"@type\":\"PropertyValueSpecification\",\"valueRequired\":true,\"valueName\":\"search_term_string\"}}],\"inLanguage\":\"de\"},{\"@type\":\"Organization\",\"@id\":\"https:\\\/\\\/alice.ch\\\/de\\\/#organization\",\"name\":\"SVEB Schweizerischer Verband f\u00fcr Weiterbildung\",\"url\":\"https:\\\/\\\/alice.ch\\\/de\\\/\",\"logo\":{\"@type\":\"ImageObject\",\"inLanguage\":\"de\",\"@id\":\"https:\\\/\\\/alice.ch\\\/de\\\/#\\\/schema\\\/logo\\\/image\\\/\",\"url\":\"https:\\\/\\\/alice.ch\\\/app\\\/uploads\\\/2022\\\/07\\\/logo-sveb.png\",\"contentUrl\":\"https:\\\/\\\/alice.ch\\\/app\\\/uploads\\\/2022\\\/07\\\/logo-sveb.png\",\"width\":145,\"height\":64,\"caption\":\"SVEB Schweizerischer Verband f\u00fcr Weiterbildung\"},\"image\":{\"@id\":\"https:\\\/\\\/alice.ch\\\/de\\\/#\\\/schema\\\/logo\\\/image\\\/\"},\"sameAs\":[\"https:\\\/\\\/www.linkedin.com\\\/company\\\/schweizerischer-verband-fr-weiterbildung-sveb\\\/\"]}]}<\/script>\n<!-- \/ Yoast SEO plugin. -->","yoast_head_json":{"title":"Die neue Pr\u00fcfung auf dem Pr\u00fcfstand - SVEB","robots":{"index":"index","follow":"follow","max-snippet":"max-snippet:-1","max-image-preview":"max-image-preview:large","max-video-preview":"max-video-preview:-1"},"canonical":"https:\/\/alice.ch\/de\/news\/die-neue-pruefung-auf-dem-pruefstand\/","og_locale":"de_DE","og_type":"article","og_title":"Die neue Pr\u00fcfung auf dem Pr\u00fcfstand - SVEB","og_description":"Performanzdossier und Reflexionsgespr\u00e4ch; \u00fcber diese zwei Pr\u00fcfungsbestandteile k\u00f6nnen Kandidatinnen und Kandidaten ab diesem Herbst zum Abschluss eidg. Fachausweis Ausbilderin\/Ausbilder gelangen. [&hellip;]","og_url":"https:\/\/alice.ch\/de\/news\/die-neue-pruefung-auf-dem-pruefstand\/","og_site_name":"SVEB","article_modified_time":"2024-07-04T07:30:26+00:00","og_image":[{"width":1200,"height":627,"url":"https:\/\/alice.ch\/app\/uploads\/2024\/07\/20240625_111554-crop.png","type":"image\/png"}],"twitter_card":"summary_large_image","twitter_misc":{"Gesch\u00e4tzte Lesezeit":"3\u00a0Minuten"},"schema":{"@context":"https:\/\/schema.org","@graph":[{"@type":"WebPage","@id":"https:\/\/alice.ch\/de\/news\/die-neue-pruefung-auf-dem-pruefstand\/","url":"https:\/\/alice.ch\/de\/news\/die-neue-pruefung-auf-dem-pruefstand\/","name":"Die neue Pr\u00fcfung auf dem Pr\u00fcfstand - SVEB","isPartOf":{"@id":"https:\/\/alice.ch\/de\/#website"},"primaryImageOfPage":{"@id":"https:\/\/alice.ch\/de\/news\/die-neue-pruefung-auf-dem-pruefstand\/#primaryimage"},"image":{"@id":"https:\/\/alice.ch\/de\/news\/die-neue-pruefung-auf-dem-pruefstand\/#primaryimage"},"thumbnailUrl":"https:\/\/alice.ch\/app\/uploads\/2024\/07\/20240625_111554-crop.png","datePublished":"2024-07-04T07:30:24+00:00","dateModified":"2024-07-04T07:30:26+00:00","breadcrumb":{"@id":"https:\/\/alice.ch\/de\/news\/die-neue-pruefung-auf-dem-pruefstand\/#breadcrumb"},"inLanguage":"de","potentialAction":[{"@type":"ReadAction","target":["https:\/\/alice.ch\/de\/news\/die-neue-pruefung-auf-dem-pruefstand\/"]}]},{"@type":"ImageObject","inLanguage":"de","@id":"https:\/\/alice.ch\/de\/news\/die-neue-pruefung-auf-dem-pruefstand\/#primaryimage","url":"https:\/\/alice.ch\/app\/uploads\/2024\/07\/20240625_111554-crop.png","contentUrl":"https:\/\/alice.ch\/app\/uploads\/2024\/07\/20240625_111554-crop.png","width":1200,"height":627,"caption":"Eine Test-Kandidatin w\u00e4hrend ihrer Pr\u00e4sentation"},{"@type":"BreadcrumbList","@id":"https:\/\/alice.ch\/de\/news\/die-neue-pruefung-auf-dem-pruefstand\/#breadcrumb","itemListElement":[{"@type":"ListItem","position":1,"name":"Startseite","item":"https:\/\/alice.ch\/de\/"},{"@type":"ListItem","position":2,"name":"Die neue Pr\u00fcfung auf dem Pr\u00fcfstand"}]},{"@type":"WebSite","@id":"https:\/\/alice.ch\/de\/#website","url":"https:\/\/alice.ch\/de\/","name":"alice.ch (Adult Learning Information Center) ist das Portal der Weiterbildung in der Schweiz.","description":"Schweizerischer Verband f\u00fcr Weiterbildung","publisher":{"@id":"https:\/\/alice.ch\/de\/#organization"},"potentialAction":[{"@type":"SearchAction","target":{"@type":"EntryPoint","urlTemplate":"https:\/\/alice.ch\/de\/?s={search_term_string}"},"query-input":{"@type":"PropertyValueSpecification","valueRequired":true,"valueName":"search_term_string"}}],"inLanguage":"de"},{"@type":"Organization","@id":"https:\/\/alice.ch\/de\/#organization","name":"SVEB Schweizerischer Verband f\u00fcr Weiterbildung","url":"https:\/\/alice.ch\/de\/","logo":{"@type":"ImageObject","inLanguage":"de","@id":"https:\/\/alice.ch\/de\/#\/schema\/logo\/image\/","url":"https:\/\/alice.ch\/app\/uploads\/2022\/07\/logo-sveb.png","contentUrl":"https:\/\/alice.ch\/app\/uploads\/2022\/07\/logo-sveb.png","width":145,"height":64,"caption":"SVEB Schweizerischer Verband f\u00fcr Weiterbildung"},"image":{"@id":"https:\/\/alice.ch\/de\/#\/schema\/logo\/image\/"},"sameAs":["https:\/\/www.linkedin.com\/company\/schweizerischer-verband-fr-weiterbildung-sveb\/"]}]}},"_links":{"self":[{"href":"https:\/\/alice.ch\/de\/wp-json\/wp\/v2\/news\/60845","targetHints":{"allow":["GET"]}}],"collection":[{"href":"https:\/\/alice.ch\/de\/wp-json\/wp\/v2\/news"}],"about":[{"href":"https:\/\/alice.ch\/de\/wp-json\/wp\/v2\/types\/news"}],"author":[{"embeddable":true,"href":"https:\/\/alice.ch\/de\/wp-json\/wp\/v2\/users\/27"}],"version-history":[{"count":3,"href":"https:\/\/alice.ch\/de\/wp-json\/wp\/v2\/news\/60845\/revisions"}],"predecessor-version":[{"id":60852,"href":"https:\/\/alice.ch\/de\/wp-json\/wp\/v2\/news\/60845\/revisions\/60852"}],"wp:featuredmedia":[{"embeddable":true,"href":"https:\/\/alice.ch\/de\/wp-json\/wp\/v2\/media\/60846"}],"wp:attachment":[{"href":"https:\/\/alice.ch\/de\/wp-json\/wp\/v2\/media?parent=60845"}],"wp:term":[{"taxonomy":"news-category","embeddable":true,"href":"https:\/\/alice.ch\/de\/wp-json\/wp\/v2\/news-category?post=60845"},{"taxonomy":"global-category","embeddable":true,"href":"https:\/\/alice.ch\/de\/wp-json\/wp\/v2\/global-category?post=60845"}],"curies":[{"name":"wp","href":"https:\/\/api.w.org\/{rel}","templated":true}]}}