{"id":61612,"date":"2024-08-26T09:14:05","date_gmt":"2024-08-26T07:14:05","guid":{"rendered":"https:\/\/alice.ch\/?post_type=news&#038;p=61612"},"modified":"2024-08-26T09:17:04","modified_gmt":"2024-08-26T07:17:04","slug":"wegen-mangels-dringend-gesucht-sprachkursleitende-im-integrationsbereich","status":"publish","type":"news","link":"https:\/\/alice.ch\/de\/news\/wegen-mangels-dringend-gesucht-sprachkursleitende-im-integrationsbereich\/","title":{"rendered":"Wegen Mangels dringend gesucht: Sprachkursleitende im Integrationsbereich"},"content":{"rendered":"\n<p class=\"is-style-lead\">Es herrscht Fachkr\u00e4ftemangel in der Integrationsf\u00f6rderung: Weil Kursleitende fehlen, k\u00f6nnen viele Migrantinnen und Migranten keinen Deutschunterricht besuchen. Eine Gruppe bestehend aus Sprachkursanbietern, Hochschulen und dem Schweizerischen Verband f\u00fcr Weiterbildung m\u00f6chte dies \u00e4ndern.<\/p>\n\n\n\n<p>Derzeit fehlen in der Integrationsf\u00f6rderung \u00fcber 100 Kursleiterinnen und Kursleiter in den Bereichen Sprache und Alphabetisierung. Aufgrund dieses Fachkr\u00e4ftemangels k\u00f6nnen viele Kursangebote nicht durchgef\u00fchrt werden. Anbieter und Kantone haben zum Teil lange Wartelisten; viele Migrantinnen und Migranten, die gerne Sprachunterricht besuchen w\u00fcrden, k\u00f6nnen dies aktuell nicht tun.<\/p>\n\n\n\n<p>Daf\u00fcr gibt es mehrere Gr\u00fcnde. So ist einerseits die Nachfrage nach Sprachkursleitenden f\u00fcr Deutsch (DaF\/DaZ) gestiegen, insbesondere aufgrund des Programms S, welches Unterst\u00fctzungsmassnahmen f\u00fcr Personen mit Schutzstatus S gew\u00e4hrleistet. Andererseits haben w\u00e4hrend der Corona-Pandemie viele \u00e4ltere Kursleitende das Metier verlassen und sind nicht zur\u00fcckgekehrt.<\/p>\n\n\n\n<h2 class=\"wp-block-heading\">Potenzielle Kursleitende ansprechen<\/h2>\n\n\n\n<p>Eine Projektgruppe bestehend aus Weiterbildungsanbietern, Hochschulen und dem Schweizer Verband f\u00fcr Weiterbildung SVEB hat sich entschieden, dem entgegenzuwirken. Sie hat die Website deutschunterrichten.ch lanciert, um potenzielle Kursleiterinnen und Kursleiter anzusprechen und Interessierte \u00fcber M\u00f6glichkeiten zur Aus- und Weiterbildung zu informieren. Offene Stellen sind auf dem Portal kommuniziert und die Vorz\u00fcge der T\u00e4tigkeit beschrieben. Das Projekt wird vom Staatssekretariat f\u00fcr Migration SEM sowie von mehreren Kantonen unterst\u00fctzt.<\/p>\n\n\n\n<p>\u00abWir wollen alle wichtigen Fragen beantworten, welche Personen haben, die als Sprachkursleitende arbeiten m\u00f6chten\u00bb, sagt Vanessa Cacho, Projektkoordinatorin beim SVEB. \u00abWas beinhaltet die T\u00e4tigkeit als Sprachkursleiterin im Integrationsbereich? Welche Aus- oder Weiterbildung ist dazu n\u00f6tig? Und wo gibt es offene Stellen?\u00bb Aber auch Vielseitigkeit und Sinnhaftigkeit des Jobs sollen aufgezeigt werden.<\/p>\n\n\n\n<h2 class=\"wp-block-heading\">F\u00fcr Personen mit und ohne Erfahrung<\/h2>\n\n\n\n<p>Die Website richtet sich einerseits an Quereinsteigerinnen und Quereinsteiger, die bereits Unterrichtserfahrung haben, aber noch nicht im Sprachunterricht f\u00fcr Erwachsene t\u00e4tig sind \u2013 also etwa Primarlehrpersonen oder Kursleitende mit SVEB-Zertifikat oder Fachausweis. Andererseits sollen mit dem Aufzeigen von Ausbildungsm\u00f6glichkeiten auch Neueinsteigende ohne Unterrichtserfahrung angesprochen werden. Ebenfalls beschrieben sind weiterf\u00fchrende Ausbildungen auf Hochschulniveau.<\/p>\n\n\n\n<p>\u00dcber die <a href=\"http:\/\/www.deutschunterrichten.ch\">Website<\/a> k\u00f6nnen sich diese direkt mit den Anbietern in Verbindung setzen, Fragen stellen oder sich Testimonials ansehen. So sollen Interessierte mehr \u00fcber diesen sinnstiftenden, sozialen und bereichernden Job erfahren.<\/p>\n\n\n\n<h2 class=\"wp-block-heading\">\u00abErweitert den Horizont\u00bb \u2013 Aussagen von Sprachkursleitenden<\/h2>\n\n\n\n<p>Aktuelle Sprachkursleiterinnen und Sprachkursleiter erl\u00e4utern auf deutschunterrichten.ch, wie sie menschlich und fachlich in ihrem Beruf profitieren:<\/p>\n\n\n\n<p>Bettina Merlo: \u00abMein Highlight ist jedes Mal, in den Unterricht zu kommen und diese gl\u00fccklichen Gesichter zu sehen, die mich anstrahlen. Und wenn sie nach dem Unterricht zufrieden nach Hause gehen, gehe auch ich mit frohem Herzen.\u00bb<\/p>\n\n\n\n<p>Louis Piunti: \u00abEs macht mich gl\u00fccklich, dass ich durch meinen Unterricht dazu beitragen kann, das Selbstvertrauen meiner Teilnehmenden zu st\u00e4rken.\u00bb<\/p>\n\n\n\n<p>Tanja Russell: \u00ab\u2039Ich werde Sie ein Leben lang nicht vergessen \u203a, sagte mir eine junge Ukrainerin vor einem Jahr nach Kursende. Das sind die Momente, die den Beruf so bereichernd machen \u2013 und einer der Gr\u00fcnde, wieso er so viel Freude macht. Es gibt auch herausfordernde Situationen, fachlich wie menschlich, aber man lernt jeden Tag dazu. Das erweitert den Horizont enorm.\u00bb<\/p>\n\n\n\n<h2 class=\"wp-block-heading\">Weitere Informationen<\/h2>\n\n\n\n<div class=\"wp-block-buttons is-layout-flex wp-block-buttons-is-layout-flex\">\n<div class=\"wp-block-button has-custom-width wp-block-button__width-100 is-style-minimal\"><a class=\"wp-block-button__link wp-element-button\" href=\"http:\/\/www.deutschunterrichten.ch\">Website deutschunterrichten.ch<\/a><\/div>\n\n\n\n<div class=\"wp-block-button has-custom-width wp-block-button__width-100 is-style-minimal\"><a class=\"wp-block-button__link wp-element-button\" href=\"https:\/\/us13.campaign-archive.com\/?u=819194c12a777453fe8624b52&amp;id=4d22c03d63\" target=\"_blank\" rel=\"noreferrer noopener\">Medienmitteilung<\/a><\/div>\n<\/div>\n","protected":false},"excerpt":{"rendered":"<p>Es herrscht Fachkr\u00e4ftemangel in der Integrationsf\u00f6rderung: Weil Kursleitende fehlen, k\u00f6nnen viele Migrantinnen und Migranten keinen Deutschunterricht besuchen. Eine Gruppe bestehend [&hellip;]<\/p>\n","protected":false},"author":27,"featured_media":61613,"template":"","meta":{"_acf_changed":false,"inline_featured_image":false,"footnotes":""},"news-category":[31],"global-category":[],"class_list":["post-61612","news","type-news","status-publish","has-post-thumbnail","hentry","news-category-branche"],"acf":[],"yoast_head":"<!-- This site is optimized with the Yoast SEO plugin v27.3 - https:\/\/yoast.com\/product\/yoast-seo-wordpress\/ -->\n<title>Wegen Mangels dringend gesucht: Sprachkursleitende im Integrationsbereich - SVEB<\/title>\n<meta name=\"robots\" content=\"index, follow, max-snippet:-1, max-image-preview:large, max-video-preview:-1\" \/>\n<link rel=\"canonical\" href=\"https:\/\/alice.ch\/de\/news\/wegen-mangels-dringend-gesucht-sprachkursleitende-im-integrationsbereich\/\" \/>\n<meta property=\"og:locale\" content=\"de_DE\" \/>\n<meta property=\"og:type\" content=\"article\" \/>\n<meta property=\"og:title\" content=\"Wegen Mangels dringend gesucht: Sprachkursleitende im Integrationsbereich - SVEB\" \/>\n<meta property=\"og:description\" content=\"Es herrscht Fachkr\u00e4ftemangel in der Integrationsf\u00f6rderung: Weil Kursleitende fehlen, k\u00f6nnen viele Migrantinnen und Migranten keinen Deutschunterricht besuchen. Eine Gruppe bestehend [&hellip;]\" \/>\n<meta property=\"og:url\" content=\"https:\/\/alice.ch\/de\/news\/wegen-mangels-dringend-gesucht-sprachkursleitende-im-integrationsbereich\/\" \/>\n<meta property=\"og:site_name\" content=\"SVEB\" \/>\n<meta property=\"article:modified_time\" content=\"2024-08-26T07:17:04+00:00\" \/>\n<meta property=\"og:image\" content=\"https:\/\/alice.ch\/app\/uploads\/2024\/08\/PUP_6300-crop.png\" \/>\n\t<meta property=\"og:image:width\" content=\"1200\" \/>\n\t<meta property=\"og:image:height\" content=\"627\" \/>\n\t<meta property=\"og:image:type\" content=\"image\/png\" \/>\n<meta name=\"twitter:card\" content=\"summary_large_image\" \/>\n<meta name=\"twitter:label1\" content=\"Gesch\u00e4tzte Lesezeit\" \/>\n\t<meta name=\"twitter:data1\" content=\"3\u00a0Minuten\" \/>\n<script type=\"application\/ld+json\" class=\"yoast-schema-graph\">{\"@context\":\"https:\\\/\\\/schema.org\",\"@graph\":[{\"@type\":\"WebPage\",\"@id\":\"https:\\\/\\\/alice.ch\\\/de\\\/news\\\/wegen-mangels-dringend-gesucht-sprachkursleitende-im-integrationsbereich\\\/\",\"url\":\"https:\\\/\\\/alice.ch\\\/de\\\/news\\\/wegen-mangels-dringend-gesucht-sprachkursleitende-im-integrationsbereich\\\/\",\"name\":\"Wegen Mangels dringend gesucht: Sprachkursleitende im Integrationsbereich - SVEB\",\"isPartOf\":{\"@id\":\"https:\\\/\\\/alice.ch\\\/de\\\/#website\"},\"primaryImageOfPage\":{\"@id\":\"https:\\\/\\\/alice.ch\\\/de\\\/news\\\/wegen-mangels-dringend-gesucht-sprachkursleitende-im-integrationsbereich\\\/#primaryimage\"},\"image\":{\"@id\":\"https:\\\/\\\/alice.ch\\\/de\\\/news\\\/wegen-mangels-dringend-gesucht-sprachkursleitende-im-integrationsbereich\\\/#primaryimage\"},\"thumbnailUrl\":\"https:\\\/\\\/alice.ch\\\/app\\\/uploads\\\/2024\\\/08\\\/PUP_6300-crop.png\",\"datePublished\":\"2024-08-26T07:14:05+00:00\",\"dateModified\":\"2024-08-26T07:17:04+00:00\",\"breadcrumb\":{\"@id\":\"https:\\\/\\\/alice.ch\\\/de\\\/news\\\/wegen-mangels-dringend-gesucht-sprachkursleitende-im-integrationsbereich\\\/#breadcrumb\"},\"inLanguage\":\"de\",\"potentialAction\":[{\"@type\":\"ReadAction\",\"target\":[\"https:\\\/\\\/alice.ch\\\/de\\\/news\\\/wegen-mangels-dringend-gesucht-sprachkursleitende-im-integrationsbereich\\\/\"]}]},{\"@type\":\"ImageObject\",\"inLanguage\":\"de\",\"@id\":\"https:\\\/\\\/alice.ch\\\/de\\\/news\\\/wegen-mangels-dringend-gesucht-sprachkursleitende-im-integrationsbereich\\\/#primaryimage\",\"url\":\"https:\\\/\\\/alice.ch\\\/app\\\/uploads\\\/2024\\\/08\\\/PUP_6300-crop.png\",\"contentUrl\":\"https:\\\/\\\/alice.ch\\\/app\\\/uploads\\\/2024\\\/08\\\/PUP_6300-crop.png\",\"width\":1200,\"height\":627},{\"@type\":\"BreadcrumbList\",\"@id\":\"https:\\\/\\\/alice.ch\\\/de\\\/news\\\/wegen-mangels-dringend-gesucht-sprachkursleitende-im-integrationsbereich\\\/#breadcrumb\",\"itemListElement\":[{\"@type\":\"ListItem\",\"position\":1,\"name\":\"Startseite\",\"item\":\"https:\\\/\\\/alice.ch\\\/de\\\/\"},{\"@type\":\"ListItem\",\"position\":2,\"name\":\"Wegen Mangels dringend gesucht: Sprachkursleitende im Integrationsbereich\"}]},{\"@type\":\"WebSite\",\"@id\":\"https:\\\/\\\/alice.ch\\\/de\\\/#website\",\"url\":\"https:\\\/\\\/alice.ch\\\/de\\\/\",\"name\":\"alice.ch (Adult Learning Information Center) ist das Portal der Weiterbildung in der Schweiz.\",\"description\":\"Schweizerischer Verband f\u00fcr Weiterbildung\",\"publisher\":{\"@id\":\"https:\\\/\\\/alice.ch\\\/de\\\/#organization\"},\"potentialAction\":[{\"@type\":\"SearchAction\",\"target\":{\"@type\":\"EntryPoint\",\"urlTemplate\":\"https:\\\/\\\/alice.ch\\\/de\\\/?s={search_term_string}\"},\"query-input\":{\"@type\":\"PropertyValueSpecification\",\"valueRequired\":true,\"valueName\":\"search_term_string\"}}],\"inLanguage\":\"de\"},{\"@type\":\"Organization\",\"@id\":\"https:\\\/\\\/alice.ch\\\/de\\\/#organization\",\"name\":\"SVEB Schweizerischer Verband f\u00fcr Weiterbildung\",\"url\":\"https:\\\/\\\/alice.ch\\\/de\\\/\",\"logo\":{\"@type\":\"ImageObject\",\"inLanguage\":\"de\",\"@id\":\"https:\\\/\\\/alice.ch\\\/de\\\/#\\\/schema\\\/logo\\\/image\\\/\",\"url\":\"https:\\\/\\\/alice.ch\\\/app\\\/uploads\\\/2022\\\/07\\\/logo-sveb.png\",\"contentUrl\":\"https:\\\/\\\/alice.ch\\\/app\\\/uploads\\\/2022\\\/07\\\/logo-sveb.png\",\"width\":145,\"height\":64,\"caption\":\"SVEB Schweizerischer Verband f\u00fcr Weiterbildung\"},\"image\":{\"@id\":\"https:\\\/\\\/alice.ch\\\/de\\\/#\\\/schema\\\/logo\\\/image\\\/\"},\"sameAs\":[\"https:\\\/\\\/www.linkedin.com\\\/company\\\/schweizerischer-verband-fr-weiterbildung-sveb\\\/\"]}]}<\/script>\n<!-- \/ Yoast SEO plugin. -->","yoast_head_json":{"title":"Wegen Mangels dringend gesucht: Sprachkursleitende im Integrationsbereich - SVEB","robots":{"index":"index","follow":"follow","max-snippet":"max-snippet:-1","max-image-preview":"max-image-preview:large","max-video-preview":"max-video-preview:-1"},"canonical":"https:\/\/alice.ch\/de\/news\/wegen-mangels-dringend-gesucht-sprachkursleitende-im-integrationsbereich\/","og_locale":"de_DE","og_type":"article","og_title":"Wegen Mangels dringend gesucht: Sprachkursleitende im Integrationsbereich - SVEB","og_description":"Es herrscht Fachkr\u00e4ftemangel in der Integrationsf\u00f6rderung: Weil Kursleitende fehlen, k\u00f6nnen viele Migrantinnen und Migranten keinen Deutschunterricht besuchen. Eine Gruppe bestehend [&hellip;]","og_url":"https:\/\/alice.ch\/de\/news\/wegen-mangels-dringend-gesucht-sprachkursleitende-im-integrationsbereich\/","og_site_name":"SVEB","article_modified_time":"2024-08-26T07:17:04+00:00","og_image":[{"width":1200,"height":627,"url":"https:\/\/alice.ch\/app\/uploads\/2024\/08\/PUP_6300-crop.png","type":"image\/png"}],"twitter_card":"summary_large_image","twitter_misc":{"Gesch\u00e4tzte Lesezeit":"3\u00a0Minuten"},"schema":{"@context":"https:\/\/schema.org","@graph":[{"@type":"WebPage","@id":"https:\/\/alice.ch\/de\/news\/wegen-mangels-dringend-gesucht-sprachkursleitende-im-integrationsbereich\/","url":"https:\/\/alice.ch\/de\/news\/wegen-mangels-dringend-gesucht-sprachkursleitende-im-integrationsbereich\/","name":"Wegen Mangels dringend gesucht: Sprachkursleitende im Integrationsbereich - SVEB","isPartOf":{"@id":"https:\/\/alice.ch\/de\/#website"},"primaryImageOfPage":{"@id":"https:\/\/alice.ch\/de\/news\/wegen-mangels-dringend-gesucht-sprachkursleitende-im-integrationsbereich\/#primaryimage"},"image":{"@id":"https:\/\/alice.ch\/de\/news\/wegen-mangels-dringend-gesucht-sprachkursleitende-im-integrationsbereich\/#primaryimage"},"thumbnailUrl":"https:\/\/alice.ch\/app\/uploads\/2024\/08\/PUP_6300-crop.png","datePublished":"2024-08-26T07:14:05+00:00","dateModified":"2024-08-26T07:17:04+00:00","breadcrumb":{"@id":"https:\/\/alice.ch\/de\/news\/wegen-mangels-dringend-gesucht-sprachkursleitende-im-integrationsbereich\/#breadcrumb"},"inLanguage":"de","potentialAction":[{"@type":"ReadAction","target":["https:\/\/alice.ch\/de\/news\/wegen-mangels-dringend-gesucht-sprachkursleitende-im-integrationsbereich\/"]}]},{"@type":"ImageObject","inLanguage":"de","@id":"https:\/\/alice.ch\/de\/news\/wegen-mangels-dringend-gesucht-sprachkursleitende-im-integrationsbereich\/#primaryimage","url":"https:\/\/alice.ch\/app\/uploads\/2024\/08\/PUP_6300-crop.png","contentUrl":"https:\/\/alice.ch\/app\/uploads\/2024\/08\/PUP_6300-crop.png","width":1200,"height":627},{"@type":"BreadcrumbList","@id":"https:\/\/alice.ch\/de\/news\/wegen-mangels-dringend-gesucht-sprachkursleitende-im-integrationsbereich\/#breadcrumb","itemListElement":[{"@type":"ListItem","position":1,"name":"Startseite","item":"https:\/\/alice.ch\/de\/"},{"@type":"ListItem","position":2,"name":"Wegen Mangels dringend gesucht: Sprachkursleitende im Integrationsbereich"}]},{"@type":"WebSite","@id":"https:\/\/alice.ch\/de\/#website","url":"https:\/\/alice.ch\/de\/","name":"alice.ch (Adult Learning Information Center) ist das Portal der Weiterbildung in der Schweiz.","description":"Schweizerischer Verband f\u00fcr Weiterbildung","publisher":{"@id":"https:\/\/alice.ch\/de\/#organization"},"potentialAction":[{"@type":"SearchAction","target":{"@type":"EntryPoint","urlTemplate":"https:\/\/alice.ch\/de\/?s={search_term_string}"},"query-input":{"@type":"PropertyValueSpecification","valueRequired":true,"valueName":"search_term_string"}}],"inLanguage":"de"},{"@type":"Organization","@id":"https:\/\/alice.ch\/de\/#organization","name":"SVEB Schweizerischer Verband f\u00fcr Weiterbildung","url":"https:\/\/alice.ch\/de\/","logo":{"@type":"ImageObject","inLanguage":"de","@id":"https:\/\/alice.ch\/de\/#\/schema\/logo\/image\/","url":"https:\/\/alice.ch\/app\/uploads\/2022\/07\/logo-sveb.png","contentUrl":"https:\/\/alice.ch\/app\/uploads\/2022\/07\/logo-sveb.png","width":145,"height":64,"caption":"SVEB Schweizerischer Verband f\u00fcr Weiterbildung"},"image":{"@id":"https:\/\/alice.ch\/de\/#\/schema\/logo\/image\/"},"sameAs":["https:\/\/www.linkedin.com\/company\/schweizerischer-verband-fr-weiterbildung-sveb\/"]}]}},"_links":{"self":[{"href":"https:\/\/alice.ch\/de\/wp-json\/wp\/v2\/news\/61612","targetHints":{"allow":["GET"]}}],"collection":[{"href":"https:\/\/alice.ch\/de\/wp-json\/wp\/v2\/news"}],"about":[{"href":"https:\/\/alice.ch\/de\/wp-json\/wp\/v2\/types\/news"}],"author":[{"embeddable":true,"href":"https:\/\/alice.ch\/de\/wp-json\/wp\/v2\/users\/27"}],"version-history":[{"count":4,"href":"https:\/\/alice.ch\/de\/wp-json\/wp\/v2\/news\/61612\/revisions"}],"predecessor-version":[{"id":61703,"href":"https:\/\/alice.ch\/de\/wp-json\/wp\/v2\/news\/61612\/revisions\/61703"}],"wp:featuredmedia":[{"embeddable":true,"href":"https:\/\/alice.ch\/de\/wp-json\/wp\/v2\/media\/61613"}],"wp:attachment":[{"href":"https:\/\/alice.ch\/de\/wp-json\/wp\/v2\/media?parent=61612"}],"wp:term":[{"taxonomy":"news-category","embeddable":true,"href":"https:\/\/alice.ch\/de\/wp-json\/wp\/v2\/news-category?post=61612"},{"taxonomy":"global-category","embeddable":true,"href":"https:\/\/alice.ch\/de\/wp-json\/wp\/v2\/global-category?post=61612"}],"curies":[{"name":"wp","href":"https:\/\/api.w.org\/{rel}","templated":true}]}}