{"id":6253,"date":"2021-06-30T10:41:00","date_gmt":"2021-06-30T08:41:00","guid":{"rendered":"https:\/\/projects.atxeit.ch\/sveb\/?post_type=news&#038;p=6253"},"modified":"2023-01-09T09:52:39","modified_gmt":"2023-01-09T08:52:39","slug":"neue-modulbeschreibungen-fuer-die-sveb-zertifikate-kursleiter-in-und-praxisausbilder-in","status":"publish","type":"news","link":"https:\/\/alice.ch\/de\/news\/neue-modulbeschreibungen-fuer-die-sveb-zertifikate-kursleiter-in-und-praxisausbilder-in\/","title":{"rendered":"Neue Modulbeschreibungen f\u00fcr die SVEB-Zertifikate Kursleiter\/in und Praxisausbilder\/in"},"content":{"rendered":"\n<p class=\"is-style-lead\">Die neuen Modulbeschreibungen f\u00fcr die beiden SVEB-Zertifikate in der Beta-Version stehen zur Verf\u00fcgung. Sowohl das SVEB-Zertifikat Kursleiter\/in wie auch das SVEB-Zertifikat Praxisausbilder\/in wurden aktualisiert und den Anforderungen der entsprechenden Berufsfelder angepasst.<\/p>\n\n\n\n<h2 class=\"wp-block-heading\">Was ist neu?<\/h2>\n\n\n\n<h3 class=\"wp-block-heading\">Kompetenzen und Kompetenznachweis<\/h3>\n\n\n\n<p>In den Modulbeschreibungen f\u00fcr beide Zertifikate wurden Kompetenzen aktualisiert und mit Kompetenzen zur Durchf\u00fchrung und Begleitung von Online-Lern-Settings erg\u00e4nzt. Dementsprechend kann der Kompetenznachweis jeweils in Pr\u00e4senz oder online abgelegt werden.<\/p>\n\n\n\n<p>Die didaktischen Kompetenzen sind in beiden Modulbeschreibungen weitgehend identisch. Da sie aber Personen aus klar unterscheidbaren T\u00e4tigkeitsprofilen ansprechen, zeigen sich die Kompetenzen in entsprechend anders angelegten Lernsituationen. F\u00fcr beide SVEB-Zertifikate liegt neu auch ein T\u00e4tigkeitsprofil vor, das die unterschiedliche Ausrichtung aufzeigt.<\/p>\n\n\n\n<p>Die beiden SVEB-Zertifikate sind im AdA-Baukasten gleichwertig. Auch mit dem SVEB-Zertifikat Praxisausbilder\/in ist neu der direkte \u00dcbergang zu den Modulen der Stufe II zum eidg. Fachausweis Ausbilder\/in m\u00f6glich.<\/p>\n\n\n\n<h3 class=\"wp-block-heading\">Lernzeiten-Modell<\/h3>\n\n\n\n<p>Die AdA-Module sind dem didaktischen Doppeldecker verpflichtet. Die Auswirkungen der zunehmenden Digitalisierung zeigen sich auch in den Lernzeiten. Wir sprechen neu von Kontakt-Lernzeit, welche zu einem Drittel in Pr\u00e4senz und zu einem Drittel online umgesetzt werden muss. In welcher Form das dritte Drittel umgesetzt wird, entscheidet die Institution. Die Wahl des Settings muss im Anerkennungsverfahren begr\u00fcndet werden. Ziel ist, jedes Modul in einem \u00fcberzeugenden Blended Setting umzusetzen.<\/p>\n\n\n\n<h3 class=\"wp-block-heading\">Spezifische Neuerungen SVEB-Zertifikat Kursleiter\/in<\/h3>\n\n\n\n<p>Insgesamt ist das neue SVEB-Zertifikat Kursleiter\/in gleich wie das aktuelle, mit Ausnahme der oben beschriebenen Erg\u00e4nzungen bei den Kompetenzen. In der Umsetzung gibt es f\u00fcr die Anbieter mehr Flexibilit\u00e4t. Zus\u00e4tzlich zur oben beschriebenen Flexibilit\u00e4t in Bezug auf Pr\u00e4senz und Online-Formen darf ein Anbieter das Modul in maximal drei selbst definierte Teile unterteilen. Das Modul muss als Ganzes mit einem entsprechenden Konzept akkreditiert werden. Die Teilnehmenden m\u00fcssen das ganze Modul beim gleichen Anbieter besuchen. Aber sie k\u00f6nnen dies neu in maximal drei unterschiedlichen Kursgruppen innerhalb von maximal drei Jahren tun. Das Prinzip \u00abEinheit der Gruppe\u00bb wird beim Modul zum SVEB-Zertifikat Kursleiter\/in durch das Prinzip \u00abEinheit des Moduls\u00bb ersetzt.<\/p>\n\n\n\n<h3 class=\"wp-block-heading\">Spezifische Neuerungen SVEB-Zertifikat Praxisausbilder\/in<\/h3>\n\n\n\n<p>Das neue SVEB-Zertifikat Praxisausbilder\/in fokussiert wie bis anhin auf die Durchf\u00fchrung von Ausbildungssequenzen und die individuelle Lernbegleitung bei Einzelpersonen. Wichtige Gespr\u00e4chsformen wie die Standortbestimmung oder das Beurteilungsgespr\u00e4ch k\u00f6nnen weiterhin im Modul bearbeitet werden. Die Kompetenzen im Bereich Gespr\u00e4chsf\u00fchrung hingegen werden nun prim\u00e4r in der Stufe II des AdA-Baukastens entwickelt.&nbsp;<\/p>\n\n\n\n<p>Ein Anbieter kann den Teil \u00abAusbildung in der beruflichen Praxis\u00bb als separaten Teil konzipieren und den Teil \u00abPraxisbegleitungen mit Erwachsenen durchf\u00fchren und individuelle Lernprozesse unterst\u00fctzen\u00bb in zwei, vom Anbieter definierte Teile unterteilen. Diese beiden Teile m\u00fcssen vollst\u00e4ndig beim gleichen Anbieter, k\u00f6nnen aber in zwei verschiedenen Gruppen besucht werden. Der Abschluss f\u00fcr Berufsbildende in Lehrbetrieben (<a href=\"https:\/\/www.fedlex.admin.ch\/eli\/cc\/2003\/748\/de\" target=\"_blank\" rel=\"noreferrer noopener\">BBV 44<\/a>) wird weiterhin als Teil \u00abAusbildung in der beruflichen Praxis\u00bb angerechnet. Die beschriebene Flexibilit\u00e4t in Bezug auf Pr\u00e4senz und Online-Formen gilt f\u00fcr das Modul als Ganzes, die Zuschreibung auf einzelne Teile kann der Anbieter definieren. Das Modul muss als Ganzes mit einem entsprechenden Konzept akkreditiert werden.<\/p>\n\n\n\n<p>Wie bereits erw\u00e4hnt, erm\u00f6glicht das neue Zertifikat Praxisausbilder\/in den direkten Einstieg in die Fachausweis-Module. Wer dennoch das SVEB-Zertifikat Kursleiter\/in zus\u00e4tzlich erwerben m\u00f6chte, kann dies mit dem Besuch des Aufbaumoduls \u00abBegleitung\u00bb und dem Ablegen des Kompetenznachweises f\u00fcr das SVEB-Zertifikat Kursleiter\/in erreichen.<\/p>\n\n\n\n<h2 class=\"wp-block-heading\">\u00dcbergangsregelungen<\/h2>\n\n\n\n<h3 class=\"wp-block-heading\">Fachausweis 2015 zu Fachausweis 2023<\/h3>\n\n\n\n<p>Es ist der Tr\u00e4gerschaft ein grosses Anliegen, dass Kandidatinnen und Kandidaten entweder noch nach dem alten System abschliessen k\u00f6nnen oder die bereits erbrachten Bildungsleistungen im neuen System anrechnen k\u00f6nnen. Das Dokument \u00ab<a href=\"https:\/\/alice.ch\/fileadmin\/Dokumente\/AdA\/Modulanerkennung\/Weiterentwicklung_und_Revision\/U__bergangsregelungen-25.01.2022_website.pdf\" target=\"_blank\" rel=\"noreferrer noopener\">\u00dcbergangsregelungen<\/a>\u00bb gibt einen \u00dcberblick \u00fcber die h\u00e4ufigsten F\u00e4lle und zeigt auf, wie die Teilnehmenden zum eidg. Fachausweis Ausbilder\/in beraten werden k\u00f6nnen. Beim Fachausweis 2023 werden neu 40 Lernstunden f\u00fcr die Berufspr\u00fcfung eingesetzt. Diese Zeit ist in der Tabelle im Dokument jeweils separat aufgef\u00fchrt.<\/p>\n\n\n\n<div class=\"wp-block-buttons is-layout-flex wp-block-buttons-is-layout-flex\">\n<div class=\"wp-block-button is-style-minimal\"><a class=\"wp-block-button__link wp-element-button\" href=\"https:\/\/alice.ch\/de\/ausbilden-als-beruf\/ada-baukastensystem\/weiterentwicklung-und-revision\/\">Modulbeschreibungen und T\u00e4tigkeitsprofile<\/a><\/div>\n<\/div>\n\n\n\n<div class=\"wp-block-buttons is-layout-flex wp-block-buttons-is-layout-flex\">\n<div class=\"wp-block-button is-style-minimal\"><a class=\"wp-block-button__link wp-element-button\" href=\"https:\/\/alice.ch\/fileadmin\/Dokumente\/AdA\/Modulanerkennung\/Weiterentwicklung_und_Revision\/U__bergangsregelungen-25.01.2022_website.pdf\">\u00dcbergangsregelungen<\/a><\/div>\n<\/div>\n\n\n\n<p>Bild: SVEB<\/p>\n","protected":false},"excerpt":{"rendered":"<p>Die neuen Modulbeschreibungen f\u00fcr die beiden SVEB-Zertifikate in der Beta-Version stehen zur Verf\u00fcgung. Sowohl das SVEB-Zertifikat Kursleiter\/in wie auch das [&hellip;]<\/p>\n","protected":false},"author":10,"featured_media":41442,"template":"","meta":{"_acf_changed":false,"inline_featured_image":false,"footnotes":""},"news-category":[31],"global-category":[],"class_list":["post-6253","news","type-news","status-publish","has-post-thumbnail","hentry","news-category-branche"],"acf":[],"yoast_head":"<!-- This site is optimized with the Yoast SEO plugin v27.3 - https:\/\/yoast.com\/product\/yoast-seo-wordpress\/ -->\n<title>Neue Modulbeschreibungen f\u00fcr die SVEB-Zertifikate Kursleiter\/in und Praxisausbilder\/in - SVEB<\/title>\n<meta name=\"robots\" content=\"index, follow, max-snippet:-1, max-image-preview:large, max-video-preview:-1\" \/>\n<link rel=\"canonical\" href=\"https:\/\/alice.ch\/de\/news\/neue-modulbeschreibungen-fuer-die-sveb-zertifikate-kursleiter-in-und-praxisausbilder-in\/\" \/>\n<meta property=\"og:locale\" content=\"de_DE\" \/>\n<meta property=\"og:type\" content=\"article\" \/>\n<meta property=\"og:title\" content=\"Neue Modulbeschreibungen f\u00fcr die SVEB-Zertifikate Kursleiter\/in und Praxisausbilder\/in - SVEB\" \/>\n<meta property=\"og:description\" content=\"Die neuen Modulbeschreibungen f\u00fcr die beiden SVEB-Zertifikate in der Beta-Version stehen zur Verf\u00fcgung. Sowohl das SVEB-Zertifikat Kursleiter\/in wie auch das [&hellip;]\" \/>\n<meta property=\"og:url\" content=\"https:\/\/alice.ch\/de\/news\/neue-modulbeschreibungen-fuer-die-sveb-zertifikate-kursleiter-in-und-praxisausbilder-in\/\" \/>\n<meta property=\"og:site_name\" content=\"SVEB\" \/>\n<meta property=\"article:modified_time\" content=\"2023-01-09T08:52:39+00:00\" \/>\n<meta property=\"og:image\" content=\"https:\/\/alice.ch\/app\/uploads\/2023\/01\/300621.jpeg\" \/>\n\t<meta property=\"og:image:width\" content=\"1920\" \/>\n\t<meta property=\"og:image:height\" content=\"1004\" \/>\n\t<meta property=\"og:image:type\" content=\"image\/jpeg\" \/>\n<meta name=\"twitter:card\" content=\"summary_large_image\" \/>\n<meta name=\"twitter:label1\" content=\"Gesch\u00e4tzte Lesezeit\" \/>\n\t<meta name=\"twitter:data1\" content=\"4\u00a0Minuten\" \/>\n<script type=\"application\/ld+json\" class=\"yoast-schema-graph\">{\"@context\":\"https:\\\/\\\/schema.org\",\"@graph\":[{\"@type\":\"WebPage\",\"@id\":\"https:\\\/\\\/alice.ch\\\/de\\\/news\\\/neue-modulbeschreibungen-fuer-die-sveb-zertifikate-kursleiter-in-und-praxisausbilder-in\\\/\",\"url\":\"https:\\\/\\\/alice.ch\\\/de\\\/news\\\/neue-modulbeschreibungen-fuer-die-sveb-zertifikate-kursleiter-in-und-praxisausbilder-in\\\/\",\"name\":\"Neue Modulbeschreibungen f\u00fcr die SVEB-Zertifikate Kursleiter\\\/in und Praxisausbilder\\\/in - SVEB\",\"isPartOf\":{\"@id\":\"https:\\\/\\\/alice.ch\\\/de\\\/#website\"},\"primaryImageOfPage\":{\"@id\":\"https:\\\/\\\/alice.ch\\\/de\\\/news\\\/neue-modulbeschreibungen-fuer-die-sveb-zertifikate-kursleiter-in-und-praxisausbilder-in\\\/#primaryimage\"},\"image\":{\"@id\":\"https:\\\/\\\/alice.ch\\\/de\\\/news\\\/neue-modulbeschreibungen-fuer-die-sveb-zertifikate-kursleiter-in-und-praxisausbilder-in\\\/#primaryimage\"},\"thumbnailUrl\":\"https:\\\/\\\/alice.ch\\\/app\\\/uploads\\\/2023\\\/01\\\/300621.jpeg\",\"datePublished\":\"2021-06-30T08:41:00+00:00\",\"dateModified\":\"2023-01-09T08:52:39+00:00\",\"breadcrumb\":{\"@id\":\"https:\\\/\\\/alice.ch\\\/de\\\/news\\\/neue-modulbeschreibungen-fuer-die-sveb-zertifikate-kursleiter-in-und-praxisausbilder-in\\\/#breadcrumb\"},\"inLanguage\":\"de\",\"potentialAction\":[{\"@type\":\"ReadAction\",\"target\":[\"https:\\\/\\\/alice.ch\\\/de\\\/news\\\/neue-modulbeschreibungen-fuer-die-sveb-zertifikate-kursleiter-in-und-praxisausbilder-in\\\/\"]}]},{\"@type\":\"ImageObject\",\"inLanguage\":\"de\",\"@id\":\"https:\\\/\\\/alice.ch\\\/de\\\/news\\\/neue-modulbeschreibungen-fuer-die-sveb-zertifikate-kursleiter-in-und-praxisausbilder-in\\\/#primaryimage\",\"url\":\"https:\\\/\\\/alice.ch\\\/app\\\/uploads\\\/2023\\\/01\\\/300621.jpeg\",\"contentUrl\":\"https:\\\/\\\/alice.ch\\\/app\\\/uploads\\\/2023\\\/01\\\/300621.jpeg\",\"width\":1920,\"height\":1004},{\"@type\":\"BreadcrumbList\",\"@id\":\"https:\\\/\\\/alice.ch\\\/de\\\/news\\\/neue-modulbeschreibungen-fuer-die-sveb-zertifikate-kursleiter-in-und-praxisausbilder-in\\\/#breadcrumb\",\"itemListElement\":[{\"@type\":\"ListItem\",\"position\":1,\"name\":\"Startseite\",\"item\":\"https:\\\/\\\/alice.ch\\\/de\\\/\"},{\"@type\":\"ListItem\",\"position\":2,\"name\":\"Neue Modulbeschreibungen f\u00fcr die SVEB-Zertifikate Kursleiter\\\/in und Praxisausbilder\\\/in\"}]},{\"@type\":\"WebSite\",\"@id\":\"https:\\\/\\\/alice.ch\\\/de\\\/#website\",\"url\":\"https:\\\/\\\/alice.ch\\\/de\\\/\",\"name\":\"alice.ch (Adult Learning Information Center) ist das Portal der Weiterbildung in der Schweiz.\",\"description\":\"Schweizerischer Verband f\u00fcr Weiterbildung\",\"publisher\":{\"@id\":\"https:\\\/\\\/alice.ch\\\/de\\\/#organization\"},\"potentialAction\":[{\"@type\":\"SearchAction\",\"target\":{\"@type\":\"EntryPoint\",\"urlTemplate\":\"https:\\\/\\\/alice.ch\\\/de\\\/?s={search_term_string}\"},\"query-input\":{\"@type\":\"PropertyValueSpecification\",\"valueRequired\":true,\"valueName\":\"search_term_string\"}}],\"inLanguage\":\"de\"},{\"@type\":\"Organization\",\"@id\":\"https:\\\/\\\/alice.ch\\\/de\\\/#organization\",\"name\":\"SVEB Schweizerischer Verband f\u00fcr Weiterbildung\",\"url\":\"https:\\\/\\\/alice.ch\\\/de\\\/\",\"logo\":{\"@type\":\"ImageObject\",\"inLanguage\":\"de\",\"@id\":\"https:\\\/\\\/alice.ch\\\/de\\\/#\\\/schema\\\/logo\\\/image\\\/\",\"url\":\"https:\\\/\\\/alice.ch\\\/app\\\/uploads\\\/2022\\\/07\\\/logo-sveb.png\",\"contentUrl\":\"https:\\\/\\\/alice.ch\\\/app\\\/uploads\\\/2022\\\/07\\\/logo-sveb.png\",\"width\":145,\"height\":64,\"caption\":\"SVEB Schweizerischer Verband f\u00fcr Weiterbildung\"},\"image\":{\"@id\":\"https:\\\/\\\/alice.ch\\\/de\\\/#\\\/schema\\\/logo\\\/image\\\/\"},\"sameAs\":[\"https:\\\/\\\/www.linkedin.com\\\/company\\\/schweizerischer-verband-fr-weiterbildung-sveb\\\/\"]}]}<\/script>\n<!-- \/ Yoast SEO plugin. -->","yoast_head_json":{"title":"Neue Modulbeschreibungen f\u00fcr die SVEB-Zertifikate Kursleiter\/in und Praxisausbilder\/in - SVEB","robots":{"index":"index","follow":"follow","max-snippet":"max-snippet:-1","max-image-preview":"max-image-preview:large","max-video-preview":"max-video-preview:-1"},"canonical":"https:\/\/alice.ch\/de\/news\/neue-modulbeschreibungen-fuer-die-sveb-zertifikate-kursleiter-in-und-praxisausbilder-in\/","og_locale":"de_DE","og_type":"article","og_title":"Neue Modulbeschreibungen f\u00fcr die SVEB-Zertifikate Kursleiter\/in und Praxisausbilder\/in - SVEB","og_description":"Die neuen Modulbeschreibungen f\u00fcr die beiden SVEB-Zertifikate in der Beta-Version stehen zur Verf\u00fcgung. Sowohl das SVEB-Zertifikat Kursleiter\/in wie auch das [&hellip;]","og_url":"https:\/\/alice.ch\/de\/news\/neue-modulbeschreibungen-fuer-die-sveb-zertifikate-kursleiter-in-und-praxisausbilder-in\/","og_site_name":"SVEB","article_modified_time":"2023-01-09T08:52:39+00:00","og_image":[{"width":1920,"height":1004,"url":"https:\/\/alice.ch\/app\/uploads\/2023\/01\/300621.jpeg","type":"image\/jpeg"}],"twitter_card":"summary_large_image","twitter_misc":{"Gesch\u00e4tzte Lesezeit":"4\u00a0Minuten"},"schema":{"@context":"https:\/\/schema.org","@graph":[{"@type":"WebPage","@id":"https:\/\/alice.ch\/de\/news\/neue-modulbeschreibungen-fuer-die-sveb-zertifikate-kursleiter-in-und-praxisausbilder-in\/","url":"https:\/\/alice.ch\/de\/news\/neue-modulbeschreibungen-fuer-die-sveb-zertifikate-kursleiter-in-und-praxisausbilder-in\/","name":"Neue Modulbeschreibungen f\u00fcr die SVEB-Zertifikate Kursleiter\/in und Praxisausbilder\/in - SVEB","isPartOf":{"@id":"https:\/\/alice.ch\/de\/#website"},"primaryImageOfPage":{"@id":"https:\/\/alice.ch\/de\/news\/neue-modulbeschreibungen-fuer-die-sveb-zertifikate-kursleiter-in-und-praxisausbilder-in\/#primaryimage"},"image":{"@id":"https:\/\/alice.ch\/de\/news\/neue-modulbeschreibungen-fuer-die-sveb-zertifikate-kursleiter-in-und-praxisausbilder-in\/#primaryimage"},"thumbnailUrl":"https:\/\/alice.ch\/app\/uploads\/2023\/01\/300621.jpeg","datePublished":"2021-06-30T08:41:00+00:00","dateModified":"2023-01-09T08:52:39+00:00","breadcrumb":{"@id":"https:\/\/alice.ch\/de\/news\/neue-modulbeschreibungen-fuer-die-sveb-zertifikate-kursleiter-in-und-praxisausbilder-in\/#breadcrumb"},"inLanguage":"de","potentialAction":[{"@type":"ReadAction","target":["https:\/\/alice.ch\/de\/news\/neue-modulbeschreibungen-fuer-die-sveb-zertifikate-kursleiter-in-und-praxisausbilder-in\/"]}]},{"@type":"ImageObject","inLanguage":"de","@id":"https:\/\/alice.ch\/de\/news\/neue-modulbeschreibungen-fuer-die-sveb-zertifikate-kursleiter-in-und-praxisausbilder-in\/#primaryimage","url":"https:\/\/alice.ch\/app\/uploads\/2023\/01\/300621.jpeg","contentUrl":"https:\/\/alice.ch\/app\/uploads\/2023\/01\/300621.jpeg","width":1920,"height":1004},{"@type":"BreadcrumbList","@id":"https:\/\/alice.ch\/de\/news\/neue-modulbeschreibungen-fuer-die-sveb-zertifikate-kursleiter-in-und-praxisausbilder-in\/#breadcrumb","itemListElement":[{"@type":"ListItem","position":1,"name":"Startseite","item":"https:\/\/alice.ch\/de\/"},{"@type":"ListItem","position":2,"name":"Neue Modulbeschreibungen f\u00fcr die SVEB-Zertifikate Kursleiter\/in und Praxisausbilder\/in"}]},{"@type":"WebSite","@id":"https:\/\/alice.ch\/de\/#website","url":"https:\/\/alice.ch\/de\/","name":"alice.ch (Adult Learning Information Center) ist das Portal der Weiterbildung in der Schweiz.","description":"Schweizerischer Verband f\u00fcr Weiterbildung","publisher":{"@id":"https:\/\/alice.ch\/de\/#organization"},"potentialAction":[{"@type":"SearchAction","target":{"@type":"EntryPoint","urlTemplate":"https:\/\/alice.ch\/de\/?s={search_term_string}"},"query-input":{"@type":"PropertyValueSpecification","valueRequired":true,"valueName":"search_term_string"}}],"inLanguage":"de"},{"@type":"Organization","@id":"https:\/\/alice.ch\/de\/#organization","name":"SVEB Schweizerischer Verband f\u00fcr Weiterbildung","url":"https:\/\/alice.ch\/de\/","logo":{"@type":"ImageObject","inLanguage":"de","@id":"https:\/\/alice.ch\/de\/#\/schema\/logo\/image\/","url":"https:\/\/alice.ch\/app\/uploads\/2022\/07\/logo-sveb.png","contentUrl":"https:\/\/alice.ch\/app\/uploads\/2022\/07\/logo-sveb.png","width":145,"height":64,"caption":"SVEB Schweizerischer Verband f\u00fcr Weiterbildung"},"image":{"@id":"https:\/\/alice.ch\/de\/#\/schema\/logo\/image\/"},"sameAs":["https:\/\/www.linkedin.com\/company\/schweizerischer-verband-fr-weiterbildung-sveb\/"]}]}},"_links":{"self":[{"href":"https:\/\/alice.ch\/de\/wp-json\/wp\/v2\/news\/6253","targetHints":{"allow":["GET"]}}],"collection":[{"href":"https:\/\/alice.ch\/de\/wp-json\/wp\/v2\/news"}],"about":[{"href":"https:\/\/alice.ch\/de\/wp-json\/wp\/v2\/types\/news"}],"author":[{"embeddable":true,"href":"https:\/\/alice.ch\/de\/wp-json\/wp\/v2\/users\/10"}],"version-history":[{"count":3,"href":"https:\/\/alice.ch\/de\/wp-json\/wp\/v2\/news\/6253\/revisions"}],"predecessor-version":[{"id":41478,"href":"https:\/\/alice.ch\/de\/wp-json\/wp\/v2\/news\/6253\/revisions\/41478"}],"wp:featuredmedia":[{"embeddable":true,"href":"https:\/\/alice.ch\/de\/wp-json\/wp\/v2\/media\/41442"}],"wp:attachment":[{"href":"https:\/\/alice.ch\/de\/wp-json\/wp\/v2\/media?parent=6253"}],"wp:term":[{"taxonomy":"news-category","embeddable":true,"href":"https:\/\/alice.ch\/de\/wp-json\/wp\/v2\/news-category?post=6253"},{"taxonomy":"global-category","embeddable":true,"href":"https:\/\/alice.ch\/de\/wp-json\/wp\/v2\/global-category?post=6253"}],"curies":[{"name":"wp","href":"https:\/\/api.w.org\/{rel}","templated":true}]}}