{"id":62565,"date":"2024-09-25T12:24:31","date_gmt":"2024-09-25T10:24:31","guid":{"rendered":"https:\/\/alice.ch\/?post_type=news&#038;p=62565"},"modified":"2024-09-25T16:12:46","modified_gmt":"2024-09-25T14:12:46","slug":"gemeinsam-besser-bildungsangebote-fuer-geringqualifizierte-erwachsene-sichtbar-machen","status":"publish","type":"news","link":"https:\/\/alice.ch\/de\/news\/gemeinsam-besser-bildungsangebote-fuer-geringqualifizierte-erwachsene-sichtbar-machen\/","title":{"rendered":"Gemeinsam besser: Bildungsangebote f\u00fcr geringqualifizierte Erwachsene sichtbar machen\u00a0"},"content":{"rendered":"\n<p class=\"is-style-lead\">Wie k\u00f6nnen Erwachsene ohne Berufsabschluss oder mit geringen Grundkompetenzen mit passenden Bildungs- und Beratungsangeboten erreicht werden? Ein Treffen in Luzern hat gezeigt: Austausch, Vernetzung und Zusammenarbeit k\u00f6nnen viel dazu beitragen.&nbsp;<\/p>\n\n\n\n<p><em>Text: Christine B\u00e4rlocher<\/em><\/p>\n\n\n\n<p>Reges Treiben auf dem Marktplatz: An einer Veranstaltung der Nationalen Plattform gegen Armut in Luzern am 19. September tauschten sich rund 80 Akteure aus verschiedenen Bereichen der Bildungsregion Zentralschweiz aus. An 12 Stationen respektive Martkst\u00e4nden wurden Bildungs- und Beratungsangebote f\u00fcr geringqualifzierte Erwachsene in kurzen Inputs pr\u00e4sentiert. Die Teilnehmenden diskutierten die Herausforderungen, Erfahrungen und L\u00f6sungsans\u00e4tze f\u00fcr die bessere Verbreitung \u2013 und schon ging es weiter zum n\u00e4chsten Stand.&nbsp;<\/p>\n\n\n\n<h2 class=\"wp-block-heading\">Qualifizierung als Schl\u00fcssel zur Armutspr\u00e4vention&nbsp;<\/h2>\n\n\n\n<p>Der F\u00f6rderung der Grundkompetenzen und des Berufsabschlusses f\u00fcr Erwachsene seien f\u00fcr die Arbeitsmarktf\u00e4higkeit und die Armutspr\u00e4vention sehr wichtig, hielt der Bildungs- und Kulturdirektor des Kantons Luzern, Dr. Armin Hartmann, in seiner Video-Grussbotschaft fest. Um die Basis-Qualifikationen\u00a0zu erm\u00f6glichen, ist die F\u00f6rderung der Grundkompetenzen als Herzst\u00fcck im Weiterbildungsgesetz verankert, wie Priska Widmer, stellvertretende Leiterin des Ressorts Weiterbildung beim Staatssekretariat f\u00fcr Bildung, Forschung und Innovation (SBFI), ausf\u00fchrte.\u00a0<\/p>\n\n\n\n<p>F\u00fcr Erwachsene mit einem geringen Bildungsrucksack oder ohne Berufsabschluss kann der Weg zu Bildung jedoch trotz den vielf\u00e4ltigen Angeboten zu einem wahren Spiessrutenlauf werden. Eva Mey von der Z\u00fcrcher Hochschule f\u00fcr Angewandte Wissenschaften (ZHAW) zeigte aufgrund einer umfassenden Studie aus der Perspektive von armutsgef\u00e4hrdeten und betroffenen eindr\u00fccklich auf, welche Hindernisse es je nach Konstellationen f\u00fcr armutsgef\u00e4hrdeten oder -betroffene Personen geben kann: Sie m\u00fcssen die passenden Angebote kennen (\u00abwissen\u00bb), oder negative schulische Erfahrungen \u00fcberwinden (\u00abwollen\u00bb). Sie brauchen die n\u00f6tigen formalen Voraussetzungen f\u00fcr den Zugang (\u00aberhalten\u00bb) sowie Zeit und Geld f\u00fcr den Kursbesuch \u2013 beides fehlt unter dem hohen Existenzdruck h\u00e4ufig (\u00abk\u00f6nnen\u00bb). Mey leitete mit ihrem Team auf der Basis von zahlreichen Interviews Empfehlungen ab, wie armutsbetroffene Erwachsene in ihrer Lebenswelt besser erreicht werden k\u00f6nnen.&nbsp;<\/p>\n\n\n\n<h2 class=\"wp-block-heading\">Lern-Angebote dahin bringen, wo die Leute sind&nbsp;<\/h2>\n\n\n\n<p>Auch spezifische Angebote k\u00f6nnen hier helfen: Mit dem <a href=\"https:\/\/www.lernlounge.org\/_files\/ugd\/e5e037_aa3fe8a70bfc4ac585013c21c3da63d5.pdf\" target=\"_blank\" rel=\"noreferrer noopener\">LernLounge Mobil<\/a> k\u00f6nnen Gemeinden im Kanton Luzern kostenlose WalkIn-Basisangebote f\u00fcr Erwachsenen direkt vor Ort holen. Einen effektiven Zugang zu der Zielgruppe will auch <a href=\"https:\/\/www.einfach-besser.ch\/betriebe.cfm\" target=\"_blank\" rel=\"noreferrer noopener\">\u00abEinfach besser! &#8230; am Arbeitsplatz\u00bb<\/a> schaffen: Der gr\u00f6sste Teil der Erwachsenen mit F\u00f6rderbedarf f\u00fcr Grundkompetenzen wie Lesen, Schreiben, Computer oder Sprache ist bereits an einem Arbeitsplatz. Deshalb unterst\u00fctzen Bund und Kantone Betriebe, die die Grundkompetenzen vor Ort und w\u00e4hrend der Arbeitszeit in kurzen und individualisierten Lernsequenzen f\u00f6rdern. Wie das funktionieren kann, zeigte das <a href=\"https:\/\/weiterbildung.xund.ch\/betriebliche-weiterbildung\/arbeitsplatzorientierte-foerderung-der-grundkompetenzen\/\" target=\"_blank\" rel=\"noreferrer noopener\">XUND<\/a> Bildungszentrum Gesundheit Zentralschweiz mit einem Praxisbeispiel aus dem Alterszentrum Viva Luzern Wesemlin. &nbsp;<\/p>\n\n\n\n<h2 class=\"wp-block-heading\">Beratung als Aushandlungsprozess&nbsp;<\/h2>\n\n\n\n<p>Wichtig sind auch die dezentralen und angepassten Beratungsangebote wie viamia. In der Beratung wird auch ein Umdenken gefordert: so betonen die VertreterInnen des Abkl\u00e4rungstools Triage, dass die &nbsp;Kompetenzen der jeweiligen Person in einem gegenseitigen Prozess beurteilt werden und nicht einfach durch einen starren Test bestimmt werden sollen. &nbsp;<\/p>\n\n\n\n<p>Die Tagung wurde von der Nationalen Plattform gegen Armut und dem Kanton Luzern organisiert. Sie richtete sich an Vertreterinnen und Vertreter von kantonalen Berufsbildungs\u00e4mtern (Weiterbildung \/ Berufsbildung \/ Berufs-, Studien-, Laufbahnberatung), Integrationsfachstellen, Asylkoordinator\/innen, IV-Stellen, ALV-Stellen, Sozialdiensten, an IIZ-Verantwortliche, Bildungsanbieter, NGOs\/Hilfswerke, Branchenverb\u00e4nde und Arbeitgebende in der Region sowie an Vertretende der Zielgruppen von Qualifizierungsangeboten.&nbsp;<\/p>\n\n\n\n<h2 class=\"wp-block-heading\">Weitere Informationen<\/h2>\n\n\n\n<div class=\"wp-block-buttons is-layout-flex wp-block-buttons-is-layout-flex\">\n<div class=\"wp-block-button has-custom-width wp-block-button__width-100 is-style-minimal\"><a class=\"wp-block-button__link wp-element-button\" href=\"https:\/\/www.gegenarmut.ch\/agenda\/veranstaltungen-der-plattform\/1992024\" target=\"_blank\" rel=\"noreferrer noopener\">\u00abZugang zu Bildung f\u00fcr geringqualifizierte Erwachsene\u00bb Tagungsdokumentation vom 19.09.24&nbsp;<\/a><\/div>\n\n\n\n<div class=\"wp-block-button has-custom-width wp-block-button__width-100 is-style-minimal\"><a class=\"wp-block-button__link wp-element-button\" href=\"https:\/\/www.gegenarmut.ch\/themen\/nachholbildung\/detail\/foerderung-qualifizierung-erwachsener-armutsgefaehrdete-und-betroffene-personen-in-ihren-lebenswelten-erreichen\" target=\"_blank\" rel=\"noreferrer noopener\">Studie \u00abF\u00f6rderung der Qualifizierung Erwachsener\u00bb<\/a><\/div>\n\n\n\n<div class=\"wp-block-button has-custom-width wp-block-button__width-100 is-style-minimal\"><a class=\"wp-block-button__link wp-element-button\" href=\"https:\/\/www.stories-arbeitsplatz.einfach-besser.ch\/tag\/xund\" target=\"_blank\" rel=\"noreferrer noopener\">\u00abEinfach besser! &#8230; am Arbeitsplatz\u00bb &#8211; Praxisbeispiel XUND&nbsp;<\/a><\/div>\n<\/div>\n","protected":false},"excerpt":{"rendered":"<p>Wie k\u00f6nnen Erwachsene ohne Berufsabschluss oder mit geringen Grundkompetenzen mit passenden Bildungs- und Beratungsangeboten erreicht werden? Ein Treffen in Luzern [&hellip;]<\/p>\n","protected":false},"author":27,"featured_media":62567,"template":"","meta":{"_acf_changed":false,"inline_featured_image":false,"footnotes":""},"news-category":[28],"global-category":[],"class_list":["post-62565","news","type-news","status-publish","has-post-thumbnail","hentry","news-category-grundkompetenzen"],"acf":[],"yoast_head":"<!-- This site is optimized with the Yoast SEO plugin v27.3 - https:\/\/yoast.com\/product\/yoast-seo-wordpress\/ -->\n<title>Gemeinsam besser: Bildungsangebote f\u00fcr geringqualifizierte Erwachsene sichtbar machen\u00a0 - SVEB<\/title>\n<meta name=\"robots\" content=\"index, follow, max-snippet:-1, max-image-preview:large, max-video-preview:-1\" \/>\n<link rel=\"canonical\" href=\"https:\/\/alice.ch\/de\/news\/gemeinsam-besser-bildungsangebote-fuer-geringqualifizierte-erwachsene-sichtbar-machen\/\" \/>\n<meta property=\"og:locale\" content=\"de_DE\" \/>\n<meta property=\"og:type\" content=\"article\" \/>\n<meta property=\"og:title\" content=\"Gemeinsam besser: Bildungsangebote f\u00fcr geringqualifizierte Erwachsene sichtbar machen\u00a0 - SVEB\" \/>\n<meta property=\"og:description\" content=\"Wie k\u00f6nnen Erwachsene ohne Berufsabschluss oder mit geringen Grundkompetenzen mit passenden Bildungs- und Beratungsangeboten erreicht werden? Ein Treffen in Luzern [&hellip;]\" \/>\n<meta property=\"og:url\" content=\"https:\/\/alice.ch\/de\/news\/gemeinsam-besser-bildungsangebote-fuer-geringqualifizierte-erwachsene-sichtbar-machen\/\" \/>\n<meta property=\"og:site_name\" content=\"SVEB\" \/>\n<meta property=\"article:modified_time\" content=\"2024-09-25T14:12:46+00:00\" \/>\n<meta property=\"og:image\" content=\"https:\/\/alice.ch\/app\/uploads\/2024\/09\/IMG_4680-crop.png\" \/>\n\t<meta property=\"og:image:width\" content=\"1200\" \/>\n\t<meta property=\"og:image:height\" content=\"627\" \/>\n\t<meta property=\"og:image:type\" content=\"image\/png\" \/>\n<meta name=\"twitter:card\" content=\"summary_large_image\" \/>\n<meta name=\"twitter:label1\" content=\"Gesch\u00e4tzte Lesezeit\" \/>\n\t<meta name=\"twitter:data1\" content=\"3\u00a0Minuten\" \/>\n<script type=\"application\/ld+json\" class=\"yoast-schema-graph\">{\"@context\":\"https:\\\/\\\/schema.org\",\"@graph\":[{\"@type\":\"WebPage\",\"@id\":\"https:\\\/\\\/alice.ch\\\/de\\\/news\\\/gemeinsam-besser-bildungsangebote-fuer-geringqualifizierte-erwachsene-sichtbar-machen\\\/\",\"url\":\"https:\\\/\\\/alice.ch\\\/de\\\/news\\\/gemeinsam-besser-bildungsangebote-fuer-geringqualifizierte-erwachsene-sichtbar-machen\\\/\",\"name\":\"Gemeinsam besser: Bildungsangebote f\u00fcr geringqualifizierte Erwachsene sichtbar machen\u00a0 - SVEB\",\"isPartOf\":{\"@id\":\"https:\\\/\\\/alice.ch\\\/de\\\/#website\"},\"primaryImageOfPage\":{\"@id\":\"https:\\\/\\\/alice.ch\\\/de\\\/news\\\/gemeinsam-besser-bildungsangebote-fuer-geringqualifizierte-erwachsene-sichtbar-machen\\\/#primaryimage\"},\"image\":{\"@id\":\"https:\\\/\\\/alice.ch\\\/de\\\/news\\\/gemeinsam-besser-bildungsangebote-fuer-geringqualifizierte-erwachsene-sichtbar-machen\\\/#primaryimage\"},\"thumbnailUrl\":\"https:\\\/\\\/alice.ch\\\/app\\\/uploads\\\/2024\\\/09\\\/IMG_4680-crop.png\",\"datePublished\":\"2024-09-25T10:24:31+00:00\",\"dateModified\":\"2024-09-25T14:12:46+00:00\",\"breadcrumb\":{\"@id\":\"https:\\\/\\\/alice.ch\\\/de\\\/news\\\/gemeinsam-besser-bildungsangebote-fuer-geringqualifizierte-erwachsene-sichtbar-machen\\\/#breadcrumb\"},\"inLanguage\":\"de\",\"potentialAction\":[{\"@type\":\"ReadAction\",\"target\":[\"https:\\\/\\\/alice.ch\\\/de\\\/news\\\/gemeinsam-besser-bildungsangebote-fuer-geringqualifizierte-erwachsene-sichtbar-machen\\\/\"]}]},{\"@type\":\"ImageObject\",\"inLanguage\":\"de\",\"@id\":\"https:\\\/\\\/alice.ch\\\/de\\\/news\\\/gemeinsam-besser-bildungsangebote-fuer-geringqualifizierte-erwachsene-sichtbar-machen\\\/#primaryimage\",\"url\":\"https:\\\/\\\/alice.ch\\\/app\\\/uploads\\\/2024\\\/09\\\/IMG_4680-crop.png\",\"contentUrl\":\"https:\\\/\\\/alice.ch\\\/app\\\/uploads\\\/2024\\\/09\\\/IMG_4680-crop.png\",\"width\":1200,\"height\":627},{\"@type\":\"BreadcrumbList\",\"@id\":\"https:\\\/\\\/alice.ch\\\/de\\\/news\\\/gemeinsam-besser-bildungsangebote-fuer-geringqualifizierte-erwachsene-sichtbar-machen\\\/#breadcrumb\",\"itemListElement\":[{\"@type\":\"ListItem\",\"position\":1,\"name\":\"Startseite\",\"item\":\"https:\\\/\\\/alice.ch\\\/de\\\/\"},{\"@type\":\"ListItem\",\"position\":2,\"name\":\"Gemeinsam besser: Bildungsangebote f\u00fcr geringqualifizierte Erwachsene sichtbar machen\u00a0\"}]},{\"@type\":\"WebSite\",\"@id\":\"https:\\\/\\\/alice.ch\\\/de\\\/#website\",\"url\":\"https:\\\/\\\/alice.ch\\\/de\\\/\",\"name\":\"alice.ch (Adult Learning Information Center) ist das Portal der Weiterbildung in der Schweiz.\",\"description\":\"Schweizerischer Verband f\u00fcr Weiterbildung\",\"publisher\":{\"@id\":\"https:\\\/\\\/alice.ch\\\/de\\\/#organization\"},\"potentialAction\":[{\"@type\":\"SearchAction\",\"target\":{\"@type\":\"EntryPoint\",\"urlTemplate\":\"https:\\\/\\\/alice.ch\\\/de\\\/?s={search_term_string}\"},\"query-input\":{\"@type\":\"PropertyValueSpecification\",\"valueRequired\":true,\"valueName\":\"search_term_string\"}}],\"inLanguage\":\"de\"},{\"@type\":\"Organization\",\"@id\":\"https:\\\/\\\/alice.ch\\\/de\\\/#organization\",\"name\":\"SVEB Schweizerischer Verband f\u00fcr Weiterbildung\",\"url\":\"https:\\\/\\\/alice.ch\\\/de\\\/\",\"logo\":{\"@type\":\"ImageObject\",\"inLanguage\":\"de\",\"@id\":\"https:\\\/\\\/alice.ch\\\/de\\\/#\\\/schema\\\/logo\\\/image\\\/\",\"url\":\"https:\\\/\\\/alice.ch\\\/app\\\/uploads\\\/2022\\\/07\\\/logo-sveb.png\",\"contentUrl\":\"https:\\\/\\\/alice.ch\\\/app\\\/uploads\\\/2022\\\/07\\\/logo-sveb.png\",\"width\":145,\"height\":64,\"caption\":\"SVEB Schweizerischer Verband f\u00fcr Weiterbildung\"},\"image\":{\"@id\":\"https:\\\/\\\/alice.ch\\\/de\\\/#\\\/schema\\\/logo\\\/image\\\/\"},\"sameAs\":[\"https:\\\/\\\/www.linkedin.com\\\/company\\\/schweizerischer-verband-fr-weiterbildung-sveb\\\/\"]}]}<\/script>\n<!-- \/ Yoast SEO plugin. -->","yoast_head_json":{"title":"Gemeinsam besser: Bildungsangebote f\u00fcr geringqualifizierte Erwachsene sichtbar machen\u00a0 - SVEB","robots":{"index":"index","follow":"follow","max-snippet":"max-snippet:-1","max-image-preview":"max-image-preview:large","max-video-preview":"max-video-preview:-1"},"canonical":"https:\/\/alice.ch\/de\/news\/gemeinsam-besser-bildungsangebote-fuer-geringqualifizierte-erwachsene-sichtbar-machen\/","og_locale":"de_DE","og_type":"article","og_title":"Gemeinsam besser: Bildungsangebote f\u00fcr geringqualifizierte Erwachsene sichtbar machen\u00a0 - SVEB","og_description":"Wie k\u00f6nnen Erwachsene ohne Berufsabschluss oder mit geringen Grundkompetenzen mit passenden Bildungs- und Beratungsangeboten erreicht werden? Ein Treffen in Luzern [&hellip;]","og_url":"https:\/\/alice.ch\/de\/news\/gemeinsam-besser-bildungsangebote-fuer-geringqualifizierte-erwachsene-sichtbar-machen\/","og_site_name":"SVEB","article_modified_time":"2024-09-25T14:12:46+00:00","og_image":[{"width":1200,"height":627,"url":"https:\/\/alice.ch\/app\/uploads\/2024\/09\/IMG_4680-crop.png","type":"image\/png"}],"twitter_card":"summary_large_image","twitter_misc":{"Gesch\u00e4tzte Lesezeit":"3\u00a0Minuten"},"schema":{"@context":"https:\/\/schema.org","@graph":[{"@type":"WebPage","@id":"https:\/\/alice.ch\/de\/news\/gemeinsam-besser-bildungsangebote-fuer-geringqualifizierte-erwachsene-sichtbar-machen\/","url":"https:\/\/alice.ch\/de\/news\/gemeinsam-besser-bildungsangebote-fuer-geringqualifizierte-erwachsene-sichtbar-machen\/","name":"Gemeinsam besser: Bildungsangebote f\u00fcr geringqualifizierte Erwachsene sichtbar machen\u00a0 - SVEB","isPartOf":{"@id":"https:\/\/alice.ch\/de\/#website"},"primaryImageOfPage":{"@id":"https:\/\/alice.ch\/de\/news\/gemeinsam-besser-bildungsangebote-fuer-geringqualifizierte-erwachsene-sichtbar-machen\/#primaryimage"},"image":{"@id":"https:\/\/alice.ch\/de\/news\/gemeinsam-besser-bildungsangebote-fuer-geringqualifizierte-erwachsene-sichtbar-machen\/#primaryimage"},"thumbnailUrl":"https:\/\/alice.ch\/app\/uploads\/2024\/09\/IMG_4680-crop.png","datePublished":"2024-09-25T10:24:31+00:00","dateModified":"2024-09-25T14:12:46+00:00","breadcrumb":{"@id":"https:\/\/alice.ch\/de\/news\/gemeinsam-besser-bildungsangebote-fuer-geringqualifizierte-erwachsene-sichtbar-machen\/#breadcrumb"},"inLanguage":"de","potentialAction":[{"@type":"ReadAction","target":["https:\/\/alice.ch\/de\/news\/gemeinsam-besser-bildungsangebote-fuer-geringqualifizierte-erwachsene-sichtbar-machen\/"]}]},{"@type":"ImageObject","inLanguage":"de","@id":"https:\/\/alice.ch\/de\/news\/gemeinsam-besser-bildungsangebote-fuer-geringqualifizierte-erwachsene-sichtbar-machen\/#primaryimage","url":"https:\/\/alice.ch\/app\/uploads\/2024\/09\/IMG_4680-crop.png","contentUrl":"https:\/\/alice.ch\/app\/uploads\/2024\/09\/IMG_4680-crop.png","width":1200,"height":627},{"@type":"BreadcrumbList","@id":"https:\/\/alice.ch\/de\/news\/gemeinsam-besser-bildungsangebote-fuer-geringqualifizierte-erwachsene-sichtbar-machen\/#breadcrumb","itemListElement":[{"@type":"ListItem","position":1,"name":"Startseite","item":"https:\/\/alice.ch\/de\/"},{"@type":"ListItem","position":2,"name":"Gemeinsam besser: Bildungsangebote f\u00fcr geringqualifizierte Erwachsene sichtbar machen\u00a0"}]},{"@type":"WebSite","@id":"https:\/\/alice.ch\/de\/#website","url":"https:\/\/alice.ch\/de\/","name":"alice.ch (Adult Learning Information Center) ist das Portal der Weiterbildung in der Schweiz.","description":"Schweizerischer Verband f\u00fcr Weiterbildung","publisher":{"@id":"https:\/\/alice.ch\/de\/#organization"},"potentialAction":[{"@type":"SearchAction","target":{"@type":"EntryPoint","urlTemplate":"https:\/\/alice.ch\/de\/?s={search_term_string}"},"query-input":{"@type":"PropertyValueSpecification","valueRequired":true,"valueName":"search_term_string"}}],"inLanguage":"de"},{"@type":"Organization","@id":"https:\/\/alice.ch\/de\/#organization","name":"SVEB Schweizerischer Verband f\u00fcr Weiterbildung","url":"https:\/\/alice.ch\/de\/","logo":{"@type":"ImageObject","inLanguage":"de","@id":"https:\/\/alice.ch\/de\/#\/schema\/logo\/image\/","url":"https:\/\/alice.ch\/app\/uploads\/2022\/07\/logo-sveb.png","contentUrl":"https:\/\/alice.ch\/app\/uploads\/2022\/07\/logo-sveb.png","width":145,"height":64,"caption":"SVEB Schweizerischer Verband f\u00fcr Weiterbildung"},"image":{"@id":"https:\/\/alice.ch\/de\/#\/schema\/logo\/image\/"},"sameAs":["https:\/\/www.linkedin.com\/company\/schweizerischer-verband-fr-weiterbildung-sveb\/"]}]}},"_links":{"self":[{"href":"https:\/\/alice.ch\/de\/wp-json\/wp\/v2\/news\/62565","targetHints":{"allow":["GET"]}}],"collection":[{"href":"https:\/\/alice.ch\/de\/wp-json\/wp\/v2\/news"}],"about":[{"href":"https:\/\/alice.ch\/de\/wp-json\/wp\/v2\/types\/news"}],"author":[{"embeddable":true,"href":"https:\/\/alice.ch\/de\/wp-json\/wp\/v2\/users\/27"}],"version-history":[{"count":4,"href":"https:\/\/alice.ch\/de\/wp-json\/wp\/v2\/news\/62565\/revisions"}],"predecessor-version":[{"id":62663,"href":"https:\/\/alice.ch\/de\/wp-json\/wp\/v2\/news\/62565\/revisions\/62663"}],"wp:featuredmedia":[{"embeddable":true,"href":"https:\/\/alice.ch\/de\/wp-json\/wp\/v2\/media\/62567"}],"wp:attachment":[{"href":"https:\/\/alice.ch\/de\/wp-json\/wp\/v2\/media?parent=62565"}],"wp:term":[{"taxonomy":"news-category","embeddable":true,"href":"https:\/\/alice.ch\/de\/wp-json\/wp\/v2\/news-category?post=62565"},{"taxonomy":"global-category","embeddable":true,"href":"https:\/\/alice.ch\/de\/wp-json\/wp\/v2\/global-category?post=62565"}],"curies":[{"name":"wp","href":"https:\/\/api.w.org\/{rel}","templated":true}]}}