{"id":62939,"date":"2024-10-07T08:54:12","date_gmt":"2024-10-07T06:54:12","guid":{"rendered":"https:\/\/alice.ch\/?post_type=news&#038;p=62939"},"modified":"2024-10-31T08:31:36","modified_gmt":"2024-10-31T07:31:36","slug":"blended-learning-bringt-vorteile-fuer-lernende-und-lehrpersonen","status":"publish","type":"news","link":"https:\/\/alice.ch\/de\/news\/blended-learning-bringt-vorteile-fuer-lernende-und-lehrpersonen\/","title":{"rendered":"Blended Learning bringt Vorteile f\u00fcr Lernende und Lehrpersonen"},"content":{"rendered":"\n<p class=\"is-style-lead\">Ein k\u00fcrzlich ver\u00f6ffentlichter Bericht beleuchtet das Potenzial von Blended Learning auf EU-Ebene. Das Fazit: Blended Learning steigert Motivation und Engagement. Doch vielerorts ist die Integration von Blended Learning in die Bildungspraxis noch mangelhaft.<\/p>\n\n\n\n<p>Blended Learning verbindet traditionelle Unterrichtsformen (wie Pr\u00e4senzunterricht) mit digitalen Lernangeboten. Die rasanten technologischen Fortschritte sowie der Notfall-Fernunterricht w\u00e4hrend der COVID-19-Pandemie haben die Einf\u00fchrung digitaler Werkzeuge stark beschleunigt und das Potenzial von Blended Learning aufgezeigt. <\/p>\n\n\n\n<p>Vor diesem Hintergrund beschreibt ein <a href=\"https:\/\/op.europa.eu\/en\/publication-detail\/-\/publication\/3a2c7879-667e-11ef-a8ba-01aa75ed71a1\" target=\"_blank\" rel=\"noreferrer noopener\">aktueller Bericht<\/a> des European Expert Network on Economics of Education (EENEE) die Entwicklung, den Umsetzungsstand und die zuk\u00fcnftigen Herausforderungen der digitalen Dimension des Blended Learning in europ\u00e4ischen Bildungssystemen.<\/p>\n\n\n\n<h2 class=\"wp-block-heading\">Inklusiver und lernendenzentrierter<\/h2>\n\n\n\n<p>Der Bericht stellt eine generelle Zunahme der Verbreitung von Blended Learning in Europa fest. Dies liegt vor allem daran, dass Blended Education als Weg angesehen wird, um inklusivere und lernendenzentrierte Lernerfahrungen zu erm\u00f6glichen, indem es Autonomie und Flexibilit\u00e4t hinsichtlich der Herangehensweise, des Ortes und der Zeit des Lernens f\u00f6rdert. Der Bericht, welcher mehrere externe Studien verkn\u00fcpft, stellt fest, dass Blended Learning sich positiv auf die Lernergebnisse, insbesondere in der Primar- und Sekundarstufe, auswirkt, indem es die Motivation und das Engagement der Sch\u00fclerinnen und Sch\u00fcler steigert. F\u00fcr die Lehrerbildung bietet Blended Learning das Potenzial, p\u00e4dagogische Praktiken zu verbessern. Dar\u00fcber hinaus wird erwartet, dass die digitalen Werkzeuge und Plattformen die Bewertung und das Eingreifen der Lehrkr\u00e4fte in den Lernprozess verbessern.<\/p>\n\n\n\n<h2 class=\"wp-block-heading\">Systematische Integration fehlt<\/h2>\n\n\n\n<p>Doch gem\u00e4ss Bericht fehlt es an einer systematischen Integration des Blended Learning in die Bildungspraktiken in der gesamten EU. Zum Beispiel haben in den Niederlanden, Finnland und Schweden im Jahr 2023 etwa 50 Prozent der Lernenden Online-Lernangebote genutzt, w\u00e4hrend dies in Rum\u00e4nien nur auf etwa zehn Prozent der Lernenden zutrifft. Zu den Herausforderungen, die digitale Dimension des Blended Learning zu st\u00e4rken, geh\u00f6ren laut Bericht hohe Investitionen in IT und digitale Infrastruktur, soziale und institutionelle Faktoren sowie Unterschiede in der digitalen Kompetenz. <\/p>\n\n\n\n<p>F\u00fcr Lehrpersonen, die digitale Werkzeuge einsetzen sollen, um Blended Learning anzubieten, bestehen weiterhin Herausforderungen, zum Beispiel haben sie die digitale Kluft zwischen Generationen und Regionen zu \u00fcberwinden oder gegen den Widerstand gegen Ver\u00e4nderungen anzuk\u00e4mpfen. Globale Kooperationen und Partnerschaften sieht der Bericht als wichtige M\u00f6glichkeiten an, um die Kompetenzen der Lehrpersonen in diesem Bereich zu st\u00e4rken.<\/p>\n\n\n\n<p>Mit Blick auf die Zukunft des Blended Learning identifiziert der Bericht aufkommende Technologien wie k\u00fcnstliche Intelligenz, Virtual Reality, Gamification-Tools und das Metaverse als einflussreiche Treiber f\u00fcr die weitere Digitalisierung. Ihre Wirksamkeit wird jedoch davon abh\u00e4ngen, wie Bildungspraktiken und -politiken auf nationaler und EU-Ebene gestaltet und umgesetzt werden.<\/p>\n\n\n\n<h2 class=\"wp-block-heading\">Weitere Informationen<\/h2>\n\n\n\n<div class=\"wp-block-buttons is-layout-flex wp-block-buttons-is-layout-flex\">\n<div class=\"wp-block-button has-custom-width wp-block-button__width-100 is-style-minimal\"><a class=\"wp-block-button__link wp-element-button\" href=\"https:\/\/op.europa.eu\/en\/publication-detail\/-\/publication\/3a2c7879-667e-11ef-a8ba-01aa75ed71a1\" target=\"_blank\" rel=\"noreferrer noopener\">zum Bericht<\/a><\/div>\n<\/div>\n","protected":false},"excerpt":{"rendered":"<p>Ein k\u00fcrzlich ver\u00f6ffentlichter Bericht beleuchtet das Potenzial von Blended Learning auf EU-Ebene. Das Fazit: Blended Learning steigert Motivation und Engagement. [&hellip;]<\/p>\n","protected":false},"author":27,"featured_media":62944,"template":"","meta":{"_acf_changed":false,"inline_featured_image":false,"footnotes":""},"news-category":[29],"global-category":[52,42],"class_list":["post-62939","news","type-news","status-publish","has-post-thumbnail","hentry","news-category-digitalisierung","global-category-digitalisierung","global-category-professionalisierung"],"acf":[],"yoast_head":"<!-- This site is optimized with the Yoast SEO plugin v27.3 - https:\/\/yoast.com\/product\/yoast-seo-wordpress\/ -->\n<title>Blended Learning bringt Vorteile f\u00fcr Lernende und Lehrpersonen - SVEB<\/title>\n<meta name=\"robots\" content=\"index, follow, max-snippet:-1, max-image-preview:large, max-video-preview:-1\" \/>\n<link rel=\"canonical\" href=\"https:\/\/alice.ch\/de\/news\/blended-learning-bringt-vorteile-fuer-lernende-und-lehrpersonen\/\" \/>\n<meta property=\"og:locale\" content=\"de_DE\" \/>\n<meta property=\"og:type\" content=\"article\" \/>\n<meta property=\"og:title\" content=\"Blended Learning bringt Vorteile f\u00fcr Lernende und Lehrpersonen - SVEB\" \/>\n<meta property=\"og:description\" content=\"Ein k\u00fcrzlich ver\u00f6ffentlichter Bericht beleuchtet das Potenzial von Blended Learning auf EU-Ebene. Das Fazit: Blended Learning steigert Motivation und Engagement. [&hellip;]\" \/>\n<meta property=\"og:url\" content=\"https:\/\/alice.ch\/de\/news\/blended-learning-bringt-vorteile-fuer-lernende-und-lehrpersonen\/\" \/>\n<meta property=\"og:site_name\" content=\"SVEB\" \/>\n<meta property=\"article:modified_time\" content=\"2024-10-31T07:31:36+00:00\" \/>\n<meta property=\"og:image\" content=\"https:\/\/alice.ch\/app\/uploads\/2024\/10\/josefa-ndiaz-IzmdWT2lW5Q-unsplash1.jpg\" \/>\n\t<meta property=\"og:image:width\" content=\"1200\" \/>\n\t<meta property=\"og:image:height\" content=\"627\" \/>\n\t<meta property=\"og:image:type\" content=\"image\/jpeg\" \/>\n<meta name=\"twitter:card\" content=\"summary_large_image\" \/>\n<meta name=\"twitter:label1\" content=\"Gesch\u00e4tzte Lesezeit\" \/>\n\t<meta name=\"twitter:data1\" content=\"2\u00a0Minuten\" \/>\n<script type=\"application\/ld+json\" class=\"yoast-schema-graph\">{\"@context\":\"https:\\\/\\\/schema.org\",\"@graph\":[{\"@type\":\"WebPage\",\"@id\":\"https:\\\/\\\/alice.ch\\\/de\\\/news\\\/blended-learning-bringt-vorteile-fuer-lernende-und-lehrpersonen\\\/\",\"url\":\"https:\\\/\\\/alice.ch\\\/de\\\/news\\\/blended-learning-bringt-vorteile-fuer-lernende-und-lehrpersonen\\\/\",\"name\":\"Blended Learning bringt Vorteile f\u00fcr Lernende und Lehrpersonen - SVEB\",\"isPartOf\":{\"@id\":\"https:\\\/\\\/alice.ch\\\/de\\\/#website\"},\"primaryImageOfPage\":{\"@id\":\"https:\\\/\\\/alice.ch\\\/de\\\/news\\\/blended-learning-bringt-vorteile-fuer-lernende-und-lehrpersonen\\\/#primaryimage\"},\"image\":{\"@id\":\"https:\\\/\\\/alice.ch\\\/de\\\/news\\\/blended-learning-bringt-vorteile-fuer-lernende-und-lehrpersonen\\\/#primaryimage\"},\"thumbnailUrl\":\"https:\\\/\\\/alice.ch\\\/app\\\/uploads\\\/2024\\\/10\\\/josefa-ndiaz-IzmdWT2lW5Q-unsplash1.jpg\",\"datePublished\":\"2024-10-07T06:54:12+00:00\",\"dateModified\":\"2024-10-31T07:31:36+00:00\",\"breadcrumb\":{\"@id\":\"https:\\\/\\\/alice.ch\\\/de\\\/news\\\/blended-learning-bringt-vorteile-fuer-lernende-und-lehrpersonen\\\/#breadcrumb\"},\"inLanguage\":\"de\",\"potentialAction\":[{\"@type\":\"ReadAction\",\"target\":[\"https:\\\/\\\/alice.ch\\\/de\\\/news\\\/blended-learning-bringt-vorteile-fuer-lernende-und-lehrpersonen\\\/\"]}]},{\"@type\":\"ImageObject\",\"inLanguage\":\"de\",\"@id\":\"https:\\\/\\\/alice.ch\\\/de\\\/news\\\/blended-learning-bringt-vorteile-fuer-lernende-und-lehrpersonen\\\/#primaryimage\",\"url\":\"https:\\\/\\\/alice.ch\\\/app\\\/uploads\\\/2024\\\/10\\\/josefa-ndiaz-IzmdWT2lW5Q-unsplash1.jpg\",\"contentUrl\":\"https:\\\/\\\/alice.ch\\\/app\\\/uploads\\\/2024\\\/10\\\/josefa-ndiaz-IzmdWT2lW5Q-unsplash1.jpg\",\"width\":1200,\"height\":627},{\"@type\":\"BreadcrumbList\",\"@id\":\"https:\\\/\\\/alice.ch\\\/de\\\/news\\\/blended-learning-bringt-vorteile-fuer-lernende-und-lehrpersonen\\\/#breadcrumb\",\"itemListElement\":[{\"@type\":\"ListItem\",\"position\":1,\"name\":\"Startseite\",\"item\":\"https:\\\/\\\/alice.ch\\\/de\\\/\"},{\"@type\":\"ListItem\",\"position\":2,\"name\":\"Blended Learning bringt Vorteile f\u00fcr Lernende und Lehrpersonen\"}]},{\"@type\":\"WebSite\",\"@id\":\"https:\\\/\\\/alice.ch\\\/de\\\/#website\",\"url\":\"https:\\\/\\\/alice.ch\\\/de\\\/\",\"name\":\"alice.ch (Adult Learning Information Center) ist das Portal der Weiterbildung in der Schweiz.\",\"description\":\"Schweizerischer Verband f\u00fcr Weiterbildung\",\"publisher\":{\"@id\":\"https:\\\/\\\/alice.ch\\\/de\\\/#organization\"},\"potentialAction\":[{\"@type\":\"SearchAction\",\"target\":{\"@type\":\"EntryPoint\",\"urlTemplate\":\"https:\\\/\\\/alice.ch\\\/de\\\/?s={search_term_string}\"},\"query-input\":{\"@type\":\"PropertyValueSpecification\",\"valueRequired\":true,\"valueName\":\"search_term_string\"}}],\"inLanguage\":\"de\"},{\"@type\":\"Organization\",\"@id\":\"https:\\\/\\\/alice.ch\\\/de\\\/#organization\",\"name\":\"SVEB Schweizerischer Verband f\u00fcr Weiterbildung\",\"url\":\"https:\\\/\\\/alice.ch\\\/de\\\/\",\"logo\":{\"@type\":\"ImageObject\",\"inLanguage\":\"de\",\"@id\":\"https:\\\/\\\/alice.ch\\\/de\\\/#\\\/schema\\\/logo\\\/image\\\/\",\"url\":\"https:\\\/\\\/alice.ch\\\/app\\\/uploads\\\/2022\\\/07\\\/logo-sveb.png\",\"contentUrl\":\"https:\\\/\\\/alice.ch\\\/app\\\/uploads\\\/2022\\\/07\\\/logo-sveb.png\",\"width\":145,\"height\":64,\"caption\":\"SVEB Schweizerischer Verband f\u00fcr Weiterbildung\"},\"image\":{\"@id\":\"https:\\\/\\\/alice.ch\\\/de\\\/#\\\/schema\\\/logo\\\/image\\\/\"},\"sameAs\":[\"https:\\\/\\\/www.linkedin.com\\\/company\\\/schweizerischer-verband-fr-weiterbildung-sveb\\\/\"]}]}<\/script>\n<!-- \/ Yoast SEO plugin. -->","yoast_head_json":{"title":"Blended Learning bringt Vorteile f\u00fcr Lernende und Lehrpersonen - SVEB","robots":{"index":"index","follow":"follow","max-snippet":"max-snippet:-1","max-image-preview":"max-image-preview:large","max-video-preview":"max-video-preview:-1"},"canonical":"https:\/\/alice.ch\/de\/news\/blended-learning-bringt-vorteile-fuer-lernende-und-lehrpersonen\/","og_locale":"de_DE","og_type":"article","og_title":"Blended Learning bringt Vorteile f\u00fcr Lernende und Lehrpersonen - SVEB","og_description":"Ein k\u00fcrzlich ver\u00f6ffentlichter Bericht beleuchtet das Potenzial von Blended Learning auf EU-Ebene. Das Fazit: Blended Learning steigert Motivation und Engagement. [&hellip;]","og_url":"https:\/\/alice.ch\/de\/news\/blended-learning-bringt-vorteile-fuer-lernende-und-lehrpersonen\/","og_site_name":"SVEB","article_modified_time":"2024-10-31T07:31:36+00:00","og_image":[{"width":1200,"height":627,"url":"https:\/\/alice.ch\/app\/uploads\/2024\/10\/josefa-ndiaz-IzmdWT2lW5Q-unsplash1.jpg","type":"image\/jpeg"}],"twitter_card":"summary_large_image","twitter_misc":{"Gesch\u00e4tzte Lesezeit":"2\u00a0Minuten"},"schema":{"@context":"https:\/\/schema.org","@graph":[{"@type":"WebPage","@id":"https:\/\/alice.ch\/de\/news\/blended-learning-bringt-vorteile-fuer-lernende-und-lehrpersonen\/","url":"https:\/\/alice.ch\/de\/news\/blended-learning-bringt-vorteile-fuer-lernende-und-lehrpersonen\/","name":"Blended Learning bringt Vorteile f\u00fcr Lernende und Lehrpersonen - SVEB","isPartOf":{"@id":"https:\/\/alice.ch\/de\/#website"},"primaryImageOfPage":{"@id":"https:\/\/alice.ch\/de\/news\/blended-learning-bringt-vorteile-fuer-lernende-und-lehrpersonen\/#primaryimage"},"image":{"@id":"https:\/\/alice.ch\/de\/news\/blended-learning-bringt-vorteile-fuer-lernende-und-lehrpersonen\/#primaryimage"},"thumbnailUrl":"https:\/\/alice.ch\/app\/uploads\/2024\/10\/josefa-ndiaz-IzmdWT2lW5Q-unsplash1.jpg","datePublished":"2024-10-07T06:54:12+00:00","dateModified":"2024-10-31T07:31:36+00:00","breadcrumb":{"@id":"https:\/\/alice.ch\/de\/news\/blended-learning-bringt-vorteile-fuer-lernende-und-lehrpersonen\/#breadcrumb"},"inLanguage":"de","potentialAction":[{"@type":"ReadAction","target":["https:\/\/alice.ch\/de\/news\/blended-learning-bringt-vorteile-fuer-lernende-und-lehrpersonen\/"]}]},{"@type":"ImageObject","inLanguage":"de","@id":"https:\/\/alice.ch\/de\/news\/blended-learning-bringt-vorteile-fuer-lernende-und-lehrpersonen\/#primaryimage","url":"https:\/\/alice.ch\/app\/uploads\/2024\/10\/josefa-ndiaz-IzmdWT2lW5Q-unsplash1.jpg","contentUrl":"https:\/\/alice.ch\/app\/uploads\/2024\/10\/josefa-ndiaz-IzmdWT2lW5Q-unsplash1.jpg","width":1200,"height":627},{"@type":"BreadcrumbList","@id":"https:\/\/alice.ch\/de\/news\/blended-learning-bringt-vorteile-fuer-lernende-und-lehrpersonen\/#breadcrumb","itemListElement":[{"@type":"ListItem","position":1,"name":"Startseite","item":"https:\/\/alice.ch\/de\/"},{"@type":"ListItem","position":2,"name":"Blended Learning bringt Vorteile f\u00fcr Lernende und Lehrpersonen"}]},{"@type":"WebSite","@id":"https:\/\/alice.ch\/de\/#website","url":"https:\/\/alice.ch\/de\/","name":"alice.ch (Adult Learning Information Center) ist das Portal der Weiterbildung in der Schweiz.","description":"Schweizerischer Verband f\u00fcr Weiterbildung","publisher":{"@id":"https:\/\/alice.ch\/de\/#organization"},"potentialAction":[{"@type":"SearchAction","target":{"@type":"EntryPoint","urlTemplate":"https:\/\/alice.ch\/de\/?s={search_term_string}"},"query-input":{"@type":"PropertyValueSpecification","valueRequired":true,"valueName":"search_term_string"}}],"inLanguage":"de"},{"@type":"Organization","@id":"https:\/\/alice.ch\/de\/#organization","name":"SVEB Schweizerischer Verband f\u00fcr Weiterbildung","url":"https:\/\/alice.ch\/de\/","logo":{"@type":"ImageObject","inLanguage":"de","@id":"https:\/\/alice.ch\/de\/#\/schema\/logo\/image\/","url":"https:\/\/alice.ch\/app\/uploads\/2022\/07\/logo-sveb.png","contentUrl":"https:\/\/alice.ch\/app\/uploads\/2022\/07\/logo-sveb.png","width":145,"height":64,"caption":"SVEB Schweizerischer Verband f\u00fcr Weiterbildung"},"image":{"@id":"https:\/\/alice.ch\/de\/#\/schema\/logo\/image\/"},"sameAs":["https:\/\/www.linkedin.com\/company\/schweizerischer-verband-fr-weiterbildung-sveb\/"]}]}},"_links":{"self":[{"href":"https:\/\/alice.ch\/de\/wp-json\/wp\/v2\/news\/62939","targetHints":{"allow":["GET"]}}],"collection":[{"href":"https:\/\/alice.ch\/de\/wp-json\/wp\/v2\/news"}],"about":[{"href":"https:\/\/alice.ch\/de\/wp-json\/wp\/v2\/types\/news"}],"author":[{"embeddable":true,"href":"https:\/\/alice.ch\/de\/wp-json\/wp\/v2\/users\/27"}],"version-history":[{"count":4,"href":"https:\/\/alice.ch\/de\/wp-json\/wp\/v2\/news\/62939\/revisions"}],"predecessor-version":[{"id":63592,"href":"https:\/\/alice.ch\/de\/wp-json\/wp\/v2\/news\/62939\/revisions\/63592"}],"wp:featuredmedia":[{"embeddable":true,"href":"https:\/\/alice.ch\/de\/wp-json\/wp\/v2\/media\/62944"}],"wp:attachment":[{"href":"https:\/\/alice.ch\/de\/wp-json\/wp\/v2\/media?parent=62939"}],"wp:term":[{"taxonomy":"news-category","embeddable":true,"href":"https:\/\/alice.ch\/de\/wp-json\/wp\/v2\/news-category?post=62939"},{"taxonomy":"global-category","embeddable":true,"href":"https:\/\/alice.ch\/de\/wp-json\/wp\/v2\/global-category?post=62939"}],"curies":[{"name":"wp","href":"https:\/\/api.w.org\/{rel}","templated":true}]}}