{"id":62962,"date":"2024-10-10T16:10:53","date_gmt":"2024-10-10T14:10:53","guid":{"rendered":"https:\/\/alice.ch\/?post_type=news&#038;p=62962"},"modified":"2024-10-10T16:10:55","modified_gmt":"2024-10-10T14:10:55","slug":"die-integrationsfoerderung-kann-momentan-ihren-auftrag-in-bezug-auf-die-sprachfoerderung-nicht-vollumfaenglich-erfuellen","status":"publish","type":"news","link":"https:\/\/alice.ch\/de\/news\/die-integrationsfoerderung-kann-momentan-ihren-auftrag-in-bezug-auf-die-sprachfoerderung-nicht-vollumfaenglich-erfuellen\/","title":{"rendered":"\u00abDie Integrationsf\u00f6rderung kann momentan ihren Auftrag in Bezug auf die Sprachf\u00f6rderung nicht vollumf\u00e4nglich erf\u00fcllen\u00bb"},"content":{"rendered":"\n<p class=\"is-style-lead\">In der Integrationsf\u00f6rderung herrscht Fachkr\u00e4ftemangel: Es fehlen Kursleitende f\u00fcr den Deutschunterricht. Eine Projektgruppe bestehend aus Hochschulen, Weiterbildungsanbietern und dem SVEB will dem entgegenwirken. In einem Interview gibt SVEB-Direktor Bernhard Gr\u00e4miger Auskunft \u00fcber die Hintergr\u00fcnde.<\/p>\n\n\n\n<p><em>Interview: Marianne Rupp<\/em><\/p>\n\n\n\n<p><strong><em>Warum gibt es zu wenig Sprachkursleitende im Integrationsbereich?<\/em><\/strong><br>Die beiden Hauptgr\u00fcnde liegen im Ukrainekrieg und der Corona-Pandemie. Aufgrund des Krieges sind zahlreiche Menschen in die Schweiz gekommen, die Deutsch lernen wollen. Gleichzeitig haben viele \u00e4ltere Kursleitende w\u00e4hrend der Pandemie das Metier verlassen und sich nicht mehr zur\u00fcckgekehrt.<\/p>\n\n\n\n<p><strong><em>Was sind die Konsequenzen dieses Fachkr\u00e4ftemangels?<\/em><\/strong><br>Wegen des Fachkr\u00e4ftemangels k\u00f6nnen nicht alle Migrantinnen und Migranten, die Deutsch lernen m\u00f6chten, an einem Sprachkurs teilnehmen. In mehreren Kantonen gibt es derzeit Wartelisten. Die Integrationsf\u00f6rderung kann momentan ihren Auftrag in Bezug auf die Sprachf\u00f6rderung nicht vollumf\u00e4nglich erf\u00fcllen. Das ist auch ein sozialpolitisches Problem. Eine Projektgruppe, bestehen aus Weiterbildungsanbietern, Hochschulen und dem SVEB, will nun diesem Fachkr\u00e4ftemangel entgegenwirken.<\/p>\n\n\n\n<p><strong><em>Was beinhaltet die Arbeit als Kursleitende?<\/em><\/strong><br>Prim\u00e4r geht es um die Sprachvermittlung, die Vorbereitung und Umsetzung der Lernveranstaltungen. Dabei spiel der soziale Aspekt eine zentrale Rolle, da der Austausch zwischen den Teilnehmenden und der Kursleitung den Lernprozess f\u00f6rdert und die Integration in die Schweiz unterst\u00fctzt.<\/p>\n\n\n\n<p><strong><em>Wie helfen Sprachkursleitende bei der Integration?<\/em><\/strong><br>Der Sprachunterricht orientiert sich am Alltag und ist handlungs- und bed\u00fcrfnisbezogen. Migrantinnen und Migranten lernen, wie sie sich in konkreten Situationen ausdr\u00fccken k\u00f6nnen, etwa bei der Arbeitssuche, in Elterngespr\u00e4chen oder beim Arztbesuch. Durch die Sprache wird ihnen unsere Kultur n\u00e4hergebracht. Dies unterst\u00fctzt die Teilnehmenden dabei, sich in der Schweizer Gesellschaft zurechtzufinden. Es findet zudem eine Auseinandersetzung mit den verschiedenen Kulturen innerhalb der Gruppe statt, was sehr bereichernd ist.<\/p>\n\n\n\n<p><strong><em>Wer kann Kursleiterin, Kursleiter werden?<\/em><\/strong><br>Sehr gute Deutschkenntnisse sind eine Grundvoraussetzung. Wer eine langfristige T\u00e4tigkeit anstrebt, braucht zudem eine didaktische Ausbildung im Bereich Deutsch als Fremdsprache sowie eine Qualifikation in der Erwachsenenbildung, beispielsweise das SVEB-Zertifikat Ausbilder\/Ausbilder. Diese Weiterbildungen k\u00f6nnen berufsbegleitend absolviert werden. Ein Start in die T\u00e4tigkeit als Kursleitender ist in der Regel auch ohne didaktische Ausbildung m\u00f6glich.<\/p>\n\n\n\n<p><strong><em>Woher kommen die Kursleitenden?<\/em><\/strong><br>Eine wichtige Zielgruppe besteht aus Personen, die bereits in der Erwachsenenbildung qualifiziert, aber noch nicht im Sprachbereich t\u00e4tig sind. Mit unserem Projekt m\u00f6chten wir auch Menschen ansprechen, die bereits Unterrichtserfahrung haben, wie Primar- oder Sekundarlehrpersonen. Allerdings unterscheidet sich der Unterricht f\u00fcr Erwachsene von dem f\u00fcr Kinder oder Jugendliche, da er von Lehrpersonen andere Kompetenzen fordert. Auch hier gibt es spezifische Weiterbildungsangebote. Eine dritte wichtige Gruppe sind die Neu- und Quereinsteigenden. In letzter Zeit nutzen zum Beispiel vermehrt Personen aus dem kaufm\u00e4nnischen Bereich die M\u00f6glichkeit, als Kursleitende einzusteigen. Die meisten Sprachkursanbieter bieten Schnupperstunden oder Praktika an, um Interessierten Einblick in die T\u00e4tigkeiten zu geben.<\/p>\n\n\n\n<p><strong><em>Was macht dieses Berufsbild attraktiv?<\/em><\/strong><br>Es ist eine sinnstiftende Arbeit, andere Menschen in einer schwierigen Lebensphase zu unterst\u00fctzen und ihnen dabei zu helfen, ihren Weg zu gehen. Kursleitende erfahren viel Wertsch\u00e4tzung von den Teilnehmenden. Zudem erweitert die Arbeit den eigenen Horizont, da sich Kursleitende nicht nur fachlich, sondern auch auf sozialer und kultureller Ebene weiterentwickeln. Ausserdem bietet diese Arbeit grosse Flexibilit\u00e4t, sowohl was die Arbeitszeit als auch das Pensum betrifft. Teilzeitarbeit auf Mandatsbasis ist ebenso m\u00f6glich wie eine Festanstellung im Vollzeitpensum. Dank den vielf\u00e4ltigen M\u00f6glichkeiten st\u00f6sst der Beruf inzwischen auch bei M\u00e4nnern auf wachsendes Interesse. Heute sind M\u00e4nner als Kursleiter gut vertreten, wenn auch noch in der Minderheit.<\/p>\n\n\n\n<p><strong><em>Welches sind die gr\u00f6ssten Herausforderungen?<\/em><\/strong><br>Die Heterogenit\u00e4t der Kursteilnehmenden bez\u00fcglich Alter, Herkunft und Lerntempo. Es gibt Kurse, da sitzen 25-J\u00e4hrige mit 75-J\u00e4rhgen zusammen. Ukrainerinnen neben Russen. In einem solchen Umfeld ein Gruppengef\u00fchl zu schaffen und gleichzeitig auf individuelle Lernziele und -bed\u00fcrfnisse einzugehen, kann \u00e4usserst anspruchsvoll sein.<\/p>\n\n\n\n<p><strong><em>Wer eignet sich f\u00fcr diesen Beruf?<\/em><\/strong><br>Menschen, die Freue und Interesse an anderen Menschen haben, empathief\u00e4hig sind und interkulturelle Sensibilit\u00e4t mitbringen. Wichtig ist auch Geduld, denn die Lernfortschritte der Teilnehmenden sind manchmal klein.<\/p>\n\n\n\n<p><strong><em>Was hat sich ver\u00e4ndert im Beruf des Kursleitenden in den letzten Jahren?<\/em><\/strong><br>Die Digitalisierung ist wohl die gr\u00f6sste Ver\u00e4nderung. Kursleitende m\u00fcssen sich mit den Informations- und Kommunikationstechnologien auskennen und diese im Unterricht einsetzen. Zudem ist die bereits erw\u00e4hnte Alltags- und Handlungsorientierung in letzter Zeit fester Bestandteil des Unterrichts geworden. Das stellt h\u00f6here Anforderungen an die Kursleitenden in Bezug auf Vorbereitung und Durchf\u00fchrung des Unterrichts.<\/p>\n\n\n\n<p><em>Dieses Interview erschien in der Beilage Alpha des Tages-Anzeigers am 5. Oktober 2024.<\/em><\/p>\n\n\n\n<h2 class=\"wp-block-heading\">Weitere Informationen<\/h2>\n\n\n\n<div class=\"wp-block-buttons is-layout-flex wp-block-buttons-is-layout-flex\">\n<div class=\"wp-block-button has-custom-width wp-block-button__width-100 is-style-minimal\"><a class=\"wp-block-button__link wp-element-button\" href=\"http:\/\/www.deutschunterrichten.ch\" target=\"_blank\" rel=\"noreferrer noopener\">Website Deutschunterrichten.ch<\/a><\/div>\n\n\n\n<div class=\"wp-block-button has-custom-width wp-block-button__width-100 is-style-minimal\"><a class=\"wp-block-button__link wp-element-button\" href=\"https:\/\/alice.ch\/de\/news\/wegen-mangels-dringend-gesucht-sprachkursleitende-im-integrationsbereich\/\">Wegen Mangels dringend gesucht: Sprachkursleitende im Integrationsbereich<\/a><\/div>\n<\/div>\n","protected":false},"excerpt":{"rendered":"<p>In der Integrationsf\u00f6rderung herrscht Fachkr\u00e4ftemangel: Es fehlen Kursleitende f\u00fcr den Deutschunterricht. Eine Projektgruppe bestehend aus Hochschulen, Weiterbildungsanbietern und dem SVEB [&hellip;]<\/p>\n","protected":false},"author":27,"featured_media":62965,"template":"","meta":{"_acf_changed":false,"inline_featured_image":false,"footnotes":""},"news-category":[31],"global-category":[],"class_list":["post-62962","news","type-news","status-publish","has-post-thumbnail","hentry","news-category-branche"],"acf":[],"yoast_head":"<!-- This site is optimized with the Yoast SEO plugin v27.3 - https:\/\/yoast.com\/product\/yoast-seo-wordpress\/ -->\n<title>\u00abDie Integrationsf\u00f6rderung kann momentan ihren Auftrag in Bezug auf die Sprachf\u00f6rderung nicht vollumf\u00e4nglich erf\u00fcllen\u00bb - SVEB<\/title>\n<meta name=\"robots\" content=\"index, follow, max-snippet:-1, max-image-preview:large, max-video-preview:-1\" \/>\n<link rel=\"canonical\" href=\"https:\/\/alice.ch\/de\/news\/die-integrationsfoerderung-kann-momentan-ihren-auftrag-in-bezug-auf-die-sprachfoerderung-nicht-vollumfaenglich-erfuellen\/\" \/>\n<meta property=\"og:locale\" content=\"de_DE\" \/>\n<meta property=\"og:type\" content=\"article\" \/>\n<meta property=\"og:title\" content=\"\u00abDie Integrationsf\u00f6rderung kann momentan ihren Auftrag in Bezug auf die Sprachf\u00f6rderung nicht vollumf\u00e4nglich erf\u00fcllen\u00bb - SVEB\" \/>\n<meta property=\"og:description\" content=\"In der Integrationsf\u00f6rderung herrscht Fachkr\u00e4ftemangel: Es fehlen Kursleitende f\u00fcr den Deutschunterricht. Eine Projektgruppe bestehend aus Hochschulen, Weiterbildungsanbietern und dem SVEB [&hellip;]\" \/>\n<meta property=\"og:url\" content=\"https:\/\/alice.ch\/de\/news\/die-integrationsfoerderung-kann-momentan-ihren-auftrag-in-bezug-auf-die-sprachfoerderung-nicht-vollumfaenglich-erfuellen\/\" \/>\n<meta property=\"og:site_name\" content=\"SVEB\" \/>\n<meta property=\"article:modified_time\" content=\"2024-10-10T14:10:55+00:00\" \/>\n<meta property=\"og:image\" content=\"https:\/\/alice.ch\/app\/uploads\/2024\/10\/PUP_64291.jpg\" \/>\n\t<meta property=\"og:image:width\" content=\"1200\" \/>\n\t<meta property=\"og:image:height\" content=\"627\" \/>\n\t<meta property=\"og:image:type\" content=\"image\/jpeg\" \/>\n<meta name=\"twitter:card\" content=\"summary_large_image\" \/>\n<meta name=\"twitter:label1\" content=\"Gesch\u00e4tzte Lesezeit\" \/>\n\t<meta name=\"twitter:data1\" content=\"4\u00a0Minuten\" \/>\n<script type=\"application\/ld+json\" class=\"yoast-schema-graph\">{\"@context\":\"https:\\\/\\\/schema.org\",\"@graph\":[{\"@type\":\"WebPage\",\"@id\":\"https:\\\/\\\/alice.ch\\\/de\\\/news\\\/die-integrationsfoerderung-kann-momentan-ihren-auftrag-in-bezug-auf-die-sprachfoerderung-nicht-vollumfaenglich-erfuellen\\\/\",\"url\":\"https:\\\/\\\/alice.ch\\\/de\\\/news\\\/die-integrationsfoerderung-kann-momentan-ihren-auftrag-in-bezug-auf-die-sprachfoerderung-nicht-vollumfaenglich-erfuellen\\\/\",\"name\":\"\u00abDie Integrationsf\u00f6rderung kann momentan ihren Auftrag in Bezug auf die Sprachf\u00f6rderung nicht vollumf\u00e4nglich erf\u00fcllen\u00bb - SVEB\",\"isPartOf\":{\"@id\":\"https:\\\/\\\/alice.ch\\\/de\\\/#website\"},\"primaryImageOfPage\":{\"@id\":\"https:\\\/\\\/alice.ch\\\/de\\\/news\\\/die-integrationsfoerderung-kann-momentan-ihren-auftrag-in-bezug-auf-die-sprachfoerderung-nicht-vollumfaenglich-erfuellen\\\/#primaryimage\"},\"image\":{\"@id\":\"https:\\\/\\\/alice.ch\\\/de\\\/news\\\/die-integrationsfoerderung-kann-momentan-ihren-auftrag-in-bezug-auf-die-sprachfoerderung-nicht-vollumfaenglich-erfuellen\\\/#primaryimage\"},\"thumbnailUrl\":\"https:\\\/\\\/alice.ch\\\/app\\\/uploads\\\/2024\\\/10\\\/PUP_64291.jpg\",\"datePublished\":\"2024-10-10T14:10:53+00:00\",\"dateModified\":\"2024-10-10T14:10:55+00:00\",\"breadcrumb\":{\"@id\":\"https:\\\/\\\/alice.ch\\\/de\\\/news\\\/die-integrationsfoerderung-kann-momentan-ihren-auftrag-in-bezug-auf-die-sprachfoerderung-nicht-vollumfaenglich-erfuellen\\\/#breadcrumb\"},\"inLanguage\":\"de\",\"potentialAction\":[{\"@type\":\"ReadAction\",\"target\":[\"https:\\\/\\\/alice.ch\\\/de\\\/news\\\/die-integrationsfoerderung-kann-momentan-ihren-auftrag-in-bezug-auf-die-sprachfoerderung-nicht-vollumfaenglich-erfuellen\\\/\"]}]},{\"@type\":\"ImageObject\",\"inLanguage\":\"de\",\"@id\":\"https:\\\/\\\/alice.ch\\\/de\\\/news\\\/die-integrationsfoerderung-kann-momentan-ihren-auftrag-in-bezug-auf-die-sprachfoerderung-nicht-vollumfaenglich-erfuellen\\\/#primaryimage\",\"url\":\"https:\\\/\\\/alice.ch\\\/app\\\/uploads\\\/2024\\\/10\\\/PUP_64291.jpg\",\"contentUrl\":\"https:\\\/\\\/alice.ch\\\/app\\\/uploads\\\/2024\\\/10\\\/PUP_64291.jpg\",\"width\":1200,\"height\":627},{\"@type\":\"BreadcrumbList\",\"@id\":\"https:\\\/\\\/alice.ch\\\/de\\\/news\\\/die-integrationsfoerderung-kann-momentan-ihren-auftrag-in-bezug-auf-die-sprachfoerderung-nicht-vollumfaenglich-erfuellen\\\/#breadcrumb\",\"itemListElement\":[{\"@type\":\"ListItem\",\"position\":1,\"name\":\"Startseite\",\"item\":\"https:\\\/\\\/alice.ch\\\/de\\\/\"},{\"@type\":\"ListItem\",\"position\":2,\"name\":\"\u00abDie Integrationsf\u00f6rderung kann momentan ihren Auftrag in Bezug auf die Sprachf\u00f6rderung nicht vollumf\u00e4nglich erf\u00fcllen\u00bb\"}]},{\"@type\":\"WebSite\",\"@id\":\"https:\\\/\\\/alice.ch\\\/de\\\/#website\",\"url\":\"https:\\\/\\\/alice.ch\\\/de\\\/\",\"name\":\"alice.ch (Adult Learning Information Center) ist das Portal der Weiterbildung in der Schweiz.\",\"description\":\"Schweizerischer Verband f\u00fcr Weiterbildung\",\"publisher\":{\"@id\":\"https:\\\/\\\/alice.ch\\\/de\\\/#organization\"},\"potentialAction\":[{\"@type\":\"SearchAction\",\"target\":{\"@type\":\"EntryPoint\",\"urlTemplate\":\"https:\\\/\\\/alice.ch\\\/de\\\/?s={search_term_string}\"},\"query-input\":{\"@type\":\"PropertyValueSpecification\",\"valueRequired\":true,\"valueName\":\"search_term_string\"}}],\"inLanguage\":\"de\"},{\"@type\":\"Organization\",\"@id\":\"https:\\\/\\\/alice.ch\\\/de\\\/#organization\",\"name\":\"SVEB Schweizerischer Verband f\u00fcr Weiterbildung\",\"url\":\"https:\\\/\\\/alice.ch\\\/de\\\/\",\"logo\":{\"@type\":\"ImageObject\",\"inLanguage\":\"de\",\"@id\":\"https:\\\/\\\/alice.ch\\\/de\\\/#\\\/schema\\\/logo\\\/image\\\/\",\"url\":\"https:\\\/\\\/alice.ch\\\/app\\\/uploads\\\/2022\\\/07\\\/logo-sveb.png\",\"contentUrl\":\"https:\\\/\\\/alice.ch\\\/app\\\/uploads\\\/2022\\\/07\\\/logo-sveb.png\",\"width\":145,\"height\":64,\"caption\":\"SVEB Schweizerischer Verband f\u00fcr Weiterbildung\"},\"image\":{\"@id\":\"https:\\\/\\\/alice.ch\\\/de\\\/#\\\/schema\\\/logo\\\/image\\\/\"},\"sameAs\":[\"https:\\\/\\\/www.linkedin.com\\\/company\\\/schweizerischer-verband-fr-weiterbildung-sveb\\\/\"]}]}<\/script>\n<!-- \/ Yoast SEO plugin. -->","yoast_head_json":{"title":"\u00abDie Integrationsf\u00f6rderung kann momentan ihren Auftrag in Bezug auf die Sprachf\u00f6rderung nicht vollumf\u00e4nglich erf\u00fcllen\u00bb - SVEB","robots":{"index":"index","follow":"follow","max-snippet":"max-snippet:-1","max-image-preview":"max-image-preview:large","max-video-preview":"max-video-preview:-1"},"canonical":"https:\/\/alice.ch\/de\/news\/die-integrationsfoerderung-kann-momentan-ihren-auftrag-in-bezug-auf-die-sprachfoerderung-nicht-vollumfaenglich-erfuellen\/","og_locale":"de_DE","og_type":"article","og_title":"\u00abDie Integrationsf\u00f6rderung kann momentan ihren Auftrag in Bezug auf die Sprachf\u00f6rderung nicht vollumf\u00e4nglich erf\u00fcllen\u00bb - SVEB","og_description":"In der Integrationsf\u00f6rderung herrscht Fachkr\u00e4ftemangel: Es fehlen Kursleitende f\u00fcr den Deutschunterricht. Eine Projektgruppe bestehend aus Hochschulen, Weiterbildungsanbietern und dem SVEB [&hellip;]","og_url":"https:\/\/alice.ch\/de\/news\/die-integrationsfoerderung-kann-momentan-ihren-auftrag-in-bezug-auf-die-sprachfoerderung-nicht-vollumfaenglich-erfuellen\/","og_site_name":"SVEB","article_modified_time":"2024-10-10T14:10:55+00:00","og_image":[{"width":1200,"height":627,"url":"https:\/\/alice.ch\/app\/uploads\/2024\/10\/PUP_64291.jpg","type":"image\/jpeg"}],"twitter_card":"summary_large_image","twitter_misc":{"Gesch\u00e4tzte Lesezeit":"4\u00a0Minuten"},"schema":{"@context":"https:\/\/schema.org","@graph":[{"@type":"WebPage","@id":"https:\/\/alice.ch\/de\/news\/die-integrationsfoerderung-kann-momentan-ihren-auftrag-in-bezug-auf-die-sprachfoerderung-nicht-vollumfaenglich-erfuellen\/","url":"https:\/\/alice.ch\/de\/news\/die-integrationsfoerderung-kann-momentan-ihren-auftrag-in-bezug-auf-die-sprachfoerderung-nicht-vollumfaenglich-erfuellen\/","name":"\u00abDie Integrationsf\u00f6rderung kann momentan ihren Auftrag in Bezug auf die Sprachf\u00f6rderung nicht vollumf\u00e4nglich erf\u00fcllen\u00bb - SVEB","isPartOf":{"@id":"https:\/\/alice.ch\/de\/#website"},"primaryImageOfPage":{"@id":"https:\/\/alice.ch\/de\/news\/die-integrationsfoerderung-kann-momentan-ihren-auftrag-in-bezug-auf-die-sprachfoerderung-nicht-vollumfaenglich-erfuellen\/#primaryimage"},"image":{"@id":"https:\/\/alice.ch\/de\/news\/die-integrationsfoerderung-kann-momentan-ihren-auftrag-in-bezug-auf-die-sprachfoerderung-nicht-vollumfaenglich-erfuellen\/#primaryimage"},"thumbnailUrl":"https:\/\/alice.ch\/app\/uploads\/2024\/10\/PUP_64291.jpg","datePublished":"2024-10-10T14:10:53+00:00","dateModified":"2024-10-10T14:10:55+00:00","breadcrumb":{"@id":"https:\/\/alice.ch\/de\/news\/die-integrationsfoerderung-kann-momentan-ihren-auftrag-in-bezug-auf-die-sprachfoerderung-nicht-vollumfaenglich-erfuellen\/#breadcrumb"},"inLanguage":"de","potentialAction":[{"@type":"ReadAction","target":["https:\/\/alice.ch\/de\/news\/die-integrationsfoerderung-kann-momentan-ihren-auftrag-in-bezug-auf-die-sprachfoerderung-nicht-vollumfaenglich-erfuellen\/"]}]},{"@type":"ImageObject","inLanguage":"de","@id":"https:\/\/alice.ch\/de\/news\/die-integrationsfoerderung-kann-momentan-ihren-auftrag-in-bezug-auf-die-sprachfoerderung-nicht-vollumfaenglich-erfuellen\/#primaryimage","url":"https:\/\/alice.ch\/app\/uploads\/2024\/10\/PUP_64291.jpg","contentUrl":"https:\/\/alice.ch\/app\/uploads\/2024\/10\/PUP_64291.jpg","width":1200,"height":627},{"@type":"BreadcrumbList","@id":"https:\/\/alice.ch\/de\/news\/die-integrationsfoerderung-kann-momentan-ihren-auftrag-in-bezug-auf-die-sprachfoerderung-nicht-vollumfaenglich-erfuellen\/#breadcrumb","itemListElement":[{"@type":"ListItem","position":1,"name":"Startseite","item":"https:\/\/alice.ch\/de\/"},{"@type":"ListItem","position":2,"name":"\u00abDie Integrationsf\u00f6rderung kann momentan ihren Auftrag in Bezug auf die Sprachf\u00f6rderung nicht vollumf\u00e4nglich erf\u00fcllen\u00bb"}]},{"@type":"WebSite","@id":"https:\/\/alice.ch\/de\/#website","url":"https:\/\/alice.ch\/de\/","name":"alice.ch (Adult Learning Information Center) ist das Portal der Weiterbildung in der Schweiz.","description":"Schweizerischer Verband f\u00fcr Weiterbildung","publisher":{"@id":"https:\/\/alice.ch\/de\/#organization"},"potentialAction":[{"@type":"SearchAction","target":{"@type":"EntryPoint","urlTemplate":"https:\/\/alice.ch\/de\/?s={search_term_string}"},"query-input":{"@type":"PropertyValueSpecification","valueRequired":true,"valueName":"search_term_string"}}],"inLanguage":"de"},{"@type":"Organization","@id":"https:\/\/alice.ch\/de\/#organization","name":"SVEB Schweizerischer Verband f\u00fcr Weiterbildung","url":"https:\/\/alice.ch\/de\/","logo":{"@type":"ImageObject","inLanguage":"de","@id":"https:\/\/alice.ch\/de\/#\/schema\/logo\/image\/","url":"https:\/\/alice.ch\/app\/uploads\/2022\/07\/logo-sveb.png","contentUrl":"https:\/\/alice.ch\/app\/uploads\/2022\/07\/logo-sveb.png","width":145,"height":64,"caption":"SVEB Schweizerischer Verband f\u00fcr Weiterbildung"},"image":{"@id":"https:\/\/alice.ch\/de\/#\/schema\/logo\/image\/"},"sameAs":["https:\/\/www.linkedin.com\/company\/schweizerischer-verband-fr-weiterbildung-sveb\/"]}]}},"_links":{"self":[{"href":"https:\/\/alice.ch\/de\/wp-json\/wp\/v2\/news\/62962","targetHints":{"allow":["GET"]}}],"collection":[{"href":"https:\/\/alice.ch\/de\/wp-json\/wp\/v2\/news"}],"about":[{"href":"https:\/\/alice.ch\/de\/wp-json\/wp\/v2\/types\/news"}],"author":[{"embeddable":true,"href":"https:\/\/alice.ch\/de\/wp-json\/wp\/v2\/users\/27"}],"version-history":[{"count":3,"href":"https:\/\/alice.ch\/de\/wp-json\/wp\/v2\/news\/62962\/revisions"}],"predecessor-version":[{"id":63150,"href":"https:\/\/alice.ch\/de\/wp-json\/wp\/v2\/news\/62962\/revisions\/63150"}],"wp:featuredmedia":[{"embeddable":true,"href":"https:\/\/alice.ch\/de\/wp-json\/wp\/v2\/media\/62965"}],"wp:attachment":[{"href":"https:\/\/alice.ch\/de\/wp-json\/wp\/v2\/media?parent=62962"}],"wp:term":[{"taxonomy":"news-category","embeddable":true,"href":"https:\/\/alice.ch\/de\/wp-json\/wp\/v2\/news-category?post=62962"},{"taxonomy":"global-category","embeddable":true,"href":"https:\/\/alice.ch\/de\/wp-json\/wp\/v2\/global-category?post=62962"}],"curies":[{"name":"wp","href":"https:\/\/api.w.org\/{rel}","templated":true}]}}