{"id":63786,"date":"2024-11-12T17:06:57","date_gmt":"2024-11-12T16:06:57","guid":{"rendered":"https:\/\/alice.ch\/?post_type=news&#038;p=63786"},"modified":"2024-11-14T08:34:40","modified_gmt":"2024-11-14T07:34:40","slug":"geringqualifizierte-in-der-hotellerie-und-gastronomie-foerdern","status":"publish","type":"news","link":"https:\/\/alice.ch\/de\/news\/geringqualifizierte-in-der-hotellerie-und-gastronomie-foerdern\/","title":{"rendered":"Geringqualifizierte in der Hotellerie und Gastronomie f\u00f6rdern"},"content":{"rendered":"\n<p class=\"is-style-lead\">Wie k\u00f6nnen Mitarbeitende weitergebildet werden? Diese Frage stand im Zentrum eines SVEB-Anlasses: Vertreterinnen und Vertreter aus Gastrobetrieben gaben Einblicke, warum sie ihre Mitarbeitenden f\u00f6rdern und wie sie mit den Herausforderungen umgehen.<\/p>\n\n\n\n<p><em>Text und Bild: Christine B\u00e4rlocher und Sofie Gollob<\/em><\/p>\n\n\n\n<p>Kleine Betriebe in der Gastronomie und Hotellerie sind zur\u00fcckhaltend, wenn es um die Weiterbildung ihrer geringqualifizierten Mitarbeitenden geht. Das hat die <a href=\"https:\/\/alice.ch\/de\/forschung\/forschungsaktivitaeten-des-sveb\/kmu-studie\/\">KMU-Studie des SVEB<\/a> gezeigt.<br><br>Wie lassen sich die KMU hier unterst\u00fctzen, um das brachliegende Potenzial zu nutzen?<br><br>Das diskutierten am 11. November 2024 rund 50 Fachleute aus Betrieben, Bildungsanbieter sowie Vertreterinnen und Vertreter aus Verb\u00e4nden und der Verwaltung an einer Tagung des SVEB in Z\u00fcrich.<\/p>\n\n\n\n<h2 class=\"wp-block-heading\">Best practices<\/h2>\n\n\n\n<p>Zwei Bildungsangebote wurden am Anlass vorgestellt:<\/p>\n\n\n\n<p>Heinz Gerig von Hotel &amp; Gastro formation Schweiz zeigte anhand der Basisqualifikation \u00ab<a href=\"https:\/\/mein-progresso.ch\/\" target=\"_blank\" rel=\"noreferrer noopener\">Progresso<\/a>\u00bb auf, wie die Teilnehmenden in modularen Bildungsg\u00e4ngen und \u00fcber \u00ablearning-by-doing\u00bb schrittweise bis zum Berufsabschluss kommen k\u00f6nnen \u2013 ohne Kosten f\u00fcr die Unternehmen, nach dem Motto \u00abvon der Hilfskraft zur Fachkraft\u00bb.<br><br>Christine B\u00e4rlocher pr\u00e4sentierte das F\u00f6rderprogramm <a href=\"https:\/\/www.einfach-besser.ch\/betriebe.cfm\" target=\"_blank\" rel=\"noreferrer noopener\">\u00abEinfach besser! &#8230; am Arbeitsplatz\u00bb<\/a>, in welchem Bund und Kantone Betriebe unterst\u00fctzen, die die Grundkompetenzen der Mitarbeitenden st\u00e4rken \u2013 Lesen, Schreiben, einfach Computeranwendungen, Rechnen und Sprache. Die Betriebe bestimmen die Inhalte und setzen den Kurs mit einem Anbieter nach Wahl direkt vor Ort um. Die Kurse eignen sich schon f\u00fcr kleine Gastrounternehmen ab drei Personen.<\/p>\n\n\n\n<h2 class=\"wp-block-heading\">Learnings aus der Diskussion<\/h2>\n\n\n\n<p>Der Anlass konnte aufzeigen, dass Betriebe mit der Weiterbildung geringqualifizierter Mitarbeitenden in die Qualit\u00e4t ihrer Dienstleistung investieren. F\u00fcr die Motivation der Mitarbeitenden ist es wichtig, eine Lernkultur zu schaffen im Betrieb, die es erm\u00f6glicht, \u00fcber Fehler zu sprechen und \u00c4ngste abzubauen. So hat Weiterbildung das Potenzial, die Loyalit\u00e4t der Mitarbeitenden zu erh\u00f6hen und dem Fachkr\u00e4ftemangel entgegenzuwirken.<br><br>Aus den anschliessenden Diskussionen ergaben sich weitere Learnings:<\/p>\n\n\n\n<ul class=\"wp-block-list\">\n<li>Die Betriebe investieren in das Kader, die geringqualifizierten Mitarbeitenden gehen oft \u00abvergessen\u00bb, weil sie sich kaum von sich aus daf\u00fcr einsetzen. Die Wertsch\u00e4tzung durch Weiterbildung ist jedoch gerade bei dieser Zielgruppe sehr hoch.<\/li>\n\n\n\n<li>Die Angebote f\u00fcr diese Zielgruppe sind bei KMU noch viel zu wenig bekannt.<\/li>\n\n\n\n<li>Eine Weiterbildung direkt im Betrieb kann ein T\u00fcr\u00f6ffner sein f\u00fcr die weitere Qualifizierung der Mitarbeitenden \u2013 f\u00fcr den Schritt aus der \u00abGeringqualifizierung\u00bb hin zu einem Berufsabschluss.<\/li>\n<\/ul>\n\n\n\n<h2 class=\"wp-block-heading\">Weitere Informationen<\/h2>\n\n\n\n<div class=\"wp-block-buttons is-layout-flex wp-block-buttons-is-layout-flex\">\n<div class=\"wp-block-button has-custom-width wp-block-button__width-100 is-style-minimal\"><a class=\"wp-block-button__link wp-element-button\" href=\"https:\/\/alice.ch\/de\/event\/mitarbeitende-in-kmu-foerdern-praxisbeispiele-aus-der-gastronomie-und-hotellerie\/\">Tagungsdokumentation \u00abMitarbeitende in KMU f\u00f6rdern\u00bb (11.11.24):<\/a><\/div>\n\n\n\n<div class=\"wp-block-button has-custom-width wp-block-button__width-100 is-style-minimal\"><a class=\"wp-block-button__link wp-element-button\" href=\"https:\/\/alice.ch\/de\/news\/die-kmu-werden-mit-loyalen-motivierten-und-besser-qualifizierten-mitarbeitenden-belohnt\/\">Interview mit Heinz Gerig<\/a><\/div>\n\n\n\n<div class=\"wp-block-button has-custom-width wp-block-button__width-100 is-style-minimal\"><a class=\"wp-block-button__link wp-element-button\" href=\"https:\/\/mein-progresso.ch\/\" target=\"_blank\" rel=\"noreferrer noopener\">Progresso, Lehrgang f\u00fcr Ungelernte im Gastgewerbe<\/a><\/div>\n\n\n\n<div class=\"wp-block-button has-custom-width wp-block-button__width-100 is-style-minimal\"><a class=\"wp-block-button__link wp-element-button\" href=\"https:\/\/www.einfach-besser.ch\/betriebe.cfm\" target=\"_blank\" rel=\"noreferrer noopener\">Nationales F\u00f6rderprogramm \u00abEinfach besser! &#8230; am Arbeitsplatz\u00bb<\/a><\/div>\n<\/div>\n","protected":false},"excerpt":{"rendered":"<p>Wie k\u00f6nnen Mitarbeitende weitergebildet werden? Diese Frage stand im Zentrum eines SVEB-Anlasses: Vertreterinnen und Vertreter aus Gastrobetrieben gaben Einblicke, warum [&hellip;]<\/p>\n","protected":false},"author":27,"featured_media":63788,"template":"","meta":{"_acf_changed":false,"inline_featured_image":false,"footnotes":""},"news-category":[28],"global-category":[],"class_list":["post-63786","news","type-news","status-publish","has-post-thumbnail","hentry","news-category-grundkompetenzen"],"acf":[],"yoast_head":"<!-- This site is optimized with the Yoast SEO plugin v27.3 - https:\/\/yoast.com\/product\/yoast-seo-wordpress\/ -->\n<title>Geringqualifizierte in der Hotellerie und Gastronomie f\u00f6rdern - SVEB<\/title>\n<meta name=\"robots\" content=\"index, follow, max-snippet:-1, max-image-preview:large, max-video-preview:-1\" \/>\n<link rel=\"canonical\" href=\"https:\/\/alice.ch\/de\/news\/geringqualifizierte-in-der-hotellerie-und-gastronomie-foerdern\/\" \/>\n<meta property=\"og:locale\" content=\"de_DE\" \/>\n<meta property=\"og:type\" content=\"article\" \/>\n<meta property=\"og:title\" content=\"Geringqualifizierte in der Hotellerie und Gastronomie f\u00f6rdern - SVEB\" \/>\n<meta property=\"og:description\" content=\"Wie k\u00f6nnen Mitarbeitende weitergebildet werden? Diese Frage stand im Zentrum eines SVEB-Anlasses: Vertreterinnen und Vertreter aus Gastrobetrieben gaben Einblicke, warum [&hellip;]\" \/>\n<meta property=\"og:url\" content=\"https:\/\/alice.ch\/de\/news\/geringqualifizierte-in-der-hotellerie-und-gastronomie-foerdern\/\" \/>\n<meta property=\"og:site_name\" content=\"SVEB\" \/>\n<meta property=\"article:modified_time\" content=\"2024-11-14T07:34:40+00:00\" \/>\n<meta property=\"og:image\" content=\"https:\/\/alice.ch\/app\/uploads\/2024\/11\/Miso-Bar-Binz_Gastro_KMU_einfach-besser-arbeitsplatz_DSC7037_sRGB1.jpg\" \/>\n\t<meta property=\"og:image:width\" content=\"1200\" \/>\n\t<meta property=\"og:image:height\" content=\"627\" \/>\n\t<meta property=\"og:image:type\" content=\"image\/jpeg\" \/>\n<meta name=\"twitter:card\" content=\"summary_large_image\" \/>\n<meta name=\"twitter:label1\" content=\"Gesch\u00e4tzte Lesezeit\" \/>\n\t<meta name=\"twitter:data1\" content=\"2\u00a0Minuten\" \/>\n<script type=\"application\/ld+json\" class=\"yoast-schema-graph\">{\"@context\":\"https:\\\/\\\/schema.org\",\"@graph\":[{\"@type\":\"WebPage\",\"@id\":\"https:\\\/\\\/alice.ch\\\/de\\\/news\\\/geringqualifizierte-in-der-hotellerie-und-gastronomie-foerdern\\\/\",\"url\":\"https:\\\/\\\/alice.ch\\\/de\\\/news\\\/geringqualifizierte-in-der-hotellerie-und-gastronomie-foerdern\\\/\",\"name\":\"Geringqualifizierte in der Hotellerie und Gastronomie f\u00f6rdern - SVEB\",\"isPartOf\":{\"@id\":\"https:\\\/\\\/alice.ch\\\/de\\\/#website\"},\"primaryImageOfPage\":{\"@id\":\"https:\\\/\\\/alice.ch\\\/de\\\/news\\\/geringqualifizierte-in-der-hotellerie-und-gastronomie-foerdern\\\/#primaryimage\"},\"image\":{\"@id\":\"https:\\\/\\\/alice.ch\\\/de\\\/news\\\/geringqualifizierte-in-der-hotellerie-und-gastronomie-foerdern\\\/#primaryimage\"},\"thumbnailUrl\":\"https:\\\/\\\/alice.ch\\\/app\\\/uploads\\\/2024\\\/11\\\/Miso-Bar-Binz_Gastro_KMU_einfach-besser-arbeitsplatz_DSC7037_sRGB1.jpg\",\"datePublished\":\"2024-11-12T16:06:57+00:00\",\"dateModified\":\"2024-11-14T07:34:40+00:00\",\"breadcrumb\":{\"@id\":\"https:\\\/\\\/alice.ch\\\/de\\\/news\\\/geringqualifizierte-in-der-hotellerie-und-gastronomie-foerdern\\\/#breadcrumb\"},\"inLanguage\":\"de\",\"potentialAction\":[{\"@type\":\"ReadAction\",\"target\":[\"https:\\\/\\\/alice.ch\\\/de\\\/news\\\/geringqualifizierte-in-der-hotellerie-und-gastronomie-foerdern\\\/\"]}]},{\"@type\":\"ImageObject\",\"inLanguage\":\"de\",\"@id\":\"https:\\\/\\\/alice.ch\\\/de\\\/news\\\/geringqualifizierte-in-der-hotellerie-und-gastronomie-foerdern\\\/#primaryimage\",\"url\":\"https:\\\/\\\/alice.ch\\\/app\\\/uploads\\\/2024\\\/11\\\/Miso-Bar-Binz_Gastro_KMU_einfach-besser-arbeitsplatz_DSC7037_sRGB1.jpg\",\"contentUrl\":\"https:\\\/\\\/alice.ch\\\/app\\\/uploads\\\/2024\\\/11\\\/Miso-Bar-Binz_Gastro_KMU_einfach-besser-arbeitsplatz_DSC7037_sRGB1.jpg\",\"width\":1200,\"height\":627,\"caption\":\"Mitarbeitende der Miso-Bar Binz\"},{\"@type\":\"BreadcrumbList\",\"@id\":\"https:\\\/\\\/alice.ch\\\/de\\\/news\\\/geringqualifizierte-in-der-hotellerie-und-gastronomie-foerdern\\\/#breadcrumb\",\"itemListElement\":[{\"@type\":\"ListItem\",\"position\":1,\"name\":\"Startseite\",\"item\":\"https:\\\/\\\/alice.ch\\\/de\\\/\"},{\"@type\":\"ListItem\",\"position\":2,\"name\":\"Geringqualifizierte in der Hotellerie und Gastronomie f\u00f6rdern\"}]},{\"@type\":\"WebSite\",\"@id\":\"https:\\\/\\\/alice.ch\\\/de\\\/#website\",\"url\":\"https:\\\/\\\/alice.ch\\\/de\\\/\",\"name\":\"alice.ch (Adult Learning Information Center) ist das Portal der Weiterbildung in der Schweiz.\",\"description\":\"Schweizerischer Verband f\u00fcr Weiterbildung\",\"publisher\":{\"@id\":\"https:\\\/\\\/alice.ch\\\/de\\\/#organization\"},\"potentialAction\":[{\"@type\":\"SearchAction\",\"target\":{\"@type\":\"EntryPoint\",\"urlTemplate\":\"https:\\\/\\\/alice.ch\\\/de\\\/?s={search_term_string}\"},\"query-input\":{\"@type\":\"PropertyValueSpecification\",\"valueRequired\":true,\"valueName\":\"search_term_string\"}}],\"inLanguage\":\"de\"},{\"@type\":\"Organization\",\"@id\":\"https:\\\/\\\/alice.ch\\\/de\\\/#organization\",\"name\":\"SVEB Schweizerischer Verband f\u00fcr Weiterbildung\",\"url\":\"https:\\\/\\\/alice.ch\\\/de\\\/\",\"logo\":{\"@type\":\"ImageObject\",\"inLanguage\":\"de\",\"@id\":\"https:\\\/\\\/alice.ch\\\/de\\\/#\\\/schema\\\/logo\\\/image\\\/\",\"url\":\"https:\\\/\\\/alice.ch\\\/app\\\/uploads\\\/2022\\\/07\\\/logo-sveb.png\",\"contentUrl\":\"https:\\\/\\\/alice.ch\\\/app\\\/uploads\\\/2022\\\/07\\\/logo-sveb.png\",\"width\":145,\"height\":64,\"caption\":\"SVEB Schweizerischer Verband f\u00fcr Weiterbildung\"},\"image\":{\"@id\":\"https:\\\/\\\/alice.ch\\\/de\\\/#\\\/schema\\\/logo\\\/image\\\/\"},\"sameAs\":[\"https:\\\/\\\/www.linkedin.com\\\/company\\\/schweizerischer-verband-fr-weiterbildung-sveb\\\/\"]}]}<\/script>\n<!-- \/ Yoast SEO plugin. -->","yoast_head_json":{"title":"Geringqualifizierte in der Hotellerie und Gastronomie f\u00f6rdern - SVEB","robots":{"index":"index","follow":"follow","max-snippet":"max-snippet:-1","max-image-preview":"max-image-preview:large","max-video-preview":"max-video-preview:-1"},"canonical":"https:\/\/alice.ch\/de\/news\/geringqualifizierte-in-der-hotellerie-und-gastronomie-foerdern\/","og_locale":"de_DE","og_type":"article","og_title":"Geringqualifizierte in der Hotellerie und Gastronomie f\u00f6rdern - SVEB","og_description":"Wie k\u00f6nnen Mitarbeitende weitergebildet werden? Diese Frage stand im Zentrum eines SVEB-Anlasses: Vertreterinnen und Vertreter aus Gastrobetrieben gaben Einblicke, warum [&hellip;]","og_url":"https:\/\/alice.ch\/de\/news\/geringqualifizierte-in-der-hotellerie-und-gastronomie-foerdern\/","og_site_name":"SVEB","article_modified_time":"2024-11-14T07:34:40+00:00","og_image":[{"width":1200,"height":627,"url":"https:\/\/alice.ch\/app\/uploads\/2024\/11\/Miso-Bar-Binz_Gastro_KMU_einfach-besser-arbeitsplatz_DSC7037_sRGB1.jpg","type":"image\/jpeg"}],"twitter_card":"summary_large_image","twitter_misc":{"Gesch\u00e4tzte Lesezeit":"2\u00a0Minuten"},"schema":{"@context":"https:\/\/schema.org","@graph":[{"@type":"WebPage","@id":"https:\/\/alice.ch\/de\/news\/geringqualifizierte-in-der-hotellerie-und-gastronomie-foerdern\/","url":"https:\/\/alice.ch\/de\/news\/geringqualifizierte-in-der-hotellerie-und-gastronomie-foerdern\/","name":"Geringqualifizierte in der Hotellerie und Gastronomie f\u00f6rdern - SVEB","isPartOf":{"@id":"https:\/\/alice.ch\/de\/#website"},"primaryImageOfPage":{"@id":"https:\/\/alice.ch\/de\/news\/geringqualifizierte-in-der-hotellerie-und-gastronomie-foerdern\/#primaryimage"},"image":{"@id":"https:\/\/alice.ch\/de\/news\/geringqualifizierte-in-der-hotellerie-und-gastronomie-foerdern\/#primaryimage"},"thumbnailUrl":"https:\/\/alice.ch\/app\/uploads\/2024\/11\/Miso-Bar-Binz_Gastro_KMU_einfach-besser-arbeitsplatz_DSC7037_sRGB1.jpg","datePublished":"2024-11-12T16:06:57+00:00","dateModified":"2024-11-14T07:34:40+00:00","breadcrumb":{"@id":"https:\/\/alice.ch\/de\/news\/geringqualifizierte-in-der-hotellerie-und-gastronomie-foerdern\/#breadcrumb"},"inLanguage":"de","potentialAction":[{"@type":"ReadAction","target":["https:\/\/alice.ch\/de\/news\/geringqualifizierte-in-der-hotellerie-und-gastronomie-foerdern\/"]}]},{"@type":"ImageObject","inLanguage":"de","@id":"https:\/\/alice.ch\/de\/news\/geringqualifizierte-in-der-hotellerie-und-gastronomie-foerdern\/#primaryimage","url":"https:\/\/alice.ch\/app\/uploads\/2024\/11\/Miso-Bar-Binz_Gastro_KMU_einfach-besser-arbeitsplatz_DSC7037_sRGB1.jpg","contentUrl":"https:\/\/alice.ch\/app\/uploads\/2024\/11\/Miso-Bar-Binz_Gastro_KMU_einfach-besser-arbeitsplatz_DSC7037_sRGB1.jpg","width":1200,"height":627,"caption":"Mitarbeitende der Miso-Bar Binz"},{"@type":"BreadcrumbList","@id":"https:\/\/alice.ch\/de\/news\/geringqualifizierte-in-der-hotellerie-und-gastronomie-foerdern\/#breadcrumb","itemListElement":[{"@type":"ListItem","position":1,"name":"Startseite","item":"https:\/\/alice.ch\/de\/"},{"@type":"ListItem","position":2,"name":"Geringqualifizierte in der Hotellerie und Gastronomie f\u00f6rdern"}]},{"@type":"WebSite","@id":"https:\/\/alice.ch\/de\/#website","url":"https:\/\/alice.ch\/de\/","name":"alice.ch (Adult Learning Information Center) ist das Portal der Weiterbildung in der Schweiz.","description":"Schweizerischer Verband f\u00fcr Weiterbildung","publisher":{"@id":"https:\/\/alice.ch\/de\/#organization"},"potentialAction":[{"@type":"SearchAction","target":{"@type":"EntryPoint","urlTemplate":"https:\/\/alice.ch\/de\/?s={search_term_string}"},"query-input":{"@type":"PropertyValueSpecification","valueRequired":true,"valueName":"search_term_string"}}],"inLanguage":"de"},{"@type":"Organization","@id":"https:\/\/alice.ch\/de\/#organization","name":"SVEB Schweizerischer Verband f\u00fcr Weiterbildung","url":"https:\/\/alice.ch\/de\/","logo":{"@type":"ImageObject","inLanguage":"de","@id":"https:\/\/alice.ch\/de\/#\/schema\/logo\/image\/","url":"https:\/\/alice.ch\/app\/uploads\/2022\/07\/logo-sveb.png","contentUrl":"https:\/\/alice.ch\/app\/uploads\/2022\/07\/logo-sveb.png","width":145,"height":64,"caption":"SVEB Schweizerischer Verband f\u00fcr Weiterbildung"},"image":{"@id":"https:\/\/alice.ch\/de\/#\/schema\/logo\/image\/"},"sameAs":["https:\/\/www.linkedin.com\/company\/schweizerischer-verband-fr-weiterbildung-sveb\/"]}]}},"_links":{"self":[{"href":"https:\/\/alice.ch\/de\/wp-json\/wp\/v2\/news\/63786","targetHints":{"allow":["GET"]}}],"collection":[{"href":"https:\/\/alice.ch\/de\/wp-json\/wp\/v2\/news"}],"about":[{"href":"https:\/\/alice.ch\/de\/wp-json\/wp\/v2\/types\/news"}],"author":[{"embeddable":true,"href":"https:\/\/alice.ch\/de\/wp-json\/wp\/v2\/users\/27"}],"version-history":[{"count":6,"href":"https:\/\/alice.ch\/de\/wp-json\/wp\/v2\/news\/63786\/revisions"}],"predecessor-version":[{"id":63806,"href":"https:\/\/alice.ch\/de\/wp-json\/wp\/v2\/news\/63786\/revisions\/63806"}],"wp:featuredmedia":[{"embeddable":true,"href":"https:\/\/alice.ch\/de\/wp-json\/wp\/v2\/media\/63788"}],"wp:attachment":[{"href":"https:\/\/alice.ch\/de\/wp-json\/wp\/v2\/media?parent=63786"}],"wp:term":[{"taxonomy":"news-category","embeddable":true,"href":"https:\/\/alice.ch\/de\/wp-json\/wp\/v2\/news-category?post=63786"},{"taxonomy":"global-category","embeddable":true,"href":"https:\/\/alice.ch\/de\/wp-json\/wp\/v2\/global-category?post=63786"}],"curies":[{"name":"wp","href":"https:\/\/api.w.org\/{rel}","templated":true}]}}