{"id":65316,"date":"2025-01-27T08:54:28","date_gmt":"2025-01-27T07:54:28","guid":{"rendered":"https:\/\/alice.ch\/?post_type=news&#038;p=65316"},"modified":"2025-05-13T13:25:15","modified_gmt":"2025-05-13T11:25:15","slug":"mit-virtual-reality-eingliederung-und-teilhabe-foerdern","status":"publish","type":"news","link":"https:\/\/alice.ch\/de\/news\/mit-virtual-reality-eingliederung-und-teilhabe-foerdern\/","title":{"rendered":"Mit Virtual Reality Eingliederung und Teilhabe f\u00f6rdern"},"content":{"rendered":"\n<p class=\"is-style-lead\">Welches Potential haben XR-Technologien im Sprachunterricht f\u00fcr Frauen mit Migrationshintergrund? Wie k\u00f6nnen damit Sprachbarrieren \u00fcberwunden werden? Diese Fragen standen im Zentrum des internationalen Projektes XR-Women, welches Ende 2024 abgeschlossen wurde.\u00a0<\/p>\n\n\n\n<p>Das Projektkonsortium, bestehend aus Partnern\u00a0 aus Griechenland, Polen, Tschechien, Zypern und der Schweiz, hat sich w\u00e4hrend zwei Jahren intensiv mit Fragen zum Potenzial von XR-Technologien f\u00fcr den Sprachunterricht auseinandergesetzt. Im Fokus stand dabei die Zielgruppe Frauen mit Migrationshintergrund. Entstanden sind Konzepte, um mit XR-Technologien den Spracherwerb dieser Zielgruppe zu f\u00f6rdern und mit Hilfe von XR m\u00f6gliche Sprachbarrieren zu \u00fcberwinden.\u00a0\u00a0<\/p>\n\n\n\n<p>F\u00fcr das Projekt hat das Konsortium in einer ersten Phase intensive Recherchearbeit betrieben. Darauf aufbauend haben die Projektpartner in ihren jeweiligen L\u00e4ndern Umfragen bei entsprechenden Anbietern zur Nutzung von XR durchgef\u00fchrt. Und schliesslich wurden in einer Pilotphase in den verschiedenen L\u00e4ndern Unterricht mit XR-Technologien umgesetzt. <\/p>\n\n\n\n<h2 class=\"wp-block-heading\">Test in mehreren Gruppen<\/h2>\n\n\n\n<p>In der Schweiz hat die Academia Integration Sprachunterricht mit XR-Technologien in mehreren Gruppen getestet. Die Teilnehmenden waren interessiert und motiviert, mit den neuen Technologien zu arbeiten. <a href=\"https:\/\/alice.ch\/de\/news\/fast-alle-wuerden-wieder-damit-arbeiten\/\">Auch die Dozierenden haben den Einsatz der XR Technologien positiv bewertet<\/a>, obwohl es einige technische H\u00fcrden bei der Nutzung zu \u00fcberwinden gab.\u00a0<\/p>\n\n\n\n<p>Die Erkenntnisse aus der Recherche, der Umfrage und der Pilotphase sind in die Produkte eingeflossen, die w\u00e4hrend des Projekts erarbeitet wurden. Die Produkte stehen allen Interessierten zur Verf\u00fcgung, namentlich sind dies eine <a href=\"https:\/\/xrwomenproject.eu\/de\/elearning\/\" target=\"_blank\" rel=\"noreferrer noopener\">Projektwebsite<\/a> mit Hintergrundinformationen zum Projekt und Thema, eine <a href=\"https:\/\/xrwomenproject.eu\/de\/elearning\/\" target=\"_blank\" rel=\"noreferrer noopener\">E-Learning Umgebung<\/a> mit Projektmaterial, Informationen und Vernetzungsm\u00f6glichkeiten und ein <a href=\"https:\/\/xrwomenproject.eu\/de\/toolkit\/\" target=\"_blank\" rel=\"noreferrer noopener\">Toolkit f\u00fcr Ausbildende<\/a>, die XR-Technologien in ihrem Unterricht nutzen m\u00f6chten.\u00a0\u00a0<\/p>\n\n\n\n<h2 class=\"wp-block-heading\">Weitere Informationen<\/h2>\n\n\n\n<div class=\"wp-block-buttons is-layout-flex wp-block-buttons-is-layout-flex\">\n<div class=\"wp-block-button has-custom-width wp-block-button__width-100 is-style-minimal\"><a class=\"wp-block-button__link wp-element-button\" href=\"https:\/\/alice.ch\/de\/project\/xr-women\/\">zum Projekt<\/a><\/div>\n<\/div>\n","protected":false},"excerpt":{"rendered":"<p>Welches Potential haben XR-Technologien im Sprachunterricht f\u00fcr Frauen mit Migrationshintergrund? Wie k\u00f6nnen damit Sprachbarrieren \u00fcberwunden werden? Diese Fragen standen im [&hellip;]<\/p>\n","protected":false},"author":27,"featured_media":56419,"template":"","meta":{"_acf_changed":false,"inline_featured_image":false,"footnotes":""},"news-category":[29],"global-category":[426],"class_list":["post-65316","news","type-news","status-publish","has-post-thumbnail","hentry","news-category-digitalisierung","global-category-movetia"],"acf":[],"yoast_head":"<!-- This site is optimized with the Yoast SEO plugin v27.3 - https:\/\/yoast.com\/product\/yoast-seo-wordpress\/ -->\n<title>Mit Virtual Reality Eingliederung und Teilhabe f\u00f6rdern - SVEB<\/title>\n<meta name=\"robots\" content=\"index, follow, max-snippet:-1, max-image-preview:large, max-video-preview:-1\" \/>\n<link rel=\"canonical\" href=\"https:\/\/alice.ch\/de\/news\/mit-virtual-reality-eingliederung-und-teilhabe-foerdern\/\" \/>\n<meta property=\"og:locale\" content=\"de_DE\" \/>\n<meta property=\"og:type\" content=\"article\" \/>\n<meta property=\"og:title\" content=\"Mit Virtual Reality Eingliederung und Teilhabe f\u00f6rdern - SVEB\" \/>\n<meta property=\"og:description\" content=\"Welches Potential haben XR-Technologien im Sprachunterricht f\u00fcr Frauen mit Migrationshintergrund? Wie k\u00f6nnen damit Sprachbarrieren \u00fcberwunden werden? Diese Fragen standen im [&hellip;]\" \/>\n<meta property=\"og:url\" content=\"https:\/\/alice.ch\/de\/news\/mit-virtual-reality-eingliederung-und-teilhabe-foerdern\/\" \/>\n<meta property=\"og:site_name\" content=\"SVEB\" \/>\n<meta property=\"article:modified_time\" content=\"2025-05-13T11:25:15+00:00\" \/>\n<meta property=\"og:image\" content=\"https:\/\/alice.ch\/app\/uploads\/2023\/12\/20230411_161511-crop.png\" \/>\n\t<meta property=\"og:image:width\" content=\"1200\" \/>\n\t<meta property=\"og:image:height\" content=\"627\" \/>\n\t<meta property=\"og:image:type\" content=\"image\/png\" \/>\n<meta name=\"twitter:card\" content=\"summary_large_image\" \/>\n<meta name=\"twitter:label1\" content=\"Gesch\u00e4tzte Lesezeit\" \/>\n\t<meta name=\"twitter:data1\" content=\"1\u00a0Minute\" \/>\n<script type=\"application\/ld+json\" class=\"yoast-schema-graph\">{\"@context\":\"https:\\\/\\\/schema.org\",\"@graph\":[{\"@type\":\"WebPage\",\"@id\":\"https:\\\/\\\/alice.ch\\\/de\\\/news\\\/mit-virtual-reality-eingliederung-und-teilhabe-foerdern\\\/\",\"url\":\"https:\\\/\\\/alice.ch\\\/de\\\/news\\\/mit-virtual-reality-eingliederung-und-teilhabe-foerdern\\\/\",\"name\":\"Mit Virtual Reality Eingliederung und Teilhabe f\u00f6rdern - SVEB\",\"isPartOf\":{\"@id\":\"https:\\\/\\\/alice.ch\\\/de\\\/#website\"},\"primaryImageOfPage\":{\"@id\":\"https:\\\/\\\/alice.ch\\\/de\\\/news\\\/mit-virtual-reality-eingliederung-und-teilhabe-foerdern\\\/#primaryimage\"},\"image\":{\"@id\":\"https:\\\/\\\/alice.ch\\\/de\\\/news\\\/mit-virtual-reality-eingliederung-und-teilhabe-foerdern\\\/#primaryimage\"},\"thumbnailUrl\":\"https:\\\/\\\/alice.ch\\\/app\\\/uploads\\\/2023\\\/12\\\/20230411_161511-crop.png\",\"datePublished\":\"2025-01-27T07:54:28+00:00\",\"dateModified\":\"2025-05-13T11:25:15+00:00\",\"breadcrumb\":{\"@id\":\"https:\\\/\\\/alice.ch\\\/de\\\/news\\\/mit-virtual-reality-eingliederung-und-teilhabe-foerdern\\\/#breadcrumb\"},\"inLanguage\":\"de\",\"potentialAction\":[{\"@type\":\"ReadAction\",\"target\":[\"https:\\\/\\\/alice.ch\\\/de\\\/news\\\/mit-virtual-reality-eingliederung-und-teilhabe-foerdern\\\/\"]}]},{\"@type\":\"ImageObject\",\"inLanguage\":\"de\",\"@id\":\"https:\\\/\\\/alice.ch\\\/de\\\/news\\\/mit-virtual-reality-eingliederung-und-teilhabe-foerdern\\\/#primaryimage\",\"url\":\"https:\\\/\\\/alice.ch\\\/app\\\/uploads\\\/2023\\\/12\\\/20230411_161511-crop.png\",\"contentUrl\":\"https:\\\/\\\/alice.ch\\\/app\\\/uploads\\\/2023\\\/12\\\/20230411_161511-crop.png\",\"width\":1200,\"height\":627,\"caption\":\"Eine SVEB-Mitarbeiterin testet eine Virtual Reality-Brille\"},{\"@type\":\"BreadcrumbList\",\"@id\":\"https:\\\/\\\/alice.ch\\\/de\\\/news\\\/mit-virtual-reality-eingliederung-und-teilhabe-foerdern\\\/#breadcrumb\",\"itemListElement\":[{\"@type\":\"ListItem\",\"position\":1,\"name\":\"Startseite\",\"item\":\"https:\\\/\\\/alice.ch\\\/de\\\/\"},{\"@type\":\"ListItem\",\"position\":2,\"name\":\"Mit Virtual Reality Eingliederung und Teilhabe f\u00f6rdern\"}]},{\"@type\":\"WebSite\",\"@id\":\"https:\\\/\\\/alice.ch\\\/de\\\/#website\",\"url\":\"https:\\\/\\\/alice.ch\\\/de\\\/\",\"name\":\"alice.ch (Adult Learning Information Center) ist das Portal der Weiterbildung in der Schweiz.\",\"description\":\"Schweizerischer Verband f\u00fcr Weiterbildung\",\"publisher\":{\"@id\":\"https:\\\/\\\/alice.ch\\\/de\\\/#organization\"},\"potentialAction\":[{\"@type\":\"SearchAction\",\"target\":{\"@type\":\"EntryPoint\",\"urlTemplate\":\"https:\\\/\\\/alice.ch\\\/de\\\/?s={search_term_string}\"},\"query-input\":{\"@type\":\"PropertyValueSpecification\",\"valueRequired\":true,\"valueName\":\"search_term_string\"}}],\"inLanguage\":\"de\"},{\"@type\":\"Organization\",\"@id\":\"https:\\\/\\\/alice.ch\\\/de\\\/#organization\",\"name\":\"SVEB Schweizerischer Verband f\u00fcr Weiterbildung\",\"url\":\"https:\\\/\\\/alice.ch\\\/de\\\/\",\"logo\":{\"@type\":\"ImageObject\",\"inLanguage\":\"de\",\"@id\":\"https:\\\/\\\/alice.ch\\\/de\\\/#\\\/schema\\\/logo\\\/image\\\/\",\"url\":\"https:\\\/\\\/alice.ch\\\/app\\\/uploads\\\/2022\\\/07\\\/logo-sveb.png\",\"contentUrl\":\"https:\\\/\\\/alice.ch\\\/app\\\/uploads\\\/2022\\\/07\\\/logo-sveb.png\",\"width\":145,\"height\":64,\"caption\":\"SVEB Schweizerischer Verband f\u00fcr Weiterbildung\"},\"image\":{\"@id\":\"https:\\\/\\\/alice.ch\\\/de\\\/#\\\/schema\\\/logo\\\/image\\\/\"},\"sameAs\":[\"https:\\\/\\\/www.linkedin.com\\\/company\\\/schweizerischer-verband-fr-weiterbildung-sveb\\\/\"]}]}<\/script>\n<!-- \/ Yoast SEO plugin. -->","yoast_head_json":{"title":"Mit Virtual Reality Eingliederung und Teilhabe f\u00f6rdern - SVEB","robots":{"index":"index","follow":"follow","max-snippet":"max-snippet:-1","max-image-preview":"max-image-preview:large","max-video-preview":"max-video-preview:-1"},"canonical":"https:\/\/alice.ch\/de\/news\/mit-virtual-reality-eingliederung-und-teilhabe-foerdern\/","og_locale":"de_DE","og_type":"article","og_title":"Mit Virtual Reality Eingliederung und Teilhabe f\u00f6rdern - SVEB","og_description":"Welches Potential haben XR-Technologien im Sprachunterricht f\u00fcr Frauen mit Migrationshintergrund? Wie k\u00f6nnen damit Sprachbarrieren \u00fcberwunden werden? Diese Fragen standen im [&hellip;]","og_url":"https:\/\/alice.ch\/de\/news\/mit-virtual-reality-eingliederung-und-teilhabe-foerdern\/","og_site_name":"SVEB","article_modified_time":"2025-05-13T11:25:15+00:00","og_image":[{"width":1200,"height":627,"url":"https:\/\/alice.ch\/app\/uploads\/2023\/12\/20230411_161511-crop.png","type":"image\/png"}],"twitter_card":"summary_large_image","twitter_misc":{"Gesch\u00e4tzte Lesezeit":"1\u00a0Minute"},"schema":{"@context":"https:\/\/schema.org","@graph":[{"@type":"WebPage","@id":"https:\/\/alice.ch\/de\/news\/mit-virtual-reality-eingliederung-und-teilhabe-foerdern\/","url":"https:\/\/alice.ch\/de\/news\/mit-virtual-reality-eingliederung-und-teilhabe-foerdern\/","name":"Mit Virtual Reality Eingliederung und Teilhabe f\u00f6rdern - SVEB","isPartOf":{"@id":"https:\/\/alice.ch\/de\/#website"},"primaryImageOfPage":{"@id":"https:\/\/alice.ch\/de\/news\/mit-virtual-reality-eingliederung-und-teilhabe-foerdern\/#primaryimage"},"image":{"@id":"https:\/\/alice.ch\/de\/news\/mit-virtual-reality-eingliederung-und-teilhabe-foerdern\/#primaryimage"},"thumbnailUrl":"https:\/\/alice.ch\/app\/uploads\/2023\/12\/20230411_161511-crop.png","datePublished":"2025-01-27T07:54:28+00:00","dateModified":"2025-05-13T11:25:15+00:00","breadcrumb":{"@id":"https:\/\/alice.ch\/de\/news\/mit-virtual-reality-eingliederung-und-teilhabe-foerdern\/#breadcrumb"},"inLanguage":"de","potentialAction":[{"@type":"ReadAction","target":["https:\/\/alice.ch\/de\/news\/mit-virtual-reality-eingliederung-und-teilhabe-foerdern\/"]}]},{"@type":"ImageObject","inLanguage":"de","@id":"https:\/\/alice.ch\/de\/news\/mit-virtual-reality-eingliederung-und-teilhabe-foerdern\/#primaryimage","url":"https:\/\/alice.ch\/app\/uploads\/2023\/12\/20230411_161511-crop.png","contentUrl":"https:\/\/alice.ch\/app\/uploads\/2023\/12\/20230411_161511-crop.png","width":1200,"height":627,"caption":"Eine SVEB-Mitarbeiterin testet eine Virtual Reality-Brille"},{"@type":"BreadcrumbList","@id":"https:\/\/alice.ch\/de\/news\/mit-virtual-reality-eingliederung-und-teilhabe-foerdern\/#breadcrumb","itemListElement":[{"@type":"ListItem","position":1,"name":"Startseite","item":"https:\/\/alice.ch\/de\/"},{"@type":"ListItem","position":2,"name":"Mit Virtual Reality Eingliederung und Teilhabe f\u00f6rdern"}]},{"@type":"WebSite","@id":"https:\/\/alice.ch\/de\/#website","url":"https:\/\/alice.ch\/de\/","name":"alice.ch (Adult Learning Information Center) ist das Portal der Weiterbildung in der Schweiz.","description":"Schweizerischer Verband f\u00fcr Weiterbildung","publisher":{"@id":"https:\/\/alice.ch\/de\/#organization"},"potentialAction":[{"@type":"SearchAction","target":{"@type":"EntryPoint","urlTemplate":"https:\/\/alice.ch\/de\/?s={search_term_string}"},"query-input":{"@type":"PropertyValueSpecification","valueRequired":true,"valueName":"search_term_string"}}],"inLanguage":"de"},{"@type":"Organization","@id":"https:\/\/alice.ch\/de\/#organization","name":"SVEB Schweizerischer Verband f\u00fcr Weiterbildung","url":"https:\/\/alice.ch\/de\/","logo":{"@type":"ImageObject","inLanguage":"de","@id":"https:\/\/alice.ch\/de\/#\/schema\/logo\/image\/","url":"https:\/\/alice.ch\/app\/uploads\/2022\/07\/logo-sveb.png","contentUrl":"https:\/\/alice.ch\/app\/uploads\/2022\/07\/logo-sveb.png","width":145,"height":64,"caption":"SVEB Schweizerischer Verband f\u00fcr Weiterbildung"},"image":{"@id":"https:\/\/alice.ch\/de\/#\/schema\/logo\/image\/"},"sameAs":["https:\/\/www.linkedin.com\/company\/schweizerischer-verband-fr-weiterbildung-sveb\/"]}]}},"_links":{"self":[{"href":"https:\/\/alice.ch\/de\/wp-json\/wp\/v2\/news\/65316","targetHints":{"allow":["GET"]}}],"collection":[{"href":"https:\/\/alice.ch\/de\/wp-json\/wp\/v2\/news"}],"about":[{"href":"https:\/\/alice.ch\/de\/wp-json\/wp\/v2\/types\/news"}],"author":[{"embeddable":true,"href":"https:\/\/alice.ch\/de\/wp-json\/wp\/v2\/users\/27"}],"version-history":[{"count":2,"href":"https:\/\/alice.ch\/de\/wp-json\/wp\/v2\/news\/65316\/revisions"}],"predecessor-version":[{"id":65318,"href":"https:\/\/alice.ch\/de\/wp-json\/wp\/v2\/news\/65316\/revisions\/65318"}],"wp:featuredmedia":[{"embeddable":true,"href":"https:\/\/alice.ch\/de\/wp-json\/wp\/v2\/media\/56419"}],"wp:attachment":[{"href":"https:\/\/alice.ch\/de\/wp-json\/wp\/v2\/media?parent=65316"}],"wp:term":[{"taxonomy":"news-category","embeddable":true,"href":"https:\/\/alice.ch\/de\/wp-json\/wp\/v2\/news-category?post=65316"},{"taxonomy":"global-category","embeddable":true,"href":"https:\/\/alice.ch\/de\/wp-json\/wp\/v2\/global-category?post=65316"}],"curies":[{"name":"wp","href":"https:\/\/api.w.org\/{rel}","templated":true}]}}