{"id":66415,"date":"2025-03-03T14:52:50","date_gmt":"2025-03-03T13:52:50","guid":{"rendered":"https:\/\/alice.ch\/?post_type=news&#038;p=66415"},"modified":"2025-03-03T14:52:53","modified_gmt":"2025-03-03T13:52:53","slug":"leadership-in-education-weltbildungsbericht-wird-im-mai-in-bern-vorgestellt","status":"publish","type":"news","link":"https:\/\/alice.ch\/de\/news\/leadership-in-education-weltbildungsbericht-wird-im-mai-in-bern-vorgestellt\/","title":{"rendered":"\u00abLeadership in Education\u00bb: Weltbildungsbericht wird im Mai in Bern vorgestellt"},"content":{"rendered":"\n<p class=\"is-style-lead\">Die relevantesten Botschaften und Empfehlungen aus dem GEM Report der UNESCO zum Thema F\u00fchrung in der Bildung werden am 14. Mai in Bern pr\u00e4sentiert und diskutiert. &nbsp;<\/p>\n\n\n\n<p><a href=\"https:\/\/www.unesco.org\/gem-report\/fr\/about-us\" target=\"_blank\" rel=\"noreferrer noopener\">Der Global Education Monitoring Report<\/a> (GEM Report) ist ein Weltbildungsbericht, welcher von der UNESCO seit 2002 herausgegeben wird. Er soll die Umsetzung des <a href=\"https:\/\/www.eda.admin.ch\/agenda2030\/de\/home\/agenda-2030\/die-17-ziele-fuer-eine-nachhaltige-entwicklung\/ziel-4-inklusive-gleichberechtigte-und-hochwertige-bildung.html\" target=\"_blank\" rel=\"noreferrer noopener\">SDG 4 \/ Bildung 2030<\/a> \u00fcberwachen und dar\u00fcber berichten. Dabei widmet sich jede Ausgabe einem bestimmten Thema: 2024\/2025 geht es um \u00abLeadership in Education\u00bb.<\/p>\n\n\n\n<p>Am 31. Oktober 2024 wurde der GEM Report 2024\/5 auf der Weltbildungskonferenz in Brasilien ver\u00f6ffentlicht. Er beleuchtet die Rolle von F\u00fchrungskr\u00e4ften in der Bildung und betont, dass Lernerfolge massgeblich auch von Schulleitungen abh\u00e4ngen. Ebenso seien Verantwortliche in Politik und Verwaltung f\u00fcr den Erfolg eines Bildungssystems entscheidend.<\/p>\n\n\n\n<p>Ausserdem zeigt der <a href=\"https:\/\/unesdoc.unesco.org\/ark:\/48223\/pf0000392689\">Bericht<\/a>, dass externe Faktoren, wie soziale, kulturelle und politische Bedingungen einen grossen Einfluss auf den Einsatz von F\u00fchrungskompetenzen in verschiedenen Kontexten haben. Im Zusammenhang mit dem Thema Leadership in der Bildung werden auch faire Einstellungspraktiken, Autonomie und Spielraum, partizipative Schulf\u00fchrung und die Vorbereitung und Weiterbildung der Schulleitungen thematisiert.<\/p>\n\n\n\n<h2 class=\"wp-block-heading\">Pr\u00e4sentation und Diskussion im Mai 2025<\/h2>\n\n\n\n<p>Die Schweizerische UNESCO-Kommission (SUK), welche als Bindeglied zwischen der UNESCO und der Schweiz fungiert, hat sich mit den Schulleitungsverb\u00e4nden der Deutschschweiz (VSLCH) und der lateinischen Schweiz (CLACESO) sowie dem Kompetenzzentrum LEAD an der HEP Vaud (P\u00f4le d\u2019excellence sur le leadership scolaire) zusammengeschlossen, um die Schlussfolgerungen des Berichts den relevanten Schweizer Bildungsakteuren zug\u00e4nglich zu machen.<\/p>\n\n\n\n<p>Die <a href=\"https:\/\/www.unesco.ch\/schweizer-lancierung-des-global-monitoring-report-on-education-2024-5\/\" target=\"_blank\" rel=\"noreferrer noopener\">Schweizer Lancierung des GEM Report 2024\/5<\/a> wird am 14. Mai 2025 von 10.00 bis 16.00 Uhr in Bern an der Berner Fachhochschule stattfinden. <\/p>\n\n\n\n<p>Gem\u00e4ss SUK wird am Vormittag der Bericht vom Direktor des GEM Reports pr\u00e4sentiert und anschliessend mit Akteuren des Schweizer Bildungssystems kontextualisiert und diskutiert. \u00abDa der Bericht die Situation und die Herausforderungen auf globaler Ebene widerspiegelt, wird es darum gehen, die f\u00fcr die Schweizer \u00d6ffentlichkeit relevantesten Botschaften und Empfehlungen zu identifizieren und zu vertiefen\u00bb, heisst es.<\/p>\n\n\n\n<p>Am Nachmittag finden Gruppendiskussionen zu konkreten Fragen im Zusammenhang mit der Umsetzung der Schlussfolgerungen und Empfehlungen statt. \u00abDie Idee ist, dass sich die betroffenen Akteure je nach ihren eigenen Herausforderungen und Bed\u00fcrfnissen einige der im Bericht vorgeschlagenen Empfehlungen zu eigen machen k\u00f6nnen, um den k\u00fcnftigen Austausch in den Schulen, den Kantonen oder sogar auf nationaler Ebene zu beleben.\u00bb<\/p>\n\n\n\n<h2 class=\"wp-block-heading\">Weitere Informationen<\/h2>\n\n\n\n<div class=\"wp-block-buttons is-layout-flex wp-block-buttons-is-layout-flex\">\n<div class=\"wp-block-button has-custom-width wp-block-button__width-100 is-style-minimal\"><a class=\"wp-block-button__link wp-element-button\" href=\"https:\/\/unesdoc.unesco.org\/ark:\/48223\/pf0000391406\" target=\"_blank\" rel=\"noreferrer noopener\">Vollst\u00e4ndiger Bericht auf Englisch<\/a><\/div>\n\n\n\n<div class=\"wp-block-button has-custom-width wp-block-button__width-100 is-style-minimal\"><a class=\"wp-block-button__link wp-element-button\" href=\"https:\/\/www.unesco.ch\/wp-content\/uploads\/2025\/02\/DE_Concept-Note-1.pdf\" target=\"_blank\" rel=\"noreferrer noopener\">Konzept und Programm des Events in Bern<\/a><\/div>\n\n\n\n<div class=\"wp-block-button has-custom-width wp-block-button__width-100 is-style-minimal\"><a class=\"wp-block-button__link wp-element-button\" href=\"https:\/\/www.unesco.ch\/?ff_landing=11\" target=\"_blank\" rel=\"noreferrer noopener\">Anmeldung zum Event in Bern<\/a><\/div>\n<\/div>\n\n\n\n<p><\/p>\n","protected":false},"excerpt":{"rendered":"<p>Die relevantesten Botschaften und Empfehlungen aus dem GEM Report der UNESCO zum Thema F\u00fchrung in der Bildung werden am 14. [&hellip;]<\/p>\n","protected":false},"author":27,"featured_media":66416,"template":"","meta":{"_acf_changed":false,"inline_featured_image":false,"footnotes":""},"news-category":[27],"global-category":[53],"class_list":["post-66415","news","type-news","status-publish","has-post-thumbnail","hentry","news-category-international","global-category-international"],"acf":[],"yoast_head":"<!-- This site is optimized with the Yoast SEO plugin v27.3 - https:\/\/yoast.com\/product\/yoast-seo-wordpress\/ -->\n<title>\u00abLeadership in Education\u00bb: Weltbildungsbericht wird im Mai in Bern vorgestellt - SVEB<\/title>\n<meta name=\"robots\" content=\"index, follow, max-snippet:-1, max-image-preview:large, max-video-preview:-1\" \/>\n<link rel=\"canonical\" href=\"https:\/\/alice.ch\/de\/news\/leadership-in-education-weltbildungsbericht-wird-im-mai-in-bern-vorgestellt\/\" \/>\n<meta property=\"og:locale\" content=\"de_DE\" \/>\n<meta property=\"og:type\" content=\"article\" \/>\n<meta property=\"og:title\" content=\"\u00abLeadership in Education\u00bb: Weltbildungsbericht wird im Mai in Bern vorgestellt - SVEB\" \/>\n<meta property=\"og:description\" content=\"Die relevantesten Botschaften und Empfehlungen aus dem GEM Report der UNESCO zum Thema F\u00fchrung in der Bildung werden am 14. [&hellip;]\" \/>\n<meta property=\"og:url\" content=\"https:\/\/alice.ch\/de\/news\/leadership-in-education-weltbildungsbericht-wird-im-mai-in-bern-vorgestellt\/\" \/>\n<meta property=\"og:site_name\" content=\"SVEB\" \/>\n<meta property=\"article:modified_time\" content=\"2025-03-03T13:52:53+00:00\" \/>\n<meta property=\"og:image\" content=\"https:\/\/alice.ch\/app\/uploads\/2025\/03\/getty-images-iRaFheRz2tU-unsplash1.jpg\" \/>\n\t<meta property=\"og:image:width\" content=\"1200\" \/>\n\t<meta property=\"og:image:height\" content=\"627\" \/>\n\t<meta property=\"og:image:type\" content=\"image\/jpeg\" \/>\n<meta name=\"twitter:card\" content=\"summary_large_image\" \/>\n<meta name=\"twitter:label1\" content=\"Gesch\u00e4tzte Lesezeit\" \/>\n\t<meta name=\"twitter:data1\" content=\"2\u00a0Minuten\" \/>\n<script type=\"application\/ld+json\" class=\"yoast-schema-graph\">{\"@context\":\"https:\\\/\\\/schema.org\",\"@graph\":[{\"@type\":\"WebPage\",\"@id\":\"https:\\\/\\\/alice.ch\\\/de\\\/news\\\/leadership-in-education-weltbildungsbericht-wird-im-mai-in-bern-vorgestellt\\\/\",\"url\":\"https:\\\/\\\/alice.ch\\\/de\\\/news\\\/leadership-in-education-weltbildungsbericht-wird-im-mai-in-bern-vorgestellt\\\/\",\"name\":\"\u00abLeadership in Education\u00bb: Weltbildungsbericht wird im Mai in Bern vorgestellt - SVEB\",\"isPartOf\":{\"@id\":\"https:\\\/\\\/alice.ch\\\/de\\\/#website\"},\"primaryImageOfPage\":{\"@id\":\"https:\\\/\\\/alice.ch\\\/de\\\/news\\\/leadership-in-education-weltbildungsbericht-wird-im-mai-in-bern-vorgestellt\\\/#primaryimage\"},\"image\":{\"@id\":\"https:\\\/\\\/alice.ch\\\/de\\\/news\\\/leadership-in-education-weltbildungsbericht-wird-im-mai-in-bern-vorgestellt\\\/#primaryimage\"},\"thumbnailUrl\":\"https:\\\/\\\/alice.ch\\\/app\\\/uploads\\\/2025\\\/03\\\/getty-images-iRaFheRz2tU-unsplash1.jpg\",\"datePublished\":\"2025-03-03T13:52:50+00:00\",\"dateModified\":\"2025-03-03T13:52:53+00:00\",\"breadcrumb\":{\"@id\":\"https:\\\/\\\/alice.ch\\\/de\\\/news\\\/leadership-in-education-weltbildungsbericht-wird-im-mai-in-bern-vorgestellt\\\/#breadcrumb\"},\"inLanguage\":\"de\",\"potentialAction\":[{\"@type\":\"ReadAction\",\"target\":[\"https:\\\/\\\/alice.ch\\\/de\\\/news\\\/leadership-in-education-weltbildungsbericht-wird-im-mai-in-bern-vorgestellt\\\/\"]}]},{\"@type\":\"ImageObject\",\"inLanguage\":\"de\",\"@id\":\"https:\\\/\\\/alice.ch\\\/de\\\/news\\\/leadership-in-education-weltbildungsbericht-wird-im-mai-in-bern-vorgestellt\\\/#primaryimage\",\"url\":\"https:\\\/\\\/alice.ch\\\/app\\\/uploads\\\/2025\\\/03\\\/getty-images-iRaFheRz2tU-unsplash1.jpg\",\"contentUrl\":\"https:\\\/\\\/alice.ch\\\/app\\\/uploads\\\/2025\\\/03\\\/getty-images-iRaFheRz2tU-unsplash1.jpg\",\"width\":1200,\"height\":627},{\"@type\":\"BreadcrumbList\",\"@id\":\"https:\\\/\\\/alice.ch\\\/de\\\/news\\\/leadership-in-education-weltbildungsbericht-wird-im-mai-in-bern-vorgestellt\\\/#breadcrumb\",\"itemListElement\":[{\"@type\":\"ListItem\",\"position\":1,\"name\":\"Startseite\",\"item\":\"https:\\\/\\\/alice.ch\\\/de\\\/\"},{\"@type\":\"ListItem\",\"position\":2,\"name\":\"\u00abLeadership in Education\u00bb: Weltbildungsbericht wird im Mai in Bern vorgestellt\"}]},{\"@type\":\"WebSite\",\"@id\":\"https:\\\/\\\/alice.ch\\\/de\\\/#website\",\"url\":\"https:\\\/\\\/alice.ch\\\/de\\\/\",\"name\":\"alice.ch (Adult Learning Information Center) ist das Portal der Weiterbildung in der Schweiz.\",\"description\":\"Schweizerischer Verband f\u00fcr Weiterbildung\",\"publisher\":{\"@id\":\"https:\\\/\\\/alice.ch\\\/de\\\/#organization\"},\"potentialAction\":[{\"@type\":\"SearchAction\",\"target\":{\"@type\":\"EntryPoint\",\"urlTemplate\":\"https:\\\/\\\/alice.ch\\\/de\\\/?s={search_term_string}\"},\"query-input\":{\"@type\":\"PropertyValueSpecification\",\"valueRequired\":true,\"valueName\":\"search_term_string\"}}],\"inLanguage\":\"de\"},{\"@type\":\"Organization\",\"@id\":\"https:\\\/\\\/alice.ch\\\/de\\\/#organization\",\"name\":\"SVEB Schweizerischer Verband f\u00fcr Weiterbildung\",\"url\":\"https:\\\/\\\/alice.ch\\\/de\\\/\",\"logo\":{\"@type\":\"ImageObject\",\"inLanguage\":\"de\",\"@id\":\"https:\\\/\\\/alice.ch\\\/de\\\/#\\\/schema\\\/logo\\\/image\\\/\",\"url\":\"https:\\\/\\\/alice.ch\\\/app\\\/uploads\\\/2022\\\/07\\\/logo-sveb.png\",\"contentUrl\":\"https:\\\/\\\/alice.ch\\\/app\\\/uploads\\\/2022\\\/07\\\/logo-sveb.png\",\"width\":145,\"height\":64,\"caption\":\"SVEB Schweizerischer Verband f\u00fcr Weiterbildung\"},\"image\":{\"@id\":\"https:\\\/\\\/alice.ch\\\/de\\\/#\\\/schema\\\/logo\\\/image\\\/\"},\"sameAs\":[\"https:\\\/\\\/www.linkedin.com\\\/company\\\/schweizerischer-verband-fr-weiterbildung-sveb\\\/\"]}]}<\/script>\n<!-- \/ Yoast SEO plugin. -->","yoast_head_json":{"title":"\u00abLeadership in Education\u00bb: Weltbildungsbericht wird im Mai in Bern vorgestellt - SVEB","robots":{"index":"index","follow":"follow","max-snippet":"max-snippet:-1","max-image-preview":"max-image-preview:large","max-video-preview":"max-video-preview:-1"},"canonical":"https:\/\/alice.ch\/de\/news\/leadership-in-education-weltbildungsbericht-wird-im-mai-in-bern-vorgestellt\/","og_locale":"de_DE","og_type":"article","og_title":"\u00abLeadership in Education\u00bb: Weltbildungsbericht wird im Mai in Bern vorgestellt - SVEB","og_description":"Die relevantesten Botschaften und Empfehlungen aus dem GEM Report der UNESCO zum Thema F\u00fchrung in der Bildung werden am 14. [&hellip;]","og_url":"https:\/\/alice.ch\/de\/news\/leadership-in-education-weltbildungsbericht-wird-im-mai-in-bern-vorgestellt\/","og_site_name":"SVEB","article_modified_time":"2025-03-03T13:52:53+00:00","og_image":[{"width":1200,"height":627,"url":"https:\/\/alice.ch\/app\/uploads\/2025\/03\/getty-images-iRaFheRz2tU-unsplash1.jpg","type":"image\/jpeg"}],"twitter_card":"summary_large_image","twitter_misc":{"Gesch\u00e4tzte Lesezeit":"2\u00a0Minuten"},"schema":{"@context":"https:\/\/schema.org","@graph":[{"@type":"WebPage","@id":"https:\/\/alice.ch\/de\/news\/leadership-in-education-weltbildungsbericht-wird-im-mai-in-bern-vorgestellt\/","url":"https:\/\/alice.ch\/de\/news\/leadership-in-education-weltbildungsbericht-wird-im-mai-in-bern-vorgestellt\/","name":"\u00abLeadership in Education\u00bb: Weltbildungsbericht wird im Mai in Bern vorgestellt - SVEB","isPartOf":{"@id":"https:\/\/alice.ch\/de\/#website"},"primaryImageOfPage":{"@id":"https:\/\/alice.ch\/de\/news\/leadership-in-education-weltbildungsbericht-wird-im-mai-in-bern-vorgestellt\/#primaryimage"},"image":{"@id":"https:\/\/alice.ch\/de\/news\/leadership-in-education-weltbildungsbericht-wird-im-mai-in-bern-vorgestellt\/#primaryimage"},"thumbnailUrl":"https:\/\/alice.ch\/app\/uploads\/2025\/03\/getty-images-iRaFheRz2tU-unsplash1.jpg","datePublished":"2025-03-03T13:52:50+00:00","dateModified":"2025-03-03T13:52:53+00:00","breadcrumb":{"@id":"https:\/\/alice.ch\/de\/news\/leadership-in-education-weltbildungsbericht-wird-im-mai-in-bern-vorgestellt\/#breadcrumb"},"inLanguage":"de","potentialAction":[{"@type":"ReadAction","target":["https:\/\/alice.ch\/de\/news\/leadership-in-education-weltbildungsbericht-wird-im-mai-in-bern-vorgestellt\/"]}]},{"@type":"ImageObject","inLanguage":"de","@id":"https:\/\/alice.ch\/de\/news\/leadership-in-education-weltbildungsbericht-wird-im-mai-in-bern-vorgestellt\/#primaryimage","url":"https:\/\/alice.ch\/app\/uploads\/2025\/03\/getty-images-iRaFheRz2tU-unsplash1.jpg","contentUrl":"https:\/\/alice.ch\/app\/uploads\/2025\/03\/getty-images-iRaFheRz2tU-unsplash1.jpg","width":1200,"height":627},{"@type":"BreadcrumbList","@id":"https:\/\/alice.ch\/de\/news\/leadership-in-education-weltbildungsbericht-wird-im-mai-in-bern-vorgestellt\/#breadcrumb","itemListElement":[{"@type":"ListItem","position":1,"name":"Startseite","item":"https:\/\/alice.ch\/de\/"},{"@type":"ListItem","position":2,"name":"\u00abLeadership in Education\u00bb: Weltbildungsbericht wird im Mai in Bern vorgestellt"}]},{"@type":"WebSite","@id":"https:\/\/alice.ch\/de\/#website","url":"https:\/\/alice.ch\/de\/","name":"alice.ch (Adult Learning Information Center) ist das Portal der Weiterbildung in der Schweiz.","description":"Schweizerischer Verband f\u00fcr Weiterbildung","publisher":{"@id":"https:\/\/alice.ch\/de\/#organization"},"potentialAction":[{"@type":"SearchAction","target":{"@type":"EntryPoint","urlTemplate":"https:\/\/alice.ch\/de\/?s={search_term_string}"},"query-input":{"@type":"PropertyValueSpecification","valueRequired":true,"valueName":"search_term_string"}}],"inLanguage":"de"},{"@type":"Organization","@id":"https:\/\/alice.ch\/de\/#organization","name":"SVEB Schweizerischer Verband f\u00fcr Weiterbildung","url":"https:\/\/alice.ch\/de\/","logo":{"@type":"ImageObject","inLanguage":"de","@id":"https:\/\/alice.ch\/de\/#\/schema\/logo\/image\/","url":"https:\/\/alice.ch\/app\/uploads\/2022\/07\/logo-sveb.png","contentUrl":"https:\/\/alice.ch\/app\/uploads\/2022\/07\/logo-sveb.png","width":145,"height":64,"caption":"SVEB Schweizerischer Verband f\u00fcr Weiterbildung"},"image":{"@id":"https:\/\/alice.ch\/de\/#\/schema\/logo\/image\/"},"sameAs":["https:\/\/www.linkedin.com\/company\/schweizerischer-verband-fr-weiterbildung-sveb\/"]}]}},"_links":{"self":[{"href":"https:\/\/alice.ch\/de\/wp-json\/wp\/v2\/news\/66415","targetHints":{"allow":["GET"]}}],"collection":[{"href":"https:\/\/alice.ch\/de\/wp-json\/wp\/v2\/news"}],"about":[{"href":"https:\/\/alice.ch\/de\/wp-json\/wp\/v2\/types\/news"}],"author":[{"embeddable":true,"href":"https:\/\/alice.ch\/de\/wp-json\/wp\/v2\/users\/27"}],"version-history":[{"count":3,"href":"https:\/\/alice.ch\/de\/wp-json\/wp\/v2\/news\/66415\/revisions"}],"predecessor-version":[{"id":66422,"href":"https:\/\/alice.ch\/de\/wp-json\/wp\/v2\/news\/66415\/revisions\/66422"}],"wp:featuredmedia":[{"embeddable":true,"href":"https:\/\/alice.ch\/de\/wp-json\/wp\/v2\/media\/66416"}],"wp:attachment":[{"href":"https:\/\/alice.ch\/de\/wp-json\/wp\/v2\/media?parent=66415"}],"wp:term":[{"taxonomy":"news-category","embeddable":true,"href":"https:\/\/alice.ch\/de\/wp-json\/wp\/v2\/news-category?post=66415"},{"taxonomy":"global-category","embeddable":true,"href":"https:\/\/alice.ch\/de\/wp-json\/wp\/v2\/global-category?post=66415"}],"curies":[{"name":"wp","href":"https:\/\/api.w.org\/{rel}","templated":true}]}}