{"id":66423,"date":"2025-03-06T09:23:18","date_gmt":"2025-03-06T08:23:18","guid":{"rendered":"https:\/\/alice.ch\/?post_type=news&#038;p=66423"},"modified":"2025-03-06T09:23:20","modified_gmt":"2025-03-06T08:23:20","slug":"neues-laenderportraet-zur-erwachsenenbildung-in-liechtenstein","status":"publish","type":"news","link":"https:\/\/alice.ch\/de\/news\/neues-laenderportraet-zur-erwachsenenbildung-in-liechtenstein\/","title":{"rendered":"Neues L\u00e4nderportr\u00e4t zur Erwachsenenbildung in Liechtenstein"},"content":{"rendered":"\n<p class=\"is-style-lead\">Die Stiftung Erwachsenenbildung Liechtenstein hat in Zusammenarbeit mit dem Deutschen Institut f\u00fcr Erwachsenenbildung (DIE) ein L\u00e4nderportr\u00e4t zur Erwachsenen- und Weiterbildung im F\u00fcrstentum Liechtenstein ver\u00f6ffentlicht. Es blickt zur\u00fcck, aber auch nach vorne.<\/p>\n\n\n\n<p>Das L\u00e4nderportr\u00e4t \u00abErwachsenen- und Weiterbildung in Liechtenstein\u00bb bietet Einblicke in Strukturen, Entwicklungen und zuk\u00fcnftige Herausforderungen des Bildungssektors. Es analysiert unter anderem historische Entwicklungen der Erwachsenen- und Weiterbildung, rechtliche Rahmenbedingungen und bestehende Bildungsinstitutionen sowie Finanzierungsmodelle und Teilnahmequoten an Weiterbildungsmassnahmen.<\/p>\n\n\n\n<p>Auch zuk\u00fcnftige Herausforderungen und Perspektiven f\u00fcr die Erwachsenenbildung in Liechtenstein haben die Autorinnen Sabine Frei-Wille und Tamara von Aarburg thematisiert. Das abschliessende Kapitel zeigt ausserdem aktuelle Trends und prognostiziert m\u00f6gliche Ver\u00e4nderungen im Bildungssektor. So geht es beispielsweise um die K\u00fcnstliche Intelligenz und ihre Potenzial, den Zugang zu Bildungsressourcen zu erweitern.<\/p>\n\n\n\n<h2 class=\"wp-block-heading\">Wichtige Grundlage<\/h2>\n\n\n\n<p>Die Publikation richtet sich an Bildungsentscheider, Forschende und Fachkr\u00e4fte im Bereich der Erwachsenenbildung. Sie liefert wertvolle Informationen und dient als Grundlage f\u00fcr strategische Entscheidungen zur Weiterentwicklung der Bildungslandschaft Liechtensteins.<\/p>\n\n\n\n<p>Sabine Frei-Wille, Gesch\u00e4ftsf\u00fchrerin der Stiftung Erwachsenenbildung Liechtenstein, betont auf <a href=\"https:\/\/epale.ec.europa.eu\/de\/content\/neues-laenderportraet-zur-erwachsenenbildung-liechtenstein\" target=\"_blank\" rel=\"noreferrer noopener\">EPALE<\/a>: \u00abDiese Publikation zeigt eindrucksvoll, wie die Erwachsenenbildung in Liechtenstein strukturiert ist und welche M\u00f6glichkeiten sie f\u00fcr die individuelle Entwicklung bietet.\u00bb<\/p>\n\n\n\n<p>Das L\u00e4nderportr\u00e4t ist als <a href=\"https:\/\/www.wbv.de\/shop\/Erwachsenen-und-Weiterbildung-in-Liechtenstein-I78472\" target=\"_blank\" rel=\"noreferrer noopener\">Download oder in gedruckter Form<\/a> erh\u00e4ltlich.<\/p>\n","protected":false},"excerpt":{"rendered":"<p>Die Stiftung Erwachsenenbildung Liechtenstein hat in Zusammenarbeit mit dem Deutschen Institut f\u00fcr Erwachsenenbildung (DIE) ein L\u00e4nderportr\u00e4t zur Erwachsenen- und Weiterbildung [&hellip;]<\/p>\n","protected":false},"author":27,"featured_media":66424,"template":"","meta":{"_acf_changed":false,"inline_featured_image":false,"footnotes":""},"news-category":[31],"global-category":[53],"class_list":["post-66423","news","type-news","status-publish","has-post-thumbnail","hentry","news-category-branche","global-category-international"],"acf":[],"yoast_head":"<!-- This site is optimized with the Yoast SEO plugin v27.3 - https:\/\/yoast.com\/product\/yoast-seo-wordpress\/ -->\n<title>Neues L\u00e4nderportr\u00e4t zur Erwachsenenbildung in Liechtenstein - SVEB<\/title>\n<meta name=\"robots\" content=\"index, follow, max-snippet:-1, max-image-preview:large, max-video-preview:-1\" \/>\n<link rel=\"canonical\" href=\"https:\/\/alice.ch\/de\/news\/neues-laenderportraet-zur-erwachsenenbildung-in-liechtenstein\/\" \/>\n<meta property=\"og:locale\" content=\"de_DE\" \/>\n<meta property=\"og:type\" content=\"article\" \/>\n<meta property=\"og:title\" content=\"Neues L\u00e4nderportr\u00e4t zur Erwachsenenbildung in Liechtenstein - SVEB\" \/>\n<meta property=\"og:description\" content=\"Die Stiftung Erwachsenenbildung Liechtenstein hat in Zusammenarbeit mit dem Deutschen Institut f\u00fcr Erwachsenenbildung (DIE) ein L\u00e4nderportr\u00e4t zur Erwachsenen- und Weiterbildung [&hellip;]\" \/>\n<meta property=\"og:url\" content=\"https:\/\/alice.ch\/de\/news\/neues-laenderportraet-zur-erwachsenenbildung-in-liechtenstein\/\" \/>\n<meta property=\"og:site_name\" content=\"SVEB\" \/>\n<meta property=\"article:modified_time\" content=\"2025-03-06T08:23:20+00:00\" \/>\n<meta property=\"og:image\" content=\"https:\/\/alice.ch\/app\/uploads\/2025\/03\/planet-volumes-zraDMRyIp2Y-unsplash1.jpg\" \/>\n\t<meta property=\"og:image:width\" content=\"1200\" \/>\n\t<meta property=\"og:image:height\" content=\"627\" \/>\n\t<meta property=\"og:image:type\" content=\"image\/jpeg\" \/>\n<meta name=\"twitter:card\" content=\"summary_large_image\" \/>\n<meta name=\"twitter:label1\" content=\"Gesch\u00e4tzte Lesezeit\" \/>\n\t<meta name=\"twitter:data1\" content=\"1\u00a0Minute\" \/>\n<script type=\"application\/ld+json\" class=\"yoast-schema-graph\">{\"@context\":\"https:\\\/\\\/schema.org\",\"@graph\":[{\"@type\":\"WebPage\",\"@id\":\"https:\\\/\\\/alice.ch\\\/de\\\/news\\\/neues-laenderportraet-zur-erwachsenenbildung-in-liechtenstein\\\/\",\"url\":\"https:\\\/\\\/alice.ch\\\/de\\\/news\\\/neues-laenderportraet-zur-erwachsenenbildung-in-liechtenstein\\\/\",\"name\":\"Neues L\u00e4nderportr\u00e4t zur Erwachsenenbildung in Liechtenstein - SVEB\",\"isPartOf\":{\"@id\":\"https:\\\/\\\/alice.ch\\\/de\\\/#website\"},\"primaryImageOfPage\":{\"@id\":\"https:\\\/\\\/alice.ch\\\/de\\\/news\\\/neues-laenderportraet-zur-erwachsenenbildung-in-liechtenstein\\\/#primaryimage\"},\"image\":{\"@id\":\"https:\\\/\\\/alice.ch\\\/de\\\/news\\\/neues-laenderportraet-zur-erwachsenenbildung-in-liechtenstein\\\/#primaryimage\"},\"thumbnailUrl\":\"https:\\\/\\\/alice.ch\\\/app\\\/uploads\\\/2025\\\/03\\\/planet-volumes-zraDMRyIp2Y-unsplash1.jpg\",\"datePublished\":\"2025-03-06T08:23:18+00:00\",\"dateModified\":\"2025-03-06T08:23:20+00:00\",\"breadcrumb\":{\"@id\":\"https:\\\/\\\/alice.ch\\\/de\\\/news\\\/neues-laenderportraet-zur-erwachsenenbildung-in-liechtenstein\\\/#breadcrumb\"},\"inLanguage\":\"de\",\"potentialAction\":[{\"@type\":\"ReadAction\",\"target\":[\"https:\\\/\\\/alice.ch\\\/de\\\/news\\\/neues-laenderportraet-zur-erwachsenenbildung-in-liechtenstein\\\/\"]}]},{\"@type\":\"ImageObject\",\"inLanguage\":\"de\",\"@id\":\"https:\\\/\\\/alice.ch\\\/de\\\/news\\\/neues-laenderportraet-zur-erwachsenenbildung-in-liechtenstein\\\/#primaryimage\",\"url\":\"https:\\\/\\\/alice.ch\\\/app\\\/uploads\\\/2025\\\/03\\\/planet-volumes-zraDMRyIp2Y-unsplash1.jpg\",\"contentUrl\":\"https:\\\/\\\/alice.ch\\\/app\\\/uploads\\\/2025\\\/03\\\/planet-volumes-zraDMRyIp2Y-unsplash1.jpg\",\"width\":1200,\"height\":627},{\"@type\":\"BreadcrumbList\",\"@id\":\"https:\\\/\\\/alice.ch\\\/de\\\/news\\\/neues-laenderportraet-zur-erwachsenenbildung-in-liechtenstein\\\/#breadcrumb\",\"itemListElement\":[{\"@type\":\"ListItem\",\"position\":1,\"name\":\"Startseite\",\"item\":\"https:\\\/\\\/alice.ch\\\/de\\\/\"},{\"@type\":\"ListItem\",\"position\":2,\"name\":\"Neues L\u00e4nderportr\u00e4t zur Erwachsenenbildung in Liechtenstein\"}]},{\"@type\":\"WebSite\",\"@id\":\"https:\\\/\\\/alice.ch\\\/de\\\/#website\",\"url\":\"https:\\\/\\\/alice.ch\\\/de\\\/\",\"name\":\"alice.ch (Adult Learning Information Center) ist das Portal der Weiterbildung in der Schweiz.\",\"description\":\"Schweizerischer Verband f\u00fcr Weiterbildung\",\"publisher\":{\"@id\":\"https:\\\/\\\/alice.ch\\\/de\\\/#organization\"},\"potentialAction\":[{\"@type\":\"SearchAction\",\"target\":{\"@type\":\"EntryPoint\",\"urlTemplate\":\"https:\\\/\\\/alice.ch\\\/de\\\/?s={search_term_string}\"},\"query-input\":{\"@type\":\"PropertyValueSpecification\",\"valueRequired\":true,\"valueName\":\"search_term_string\"}}],\"inLanguage\":\"de\"},{\"@type\":\"Organization\",\"@id\":\"https:\\\/\\\/alice.ch\\\/de\\\/#organization\",\"name\":\"SVEB Schweizerischer Verband f\u00fcr Weiterbildung\",\"url\":\"https:\\\/\\\/alice.ch\\\/de\\\/\",\"logo\":{\"@type\":\"ImageObject\",\"inLanguage\":\"de\",\"@id\":\"https:\\\/\\\/alice.ch\\\/de\\\/#\\\/schema\\\/logo\\\/image\\\/\",\"url\":\"https:\\\/\\\/alice.ch\\\/app\\\/uploads\\\/2022\\\/07\\\/logo-sveb.png\",\"contentUrl\":\"https:\\\/\\\/alice.ch\\\/app\\\/uploads\\\/2022\\\/07\\\/logo-sveb.png\",\"width\":145,\"height\":64,\"caption\":\"SVEB Schweizerischer Verband f\u00fcr Weiterbildung\"},\"image\":{\"@id\":\"https:\\\/\\\/alice.ch\\\/de\\\/#\\\/schema\\\/logo\\\/image\\\/\"},\"sameAs\":[\"https:\\\/\\\/www.linkedin.com\\\/company\\\/schweizerischer-verband-fr-weiterbildung-sveb\\\/\"]}]}<\/script>\n<!-- \/ Yoast SEO plugin. -->","yoast_head_json":{"title":"Neues L\u00e4nderportr\u00e4t zur Erwachsenenbildung in Liechtenstein - SVEB","robots":{"index":"index","follow":"follow","max-snippet":"max-snippet:-1","max-image-preview":"max-image-preview:large","max-video-preview":"max-video-preview:-1"},"canonical":"https:\/\/alice.ch\/de\/news\/neues-laenderportraet-zur-erwachsenenbildung-in-liechtenstein\/","og_locale":"de_DE","og_type":"article","og_title":"Neues L\u00e4nderportr\u00e4t zur Erwachsenenbildung in Liechtenstein - SVEB","og_description":"Die Stiftung Erwachsenenbildung Liechtenstein hat in Zusammenarbeit mit dem Deutschen Institut f\u00fcr Erwachsenenbildung (DIE) ein L\u00e4nderportr\u00e4t zur Erwachsenen- und Weiterbildung [&hellip;]","og_url":"https:\/\/alice.ch\/de\/news\/neues-laenderportraet-zur-erwachsenenbildung-in-liechtenstein\/","og_site_name":"SVEB","article_modified_time":"2025-03-06T08:23:20+00:00","og_image":[{"width":1200,"height":627,"url":"https:\/\/alice.ch\/app\/uploads\/2025\/03\/planet-volumes-zraDMRyIp2Y-unsplash1.jpg","type":"image\/jpeg"}],"twitter_card":"summary_large_image","twitter_misc":{"Gesch\u00e4tzte Lesezeit":"1\u00a0Minute"},"schema":{"@context":"https:\/\/schema.org","@graph":[{"@type":"WebPage","@id":"https:\/\/alice.ch\/de\/news\/neues-laenderportraet-zur-erwachsenenbildung-in-liechtenstein\/","url":"https:\/\/alice.ch\/de\/news\/neues-laenderportraet-zur-erwachsenenbildung-in-liechtenstein\/","name":"Neues L\u00e4nderportr\u00e4t zur Erwachsenenbildung in Liechtenstein - SVEB","isPartOf":{"@id":"https:\/\/alice.ch\/de\/#website"},"primaryImageOfPage":{"@id":"https:\/\/alice.ch\/de\/news\/neues-laenderportraet-zur-erwachsenenbildung-in-liechtenstein\/#primaryimage"},"image":{"@id":"https:\/\/alice.ch\/de\/news\/neues-laenderportraet-zur-erwachsenenbildung-in-liechtenstein\/#primaryimage"},"thumbnailUrl":"https:\/\/alice.ch\/app\/uploads\/2025\/03\/planet-volumes-zraDMRyIp2Y-unsplash1.jpg","datePublished":"2025-03-06T08:23:18+00:00","dateModified":"2025-03-06T08:23:20+00:00","breadcrumb":{"@id":"https:\/\/alice.ch\/de\/news\/neues-laenderportraet-zur-erwachsenenbildung-in-liechtenstein\/#breadcrumb"},"inLanguage":"de","potentialAction":[{"@type":"ReadAction","target":["https:\/\/alice.ch\/de\/news\/neues-laenderportraet-zur-erwachsenenbildung-in-liechtenstein\/"]}]},{"@type":"ImageObject","inLanguage":"de","@id":"https:\/\/alice.ch\/de\/news\/neues-laenderportraet-zur-erwachsenenbildung-in-liechtenstein\/#primaryimage","url":"https:\/\/alice.ch\/app\/uploads\/2025\/03\/planet-volumes-zraDMRyIp2Y-unsplash1.jpg","contentUrl":"https:\/\/alice.ch\/app\/uploads\/2025\/03\/planet-volumes-zraDMRyIp2Y-unsplash1.jpg","width":1200,"height":627},{"@type":"BreadcrumbList","@id":"https:\/\/alice.ch\/de\/news\/neues-laenderportraet-zur-erwachsenenbildung-in-liechtenstein\/#breadcrumb","itemListElement":[{"@type":"ListItem","position":1,"name":"Startseite","item":"https:\/\/alice.ch\/de\/"},{"@type":"ListItem","position":2,"name":"Neues L\u00e4nderportr\u00e4t zur Erwachsenenbildung in Liechtenstein"}]},{"@type":"WebSite","@id":"https:\/\/alice.ch\/de\/#website","url":"https:\/\/alice.ch\/de\/","name":"alice.ch (Adult Learning Information Center) ist das Portal der Weiterbildung in der Schweiz.","description":"Schweizerischer Verband f\u00fcr Weiterbildung","publisher":{"@id":"https:\/\/alice.ch\/de\/#organization"},"potentialAction":[{"@type":"SearchAction","target":{"@type":"EntryPoint","urlTemplate":"https:\/\/alice.ch\/de\/?s={search_term_string}"},"query-input":{"@type":"PropertyValueSpecification","valueRequired":true,"valueName":"search_term_string"}}],"inLanguage":"de"},{"@type":"Organization","@id":"https:\/\/alice.ch\/de\/#organization","name":"SVEB Schweizerischer Verband f\u00fcr Weiterbildung","url":"https:\/\/alice.ch\/de\/","logo":{"@type":"ImageObject","inLanguage":"de","@id":"https:\/\/alice.ch\/de\/#\/schema\/logo\/image\/","url":"https:\/\/alice.ch\/app\/uploads\/2022\/07\/logo-sveb.png","contentUrl":"https:\/\/alice.ch\/app\/uploads\/2022\/07\/logo-sveb.png","width":145,"height":64,"caption":"SVEB Schweizerischer Verband f\u00fcr Weiterbildung"},"image":{"@id":"https:\/\/alice.ch\/de\/#\/schema\/logo\/image\/"},"sameAs":["https:\/\/www.linkedin.com\/company\/schweizerischer-verband-fr-weiterbildung-sveb\/"]}]}},"_links":{"self":[{"href":"https:\/\/alice.ch\/de\/wp-json\/wp\/v2\/news\/66423","targetHints":{"allow":["GET"]}}],"collection":[{"href":"https:\/\/alice.ch\/de\/wp-json\/wp\/v2\/news"}],"about":[{"href":"https:\/\/alice.ch\/de\/wp-json\/wp\/v2\/types\/news"}],"author":[{"embeddable":true,"href":"https:\/\/alice.ch\/de\/wp-json\/wp\/v2\/users\/27"}],"version-history":[{"count":2,"href":"https:\/\/alice.ch\/de\/wp-json\/wp\/v2\/news\/66423\/revisions"}],"predecessor-version":[{"id":66429,"href":"https:\/\/alice.ch\/de\/wp-json\/wp\/v2\/news\/66423\/revisions\/66429"}],"wp:featuredmedia":[{"embeddable":true,"href":"https:\/\/alice.ch\/de\/wp-json\/wp\/v2\/media\/66424"}],"wp:attachment":[{"href":"https:\/\/alice.ch\/de\/wp-json\/wp\/v2\/media?parent=66423"}],"wp:term":[{"taxonomy":"news-category","embeddable":true,"href":"https:\/\/alice.ch\/de\/wp-json\/wp\/v2\/news-category?post=66423"},{"taxonomy":"global-category","embeddable":true,"href":"https:\/\/alice.ch\/de\/wp-json\/wp\/v2\/global-category?post=66423"}],"curies":[{"name":"wp","href":"https:\/\/api.w.org\/{rel}","templated":true}]}}