{"id":66748,"date":"2025-03-13T09:57:48","date_gmt":"2025-03-13T08:57:48","guid":{"rendered":"https:\/\/alice.ch\/?post_type=news&#038;p=66748"},"modified":"2025-03-13T09:57:51","modified_gmt":"2025-03-13T08:57:51","slug":"hackathon-soll-hochqualifizierten-gefluechteten-chance-bieten-im-angestammten-job-zu-arbeiten","status":"publish","type":"news","link":"https:\/\/alice.ch\/de\/news\/hackathon-soll-hochqualifizierten-gefluechteten-chance-bieten-im-angestammten-job-zu-arbeiten\/","title":{"rendered":"Hackathon soll hochqualifizierten Gefl\u00fcchteten Chance bieten, im angestammten Job zu arbeiten"},"content":{"rendered":"\n<p class=\"is-style-lead\">Das Projekt \u00abHack Integration\u00bb will f\u00fcr hochqualifizierte Gefl\u00fcchtete und Migrantinnen und Migranten die Chance erh\u00f6hen, in ihrem erlernten Beruf zu arbeiten. Die Teilnahme an Hackathons soll dies erm\u00f6glichen.<\/p>\n\n\n\n<p>\u00abIn vielen Branchen ist die Arbeitslosigkeit niedrig und die Nachfrage nach Fachkr\u00e4ften hoch. Gleichzeitig finden hochqualifizierte Gefl\u00fcchtete oft nur Jobs, die weit unter ihren Qualifikationen liegen\u00bb, schreibt das Projekt Hack Integration in seinem <a href=\"https:\/\/www.bfh.ch\/dam\/jcr:705f5e2a-994c-4d7c-973c-4a91f176e422\/250303_Factsheet_Refugee_d.pdf\" target=\"_blank\" rel=\"noreferrer noopener\">Flyer<\/a>.<\/p>\n\n\n\n<p>Die Gr\u00fcnde daf\u00fcr liegen demgem\u00e4ss nicht nur in der Anerkennung ausl\u00e4ndischer Ausbildungen und Qualifikationen, sondern auch an der Skepsis gegen\u00fcber ausl\u00e4ndischer Ausbildung und Erfahrung.<\/p>\n\n\n\n<p>Die Idee des Projekts: An Hackathons k\u00f6nnen Gefl\u00fcchtete und Migrantinnen und Migranten direkt mit ihren Berufskolleginnen und -kollegen und potenziellen Arbeitgebern zusammenarbeiten \u2013 und so ihr berufliches Netzwerk, ihre Kenntnisse \u00fcber ihr Fachgebiet und letztlich ihre Chancen auf eine passende Stelle verbessern.<\/p>\n\n\n\n<h2 class=\"wp-block-heading\">Gesucht: potenzielle Teilnehmende<\/h2>\n\n\n\n<p>Nun ist das Projekt, hinter dem die Berner Fachhochschule und die Universit\u00e4t Z\u00fcrich stehen, auf der Suche nach interessierten Gefl\u00fcchteten, Migrantinnen und Migranten. Diese k\u00f6nnen sich f\u00fcr offene Hackathons anmelden, aber es gibt auch Hackathons, die innerhalb privater Unternehmen durchgef\u00fchrt werden. Die Teilnahme dauert in der Regel zwei Tage und beinhaltet Projektarbeit, Vortr\u00e4ge und Aktivit\u00e4ten, Verpflegung und Preise. <\/p>\n\n\n\n<p>Typischerweise suchen Hackathons nach Teilnehmenden aus Kernbereichen wie IT, Datenanalyse, Wirtschaft und Design, aber viele Hackathons suchen auch Fachleute aus anderen Bereichen wie Stadtplanung, Bildung, Umweltwissenschaften, Gesundheitswesen, Sozialarbeit und Landwirtschaft.<\/p>\n\n\n\n<p>Interessierte k\u00f6nnen im <a href=\"https:\/\/hackintegration.ch\/hackathons\" target=\"_blank\" rel=\"noreferrer noopener\">Hackfinder-Tool<\/a> einen geeigneten Hackathon suchen und anmelden sowie sich f\u00fcr eine <a href=\"https:\/\/hackintegration.ch\/registration\" target=\"_blank\" rel=\"noreferrer noopener\">Studie<\/a> registrieren. Sie erhalten 20 Franken f\u00fcr ihre Reisekosten.<\/p>\n\n\n\n<p>Auch der SVEB veranstaltet im August einen <a href=\"https:\/\/alice.ch\/de\/event\/sveb-hackathon-ki-in-der-weiterbildung\/\">Hackathon mit dem Ziel, L\u00f6sungen f\u00fcr KI in der Weiterbildung<\/a> zu finden.<\/p>\n\n\n\n<h2 class=\"wp-block-heading\">Weitere Informationen<\/h2>\n\n\n\n<div class=\"wp-block-buttons is-layout-flex wp-block-buttons-is-layout-flex\">\n<div class=\"wp-block-button has-custom-width wp-block-button__width-100 is-style-minimal\"><a class=\"wp-block-button__link wp-element-button\" href=\"https:\/\/hackintegration.ch\/home\" target=\"_blank\" rel=\"noreferrer noopener\">Website Hack Integration<\/a><\/div>\n<\/div>\n","protected":false},"excerpt":{"rendered":"<p>Das Projekt \u00abHack Integration\u00bb will f\u00fcr hochqualifizierte Gefl\u00fcchtete und Migrantinnen und Migranten die Chance erh\u00f6hen, in ihrem erlernten Beruf zu [&hellip;]<\/p>\n","protected":false},"author":27,"featured_media":66749,"template":"","meta":{"_acf_changed":false,"inline_featured_image":false,"footnotes":""},"news-category":[31],"global-category":[51,52],"class_list":["post-66748","news","type-news","status-publish","has-post-thumbnail","hentry","news-category-branche","global-category-chancengleichheit","global-category-digitalisierung"],"acf":[],"yoast_head":"<!-- This site is optimized with the Yoast SEO plugin v27.3 - https:\/\/yoast.com\/product\/yoast-seo-wordpress\/ -->\n<title>Hackathon soll hochqualifizierten Gefl\u00fcchteten Chance bieten, im angestammten Job zu arbeiten - SVEB<\/title>\n<meta name=\"robots\" content=\"index, follow, max-snippet:-1, max-image-preview:large, max-video-preview:-1\" \/>\n<link rel=\"canonical\" href=\"https:\/\/alice.ch\/de\/news\/hackathon-soll-hochqualifizierten-gefluechteten-chance-bieten-im-angestammten-job-zu-arbeiten\/\" \/>\n<meta property=\"og:locale\" content=\"de_DE\" \/>\n<meta property=\"og:type\" content=\"article\" \/>\n<meta property=\"og:title\" content=\"Hackathon soll hochqualifizierten Gefl\u00fcchteten Chance bieten, im angestammten Job zu arbeiten - SVEB\" \/>\n<meta property=\"og:description\" content=\"Das Projekt \u00abHack Integration\u00bb will f\u00fcr hochqualifizierte Gefl\u00fcchtete und Migrantinnen und Migranten die Chance erh\u00f6hen, in ihrem erlernten Beruf zu [&hellip;]\" \/>\n<meta property=\"og:url\" content=\"https:\/\/alice.ch\/de\/news\/hackathon-soll-hochqualifizierten-gefluechteten-chance-bieten-im-angestammten-job-zu-arbeiten\/\" \/>\n<meta property=\"og:site_name\" content=\"SVEB\" \/>\n<meta property=\"article:modified_time\" content=\"2025-03-13T08:57:51+00:00\" \/>\n<meta property=\"og:image\" content=\"https:\/\/alice.ch\/app\/uploads\/2025\/03\/diana-light-ytlNYLcmevM-unsplash1.jpg\" \/>\n\t<meta property=\"og:image:width\" content=\"1200\" \/>\n\t<meta property=\"og:image:height\" content=\"627\" \/>\n\t<meta property=\"og:image:type\" content=\"image\/jpeg\" \/>\n<meta name=\"twitter:card\" content=\"summary_large_image\" \/>\n<meta name=\"twitter:label1\" content=\"Gesch\u00e4tzte Lesezeit\" \/>\n\t<meta name=\"twitter:data1\" content=\"1\u00a0Minute\" \/>\n<script type=\"application\/ld+json\" class=\"yoast-schema-graph\">{\"@context\":\"https:\\\/\\\/schema.org\",\"@graph\":[{\"@type\":\"WebPage\",\"@id\":\"https:\\\/\\\/alice.ch\\\/de\\\/news\\\/hackathon-soll-hochqualifizierten-gefluechteten-chance-bieten-im-angestammten-job-zu-arbeiten\\\/\",\"url\":\"https:\\\/\\\/alice.ch\\\/de\\\/news\\\/hackathon-soll-hochqualifizierten-gefluechteten-chance-bieten-im-angestammten-job-zu-arbeiten\\\/\",\"name\":\"Hackathon soll hochqualifizierten Gefl\u00fcchteten Chance bieten, im angestammten Job zu arbeiten - SVEB\",\"isPartOf\":{\"@id\":\"https:\\\/\\\/alice.ch\\\/de\\\/#website\"},\"primaryImageOfPage\":{\"@id\":\"https:\\\/\\\/alice.ch\\\/de\\\/news\\\/hackathon-soll-hochqualifizierten-gefluechteten-chance-bieten-im-angestammten-job-zu-arbeiten\\\/#primaryimage\"},\"image\":{\"@id\":\"https:\\\/\\\/alice.ch\\\/de\\\/news\\\/hackathon-soll-hochqualifizierten-gefluechteten-chance-bieten-im-angestammten-job-zu-arbeiten\\\/#primaryimage\"},\"thumbnailUrl\":\"https:\\\/\\\/alice.ch\\\/app\\\/uploads\\\/2025\\\/03\\\/diana-light-ytlNYLcmevM-unsplash1.jpg\",\"datePublished\":\"2025-03-13T08:57:48+00:00\",\"dateModified\":\"2025-03-13T08:57:51+00:00\",\"breadcrumb\":{\"@id\":\"https:\\\/\\\/alice.ch\\\/de\\\/news\\\/hackathon-soll-hochqualifizierten-gefluechteten-chance-bieten-im-angestammten-job-zu-arbeiten\\\/#breadcrumb\"},\"inLanguage\":\"de\",\"potentialAction\":[{\"@type\":\"ReadAction\",\"target\":[\"https:\\\/\\\/alice.ch\\\/de\\\/news\\\/hackathon-soll-hochqualifizierten-gefluechteten-chance-bieten-im-angestammten-job-zu-arbeiten\\\/\"]}]},{\"@type\":\"ImageObject\",\"inLanguage\":\"de\",\"@id\":\"https:\\\/\\\/alice.ch\\\/de\\\/news\\\/hackathon-soll-hochqualifizierten-gefluechteten-chance-bieten-im-angestammten-job-zu-arbeiten\\\/#primaryimage\",\"url\":\"https:\\\/\\\/alice.ch\\\/app\\\/uploads\\\/2025\\\/03\\\/diana-light-ytlNYLcmevM-unsplash1.jpg\",\"contentUrl\":\"https:\\\/\\\/alice.ch\\\/app\\\/uploads\\\/2025\\\/03\\\/diana-light-ytlNYLcmevM-unsplash1.jpg\",\"width\":1200,\"height\":627},{\"@type\":\"BreadcrumbList\",\"@id\":\"https:\\\/\\\/alice.ch\\\/de\\\/news\\\/hackathon-soll-hochqualifizierten-gefluechteten-chance-bieten-im-angestammten-job-zu-arbeiten\\\/#breadcrumb\",\"itemListElement\":[{\"@type\":\"ListItem\",\"position\":1,\"name\":\"Startseite\",\"item\":\"https:\\\/\\\/alice.ch\\\/de\\\/\"},{\"@type\":\"ListItem\",\"position\":2,\"name\":\"Hackathon soll hochqualifizierten Gefl\u00fcchteten Chance bieten, im angestammten Job zu arbeiten\"}]},{\"@type\":\"WebSite\",\"@id\":\"https:\\\/\\\/alice.ch\\\/de\\\/#website\",\"url\":\"https:\\\/\\\/alice.ch\\\/de\\\/\",\"name\":\"alice.ch (Adult Learning Information Center) ist das Portal der Weiterbildung in der Schweiz.\",\"description\":\"Schweizerischer Verband f\u00fcr Weiterbildung\",\"publisher\":{\"@id\":\"https:\\\/\\\/alice.ch\\\/de\\\/#organization\"},\"potentialAction\":[{\"@type\":\"SearchAction\",\"target\":{\"@type\":\"EntryPoint\",\"urlTemplate\":\"https:\\\/\\\/alice.ch\\\/de\\\/?s={search_term_string}\"},\"query-input\":{\"@type\":\"PropertyValueSpecification\",\"valueRequired\":true,\"valueName\":\"search_term_string\"}}],\"inLanguage\":\"de\"},{\"@type\":\"Organization\",\"@id\":\"https:\\\/\\\/alice.ch\\\/de\\\/#organization\",\"name\":\"SVEB Schweizerischer Verband f\u00fcr Weiterbildung\",\"url\":\"https:\\\/\\\/alice.ch\\\/de\\\/\",\"logo\":{\"@type\":\"ImageObject\",\"inLanguage\":\"de\",\"@id\":\"https:\\\/\\\/alice.ch\\\/de\\\/#\\\/schema\\\/logo\\\/image\\\/\",\"url\":\"https:\\\/\\\/alice.ch\\\/app\\\/uploads\\\/2022\\\/07\\\/logo-sveb.png\",\"contentUrl\":\"https:\\\/\\\/alice.ch\\\/app\\\/uploads\\\/2022\\\/07\\\/logo-sveb.png\",\"width\":145,\"height\":64,\"caption\":\"SVEB Schweizerischer Verband f\u00fcr Weiterbildung\"},\"image\":{\"@id\":\"https:\\\/\\\/alice.ch\\\/de\\\/#\\\/schema\\\/logo\\\/image\\\/\"},\"sameAs\":[\"https:\\\/\\\/www.linkedin.com\\\/company\\\/schweizerischer-verband-fr-weiterbildung-sveb\\\/\"]}]}<\/script>\n<!-- \/ Yoast SEO plugin. -->","yoast_head_json":{"title":"Hackathon soll hochqualifizierten Gefl\u00fcchteten Chance bieten, im angestammten Job zu arbeiten - SVEB","robots":{"index":"index","follow":"follow","max-snippet":"max-snippet:-1","max-image-preview":"max-image-preview:large","max-video-preview":"max-video-preview:-1"},"canonical":"https:\/\/alice.ch\/de\/news\/hackathon-soll-hochqualifizierten-gefluechteten-chance-bieten-im-angestammten-job-zu-arbeiten\/","og_locale":"de_DE","og_type":"article","og_title":"Hackathon soll hochqualifizierten Gefl\u00fcchteten Chance bieten, im angestammten Job zu arbeiten - SVEB","og_description":"Das Projekt \u00abHack Integration\u00bb will f\u00fcr hochqualifizierte Gefl\u00fcchtete und Migrantinnen und Migranten die Chance erh\u00f6hen, in ihrem erlernten Beruf zu [&hellip;]","og_url":"https:\/\/alice.ch\/de\/news\/hackathon-soll-hochqualifizierten-gefluechteten-chance-bieten-im-angestammten-job-zu-arbeiten\/","og_site_name":"SVEB","article_modified_time":"2025-03-13T08:57:51+00:00","og_image":[{"width":1200,"height":627,"url":"https:\/\/alice.ch\/app\/uploads\/2025\/03\/diana-light-ytlNYLcmevM-unsplash1.jpg","type":"image\/jpeg"}],"twitter_card":"summary_large_image","twitter_misc":{"Gesch\u00e4tzte Lesezeit":"1\u00a0Minute"},"schema":{"@context":"https:\/\/schema.org","@graph":[{"@type":"WebPage","@id":"https:\/\/alice.ch\/de\/news\/hackathon-soll-hochqualifizierten-gefluechteten-chance-bieten-im-angestammten-job-zu-arbeiten\/","url":"https:\/\/alice.ch\/de\/news\/hackathon-soll-hochqualifizierten-gefluechteten-chance-bieten-im-angestammten-job-zu-arbeiten\/","name":"Hackathon soll hochqualifizierten Gefl\u00fcchteten Chance bieten, im angestammten Job zu arbeiten - SVEB","isPartOf":{"@id":"https:\/\/alice.ch\/de\/#website"},"primaryImageOfPage":{"@id":"https:\/\/alice.ch\/de\/news\/hackathon-soll-hochqualifizierten-gefluechteten-chance-bieten-im-angestammten-job-zu-arbeiten\/#primaryimage"},"image":{"@id":"https:\/\/alice.ch\/de\/news\/hackathon-soll-hochqualifizierten-gefluechteten-chance-bieten-im-angestammten-job-zu-arbeiten\/#primaryimage"},"thumbnailUrl":"https:\/\/alice.ch\/app\/uploads\/2025\/03\/diana-light-ytlNYLcmevM-unsplash1.jpg","datePublished":"2025-03-13T08:57:48+00:00","dateModified":"2025-03-13T08:57:51+00:00","breadcrumb":{"@id":"https:\/\/alice.ch\/de\/news\/hackathon-soll-hochqualifizierten-gefluechteten-chance-bieten-im-angestammten-job-zu-arbeiten\/#breadcrumb"},"inLanguage":"de","potentialAction":[{"@type":"ReadAction","target":["https:\/\/alice.ch\/de\/news\/hackathon-soll-hochqualifizierten-gefluechteten-chance-bieten-im-angestammten-job-zu-arbeiten\/"]}]},{"@type":"ImageObject","inLanguage":"de","@id":"https:\/\/alice.ch\/de\/news\/hackathon-soll-hochqualifizierten-gefluechteten-chance-bieten-im-angestammten-job-zu-arbeiten\/#primaryimage","url":"https:\/\/alice.ch\/app\/uploads\/2025\/03\/diana-light-ytlNYLcmevM-unsplash1.jpg","contentUrl":"https:\/\/alice.ch\/app\/uploads\/2025\/03\/diana-light-ytlNYLcmevM-unsplash1.jpg","width":1200,"height":627},{"@type":"BreadcrumbList","@id":"https:\/\/alice.ch\/de\/news\/hackathon-soll-hochqualifizierten-gefluechteten-chance-bieten-im-angestammten-job-zu-arbeiten\/#breadcrumb","itemListElement":[{"@type":"ListItem","position":1,"name":"Startseite","item":"https:\/\/alice.ch\/de\/"},{"@type":"ListItem","position":2,"name":"Hackathon soll hochqualifizierten Gefl\u00fcchteten Chance bieten, im angestammten Job zu arbeiten"}]},{"@type":"WebSite","@id":"https:\/\/alice.ch\/de\/#website","url":"https:\/\/alice.ch\/de\/","name":"alice.ch (Adult Learning Information Center) ist das Portal der Weiterbildung in der Schweiz.","description":"Schweizerischer Verband f\u00fcr Weiterbildung","publisher":{"@id":"https:\/\/alice.ch\/de\/#organization"},"potentialAction":[{"@type":"SearchAction","target":{"@type":"EntryPoint","urlTemplate":"https:\/\/alice.ch\/de\/?s={search_term_string}"},"query-input":{"@type":"PropertyValueSpecification","valueRequired":true,"valueName":"search_term_string"}}],"inLanguage":"de"},{"@type":"Organization","@id":"https:\/\/alice.ch\/de\/#organization","name":"SVEB Schweizerischer Verband f\u00fcr Weiterbildung","url":"https:\/\/alice.ch\/de\/","logo":{"@type":"ImageObject","inLanguage":"de","@id":"https:\/\/alice.ch\/de\/#\/schema\/logo\/image\/","url":"https:\/\/alice.ch\/app\/uploads\/2022\/07\/logo-sveb.png","contentUrl":"https:\/\/alice.ch\/app\/uploads\/2022\/07\/logo-sveb.png","width":145,"height":64,"caption":"SVEB Schweizerischer Verband f\u00fcr Weiterbildung"},"image":{"@id":"https:\/\/alice.ch\/de\/#\/schema\/logo\/image\/"},"sameAs":["https:\/\/www.linkedin.com\/company\/schweizerischer-verband-fr-weiterbildung-sveb\/"]}]}},"_links":{"self":[{"href":"https:\/\/alice.ch\/de\/wp-json\/wp\/v2\/news\/66748","targetHints":{"allow":["GET"]}}],"collection":[{"href":"https:\/\/alice.ch\/de\/wp-json\/wp\/v2\/news"}],"about":[{"href":"https:\/\/alice.ch\/de\/wp-json\/wp\/v2\/types\/news"}],"author":[{"embeddable":true,"href":"https:\/\/alice.ch\/de\/wp-json\/wp\/v2\/users\/27"}],"version-history":[{"count":1,"href":"https:\/\/alice.ch\/de\/wp-json\/wp\/v2\/news\/66748\/revisions"}],"predecessor-version":[{"id":66753,"href":"https:\/\/alice.ch\/de\/wp-json\/wp\/v2\/news\/66748\/revisions\/66753"}],"wp:featuredmedia":[{"embeddable":true,"href":"https:\/\/alice.ch\/de\/wp-json\/wp\/v2\/media\/66749"}],"wp:attachment":[{"href":"https:\/\/alice.ch\/de\/wp-json\/wp\/v2\/media?parent=66748"}],"wp:term":[{"taxonomy":"news-category","embeddable":true,"href":"https:\/\/alice.ch\/de\/wp-json\/wp\/v2\/news-category?post=66748"},{"taxonomy":"global-category","embeddable":true,"href":"https:\/\/alice.ch\/de\/wp-json\/wp\/v2\/global-category?post=66748"}],"curies":[{"name":"wp","href":"https:\/\/api.w.org\/{rel}","templated":true}]}}