{"id":66757,"date":"2025-03-14T15:57:25","date_gmt":"2025-03-14T14:57:25","guid":{"rendered":"https:\/\/alice.ch\/?post_type=news&#038;p=66757"},"modified":"2025-03-27T08:44:19","modified_gmt":"2025-03-27T07:44:19","slug":"studie-digitale-inklusion-kaum-systematisch-verankert","status":"publish","type":"news","link":"https:\/\/alice.ch\/de\/news\/studie-digitale-inklusion-kaum-systematisch-verankert\/","title":{"rendered":"Studie: Digitale Inklusion in der Weiterbildung kaum systematisch verankert"},"content":{"rendered":"\n<p class=\"is-style-lead\">Die digitale Teilhabe von Menschen mit Behinderungen ist in der schweizerischen beruflichen Aus- und Weiterbildung bislang kaum systematisch verankert. Zu diesem Schluss kommt die Studie \u00abDigitale Teilhabe von Menschen mit Behinderungen in der beruflichen Aus- und Weiterbildung\u00bb der Hochschule f\u00fcr Soziale Arbeit FHNW.<\/p>\n\n\n\n<p>Die <a href=\"https:\/\/www.inclusion-digital.ch\/wp-content\/uploads\/sites\/250\/kurzbericht_digitale-teilhabe-von-menschen-mit-behinderung-in-der-beruflichen-bildung_hsa-fhnw_20250310.pdf\">Studie<\/a> (Laufzeit: 2020-2024) widmete sich im Schnittbereich von beruflicher Bildung, Digitalisierung und Inklusion den Fragen, welche Dimensionen digitale Teilhabe von Menschen mit Behinderungen umfasst, was sie f\u00f6rdert oder behindert und wie Berufsbildungsorganisationen digitale Teilhabe umsetzen.<\/p>\n\n\n\n<p>Bildungsorganisationen verf\u00fcgen demnach h\u00e4ufig \u00fcber kein umfassendes Konzept zur F\u00f6rderung digitaler Barrierefreiheit und setzen auf reaktive Massnahmen, die durch die individuelle Bereitschaft einzelner Akteure getragen werden. Besonders in kleineren Organisationen bleibe die Teilhabe vom Engagement und Wissen einzelner Lehrkr\u00e4fte abh\u00e4ngig, was zu einer \u00abdeutlich heterogenen Ausgestaltung von Inklusionsmassnahmen\u00bb f\u00fchre.<\/p>\n\n\n\n<h2 class=\"wp-block-heading\">Widerspr\u00fcchliches Bild<\/h2>\n\n\n\n<p>Die Diskrepanz zwischen der theoretischen Bedeutung der Inklusion und der mangelnden Umsetzung in der Praxis zeige, dass die Organisationen zwar die Wichtigkeit des Themas anerkennen, jedoch oft an den n\u00f6tigen Ressourcen und der strategischen Planung scheitern. Die Einf\u00fchrung klarer Strukturen, die Bereitstellung ausreichender finanzieller und personeller Ressourcen sowie die gezielte Sensibilisierung f\u00fcr Barrierefreiheit auf allen Ebenen k\u00f6nnten gem\u00e4ss Bericht helfen, diese L\u00fccke zu schliessen.<\/p>\n\n\n\n<p>\u00abZusammengefasst l\u00e4sst sich sagen, dass Bildungsorganisationen nur durch einen st\u00e4rkeren Fokus auf Inklusion und Barrierefreiheit ihre Lernumgebungen so gestalten k\u00f6nnen, dass alle Lernenden gleichermassen Zugang zu Bildung haben\u00bb, schliesst der Bericht. Die Vernetzung und der Wissenstransfer zwischen verschiedenen Bildungsorganisationen k\u00f6nnten dabei als wertvolle Massnahmen fungieren. Der nachhaltige Erfolg digitaler Teilhabe werde davon abh\u00e4ngen, inwieweit dieses Thema auf politischer und administrativer Ebene aufgegriffen und in den strategischen und operativen Strukturen der Bildungsorganisationen verankert wird.<\/p>\n\n\n\n<h2 class=\"wp-block-heading\">Inklusionskultur variiert stark<\/h2>\n\n\n\n<p>Um die Chancen und Herausforderungen der Digitalisierung f\u00fcr Menschen mit Behinderungen zu erfassen und zu untersuchen, was die digitale Inklusion f\u00f6rdert oder behindert, wurden Daten in einem multiperspektivischen Ansatz gesammelt und ausgewertet. Das Resultat: Die Inklusionskultur in Bildungsorganisationen variiert stark. W\u00e4hrend einige Institutionen Inklusion als strategisches Ziel verankern, wird sie in anderen als individuelle Aufgabe Einzelner betrachtet. H\u00e4ufig fehlen institutionelle Strategien, die digitale Barrierefreiheit und Teilhabe systematisch f\u00f6rdern.<\/p>\n\n\n\n<p>Die digitale Teilhabe von Menschen mit Behinderungen in der beruflichen Aus- und Weiterbildung werde durch ein Zusammenspiel aus rechtlichen, organisatorischen, technischen und individuellen Faktoren gepr\u00e4gt. F\u00f6rderliche Faktoren umfassen klare gesetzliche Vorgaben, barrierefreie Technologien, soziale Unterst\u00fctzung und gezielte Kompetenzf\u00f6rderung. Hindernisse ergeben sich aus fehlenden finanziellen Ressourcen, Wissensl\u00fccken von diversen Akteuren in und rund um den Bildungsbereich, mangelnder Standardisierung, Zusatzaufw\u00e4nden und der Angst vor Stigmatisierung.<\/p>\n\n\n\n<p>Um die digitale Teilhabe nachhaltig zu verbessern, m\u00fcssen Bildungsorganisationen eine ganzheitliche Strategie verfolgen, so die Autorenschaft. Diese sollte die F\u00f6rderung inklusiver Werte, den Ausbau technischer Ressourcen sowie die gezielte Sensibilisierung und Schulung von Lehrkr\u00e4ften umfassen. Langfristig k\u00f6nnen dadurch Barrieren abgebaut und gleiche Zugangschancen f\u00fcr alle Lernenden geschaffen werden.<\/p>\n\n\n\n<h2 class=\"wp-block-heading\">Weitere Informationen<\/h2>\n\n\n\n<div class=\"wp-block-buttons is-layout-flex wp-block-buttons-is-layout-flex\">\n<div class=\"wp-block-button has-custom-width wp-block-button__width-100 is-style-minimal\"><a class=\"wp-block-button__link wp-element-button\" href=\"https:\/\/www.inclusion-digital.ch\/wp-content\/uploads\/sites\/250\/kurzbericht_digitale-teilhabe-von-menschen-mit-behinderung-in-der-beruflichen-bildung_hsa-fhnw_20250310.pdf\" target=\"_blank\" rel=\"noreferrer noopener\">Kurzbericht zur Studie<\/a><\/div>\n<\/div>\n","protected":false},"excerpt":{"rendered":"<p>Die digitale Teilhabe von Menschen mit Behinderungen ist in der schweizerischen beruflichen Aus- und Weiterbildung bislang kaum systematisch verankert. Zu [&hellip;]<\/p>\n","protected":false},"author":27,"featured_media":66758,"template":"","meta":{"_acf_changed":false,"inline_featured_image":false,"footnotes":""},"news-category":[32],"global-category":[51],"class_list":["post-66757","news","type-news","status-publish","has-post-thumbnail","hentry","news-category-inklusion","global-category-chancengleichheit"],"acf":[],"yoast_head":"<!-- This site is optimized with the Yoast SEO plugin v27.3 - https:\/\/yoast.com\/product\/yoast-seo-wordpress\/ -->\n<title>Studie: Digitale Inklusion in der Weiterbildung kaum systematisch verankert - SVEB<\/title>\n<meta name=\"robots\" content=\"index, follow, max-snippet:-1, max-image-preview:large, max-video-preview:-1\" \/>\n<link rel=\"canonical\" href=\"https:\/\/alice.ch\/de\/news\/studie-digitale-inklusion-kaum-systematisch-verankert\/\" \/>\n<meta property=\"og:locale\" content=\"de_DE\" \/>\n<meta property=\"og:type\" content=\"article\" \/>\n<meta property=\"og:title\" content=\"Studie: Digitale Inklusion in der Weiterbildung kaum systematisch verankert - SVEB\" \/>\n<meta property=\"og:description\" content=\"Die digitale Teilhabe von Menschen mit Behinderungen ist in der schweizerischen beruflichen Aus- und Weiterbildung bislang kaum systematisch verankert. Zu [&hellip;]\" \/>\n<meta property=\"og:url\" content=\"https:\/\/alice.ch\/de\/news\/studie-digitale-inklusion-kaum-systematisch-verankert\/\" \/>\n<meta property=\"og:site_name\" content=\"SVEB\" \/>\n<meta property=\"article:modified_time\" content=\"2025-03-27T07:44:19+00:00\" \/>\n<meta property=\"og:image\" content=\"https:\/\/alice.ch\/app\/uploads\/2025\/03\/getty-images-4GEWX6EF0BI-unsplash1.jpg\" \/>\n\t<meta property=\"og:image:width\" content=\"1200\" \/>\n\t<meta property=\"og:image:height\" content=\"627\" \/>\n\t<meta property=\"og:image:type\" content=\"image\/jpeg\" \/>\n<meta name=\"twitter:card\" content=\"summary_large_image\" \/>\n<meta name=\"twitter:label1\" content=\"Gesch\u00e4tzte Lesezeit\" \/>\n\t<meta name=\"twitter:data1\" content=\"2\u00a0Minuten\" \/>\n<script type=\"application\/ld+json\" class=\"yoast-schema-graph\">{\"@context\":\"https:\\\/\\\/schema.org\",\"@graph\":[{\"@type\":\"WebPage\",\"@id\":\"https:\\\/\\\/alice.ch\\\/de\\\/news\\\/studie-digitale-inklusion-kaum-systematisch-verankert\\\/\",\"url\":\"https:\\\/\\\/alice.ch\\\/de\\\/news\\\/studie-digitale-inklusion-kaum-systematisch-verankert\\\/\",\"name\":\"Studie: Digitale Inklusion in der Weiterbildung kaum systematisch verankert - SVEB\",\"isPartOf\":{\"@id\":\"https:\\\/\\\/alice.ch\\\/de\\\/#website\"},\"primaryImageOfPage\":{\"@id\":\"https:\\\/\\\/alice.ch\\\/de\\\/news\\\/studie-digitale-inklusion-kaum-systematisch-verankert\\\/#primaryimage\"},\"image\":{\"@id\":\"https:\\\/\\\/alice.ch\\\/de\\\/news\\\/studie-digitale-inklusion-kaum-systematisch-verankert\\\/#primaryimage\"},\"thumbnailUrl\":\"https:\\\/\\\/alice.ch\\\/app\\\/uploads\\\/2025\\\/03\\\/getty-images-4GEWX6EF0BI-unsplash1.jpg\",\"datePublished\":\"2025-03-14T14:57:25+00:00\",\"dateModified\":\"2025-03-27T07:44:19+00:00\",\"breadcrumb\":{\"@id\":\"https:\\\/\\\/alice.ch\\\/de\\\/news\\\/studie-digitale-inklusion-kaum-systematisch-verankert\\\/#breadcrumb\"},\"inLanguage\":\"de\",\"potentialAction\":[{\"@type\":\"ReadAction\",\"target\":[\"https:\\\/\\\/alice.ch\\\/de\\\/news\\\/studie-digitale-inklusion-kaum-systematisch-verankert\\\/\"]}]},{\"@type\":\"ImageObject\",\"inLanguage\":\"de\",\"@id\":\"https:\\\/\\\/alice.ch\\\/de\\\/news\\\/studie-digitale-inklusion-kaum-systematisch-verankert\\\/#primaryimage\",\"url\":\"https:\\\/\\\/alice.ch\\\/app\\\/uploads\\\/2025\\\/03\\\/getty-images-4GEWX6EF0BI-unsplash1.jpg\",\"contentUrl\":\"https:\\\/\\\/alice.ch\\\/app\\\/uploads\\\/2025\\\/03\\\/getty-images-4GEWX6EF0BI-unsplash1.jpg\",\"width\":1200,\"height\":627},{\"@type\":\"BreadcrumbList\",\"@id\":\"https:\\\/\\\/alice.ch\\\/de\\\/news\\\/studie-digitale-inklusion-kaum-systematisch-verankert\\\/#breadcrumb\",\"itemListElement\":[{\"@type\":\"ListItem\",\"position\":1,\"name\":\"Startseite\",\"item\":\"https:\\\/\\\/alice.ch\\\/de\\\/\"},{\"@type\":\"ListItem\",\"position\":2,\"name\":\"Studie: Digitale Inklusion in der Weiterbildung kaum systematisch verankert\"}]},{\"@type\":\"WebSite\",\"@id\":\"https:\\\/\\\/alice.ch\\\/de\\\/#website\",\"url\":\"https:\\\/\\\/alice.ch\\\/de\\\/\",\"name\":\"alice.ch (Adult Learning Information Center) ist das Portal der Weiterbildung in der Schweiz.\",\"description\":\"Schweizerischer Verband f\u00fcr Weiterbildung\",\"publisher\":{\"@id\":\"https:\\\/\\\/alice.ch\\\/de\\\/#organization\"},\"potentialAction\":[{\"@type\":\"SearchAction\",\"target\":{\"@type\":\"EntryPoint\",\"urlTemplate\":\"https:\\\/\\\/alice.ch\\\/de\\\/?s={search_term_string}\"},\"query-input\":{\"@type\":\"PropertyValueSpecification\",\"valueRequired\":true,\"valueName\":\"search_term_string\"}}],\"inLanguage\":\"de\"},{\"@type\":\"Organization\",\"@id\":\"https:\\\/\\\/alice.ch\\\/de\\\/#organization\",\"name\":\"SVEB Schweizerischer Verband f\u00fcr Weiterbildung\",\"url\":\"https:\\\/\\\/alice.ch\\\/de\\\/\",\"logo\":{\"@type\":\"ImageObject\",\"inLanguage\":\"de\",\"@id\":\"https:\\\/\\\/alice.ch\\\/de\\\/#\\\/schema\\\/logo\\\/image\\\/\",\"url\":\"https:\\\/\\\/alice.ch\\\/app\\\/uploads\\\/2022\\\/07\\\/logo-sveb.png\",\"contentUrl\":\"https:\\\/\\\/alice.ch\\\/app\\\/uploads\\\/2022\\\/07\\\/logo-sveb.png\",\"width\":145,\"height\":64,\"caption\":\"SVEB Schweizerischer Verband f\u00fcr Weiterbildung\"},\"image\":{\"@id\":\"https:\\\/\\\/alice.ch\\\/de\\\/#\\\/schema\\\/logo\\\/image\\\/\"},\"sameAs\":[\"https:\\\/\\\/www.linkedin.com\\\/company\\\/schweizerischer-verband-fr-weiterbildung-sveb\\\/\"]}]}<\/script>\n<!-- \/ Yoast SEO plugin. -->","yoast_head_json":{"title":"Studie: Digitale Inklusion in der Weiterbildung kaum systematisch verankert - SVEB","robots":{"index":"index","follow":"follow","max-snippet":"max-snippet:-1","max-image-preview":"max-image-preview:large","max-video-preview":"max-video-preview:-1"},"canonical":"https:\/\/alice.ch\/de\/news\/studie-digitale-inklusion-kaum-systematisch-verankert\/","og_locale":"de_DE","og_type":"article","og_title":"Studie: Digitale Inklusion in der Weiterbildung kaum systematisch verankert - SVEB","og_description":"Die digitale Teilhabe von Menschen mit Behinderungen ist in der schweizerischen beruflichen Aus- und Weiterbildung bislang kaum systematisch verankert. Zu [&hellip;]","og_url":"https:\/\/alice.ch\/de\/news\/studie-digitale-inklusion-kaum-systematisch-verankert\/","og_site_name":"SVEB","article_modified_time":"2025-03-27T07:44:19+00:00","og_image":[{"width":1200,"height":627,"url":"https:\/\/alice.ch\/app\/uploads\/2025\/03\/getty-images-4GEWX6EF0BI-unsplash1.jpg","type":"image\/jpeg"}],"twitter_card":"summary_large_image","twitter_misc":{"Gesch\u00e4tzte Lesezeit":"2\u00a0Minuten"},"schema":{"@context":"https:\/\/schema.org","@graph":[{"@type":"WebPage","@id":"https:\/\/alice.ch\/de\/news\/studie-digitale-inklusion-kaum-systematisch-verankert\/","url":"https:\/\/alice.ch\/de\/news\/studie-digitale-inklusion-kaum-systematisch-verankert\/","name":"Studie: Digitale Inklusion in der Weiterbildung kaum systematisch verankert - SVEB","isPartOf":{"@id":"https:\/\/alice.ch\/de\/#website"},"primaryImageOfPage":{"@id":"https:\/\/alice.ch\/de\/news\/studie-digitale-inklusion-kaum-systematisch-verankert\/#primaryimage"},"image":{"@id":"https:\/\/alice.ch\/de\/news\/studie-digitale-inklusion-kaum-systematisch-verankert\/#primaryimage"},"thumbnailUrl":"https:\/\/alice.ch\/app\/uploads\/2025\/03\/getty-images-4GEWX6EF0BI-unsplash1.jpg","datePublished":"2025-03-14T14:57:25+00:00","dateModified":"2025-03-27T07:44:19+00:00","breadcrumb":{"@id":"https:\/\/alice.ch\/de\/news\/studie-digitale-inklusion-kaum-systematisch-verankert\/#breadcrumb"},"inLanguage":"de","potentialAction":[{"@type":"ReadAction","target":["https:\/\/alice.ch\/de\/news\/studie-digitale-inklusion-kaum-systematisch-verankert\/"]}]},{"@type":"ImageObject","inLanguage":"de","@id":"https:\/\/alice.ch\/de\/news\/studie-digitale-inklusion-kaum-systematisch-verankert\/#primaryimage","url":"https:\/\/alice.ch\/app\/uploads\/2025\/03\/getty-images-4GEWX6EF0BI-unsplash1.jpg","contentUrl":"https:\/\/alice.ch\/app\/uploads\/2025\/03\/getty-images-4GEWX6EF0BI-unsplash1.jpg","width":1200,"height":627},{"@type":"BreadcrumbList","@id":"https:\/\/alice.ch\/de\/news\/studie-digitale-inklusion-kaum-systematisch-verankert\/#breadcrumb","itemListElement":[{"@type":"ListItem","position":1,"name":"Startseite","item":"https:\/\/alice.ch\/de\/"},{"@type":"ListItem","position":2,"name":"Studie: Digitale Inklusion in der Weiterbildung kaum systematisch verankert"}]},{"@type":"WebSite","@id":"https:\/\/alice.ch\/de\/#website","url":"https:\/\/alice.ch\/de\/","name":"alice.ch (Adult Learning Information Center) ist das Portal der Weiterbildung in der Schweiz.","description":"Schweizerischer Verband f\u00fcr Weiterbildung","publisher":{"@id":"https:\/\/alice.ch\/de\/#organization"},"potentialAction":[{"@type":"SearchAction","target":{"@type":"EntryPoint","urlTemplate":"https:\/\/alice.ch\/de\/?s={search_term_string}"},"query-input":{"@type":"PropertyValueSpecification","valueRequired":true,"valueName":"search_term_string"}}],"inLanguage":"de"},{"@type":"Organization","@id":"https:\/\/alice.ch\/de\/#organization","name":"SVEB Schweizerischer Verband f\u00fcr Weiterbildung","url":"https:\/\/alice.ch\/de\/","logo":{"@type":"ImageObject","inLanguage":"de","@id":"https:\/\/alice.ch\/de\/#\/schema\/logo\/image\/","url":"https:\/\/alice.ch\/app\/uploads\/2022\/07\/logo-sveb.png","contentUrl":"https:\/\/alice.ch\/app\/uploads\/2022\/07\/logo-sveb.png","width":145,"height":64,"caption":"SVEB Schweizerischer Verband f\u00fcr Weiterbildung"},"image":{"@id":"https:\/\/alice.ch\/de\/#\/schema\/logo\/image\/"},"sameAs":["https:\/\/www.linkedin.com\/company\/schweizerischer-verband-fr-weiterbildung-sveb\/"]}]}},"_links":{"self":[{"href":"https:\/\/alice.ch\/de\/wp-json\/wp\/v2\/news\/66757","targetHints":{"allow":["GET"]}}],"collection":[{"href":"https:\/\/alice.ch\/de\/wp-json\/wp\/v2\/news"}],"about":[{"href":"https:\/\/alice.ch\/de\/wp-json\/wp\/v2\/types\/news"}],"author":[{"embeddable":true,"href":"https:\/\/alice.ch\/de\/wp-json\/wp\/v2\/users\/27"}],"version-history":[{"count":5,"href":"https:\/\/alice.ch\/de\/wp-json\/wp\/v2\/news\/66757\/revisions"}],"predecessor-version":[{"id":67078,"href":"https:\/\/alice.ch\/de\/wp-json\/wp\/v2\/news\/66757\/revisions\/67078"}],"wp:featuredmedia":[{"embeddable":true,"href":"https:\/\/alice.ch\/de\/wp-json\/wp\/v2\/media\/66758"}],"wp:attachment":[{"href":"https:\/\/alice.ch\/de\/wp-json\/wp\/v2\/media?parent=66757"}],"wp:term":[{"taxonomy":"news-category","embeddable":true,"href":"https:\/\/alice.ch\/de\/wp-json\/wp\/v2\/news-category?post=66757"},{"taxonomy":"global-category","embeddable":true,"href":"https:\/\/alice.ch\/de\/wp-json\/wp\/v2\/global-category?post=66757"}],"curies":[{"name":"wp","href":"https:\/\/api.w.org\/{rel}","templated":true}]}}