{"id":66983,"date":"2025-03-26T09:15:20","date_gmt":"2025-03-26T08:15:20","guid":{"rendered":"https:\/\/alice.ch\/?post_type=news&#038;p=66983"},"modified":"2025-03-27T09:22:15","modified_gmt":"2025-03-27T08:22:15","slug":"go-weiterbildung-praxisorientiert-und-massgeschneidert","status":"publish","type":"news","link":"https:\/\/alice.ch\/de\/news\/go-weiterbildung-praxisorientiert-und-massgeschneidert\/","title":{"rendered":"GO-Weiterbildung: praxisorientiert und massgeschneidert"},"content":{"rendered":"\n<p class=\"is-style-lead\">Zum zweiten Mal seit dem Pilot im 2023 wird die GO-Weiterbildung in vier Modulen durchgef\u00fchrt. Teilnehmende erarbeiten das R\u00fcstzeug f\u00fcr die erfolgreiche Zusammenarbeit mit Betrieben bei der F\u00f6rderung der Grundkompetenzen am Arbeitsplatz mit dem <a href=\"https:\/\/alice.ch\/de\/themen\/grundkompetenzen\/go-upskilling-am-arbeitsplatz\/go-modell\/\">GO-Modell<\/a>. Neu beinhaltet dies auch einen Betriebsbesuch und eine Anforderungsanalyse vor Ort.<\/p>\n\n\n\n<p><em>Text: C\u00e4cilia M\u00e4rki<\/em><\/p>\n\n\n\n<p>Aus mehr als 80 Anbietern k\u00f6nnen&nbsp;<a href=\"https:\/\/www.einfach-besser.ch\/betriebe-kursanbieter-finden\/\">Betriebe<\/a>&nbsp;auf der Kommunikationsplattform \u00ab<a href=\"https:\/\/www.einfach-besser.ch\/betriebe\/\">Einfach besser! &#8230; am Arbeitsplatz!\u00bb<\/a>&nbsp;ihren Partner f\u00fcr die Umsetzung massgeschneiderter Kurse f\u00fcr Sprache, Lesen, Schreiben, Rechnung und IKT ausw\u00e4hlen. Bund und Kantone subventionieren dieses Angebot seit 2018 im Rahmen des gleichnamigen nationalen F\u00f6rderschwerpunkts, dessen methodische Grundlage das GO-Modell ist.<\/p>\n\n\n\n<p>Bislang haben 4450 Mitarbeitende aus 315 Betrieben von diesem Angebot profitiert, wobei 1800 Teilnehmende keinen Abschluss auf Sekundarstufe II hatten. Die Gesuche stammen vor allem aus der Industrie, dem Gastgewerbe, Dienstleistungen, Gesundheitswesen, Transport, Logistik und Bauwesen. Trotz dieser Erfolge ist der F\u00f6rderschwerpunkt noch wenig bekannt, die&nbsp;<a href=\"https:\/\/www.stories-arbeitsplatz.einfach-besser.ch\/\">Kampagne<\/a>&nbsp;des SBFI und der Kantone zeigt erst allm\u00e4hlich Wirkung.<\/p>\n\n\n\n<h2 class=\"wp-block-heading\">PIAAC-Zahlen belegen Bedarf<\/h2>\n\n\n\n<p>Dass Bedarf besteht, und zwar bei sehr vielen Erwachsenen, zeigt die PIAAC-Studie des BFS. <a href=\"https:\/\/alice.ch\/de\/themen\/grundkompetenzen\/resultate-der-piaac-erhebung-in-der-schweiz\/\">Sie belegt, dass 17,8% der Erwerbst\u00e4tigen in der Schweiz Schwierigkeiten mit dem Lesen haben<\/a>, 14,7% mit Mathematik und 19,3% mit dem adaptiven Probleml\u00f6sen. Dies entspricht 797&#8217;000 bzw. 657&#8217;000 bzw. 868&#8217;000 Erwerbst\u00e4tigen, die von solchen Angeboten profitieren k\u00f6nnten.<\/p>\n\n\n\n<p>Zielgruppe in den Betrieben sind Mitarbeitende, die oft bei Weiterbildungen \u00fcbersehen werden, h\u00e4ufig ohne Berufsabschluss und in ausf\u00fchrenden T\u00e4tigkeiten. Vielfach kommen Anbieter z.B. entweder aus der Sprachf\u00f6rderung oder dem IKT-Bereich.&nbsp;In jedem Fall sind sowohl die Akquise von Betrieben als auch die Entwicklung praxisorientierter Kurse f\u00fcr Anbieter eine anspruchsvolle Aufgabe.<\/p>\n\n\n\n<p>Hier kommt das GO-Modell ins Spiel: Es setzt auf das f\u00e4cher\u00fcbergreifende Erarbeiten von Grundkompetenzen f\u00fcr Anforderungen in konkreten Arbeitssituationen \u2013praxisorientiert,\u00a0massgeschneidert und mit Fokus auf den Transfer des Gelernten zur\u00fcck an den Arbeitsplatz.\u00a0Daf\u00fcr ist eine gr\u00fcndliche Analyse der Anforderungen und des Bedarfs im Betrieb grundlegend. Neu in der GO-Weiterbildung ist darum ein von den Teilnehmenden selbst organisierter Betriebsbesuch in Modul 3 zur Umsetzung einer Anforderungsanalyse direkt vor Ort.\u00a0<\/p>\n\n\n\n<h2 class=\"wp-block-heading\">Vier Module<\/h2>\n\n\n\n<p>Die GO-Weiterbildung besteht aus vier Modulen:<\/p>\n\n\n\n<ol start=\"1\" class=\"wp-block-list\">\n<li><strong>Online-Einf\u00fchrung (29. April 2025, 15-17 Uhr)<\/strong>\n<ul class=\"wp-block-list\">\n<li>Offen f\u00fcr alle Interessierten, \u00dcberblick \u00fcber die Module, Vorstellung der GO-Trainerinnen, des GO-Modells und der F\u00f6rderstruktur \u00abEinfach besser! &#8230; am Arbeitsplatz\u00bb durch das SBFI.\u00a0<\/li>\n<\/ul>\n<\/li>\n\n\n\n<li><strong>Modul 2: Akquise und Netzwerke\u00a0(1 Tag)<\/strong>\n<ul class=\"wp-block-list\">\n<li>Fokus auf die Gewinnung neuer Kunden und die Pflege von Netzwerken.<\/li>\n<\/ul>\n<\/li>\n\n\n\n<li><strong>Modul 3: Anforderungsanalyse und Kurskonzept\u00a0(2 Tage, 1 online-Austausch)<\/strong>\n<ul class=\"wp-block-list\">\n<li>Von der Analyse der Anforderungen bis zur Entwicklung eines Kurskonzepts. Teilnehmende machen praktische Erfahrungen und entwickeln alle notwendigen Bausteine f\u00fcr ein Gesuch.<\/li>\n<\/ul>\n<\/li>\n\n\n\n<li><strong>Modul 4: Praxis der Kursleitung\u00a0(1 Tag)<\/strong>\n<ul class=\"wp-block-list\">\n<li>Konzentration auf die Umsetzung der Kurse in Betrieben, Nutzung authentischen Materials und Transferf\u00f6rderung.<\/li>\n<\/ul>\n<\/li>\n<\/ol>\n\n\n\n<p><a href=\"https:\/\/alice.ch\/de\/themen\/grundkompetenzen\/go-upskilling-am-arbeitsplatz\/go-weiterbildung\/\">Hier<\/a> erhalten Sie mehr Informationen oder k\u00f6nnen sich gleich anmelden.<\/p>\n\n\n\n<h2 class=\"wp-block-heading\">Empfehlung f\u00fcr Anbieter<\/h2>\n\n\n\n<p>Anbieter k\u00f6nnen ganze Teams zur GO-Weiterbildung schicken, um alle notwendigen Kenntnisse f\u00fcr die Zusammenarbeit mit Betrieben, Teilnehmenden und F\u00f6rderstrukturen zu erwerben. Die Weiterbildung bietet eine umfassende Vorbereitung auf die Herausforderungen und Chancen der F\u00f6rderung von Grundkompetenzen am Arbeitsplatz.<\/p>\n\n\n\n<h2 class=\"wp-block-heading\">Weitere Informationen<\/h2>\n\n\n\n<div class=\"wp-block-buttons is-layout-flex wp-block-buttons-is-layout-flex\">\n<div class=\"wp-block-button has-custom-width wp-block-button__width-100 is-style-minimal\"><a class=\"wp-block-button__link wp-element-button\" href=\"https:\/\/alice.ch\/de\/themen\/grundkompetenzen\/go-upskilling-am-arbeitsplatz\/go-weiterbildung\/\">zur Anmeldung<\/a><\/div>\n\n\n\n<div class=\"wp-block-button has-custom-width wp-block-button__width-100 is-style-minimal\"><a class=\"wp-block-button__link wp-element-button\" href=\"https:\/\/alice.ch\/de\/themen\/grundkompetenzen\/go-upskilling-am-arbeitsplatz\/go-modell\/\">\u00fcber das GO-Modell<\/a><\/div>\n<\/div>\n","protected":false},"excerpt":{"rendered":"<p>Zum zweiten Mal seit dem Pilot im 2023 wird die GO-Weiterbildung in vier Modulen durchgef\u00fchrt. Teilnehmende erarbeiten das R\u00fcstzeug f\u00fcr [&hellip;]<\/p>\n","protected":false},"author":27,"featured_media":54197,"template":"","meta":{"_acf_changed":false,"inline_featured_image":false,"footnotes":""},"news-category":[28],"global-category":[45,49],"class_list":["post-66983","news","type-news","status-publish","has-post-thumbnail","hentry","news-category-grundkompetenzen","global-category-betriebliche-weiterbildung","global-category-grundkompetenzen"],"acf":[],"yoast_head":"<!-- This site is optimized with the Yoast SEO plugin v27.3 - https:\/\/yoast.com\/product\/yoast-seo-wordpress\/ -->\n<title>GO-Weiterbildung: praxisorientiert und massgeschneidert - SVEB<\/title>\n<meta name=\"robots\" content=\"index, follow, max-snippet:-1, max-image-preview:large, max-video-preview:-1\" \/>\n<link rel=\"canonical\" href=\"https:\/\/alice.ch\/de\/news\/go-weiterbildung-praxisorientiert-und-massgeschneidert\/\" \/>\n<meta property=\"og:locale\" content=\"de_DE\" \/>\n<meta property=\"og:type\" content=\"article\" \/>\n<meta property=\"og:title\" content=\"GO-Weiterbildung: praxisorientiert und massgeschneidert - SVEB\" \/>\n<meta property=\"og:description\" content=\"Zum zweiten Mal seit dem Pilot im 2023 wird die GO-Weiterbildung in vier Modulen durchgef\u00fchrt. Teilnehmende erarbeiten das R\u00fcstzeug f\u00fcr [&hellip;]\" \/>\n<meta property=\"og:url\" content=\"https:\/\/alice.ch\/de\/news\/go-weiterbildung-praxisorientiert-und-massgeschneidert\/\" \/>\n<meta property=\"og:site_name\" content=\"SVEB\" \/>\n<meta property=\"article:modified_time\" content=\"2025-03-27T08:22:15+00:00\" \/>\n<meta property=\"og:image\" content=\"https:\/\/alice.ch\/app\/uploads\/2023\/09\/GO-WB-M3_230630_DSC3717_sRGB-crop.png\" \/>\n\t<meta property=\"og:image:width\" content=\"1200\" \/>\n\t<meta property=\"og:image:height\" content=\"627\" \/>\n\t<meta property=\"og:image:type\" content=\"image\/png\" \/>\n<meta name=\"twitter:card\" content=\"summary_large_image\" \/>\n<meta name=\"twitter:label1\" content=\"Gesch\u00e4tzte Lesezeit\" \/>\n\t<meta name=\"twitter:data1\" content=\"3\u00a0Minuten\" \/>\n<script type=\"application\/ld+json\" class=\"yoast-schema-graph\">{\"@context\":\"https:\\\/\\\/schema.org\",\"@graph\":[{\"@type\":\"WebPage\",\"@id\":\"https:\\\/\\\/alice.ch\\\/de\\\/news\\\/go-weiterbildung-praxisorientiert-und-massgeschneidert\\\/\",\"url\":\"https:\\\/\\\/alice.ch\\\/de\\\/news\\\/go-weiterbildung-praxisorientiert-und-massgeschneidert\\\/\",\"name\":\"GO-Weiterbildung: praxisorientiert und massgeschneidert - SVEB\",\"isPartOf\":{\"@id\":\"https:\\\/\\\/alice.ch\\\/de\\\/#website\"},\"primaryImageOfPage\":{\"@id\":\"https:\\\/\\\/alice.ch\\\/de\\\/news\\\/go-weiterbildung-praxisorientiert-und-massgeschneidert\\\/#primaryimage\"},\"image\":{\"@id\":\"https:\\\/\\\/alice.ch\\\/de\\\/news\\\/go-weiterbildung-praxisorientiert-und-massgeschneidert\\\/#primaryimage\"},\"thumbnailUrl\":\"https:\\\/\\\/alice.ch\\\/app\\\/uploads\\\/2023\\\/09\\\/GO-WB-M3_230630_DSC3717_sRGB-crop.png\",\"datePublished\":\"2025-03-26T08:15:20+00:00\",\"dateModified\":\"2025-03-27T08:22:15+00:00\",\"breadcrumb\":{\"@id\":\"https:\\\/\\\/alice.ch\\\/de\\\/news\\\/go-weiterbildung-praxisorientiert-und-massgeschneidert\\\/#breadcrumb\"},\"inLanguage\":\"de\",\"potentialAction\":[{\"@type\":\"ReadAction\",\"target\":[\"https:\\\/\\\/alice.ch\\\/de\\\/news\\\/go-weiterbildung-praxisorientiert-und-massgeschneidert\\\/\"]}]},{\"@type\":\"ImageObject\",\"inLanguage\":\"de\",\"@id\":\"https:\\\/\\\/alice.ch\\\/de\\\/news\\\/go-weiterbildung-praxisorientiert-und-massgeschneidert\\\/#primaryimage\",\"url\":\"https:\\\/\\\/alice.ch\\\/app\\\/uploads\\\/2023\\\/09\\\/GO-WB-M3_230630_DSC3717_sRGB-crop.png\",\"contentUrl\":\"https:\\\/\\\/alice.ch\\\/app\\\/uploads\\\/2023\\\/09\\\/GO-WB-M3_230630_DSC3717_sRGB-crop.png\",\"width\":1200,\"height\":627,\"caption\":\"Teilnehmende der GO-Weiterbildung\"},{\"@type\":\"BreadcrumbList\",\"@id\":\"https:\\\/\\\/alice.ch\\\/de\\\/news\\\/go-weiterbildung-praxisorientiert-und-massgeschneidert\\\/#breadcrumb\",\"itemListElement\":[{\"@type\":\"ListItem\",\"position\":1,\"name\":\"Startseite\",\"item\":\"https:\\\/\\\/alice.ch\\\/de\\\/\"},{\"@type\":\"ListItem\",\"position\":2,\"name\":\"GO-Weiterbildung: praxisorientiert und massgeschneidert\"}]},{\"@type\":\"WebSite\",\"@id\":\"https:\\\/\\\/alice.ch\\\/de\\\/#website\",\"url\":\"https:\\\/\\\/alice.ch\\\/de\\\/\",\"name\":\"alice.ch (Adult Learning Information Center) ist das Portal der Weiterbildung in der Schweiz.\",\"description\":\"Schweizerischer Verband f\u00fcr Weiterbildung\",\"publisher\":{\"@id\":\"https:\\\/\\\/alice.ch\\\/de\\\/#organization\"},\"potentialAction\":[{\"@type\":\"SearchAction\",\"target\":{\"@type\":\"EntryPoint\",\"urlTemplate\":\"https:\\\/\\\/alice.ch\\\/de\\\/?s={search_term_string}\"},\"query-input\":{\"@type\":\"PropertyValueSpecification\",\"valueRequired\":true,\"valueName\":\"search_term_string\"}}],\"inLanguage\":\"de\"},{\"@type\":\"Organization\",\"@id\":\"https:\\\/\\\/alice.ch\\\/de\\\/#organization\",\"name\":\"SVEB Schweizerischer Verband f\u00fcr Weiterbildung\",\"url\":\"https:\\\/\\\/alice.ch\\\/de\\\/\",\"logo\":{\"@type\":\"ImageObject\",\"inLanguage\":\"de\",\"@id\":\"https:\\\/\\\/alice.ch\\\/de\\\/#\\\/schema\\\/logo\\\/image\\\/\",\"url\":\"https:\\\/\\\/alice.ch\\\/app\\\/uploads\\\/2022\\\/07\\\/logo-sveb.png\",\"contentUrl\":\"https:\\\/\\\/alice.ch\\\/app\\\/uploads\\\/2022\\\/07\\\/logo-sveb.png\",\"width\":145,\"height\":64,\"caption\":\"SVEB Schweizerischer Verband f\u00fcr Weiterbildung\"},\"image\":{\"@id\":\"https:\\\/\\\/alice.ch\\\/de\\\/#\\\/schema\\\/logo\\\/image\\\/\"},\"sameAs\":[\"https:\\\/\\\/www.linkedin.com\\\/company\\\/schweizerischer-verband-fr-weiterbildung-sveb\\\/\"]}]}<\/script>\n<!-- \/ Yoast SEO plugin. -->","yoast_head_json":{"title":"GO-Weiterbildung: praxisorientiert und massgeschneidert - SVEB","robots":{"index":"index","follow":"follow","max-snippet":"max-snippet:-1","max-image-preview":"max-image-preview:large","max-video-preview":"max-video-preview:-1"},"canonical":"https:\/\/alice.ch\/de\/news\/go-weiterbildung-praxisorientiert-und-massgeschneidert\/","og_locale":"de_DE","og_type":"article","og_title":"GO-Weiterbildung: praxisorientiert und massgeschneidert - SVEB","og_description":"Zum zweiten Mal seit dem Pilot im 2023 wird die GO-Weiterbildung in vier Modulen durchgef\u00fchrt. Teilnehmende erarbeiten das R\u00fcstzeug f\u00fcr [&hellip;]","og_url":"https:\/\/alice.ch\/de\/news\/go-weiterbildung-praxisorientiert-und-massgeschneidert\/","og_site_name":"SVEB","article_modified_time":"2025-03-27T08:22:15+00:00","og_image":[{"width":1200,"height":627,"url":"https:\/\/alice.ch\/app\/uploads\/2023\/09\/GO-WB-M3_230630_DSC3717_sRGB-crop.png","type":"image\/png"}],"twitter_card":"summary_large_image","twitter_misc":{"Gesch\u00e4tzte Lesezeit":"3\u00a0Minuten"},"schema":{"@context":"https:\/\/schema.org","@graph":[{"@type":"WebPage","@id":"https:\/\/alice.ch\/de\/news\/go-weiterbildung-praxisorientiert-und-massgeschneidert\/","url":"https:\/\/alice.ch\/de\/news\/go-weiterbildung-praxisorientiert-und-massgeschneidert\/","name":"GO-Weiterbildung: praxisorientiert und massgeschneidert - SVEB","isPartOf":{"@id":"https:\/\/alice.ch\/de\/#website"},"primaryImageOfPage":{"@id":"https:\/\/alice.ch\/de\/news\/go-weiterbildung-praxisorientiert-und-massgeschneidert\/#primaryimage"},"image":{"@id":"https:\/\/alice.ch\/de\/news\/go-weiterbildung-praxisorientiert-und-massgeschneidert\/#primaryimage"},"thumbnailUrl":"https:\/\/alice.ch\/app\/uploads\/2023\/09\/GO-WB-M3_230630_DSC3717_sRGB-crop.png","datePublished":"2025-03-26T08:15:20+00:00","dateModified":"2025-03-27T08:22:15+00:00","breadcrumb":{"@id":"https:\/\/alice.ch\/de\/news\/go-weiterbildung-praxisorientiert-und-massgeschneidert\/#breadcrumb"},"inLanguage":"de","potentialAction":[{"@type":"ReadAction","target":["https:\/\/alice.ch\/de\/news\/go-weiterbildung-praxisorientiert-und-massgeschneidert\/"]}]},{"@type":"ImageObject","inLanguage":"de","@id":"https:\/\/alice.ch\/de\/news\/go-weiterbildung-praxisorientiert-und-massgeschneidert\/#primaryimage","url":"https:\/\/alice.ch\/app\/uploads\/2023\/09\/GO-WB-M3_230630_DSC3717_sRGB-crop.png","contentUrl":"https:\/\/alice.ch\/app\/uploads\/2023\/09\/GO-WB-M3_230630_DSC3717_sRGB-crop.png","width":1200,"height":627,"caption":"Teilnehmende der GO-Weiterbildung"},{"@type":"BreadcrumbList","@id":"https:\/\/alice.ch\/de\/news\/go-weiterbildung-praxisorientiert-und-massgeschneidert\/#breadcrumb","itemListElement":[{"@type":"ListItem","position":1,"name":"Startseite","item":"https:\/\/alice.ch\/de\/"},{"@type":"ListItem","position":2,"name":"GO-Weiterbildung: praxisorientiert und massgeschneidert"}]},{"@type":"WebSite","@id":"https:\/\/alice.ch\/de\/#website","url":"https:\/\/alice.ch\/de\/","name":"alice.ch (Adult Learning Information Center) ist das Portal der Weiterbildung in der Schweiz.","description":"Schweizerischer Verband f\u00fcr Weiterbildung","publisher":{"@id":"https:\/\/alice.ch\/de\/#organization"},"potentialAction":[{"@type":"SearchAction","target":{"@type":"EntryPoint","urlTemplate":"https:\/\/alice.ch\/de\/?s={search_term_string}"},"query-input":{"@type":"PropertyValueSpecification","valueRequired":true,"valueName":"search_term_string"}}],"inLanguage":"de"},{"@type":"Organization","@id":"https:\/\/alice.ch\/de\/#organization","name":"SVEB Schweizerischer Verband f\u00fcr Weiterbildung","url":"https:\/\/alice.ch\/de\/","logo":{"@type":"ImageObject","inLanguage":"de","@id":"https:\/\/alice.ch\/de\/#\/schema\/logo\/image\/","url":"https:\/\/alice.ch\/app\/uploads\/2022\/07\/logo-sveb.png","contentUrl":"https:\/\/alice.ch\/app\/uploads\/2022\/07\/logo-sveb.png","width":145,"height":64,"caption":"SVEB Schweizerischer Verband f\u00fcr Weiterbildung"},"image":{"@id":"https:\/\/alice.ch\/de\/#\/schema\/logo\/image\/"},"sameAs":["https:\/\/www.linkedin.com\/company\/schweizerischer-verband-fr-weiterbildung-sveb\/"]}]}},"_links":{"self":[{"href":"https:\/\/alice.ch\/de\/wp-json\/wp\/v2\/news\/66983","targetHints":{"allow":["GET"]}}],"collection":[{"href":"https:\/\/alice.ch\/de\/wp-json\/wp\/v2\/news"}],"about":[{"href":"https:\/\/alice.ch\/de\/wp-json\/wp\/v2\/types\/news"}],"author":[{"embeddable":true,"href":"https:\/\/alice.ch\/de\/wp-json\/wp\/v2\/users\/27"}],"version-history":[{"count":1,"href":"https:\/\/alice.ch\/de\/wp-json\/wp\/v2\/news\/66983\/revisions"}],"predecessor-version":[{"id":66984,"href":"https:\/\/alice.ch\/de\/wp-json\/wp\/v2\/news\/66983\/revisions\/66984"}],"wp:featuredmedia":[{"embeddable":true,"href":"https:\/\/alice.ch\/de\/wp-json\/wp\/v2\/media\/54197"}],"wp:attachment":[{"href":"https:\/\/alice.ch\/de\/wp-json\/wp\/v2\/media?parent=66983"}],"wp:term":[{"taxonomy":"news-category","embeddable":true,"href":"https:\/\/alice.ch\/de\/wp-json\/wp\/v2\/news-category?post=66983"},{"taxonomy":"global-category","embeddable":true,"href":"https:\/\/alice.ch\/de\/wp-json\/wp\/v2\/global-category?post=66983"}],"curies":[{"name":"wp","href":"https:\/\/api.w.org\/{rel}","templated":true}]}}