{"id":67392,"date":"2025-04-10T13:58:06","date_gmt":"2025-04-10T11:58:06","guid":{"rendered":"https:\/\/alice.ch\/?post_type=news&#038;p=67392"},"modified":"2025-04-10T14:05:31","modified_gmt":"2025-04-10T12:05:31","slug":"bundesrat-heisst-eu-programmabkommen-gut-erasmus-ab-2027-moeglich","status":"publish","type":"news","link":"https:\/\/alice.ch\/de\/news\/bundesrat-heisst-eu-programmabkommen-gut-erasmus-ab-2027-moeglich\/","title":{"rendered":"Bundesrat heisst EU-Programmabkommen gut \u2013 Erasmus+ ab 2027 m\u00f6glich"},"content":{"rendered":"\n<p class=\"is-style-lead\">An seiner Sitzung vom 9. April 2025 hat der Bundesrat das EU-Programmabkommen (EUPA) und die dazugeh\u00f6rigen Protokolle in den Bereichen Bildung, Forschung, Innovation und Gesundheit gutgeheissen. Ab 2027 ist es wieder m\u00f6glich, dass Schweizer Weiterbildungsakteure europ\u00e4ische Kooperationsprojekte initiieren und koordinieren.<\/p>\n\n\n\n<p>Das EU-Programmabkommen (EUPA) regelt die Teilnahme der Schweiz an EU-Programmen, darunter Horizon Europe, Euratom, ITER, Digital Europe, Erasmus+ und EU4Health. Es legt auch den Grundstein f\u00fcr eine m\u00f6gliche k\u00fcnftige Teilnahme an anderen EU-Programmen.<\/p>\n\n\n\n<p>Es tritt mit der Ratifizierung im Rahmen des Pakets Schweiz-EU in Kraft, kann aber nach seiner Unterzeichnung bereits vorl\u00e4ufig angewendet werden, wie der Bundesrat in einer <a href=\"https:\/\/www.admin.ch\/gov\/de\/start\/dokumentation\/medienmitteilungen.msg-id-105609.html\" target=\"_blank\" rel=\"noreferrer noopener\">Medienmitteilung<\/a> schreibt.<\/p>\n\n\n\n<p>Damit erhalten Forschende und Innovatoren, die seit Anfang 2025 im Rahmen einer \u00dcbergangsregelung wieder Zugang zu fast allen Ausschreibungen dieser Programme haben, ihre Projektkosten von der Europ\u00e4ischen Kommission finanziert. Die Schweiz wird daf\u00fcr ihren Pflichtbeitrag f\u00fcr die Teilnahme am Programmjahr 2025 an die EU \u00fcberweisen.<\/p>\n\n\n\n<h2 class=\"wp-block-heading\">Schweizer Beteiligung an Erasmus+ ab 2027 m\u00f6glich<\/h2>\n\n\n\n<p>Das EUPA soll nach seiner Unterzeichnung bis zur Ratifizierung oder l\u00e4ngstens bis zum 31. Dezember 2028 vorl\u00e4ufig angewendet werden. Dies erm\u00f6glicht eine rasche Assoziierung an die laufende Programmgeneration im Bereich Forschung und Innovation 2021-2027. Eine Beteiligung der Schweiz an Erasmus+ ist gem\u00e4ss EUPA ab 2027 m\u00f6glich. Die daf\u00fcr notwendigen finanziellen Mittel wird der Bundesrat den eidgen\u00f6ssischen R\u00e4ten im Rahmen der Botschaft zum Gesamtpaket CH-EU beantragen.<\/p>\n\n\n\n<p>Der SVEB begr\u00fcsst die Assoziierung an Erasmus+. Diese erm\u00f6glicht unter anderem, dass Schweizer Weiterbildungsakteure selber europ\u00e4ische Kooperationsprojekte initiieren und koordinieren k\u00f6nnen.<\/p>\n\n\n\n<h2 class=\"wp-block-heading\">Weitere Informationen<\/h2>\n\n\n\n<div class=\"wp-block-buttons is-layout-flex wp-block-buttons-is-layout-flex\">\n<div class=\"wp-block-button has-custom-width wp-block-button__width-100 is-style-minimal\"><a class=\"wp-block-button__link wp-element-button\" href=\"https:\/\/www.admin.ch\/gov\/de\/start\/dokumentation\/medienmitteilungen.msg-id-105609.html\" target=\"_blank\" rel=\"noreferrer noopener\">Medienmitteilung<\/a><\/div>\n\n\n\n<div class=\"wp-block-button has-custom-width wp-block-button__width-100 is-style-minimal\"><a class=\"wp-block-button__link wp-element-button\" href=\"https:\/\/alice.ch\/de\/news\/schweiz-koennte-sich-2027-wieder-erasmus-anschliessen\/\" target=\"_blank\" rel=\"noreferrer noopener\">Die Schweiz k\u00f6nnte sich 2027 wieder Erasmus+ anschliessen<\/a><\/div>\n<\/div>\n","protected":false},"excerpt":{"rendered":"<p>An seiner Sitzung vom 9. April 2025 hat der Bundesrat das EU-Programmabkommen (EUPA) und die dazugeh\u00f6rigen Protokolle in den Bereichen [&hellip;]<\/p>\n","protected":false},"author":27,"featured_media":63722,"template":"","meta":{"_acf_changed":false,"inline_featured_image":false,"footnotes":""},"news-category":[37],"global-category":[417],"class_list":["post-67392","news","type-news","status-publish","has-post-thumbnail","hentry","news-category-politik","global-category-bildungspolitik"],"acf":[],"yoast_head":"<!-- This site is optimized with the Yoast SEO plugin v27.3 - https:\/\/yoast.com\/product\/yoast-seo-wordpress\/ -->\n<title>Bundesrat heisst EU-Programmabkommen gut \u2013 Erasmus+ ab 2027 m\u00f6glich - SVEB<\/title>\n<meta name=\"robots\" content=\"index, follow, max-snippet:-1, max-image-preview:large, max-video-preview:-1\" \/>\n<link rel=\"canonical\" href=\"https:\/\/alice.ch\/de\/news\/bundesrat-heisst-eu-programmabkommen-gut-erasmus-ab-2027-moeglich\/\" \/>\n<meta property=\"og:locale\" content=\"de_DE\" \/>\n<meta property=\"og:type\" content=\"article\" \/>\n<meta property=\"og:title\" content=\"Bundesrat heisst EU-Programmabkommen gut \u2013 Erasmus+ ab 2027 m\u00f6glich - SVEB\" \/>\n<meta property=\"og:description\" content=\"An seiner Sitzung vom 9. April 2025 hat der Bundesrat das EU-Programmabkommen (EUPA) und die dazugeh\u00f6rigen Protokolle in den Bereichen [&hellip;]\" \/>\n<meta property=\"og:url\" content=\"https:\/\/alice.ch\/de\/news\/bundesrat-heisst-eu-programmabkommen-gut-erasmus-ab-2027-moeglich\/\" \/>\n<meta property=\"og:site_name\" content=\"SVEB\" \/>\n<meta property=\"article:modified_time\" content=\"2025-04-10T12:05:31+00:00\" \/>\n<meta property=\"og:image\" content=\"https:\/\/alice.ch\/app\/uploads\/2024\/11\/lukas-s-PFeZDR87-mU-unsplash1.jpg\" \/>\n\t<meta property=\"og:image:width\" content=\"1200\" \/>\n\t<meta property=\"og:image:height\" content=\"627\" \/>\n\t<meta property=\"og:image:type\" content=\"image\/jpeg\" \/>\n<meta name=\"twitter:card\" content=\"summary_large_image\" \/>\n<meta name=\"twitter:label1\" content=\"Gesch\u00e4tzte Lesezeit\" \/>\n\t<meta name=\"twitter:data1\" content=\"1\u00a0Minute\" \/>\n<script type=\"application\/ld+json\" class=\"yoast-schema-graph\">{\"@context\":\"https:\\\/\\\/schema.org\",\"@graph\":[{\"@type\":\"WebPage\",\"@id\":\"https:\\\/\\\/alice.ch\\\/de\\\/news\\\/bundesrat-heisst-eu-programmabkommen-gut-erasmus-ab-2027-moeglich\\\/\",\"url\":\"https:\\\/\\\/alice.ch\\\/de\\\/news\\\/bundesrat-heisst-eu-programmabkommen-gut-erasmus-ab-2027-moeglich\\\/\",\"name\":\"Bundesrat heisst EU-Programmabkommen gut \u2013 Erasmus+ ab 2027 m\u00f6glich - SVEB\",\"isPartOf\":{\"@id\":\"https:\\\/\\\/alice.ch\\\/de\\\/#website\"},\"primaryImageOfPage\":{\"@id\":\"https:\\\/\\\/alice.ch\\\/de\\\/news\\\/bundesrat-heisst-eu-programmabkommen-gut-erasmus-ab-2027-moeglich\\\/#primaryimage\"},\"image\":{\"@id\":\"https:\\\/\\\/alice.ch\\\/de\\\/news\\\/bundesrat-heisst-eu-programmabkommen-gut-erasmus-ab-2027-moeglich\\\/#primaryimage\"},\"thumbnailUrl\":\"https:\\\/\\\/alice.ch\\\/app\\\/uploads\\\/2024\\\/11\\\/lukas-s-PFeZDR87-mU-unsplash1.jpg\",\"datePublished\":\"2025-04-10T11:58:06+00:00\",\"dateModified\":\"2025-04-10T12:05:31+00:00\",\"breadcrumb\":{\"@id\":\"https:\\\/\\\/alice.ch\\\/de\\\/news\\\/bundesrat-heisst-eu-programmabkommen-gut-erasmus-ab-2027-moeglich\\\/#breadcrumb\"},\"inLanguage\":\"de\",\"potentialAction\":[{\"@type\":\"ReadAction\",\"target\":[\"https:\\\/\\\/alice.ch\\\/de\\\/news\\\/bundesrat-heisst-eu-programmabkommen-gut-erasmus-ab-2027-moeglich\\\/\"]}]},{\"@type\":\"ImageObject\",\"inLanguage\":\"de\",\"@id\":\"https:\\\/\\\/alice.ch\\\/de\\\/news\\\/bundesrat-heisst-eu-programmabkommen-gut-erasmus-ab-2027-moeglich\\\/#primaryimage\",\"url\":\"https:\\\/\\\/alice.ch\\\/app\\\/uploads\\\/2024\\\/11\\\/lukas-s-PFeZDR87-mU-unsplash1.jpg\",\"contentUrl\":\"https:\\\/\\\/alice.ch\\\/app\\\/uploads\\\/2024\\\/11\\\/lukas-s-PFeZDR87-mU-unsplash1.jpg\",\"width\":1200,\"height\":627},{\"@type\":\"BreadcrumbList\",\"@id\":\"https:\\\/\\\/alice.ch\\\/de\\\/news\\\/bundesrat-heisst-eu-programmabkommen-gut-erasmus-ab-2027-moeglich\\\/#breadcrumb\",\"itemListElement\":[{\"@type\":\"ListItem\",\"position\":1,\"name\":\"Startseite\",\"item\":\"https:\\\/\\\/alice.ch\\\/de\\\/\"},{\"@type\":\"ListItem\",\"position\":2,\"name\":\"Bundesrat heisst EU-Programmabkommen gut \u2013 Erasmus+ ab 2027 m\u00f6glich\"}]},{\"@type\":\"WebSite\",\"@id\":\"https:\\\/\\\/alice.ch\\\/de\\\/#website\",\"url\":\"https:\\\/\\\/alice.ch\\\/de\\\/\",\"name\":\"alice.ch (Adult Learning Information Center) ist das Portal der Weiterbildung in der Schweiz.\",\"description\":\"Schweizerischer Verband f\u00fcr Weiterbildung\",\"publisher\":{\"@id\":\"https:\\\/\\\/alice.ch\\\/de\\\/#organization\"},\"potentialAction\":[{\"@type\":\"SearchAction\",\"target\":{\"@type\":\"EntryPoint\",\"urlTemplate\":\"https:\\\/\\\/alice.ch\\\/de\\\/?s={search_term_string}\"},\"query-input\":{\"@type\":\"PropertyValueSpecification\",\"valueRequired\":true,\"valueName\":\"search_term_string\"}}],\"inLanguage\":\"de\"},{\"@type\":\"Organization\",\"@id\":\"https:\\\/\\\/alice.ch\\\/de\\\/#organization\",\"name\":\"SVEB Schweizerischer Verband f\u00fcr Weiterbildung\",\"url\":\"https:\\\/\\\/alice.ch\\\/de\\\/\",\"logo\":{\"@type\":\"ImageObject\",\"inLanguage\":\"de\",\"@id\":\"https:\\\/\\\/alice.ch\\\/de\\\/#\\\/schema\\\/logo\\\/image\\\/\",\"url\":\"https:\\\/\\\/alice.ch\\\/app\\\/uploads\\\/2022\\\/07\\\/logo-sveb.png\",\"contentUrl\":\"https:\\\/\\\/alice.ch\\\/app\\\/uploads\\\/2022\\\/07\\\/logo-sveb.png\",\"width\":145,\"height\":64,\"caption\":\"SVEB Schweizerischer Verband f\u00fcr Weiterbildung\"},\"image\":{\"@id\":\"https:\\\/\\\/alice.ch\\\/de\\\/#\\\/schema\\\/logo\\\/image\\\/\"},\"sameAs\":[\"https:\\\/\\\/www.linkedin.com\\\/company\\\/schweizerischer-verband-fr-weiterbildung-sveb\\\/\"]}]}<\/script>\n<!-- \/ Yoast SEO plugin. -->","yoast_head_json":{"title":"Bundesrat heisst EU-Programmabkommen gut \u2013 Erasmus+ ab 2027 m\u00f6glich - SVEB","robots":{"index":"index","follow":"follow","max-snippet":"max-snippet:-1","max-image-preview":"max-image-preview:large","max-video-preview":"max-video-preview:-1"},"canonical":"https:\/\/alice.ch\/de\/news\/bundesrat-heisst-eu-programmabkommen-gut-erasmus-ab-2027-moeglich\/","og_locale":"de_DE","og_type":"article","og_title":"Bundesrat heisst EU-Programmabkommen gut \u2013 Erasmus+ ab 2027 m\u00f6glich - SVEB","og_description":"An seiner Sitzung vom 9. April 2025 hat der Bundesrat das EU-Programmabkommen (EUPA) und die dazugeh\u00f6rigen Protokolle in den Bereichen [&hellip;]","og_url":"https:\/\/alice.ch\/de\/news\/bundesrat-heisst-eu-programmabkommen-gut-erasmus-ab-2027-moeglich\/","og_site_name":"SVEB","article_modified_time":"2025-04-10T12:05:31+00:00","og_image":[{"width":1200,"height":627,"url":"https:\/\/alice.ch\/app\/uploads\/2024\/11\/lukas-s-PFeZDR87-mU-unsplash1.jpg","type":"image\/jpeg"}],"twitter_card":"summary_large_image","twitter_misc":{"Gesch\u00e4tzte Lesezeit":"1\u00a0Minute"},"schema":{"@context":"https:\/\/schema.org","@graph":[{"@type":"WebPage","@id":"https:\/\/alice.ch\/de\/news\/bundesrat-heisst-eu-programmabkommen-gut-erasmus-ab-2027-moeglich\/","url":"https:\/\/alice.ch\/de\/news\/bundesrat-heisst-eu-programmabkommen-gut-erasmus-ab-2027-moeglich\/","name":"Bundesrat heisst EU-Programmabkommen gut \u2013 Erasmus+ ab 2027 m\u00f6glich - SVEB","isPartOf":{"@id":"https:\/\/alice.ch\/de\/#website"},"primaryImageOfPage":{"@id":"https:\/\/alice.ch\/de\/news\/bundesrat-heisst-eu-programmabkommen-gut-erasmus-ab-2027-moeglich\/#primaryimage"},"image":{"@id":"https:\/\/alice.ch\/de\/news\/bundesrat-heisst-eu-programmabkommen-gut-erasmus-ab-2027-moeglich\/#primaryimage"},"thumbnailUrl":"https:\/\/alice.ch\/app\/uploads\/2024\/11\/lukas-s-PFeZDR87-mU-unsplash1.jpg","datePublished":"2025-04-10T11:58:06+00:00","dateModified":"2025-04-10T12:05:31+00:00","breadcrumb":{"@id":"https:\/\/alice.ch\/de\/news\/bundesrat-heisst-eu-programmabkommen-gut-erasmus-ab-2027-moeglich\/#breadcrumb"},"inLanguage":"de","potentialAction":[{"@type":"ReadAction","target":["https:\/\/alice.ch\/de\/news\/bundesrat-heisst-eu-programmabkommen-gut-erasmus-ab-2027-moeglich\/"]}]},{"@type":"ImageObject","inLanguage":"de","@id":"https:\/\/alice.ch\/de\/news\/bundesrat-heisst-eu-programmabkommen-gut-erasmus-ab-2027-moeglich\/#primaryimage","url":"https:\/\/alice.ch\/app\/uploads\/2024\/11\/lukas-s-PFeZDR87-mU-unsplash1.jpg","contentUrl":"https:\/\/alice.ch\/app\/uploads\/2024\/11\/lukas-s-PFeZDR87-mU-unsplash1.jpg","width":1200,"height":627},{"@type":"BreadcrumbList","@id":"https:\/\/alice.ch\/de\/news\/bundesrat-heisst-eu-programmabkommen-gut-erasmus-ab-2027-moeglich\/#breadcrumb","itemListElement":[{"@type":"ListItem","position":1,"name":"Startseite","item":"https:\/\/alice.ch\/de\/"},{"@type":"ListItem","position":2,"name":"Bundesrat heisst EU-Programmabkommen gut \u2013 Erasmus+ ab 2027 m\u00f6glich"}]},{"@type":"WebSite","@id":"https:\/\/alice.ch\/de\/#website","url":"https:\/\/alice.ch\/de\/","name":"alice.ch (Adult Learning Information Center) ist das Portal der Weiterbildung in der Schweiz.","description":"Schweizerischer Verband f\u00fcr Weiterbildung","publisher":{"@id":"https:\/\/alice.ch\/de\/#organization"},"potentialAction":[{"@type":"SearchAction","target":{"@type":"EntryPoint","urlTemplate":"https:\/\/alice.ch\/de\/?s={search_term_string}"},"query-input":{"@type":"PropertyValueSpecification","valueRequired":true,"valueName":"search_term_string"}}],"inLanguage":"de"},{"@type":"Organization","@id":"https:\/\/alice.ch\/de\/#organization","name":"SVEB Schweizerischer Verband f\u00fcr Weiterbildung","url":"https:\/\/alice.ch\/de\/","logo":{"@type":"ImageObject","inLanguage":"de","@id":"https:\/\/alice.ch\/de\/#\/schema\/logo\/image\/","url":"https:\/\/alice.ch\/app\/uploads\/2022\/07\/logo-sveb.png","contentUrl":"https:\/\/alice.ch\/app\/uploads\/2022\/07\/logo-sveb.png","width":145,"height":64,"caption":"SVEB Schweizerischer Verband f\u00fcr Weiterbildung"},"image":{"@id":"https:\/\/alice.ch\/de\/#\/schema\/logo\/image\/"},"sameAs":["https:\/\/www.linkedin.com\/company\/schweizerischer-verband-fr-weiterbildung-sveb\/"]}]}},"_links":{"self":[{"href":"https:\/\/alice.ch\/de\/wp-json\/wp\/v2\/news\/67392","targetHints":{"allow":["GET"]}}],"collection":[{"href":"https:\/\/alice.ch\/de\/wp-json\/wp\/v2\/news"}],"about":[{"href":"https:\/\/alice.ch\/de\/wp-json\/wp\/v2\/types\/news"}],"author":[{"embeddable":true,"href":"https:\/\/alice.ch\/de\/wp-json\/wp\/v2\/users\/27"}],"version-history":[{"count":3,"href":"https:\/\/alice.ch\/de\/wp-json\/wp\/v2\/news\/67392\/revisions"}],"predecessor-version":[{"id":67399,"href":"https:\/\/alice.ch\/de\/wp-json\/wp\/v2\/news\/67392\/revisions\/67399"}],"wp:featuredmedia":[{"embeddable":true,"href":"https:\/\/alice.ch\/de\/wp-json\/wp\/v2\/media\/63722"}],"wp:attachment":[{"href":"https:\/\/alice.ch\/de\/wp-json\/wp\/v2\/media?parent=67392"}],"wp:term":[{"taxonomy":"news-category","embeddable":true,"href":"https:\/\/alice.ch\/de\/wp-json\/wp\/v2\/news-category?post=67392"},{"taxonomy":"global-category","embeddable":true,"href":"https:\/\/alice.ch\/de\/wp-json\/wp\/v2\/global-category?post=67392"}],"curies":[{"name":"wp","href":"https:\/\/api.w.org\/{rel}","templated":true}]}}