{"id":67775,"date":"2025-05-05T09:32:38","date_gmt":"2025-05-05T07:32:38","guid":{"rendered":"https:\/\/alice.ch\/?post_type=news&#038;p=67775"},"modified":"2025-05-08T10:18:00","modified_gmt":"2025-05-08T08:18:00","slug":"betriebliche-weiterbildung-hoeherqualifizierte-werden-deutlich-haeufiger-unterstuetzt","status":"publish","type":"news","link":"https:\/\/alice.ch\/de\/news\/betriebliche-weiterbildung-hoeherqualifizierte-werden-deutlich-haeufiger-unterstuetzt\/","title":{"rendered":"Betriebliche Weiterbildung: H\u00f6herqualifizierte werden deutlich h\u00e4ufiger unterst\u00fctzt"},"content":{"rendered":"\n<p class=\"is-style-lead\">Besch\u00e4ftigte mit h\u00f6herem Bildungsabschluss erhalten in Deutschland wesentlich h\u00e4ufiger Unterst\u00fctzung f\u00fcr Weiterbildungen als Geringqualifizierte. Das zeigt eine Auswertung des \u00abNationalen Bildungspanels\u00bb f\u00fcr die Jahre 2018 bis 2022.<\/p>\n\n\n\n<p>Gem\u00e4ss der <a href=\"https:\/\/www.iab-forum.de\/betriebe-unterstuetzen-die-teilnahme-von-hoeherqualifizierten-an-weiterbildungen-haeufiger-als-bei-geringqualifizierten\/\" target=\"_blank\" rel=\"noreferrer noopener\">Auswertung des Instituts f\u00fcr Arbeitsmarkt und Berufsforschung<\/a> erhalten 75 Prozent der Hochqualifizierten betriebliche Angebote zur Weiterbildung, bei Besch\u00e4ftigten ohne Berufsabschluss sind es lediglich 42 Prozent. Besch\u00e4ftigte mit abgeschlossener Berufsausbildung kommen auf 55 Prozent.<\/p>\n\n\n\n<p>Viele Unternehmen unterst\u00fctzen ihre Besch\u00e4ftigten punkto Weiterbildung sowohl finanziell als auch mit Freistellung w\u00e4hrend der Arbeitszeit. Rund 61 Prozent der befragten Arbeitnehmenden haben mindestens eines dieser Angebote erhalten. Besonders effektiv zeigt sich die Kombination beider Massnahmen: 45 Prozent der so Gef\u00f6rderten nehmen tats\u00e4chlich an Weiterbildungen teil. Ohne jegliche Unterst\u00fctzung nehmen nur 10 Prozent der Besch\u00e4ftigten an Weiterbildungen teil.<\/p>\n\n\n\n<p>Wobei die zeitliche Unterst\u00fctzung \u2013 also etwa Freistellung \u2013 einen st\u00e4rkeren Effekt hat als reine Kosten\u00fcbernahme. Besch\u00e4ftigte, die ausschliesslich zeitlich gef\u00f6rdert werden, beteiligen sich zu 36 Prozent an Weiterbildungen, w\u00e4hrend es bei rein finanzieller Unterst\u00fctzung 29 Prozent sind.<\/p>\n\n\n\n<h2 class=\"wp-block-heading\">Bei F\u00f6rderung gleich engagiert<\/h2>\n\n\n\n<p>Zwar erhalten geringqualifizierte Besch\u00e4ftigte deutlich seltener betriebliche F\u00f6rderung, wenn sie jedoch gef\u00f6rdert werden, sind sie genauso engagiert wie Hochqualifizierte. Bei finanzieller und zeitlicher Unterst\u00fctzung nehmen in beiden Gruppen 45 Prozent an Weiterbildungen teil. Selbst bei nur einer Unterst\u00fctzungsform liegen die Quoten nah beieinander. Das verdeutlicht, wie wichtig gezielte F\u00f6rderung gerade f\u00fcr Geringqualifizierte ist.<\/p>\n\n\n\n<p>Neben fehlender F\u00f6rderung wirken sich auch weitere Faktoren hemmend auf die Weiterbildungsteilnahme von Geringqualifizierten aus, etwa mangelnde Information \u00fcber Angebote, Zweifel am Nutzen von Weiterbildung, Angst vor dem Lernen oder Scheitern sowie zeitliche und finanzielle Engp\u00e4sse.<\/p>\n\n\n\n<p>Die Ergebnisse machen deutlich: Betriebliche Unterst\u00fctzung ist ein zentraler Schl\u00fcssel zur Weiterbildungsbeteiligung \u2013 besonders bei Geringqualifizierten. In Zeiten des Fachkr\u00e4ftemangels sollten Unternehmen diese Potenziale st\u00e4rker nutzen und gezielt f\u00f6rdern. Mit der richtigen Unterst\u00fctzung k\u00f6nnen auch geringqualifizierte Besch\u00e4ftigte einen wertvollen Beitrag zur Fachkr\u00e4ftesicherung leisten.<\/p>\n\n\n\n<h2 class=\"wp-block-heading\">Der SVEB und betriebliche Weiterbildung<\/h2>\n\n\n\n<p>Auch der SVEB befasst sich intensiv mit betrieblicher Weiterbildung respektive mit der F\u00f6rderung von Geringqualifizierten: Die n\u00e4chste Ausgabe der Fachzeitschrift \u00abEducation Permanente\u00bb (EP), welche <a href=\"https:\/\/www.ep-web.ch\/de\/vorschau\" target=\"_blank\" rel=\"noreferrer noopener\">Ende Mai 2025<\/a> erscheint, wird sich mit der betrieblichen Weiterbildung auseinandersetzen. Und der F\u00f6rderschwerpunkt <a href=\"https:\/\/www.einfach-besser.ch\/betriebe\/\">\u00abEinfach besser!&#8230; am Arbeitsplatz\u00bb<\/a> macht Weiterbildungen f\u00fcr Besch\u00e4ftigte mit Grundkompetenzbedarf zug\u00e4nglicher. Die <a href=\"https:\/\/alice.ch\/de\/forschung\/forschungsaktivitaeten-des-sveb\/kmu-studie\/\">KMU-Studie des SVEB<\/a> befasste sich ausserdem mit der Umsetzung und Bedeutung von Weiterbildung in Schweizer KMU.<\/p>\n\n\n\n<h2 class=\"wp-block-heading\">Weitere Informationen<\/h2>\n\n\n\n<div class=\"wp-block-buttons is-layout-flex wp-block-buttons-is-layout-flex\">\n<div class=\"wp-block-button has-custom-width wp-block-button__width-100 is-style-minimal\"><a class=\"wp-block-button__link wp-element-button\" href=\"https:\/\/www.iab-forum.de\/betriebe-unterstuetzen-die-teilnahme-von-hoeherqualifizierten-an-weiterbildungen-haeufiger-als-bei-geringqualifizierten\/\" target=\"_blank\" rel=\"noreferrer noopener\">Zum Beitrag auf IAB<\/a><\/div>\n<\/div>\n","protected":false},"excerpt":{"rendered":"<p>Besch\u00e4ftigte mit h\u00f6herem Bildungsabschluss erhalten in Deutschland wesentlich h\u00e4ufiger Unterst\u00fctzung f\u00fcr Weiterbildungen als Geringqualifizierte. Das zeigt eine Auswertung des \u00abNationalen [&hellip;]<\/p>\n","protected":false},"author":27,"featured_media":67785,"template":"","meta":{"_acf_changed":false,"inline_featured_image":false,"footnotes":""},"news-category":[31],"global-category":[45],"class_list":["post-67775","news","type-news","status-publish","has-post-thumbnail","hentry","news-category-branche","global-category-betriebliche-weiterbildung"],"acf":[],"yoast_head":"<!-- This site is optimized with the Yoast SEO plugin v27.3 - https:\/\/yoast.com\/product\/yoast-seo-wordpress\/ -->\n<title>Betriebliche Weiterbildung: H\u00f6herqualifizierte werden deutlich h\u00e4ufiger unterst\u00fctzt - SVEB<\/title>\n<meta name=\"robots\" content=\"index, follow, max-snippet:-1, max-image-preview:large, max-video-preview:-1\" \/>\n<link rel=\"canonical\" href=\"https:\/\/alice.ch\/de\/news\/betriebliche-weiterbildung-hoeherqualifizierte-werden-deutlich-haeufiger-unterstuetzt\/\" \/>\n<meta property=\"og:locale\" content=\"de_DE\" \/>\n<meta property=\"og:type\" content=\"article\" \/>\n<meta property=\"og:title\" content=\"Betriebliche Weiterbildung: H\u00f6herqualifizierte werden deutlich h\u00e4ufiger unterst\u00fctzt - SVEB\" \/>\n<meta property=\"og:description\" content=\"Besch\u00e4ftigte mit h\u00f6herem Bildungsabschluss erhalten in Deutschland wesentlich h\u00e4ufiger Unterst\u00fctzung f\u00fcr Weiterbildungen als Geringqualifizierte. Das zeigt eine Auswertung des \u00abNationalen [&hellip;]\" \/>\n<meta property=\"og:url\" content=\"https:\/\/alice.ch\/de\/news\/betriebliche-weiterbildung-hoeherqualifizierte-werden-deutlich-haeufiger-unterstuetzt\/\" \/>\n<meta property=\"og:site_name\" content=\"SVEB\" \/>\n<meta property=\"article:modified_time\" content=\"2025-05-08T08:18:00+00:00\" \/>\n<meta property=\"og:image\" content=\"https:\/\/alice.ch\/app\/uploads\/2025\/04\/getty-images-ZQ6tpfCtow-unsplash1.jpg\" \/>\n\t<meta property=\"og:image:width\" content=\"1200\" \/>\n\t<meta property=\"og:image:height\" content=\"627\" \/>\n\t<meta property=\"og:image:type\" content=\"image\/jpeg\" \/>\n<meta name=\"twitter:card\" content=\"summary_large_image\" \/>\n<meta name=\"twitter:label1\" content=\"Gesch\u00e4tzte Lesezeit\" \/>\n\t<meta name=\"twitter:data1\" content=\"2\u00a0Minuten\" \/>\n<script type=\"application\/ld+json\" class=\"yoast-schema-graph\">{\"@context\":\"https:\\\/\\\/schema.org\",\"@graph\":[{\"@type\":\"WebPage\",\"@id\":\"https:\\\/\\\/alice.ch\\\/de\\\/news\\\/betriebliche-weiterbildung-hoeherqualifizierte-werden-deutlich-haeufiger-unterstuetzt\\\/\",\"url\":\"https:\\\/\\\/alice.ch\\\/de\\\/news\\\/betriebliche-weiterbildung-hoeherqualifizierte-werden-deutlich-haeufiger-unterstuetzt\\\/\",\"name\":\"Betriebliche Weiterbildung: H\u00f6herqualifizierte werden deutlich h\u00e4ufiger unterst\u00fctzt - SVEB\",\"isPartOf\":{\"@id\":\"https:\\\/\\\/alice.ch\\\/de\\\/#website\"},\"primaryImageOfPage\":{\"@id\":\"https:\\\/\\\/alice.ch\\\/de\\\/news\\\/betriebliche-weiterbildung-hoeherqualifizierte-werden-deutlich-haeufiger-unterstuetzt\\\/#primaryimage\"},\"image\":{\"@id\":\"https:\\\/\\\/alice.ch\\\/de\\\/news\\\/betriebliche-weiterbildung-hoeherqualifizierte-werden-deutlich-haeufiger-unterstuetzt\\\/#primaryimage\"},\"thumbnailUrl\":\"https:\\\/\\\/alice.ch\\\/app\\\/uploads\\\/2025\\\/04\\\/getty-images-ZQ6tpfCtow-unsplash1.jpg\",\"datePublished\":\"2025-05-05T07:32:38+00:00\",\"dateModified\":\"2025-05-08T08:18:00+00:00\",\"breadcrumb\":{\"@id\":\"https:\\\/\\\/alice.ch\\\/de\\\/news\\\/betriebliche-weiterbildung-hoeherqualifizierte-werden-deutlich-haeufiger-unterstuetzt\\\/#breadcrumb\"},\"inLanguage\":\"de\",\"potentialAction\":[{\"@type\":\"ReadAction\",\"target\":[\"https:\\\/\\\/alice.ch\\\/de\\\/news\\\/betriebliche-weiterbildung-hoeherqualifizierte-werden-deutlich-haeufiger-unterstuetzt\\\/\"]}]},{\"@type\":\"ImageObject\",\"inLanguage\":\"de\",\"@id\":\"https:\\\/\\\/alice.ch\\\/de\\\/news\\\/betriebliche-weiterbildung-hoeherqualifizierte-werden-deutlich-haeufiger-unterstuetzt\\\/#primaryimage\",\"url\":\"https:\\\/\\\/alice.ch\\\/app\\\/uploads\\\/2025\\\/04\\\/getty-images-ZQ6tpfCtow-unsplash1.jpg\",\"contentUrl\":\"https:\\\/\\\/alice.ch\\\/app\\\/uploads\\\/2025\\\/04\\\/getty-images-ZQ6tpfCtow-unsplash1.jpg\",\"width\":1200,\"height\":627},{\"@type\":\"BreadcrumbList\",\"@id\":\"https:\\\/\\\/alice.ch\\\/de\\\/news\\\/betriebliche-weiterbildung-hoeherqualifizierte-werden-deutlich-haeufiger-unterstuetzt\\\/#breadcrumb\",\"itemListElement\":[{\"@type\":\"ListItem\",\"position\":1,\"name\":\"Startseite\",\"item\":\"https:\\\/\\\/alice.ch\\\/de\\\/\"},{\"@type\":\"ListItem\",\"position\":2,\"name\":\"Betriebliche Weiterbildung: H\u00f6herqualifizierte werden deutlich h\u00e4ufiger unterst\u00fctzt\"}]},{\"@type\":\"WebSite\",\"@id\":\"https:\\\/\\\/alice.ch\\\/de\\\/#website\",\"url\":\"https:\\\/\\\/alice.ch\\\/de\\\/\",\"name\":\"alice.ch (Adult Learning Information Center) ist das Portal der Weiterbildung in der Schweiz.\",\"description\":\"Schweizerischer Verband f\u00fcr Weiterbildung\",\"publisher\":{\"@id\":\"https:\\\/\\\/alice.ch\\\/de\\\/#organization\"},\"potentialAction\":[{\"@type\":\"SearchAction\",\"target\":{\"@type\":\"EntryPoint\",\"urlTemplate\":\"https:\\\/\\\/alice.ch\\\/de\\\/?s={search_term_string}\"},\"query-input\":{\"@type\":\"PropertyValueSpecification\",\"valueRequired\":true,\"valueName\":\"search_term_string\"}}],\"inLanguage\":\"de\"},{\"@type\":\"Organization\",\"@id\":\"https:\\\/\\\/alice.ch\\\/de\\\/#organization\",\"name\":\"SVEB Schweizerischer Verband f\u00fcr Weiterbildung\",\"url\":\"https:\\\/\\\/alice.ch\\\/de\\\/\",\"logo\":{\"@type\":\"ImageObject\",\"inLanguage\":\"de\",\"@id\":\"https:\\\/\\\/alice.ch\\\/de\\\/#\\\/schema\\\/logo\\\/image\\\/\",\"url\":\"https:\\\/\\\/alice.ch\\\/app\\\/uploads\\\/2022\\\/07\\\/logo-sveb.png\",\"contentUrl\":\"https:\\\/\\\/alice.ch\\\/app\\\/uploads\\\/2022\\\/07\\\/logo-sveb.png\",\"width\":145,\"height\":64,\"caption\":\"SVEB Schweizerischer Verband f\u00fcr Weiterbildung\"},\"image\":{\"@id\":\"https:\\\/\\\/alice.ch\\\/de\\\/#\\\/schema\\\/logo\\\/image\\\/\"},\"sameAs\":[\"https:\\\/\\\/www.linkedin.com\\\/company\\\/schweizerischer-verband-fr-weiterbildung-sveb\\\/\"]}]}<\/script>\n<!-- \/ Yoast SEO plugin. -->","yoast_head_json":{"title":"Betriebliche Weiterbildung: H\u00f6herqualifizierte werden deutlich h\u00e4ufiger unterst\u00fctzt - SVEB","robots":{"index":"index","follow":"follow","max-snippet":"max-snippet:-1","max-image-preview":"max-image-preview:large","max-video-preview":"max-video-preview:-1"},"canonical":"https:\/\/alice.ch\/de\/news\/betriebliche-weiterbildung-hoeherqualifizierte-werden-deutlich-haeufiger-unterstuetzt\/","og_locale":"de_DE","og_type":"article","og_title":"Betriebliche Weiterbildung: H\u00f6herqualifizierte werden deutlich h\u00e4ufiger unterst\u00fctzt - SVEB","og_description":"Besch\u00e4ftigte mit h\u00f6herem Bildungsabschluss erhalten in Deutschland wesentlich h\u00e4ufiger Unterst\u00fctzung f\u00fcr Weiterbildungen als Geringqualifizierte. Das zeigt eine Auswertung des \u00abNationalen [&hellip;]","og_url":"https:\/\/alice.ch\/de\/news\/betriebliche-weiterbildung-hoeherqualifizierte-werden-deutlich-haeufiger-unterstuetzt\/","og_site_name":"SVEB","article_modified_time":"2025-05-08T08:18:00+00:00","og_image":[{"width":1200,"height":627,"url":"https:\/\/alice.ch\/app\/uploads\/2025\/04\/getty-images-ZQ6tpfCtow-unsplash1.jpg","type":"image\/jpeg"}],"twitter_card":"summary_large_image","twitter_misc":{"Gesch\u00e4tzte Lesezeit":"2\u00a0Minuten"},"schema":{"@context":"https:\/\/schema.org","@graph":[{"@type":"WebPage","@id":"https:\/\/alice.ch\/de\/news\/betriebliche-weiterbildung-hoeherqualifizierte-werden-deutlich-haeufiger-unterstuetzt\/","url":"https:\/\/alice.ch\/de\/news\/betriebliche-weiterbildung-hoeherqualifizierte-werden-deutlich-haeufiger-unterstuetzt\/","name":"Betriebliche Weiterbildung: H\u00f6herqualifizierte werden deutlich h\u00e4ufiger unterst\u00fctzt - SVEB","isPartOf":{"@id":"https:\/\/alice.ch\/de\/#website"},"primaryImageOfPage":{"@id":"https:\/\/alice.ch\/de\/news\/betriebliche-weiterbildung-hoeherqualifizierte-werden-deutlich-haeufiger-unterstuetzt\/#primaryimage"},"image":{"@id":"https:\/\/alice.ch\/de\/news\/betriebliche-weiterbildung-hoeherqualifizierte-werden-deutlich-haeufiger-unterstuetzt\/#primaryimage"},"thumbnailUrl":"https:\/\/alice.ch\/app\/uploads\/2025\/04\/getty-images-ZQ6tpfCtow-unsplash1.jpg","datePublished":"2025-05-05T07:32:38+00:00","dateModified":"2025-05-08T08:18:00+00:00","breadcrumb":{"@id":"https:\/\/alice.ch\/de\/news\/betriebliche-weiterbildung-hoeherqualifizierte-werden-deutlich-haeufiger-unterstuetzt\/#breadcrumb"},"inLanguage":"de","potentialAction":[{"@type":"ReadAction","target":["https:\/\/alice.ch\/de\/news\/betriebliche-weiterbildung-hoeherqualifizierte-werden-deutlich-haeufiger-unterstuetzt\/"]}]},{"@type":"ImageObject","inLanguage":"de","@id":"https:\/\/alice.ch\/de\/news\/betriebliche-weiterbildung-hoeherqualifizierte-werden-deutlich-haeufiger-unterstuetzt\/#primaryimage","url":"https:\/\/alice.ch\/app\/uploads\/2025\/04\/getty-images-ZQ6tpfCtow-unsplash1.jpg","contentUrl":"https:\/\/alice.ch\/app\/uploads\/2025\/04\/getty-images-ZQ6tpfCtow-unsplash1.jpg","width":1200,"height":627},{"@type":"BreadcrumbList","@id":"https:\/\/alice.ch\/de\/news\/betriebliche-weiterbildung-hoeherqualifizierte-werden-deutlich-haeufiger-unterstuetzt\/#breadcrumb","itemListElement":[{"@type":"ListItem","position":1,"name":"Startseite","item":"https:\/\/alice.ch\/de\/"},{"@type":"ListItem","position":2,"name":"Betriebliche Weiterbildung: H\u00f6herqualifizierte werden deutlich h\u00e4ufiger unterst\u00fctzt"}]},{"@type":"WebSite","@id":"https:\/\/alice.ch\/de\/#website","url":"https:\/\/alice.ch\/de\/","name":"alice.ch (Adult Learning Information Center) ist das Portal der Weiterbildung in der Schweiz.","description":"Schweizerischer Verband f\u00fcr Weiterbildung","publisher":{"@id":"https:\/\/alice.ch\/de\/#organization"},"potentialAction":[{"@type":"SearchAction","target":{"@type":"EntryPoint","urlTemplate":"https:\/\/alice.ch\/de\/?s={search_term_string}"},"query-input":{"@type":"PropertyValueSpecification","valueRequired":true,"valueName":"search_term_string"}}],"inLanguage":"de"},{"@type":"Organization","@id":"https:\/\/alice.ch\/de\/#organization","name":"SVEB Schweizerischer Verband f\u00fcr Weiterbildung","url":"https:\/\/alice.ch\/de\/","logo":{"@type":"ImageObject","inLanguage":"de","@id":"https:\/\/alice.ch\/de\/#\/schema\/logo\/image\/","url":"https:\/\/alice.ch\/app\/uploads\/2022\/07\/logo-sveb.png","contentUrl":"https:\/\/alice.ch\/app\/uploads\/2022\/07\/logo-sveb.png","width":145,"height":64,"caption":"SVEB Schweizerischer Verband f\u00fcr Weiterbildung"},"image":{"@id":"https:\/\/alice.ch\/de\/#\/schema\/logo\/image\/"},"sameAs":["https:\/\/www.linkedin.com\/company\/schweizerischer-verband-fr-weiterbildung-sveb\/"]}]}},"_links":{"self":[{"href":"https:\/\/alice.ch\/de\/wp-json\/wp\/v2\/news\/67775","targetHints":{"allow":["GET"]}}],"collection":[{"href":"https:\/\/alice.ch\/de\/wp-json\/wp\/v2\/news"}],"about":[{"href":"https:\/\/alice.ch\/de\/wp-json\/wp\/v2\/types\/news"}],"author":[{"embeddable":true,"href":"https:\/\/alice.ch\/de\/wp-json\/wp\/v2\/users\/27"}],"version-history":[{"count":6,"href":"https:\/\/alice.ch\/de\/wp-json\/wp\/v2\/news\/67775\/revisions"}],"predecessor-version":[{"id":68006,"href":"https:\/\/alice.ch\/de\/wp-json\/wp\/v2\/news\/67775\/revisions\/68006"}],"wp:featuredmedia":[{"embeddable":true,"href":"https:\/\/alice.ch\/de\/wp-json\/wp\/v2\/media\/67785"}],"wp:attachment":[{"href":"https:\/\/alice.ch\/de\/wp-json\/wp\/v2\/media?parent=67775"}],"wp:term":[{"taxonomy":"news-category","embeddable":true,"href":"https:\/\/alice.ch\/de\/wp-json\/wp\/v2\/news-category?post=67775"},{"taxonomy":"global-category","embeddable":true,"href":"https:\/\/alice.ch\/de\/wp-json\/wp\/v2\/global-category?post=67775"}],"curies":[{"name":"wp","href":"https:\/\/api.w.org\/{rel}","templated":true}]}}