{"id":68157,"date":"2025-05-23T09:50:21","date_gmt":"2025-05-23T07:50:21","guid":{"rendered":"https:\/\/alice.ch\/?post_type=news&#038;p=68157"},"modified":"2025-05-23T09:50:24","modified_gmt":"2025-05-23T07:50:24","slug":"learnings-aus-dem-helvetas-projekt-in-mosambik","status":"publish","type":"news","link":"https:\/\/alice.ch\/de\/news\/learnings-aus-dem-helvetas-projekt-in-mosambik\/","title":{"rendered":"Learnings aus dem Helvetas-Projekt in Mosambik"},"content":{"rendered":"\n<p class=\"is-style-lead\">Seit zwei Jahren engagieren sich Helvetas und SVEB in Mosambik: Im Rahmen des Projekts SIM! werden junge Erwachsene ausgebildet und Ausbilderinnen und Ausbilder mit dem GO-Modell unterst\u00fctzt. Das sind die bisherigen Erkenntnisse.<\/p>\n\n\n\n<p>Mosambik geh\u00f6rt zu den am wenigsten entwickelten L\u00e4ndern der Welt. Die nationale Armutsquote stieg zwischen 2014 und 2020 von 48 Prozent auf 63 Prozent, und die Jugendarbeitslosigkeit erreichte im gleichen Zeitraum 43 Prozent, wobei junge Frauen \u00fcberproportional betroffen sind.<\/p>\n\n\n\n<p>Gem\u00e4ss einer von Helvetas durchgef\u00fchrten Umfrage unter 545 Jugendlichen sind junge Erwachsene in Ausbildung im Durchschnitt 20 Jahre alt; 30 Prozent von ihnen haben bereits ein Kind. 77 Prozent von ihnen haben Zugang zu familieneigenem Ackerland und 78 Prozent bevorzugen eine selbstst\u00e4ndige T\u00e4tigkeit gegen\u00fcber einer formellen Besch\u00e4ftigung.<\/p>\n\n\n\n<p>Weiter haben 78 Prozent von ihnen die Schule abgebrochen und 40 Prozent haben aufgrund wirtschaftlicher Zw\u00e4nge oder der Entfernung zur Schule nur die Primarschule besucht. Generell liegt in Mosambik die Alphabetisierungsrate bei erwachsenen Frauen bei 45 Prozent und jene der M\u00e4nner bei 73 Prozent.<\/p>\n\n\n\n<p>Seit 2017 unterst\u00fctzt Helvetas Projekte in Mosambik, die sich auf die Verbesserung informeller Lehrlingsausbildungen konzentrieren.<\/p>\n\n\n\n<h2 class=\"wp-block-heading\">Bildungsl\u00fccken schliessen<\/h2>\n\n\n\n<p>Mit dem Projekt \u00abSkills for Youth in Mozambique\u00bb (SIM!) sollen Bildungsl\u00fccken geschlossen und die Schnittstellen zwischen Grundbildung und beruflicher Bildung neu definiert werden. Durch die Einbettung von Lese-, Schreib- und Rechenkompetenzen in die berufliche Ausbildung vermittelt SIM! Jugendlichen und Erwachsenen die grundlegenden F\u00e4higkeiten, die sie f\u00fcr ein erfolgreiches Berufsleben ben\u00f6tigen, und f\u00f6rdert so die Inklusion und eine nachhaltige Entwicklung der Gemeinden.<\/p>\n\n\n\n<p>Seit seinem Start Anfang 2023 hat das vom Bund finanzierte und von Helvetas umgesetzte Projekt rund 3600 Jugendliche ausgebildet, unterst\u00fctzt von 221 lokalen Handwerkern, die als Ausbilder fungieren, und sieben Unternehmen, die sich f\u00fcr diese Initiative einsetzen. Das Ausbildungsmodell kombiniert vier Monate theoretischen und praktischen Unterricht mit einem zweimonatigen Praktikum, das direkte Erfahrungen am Arbeitsplatz und den Erwerb von F\u00e4higkeiten erm\u00f6glicht. In Zusammenarbeit mit f\u00fcnf Berufsbildungseinrichtungen verbessert das Projekt auch die technischen und p\u00e4dagogischen F\u00e4higkeiten der lokalen Ausbilder und gew\u00e4hrleistet so eine nachhaltige Kompetenzentwicklung.<\/p>\n\n\n\n<p>Das Projekt betont, dass Lernen dort stattfinden sollte, wo es am wichtigsten ist \u2013 in realen Arbeitsumgebungen. (In der Schweiz verfolgt der F\u00f6rderschwerpunkt <a href=\"http:\/\/einfach-besser.ch\/betriebe\" target=\"_blank\" rel=\"noreferrer noopener\">\u00abEinfach besser!&#8230; am Arbeitsplatz\u00bb<\/a> denselben Ansatz.) In Maurerlehrg\u00e4ngen \u00fcben die Lernenden beispielsweise das Lesen von Baupl\u00e4nen und das Berechnen von Materialien, w\u00e4hrend sie in der Agrarwirtschaftsausbildung Buchhaltungs- und Budgetierungsaufgaben bearbeiten. Dadurch wird der Nutzen der Ausbildung deutlich, was sie relevanter und wirkungsvoller macht. Module wie \u00abGrundlagen der Geometrie f\u00fcr das Bauwesen\u00bb, \u00abSicherheit und Hygiene am Arbeitsplatz\u00bb und \u00abFinanzkompetenz f\u00fcr Unternehmer\u00bb erm\u00f6glichen es den Teilnehmenden beispielsweise, neue F\u00e4higkeiten sofort in ihrer t\u00e4glichen Arbeit anzuwenden.<\/p>\n\n\n\n<h2 class=\"wp-block-heading\">Grundkompetenzen am Arbeitsplatz<\/h2>\n\n\n\n<p>Hierbei hilft das vom SVEB entwickelte <a href=\"https:\/\/alice.ch\/de\/themen\/grundkompetenzen\/go-upskilling-am-arbeitsplatz\/\">GO-Modell<\/a>: Es integriert die Vermittlung von Grundkompetenzen in den Arbeitsplatz, sodass die Besch\u00e4ftigten ihre Lese-, Schreib- und Rechenkompetenzen sowie ihre digitalen Kompetenzen bei der Aus\u00fcbung ihrer t\u00e4glichen Aufgaben st\u00e4rken k\u00f6nnen. Dieser arbeitsplatzorientierte und anpassungsf\u00e4hige Ansatz entspricht direkt den Bed\u00fcrfnissen der Unternehmen und eignet sich f\u00fcr Firmen jeder Gr\u00f6sse. In Mosambik tr\u00e4gt er dazu bei, kritische L\u00fccken in der funktionalen Lese-, Schreib- und Rechenkompetenz zu schliessen, die sich auf die Produktivit\u00e4t und Sicherheit auswirken.<\/p>\n\n\n\n<p>Das Modell bietet ausserdem flexible Lernwege, die auf unterschiedliche Bildungshintergr\u00fcnde zugeschnitten sind, wobei die Schulungen h\u00e4ufig in gemeindenahen Einrichtungen in der N\u00e4he des Wohnortes der Teilnehmer stattfinden. Gemischte Methoden und digitale Tools verbessern die Zug\u00e4nglichkeit, insbesondere in abgelegenen Gebieten.<\/p>\n\n\n\n<p>Ein wesentliches Merkmal des Modells sind Investitionen des Privatsektors in die Entwicklung der Arbeitskr\u00e4fte, wobei Unternehmen das Lernen am Arbeitsplatz unterst\u00fctzen und von einer verbesserten Mitarbeiterbindung, Effizienz und Aufgabenausf\u00fchrung profitieren.<\/p>\n\n\n\n<h2 class=\"wp-block-heading\">Erkenntnisse aus zwei Jahren<\/h2>\n\n\n\n<p>Zwei Jahre nach dem Start des Projekts konnten anhand von Teilnehmerbewertungen, Umfragen und R\u00fcckmeldungen von Unternehmen die Schulungen auf die Bed\u00fcrfnisse der Lernenden zugeschnitten werden.<\/p>\n\n\n\n<p>Die wichtigsten Erkenntnisse:<\/p>\n\n\n\n<ol start=\"1\" class=\"wp-block-list\">\n<li><strong>St\u00e4rkung der p\u00e4dagogischen und technischen Kompetenzen der Handwerksausbilder.<\/strong> Da lokale Handwerker eine wichtige Rolle als Ausbilder am Arbeitsplatz spielen, sind Investitionen in ihre p\u00e4dagogische und technische Ausbildung unerl\u00e4sslich. \u00dcber die Verbesserung ihrer eigenen technischen F\u00e4higkeiten hinaus m\u00fcssen sie effektive Lehrmethoden entwickeln, um unterschiedlichen Lerngeschwindigkeiten und Hintergr\u00fcnden gerecht zu werden. Workshops zum Kapazit\u00e4tsaufbau, Peer-Learning-Austausch und die Zusammenarbeit mit Berufsbildungseinrichtungen verbessern ihre F\u00e4higkeit, Auszubildende effektiv zu schulen. Die Einbeziehung von Handwerkern und lokalen Verb\u00e4nden in die Entwicklung der Inhalte stellt sicher, dass die Schulungsmaterialien die lokalen wirtschaftlichen und beruflichen Gegebenheiten widerspiegeln und das Gelernte direkt anwendbar ist.<\/li>\n\n\n\n<li><strong>Sicherstellung einer Infrastruktur und von Materialien, die ein effektives Lernen unterst\u00fctzen.<\/strong> Alphabetisierungs- und Rechenkurse, die in den Arbeitsalltag integriert sind, erfordern einen lernf\u00f6rdernden Raum mit minimalen St\u00f6rungen und Zugang zu langlebigen Schulungsmaterialien. L\u00e4rm von Maschinen oder fehlende geeignete Lernbereiche k\u00f6nnen die Konzentration und das Engagement beeintr\u00e4chtigen. Um die Zug\u00e4nglichkeit zu verbessern, werden insbesondere in mehrsprachigen Umgebungen Illustrationen, Diagramme und visuelle Hilfsmittel eingesetzt. Die Schulungsmaterialien sollten ausserdem tragbar, langlebig und leicht anpassbar sein, damit sie an verschiedenen Arbeitspl\u00e4tzen verwendet werden k\u00f6nnen.<\/li>\n\n\n\n<li><strong>Gemeinschaftsorientierte Modelle verbessern die Reichweite und Nachhaltigkeit.<\/strong> Durch die Einbindung lokaler Animatoren, Handwerker und Gemeinschaftsorganisationen wird sichergestellt, dass die Schulungen zug\u00e4nglich, vertrauensw\u00fcrdig und an die Bed\u00fcrfnisse der l\u00e4ndlichen Bev\u00f6lkerung angepasst sind. Animatoren, die oft ehrenamtlich t\u00e4tig sind, spielen eine entscheidende Rolle bei der Mobilisierung der Teilnehmer und der F\u00f6rderung der Gruppendynamik, wodurch das Modell auch in ressourcenarmen Umgebungen nachhaltig ist. Ihre engen Verbindungen zur Gemeinschaft gew\u00e4hrleisten, dass auch benachteiligte Gruppen, darunter Binnenvertriebene, Zugang zu Bildungsm\u00f6glichkeiten haben.<\/li>\n\n\n\n<li><strong>Integrierte Schulungen verbessern die wirtschaftlichen Ergebnisse und die Produktivit\u00e4t.<\/strong> Die Verankerung grundlegender Kompetenzen in der beruflichen Bildung hat konkrete finanzielle Vorteile f\u00fcr Arbeitnehmer und Arbeitgeber. <a href=\"https:\/\/wol.iza.org\/articles\/what-is-economic-value-of-literacy-and-numeracy\/long\">Laut PIAAC k\u00f6nnen Arbeitnehmer mit besseren Lese-, Schreib- und Rechenkenntnissen bis zu 20 Prozent mehr verdienen<\/a>. Daten aus dem Projekt zeigen, dass 40 Prozent der Auszubildenden \u2013 vor allem diejenigen mit einem Bildungsniveau der 10. Klasse oder darunter \u2013 nach Abschluss ihrer Ausbildung ein um 15 Prozent h\u00f6heres Einkommen erzielten. F\u00fcr Unternehmen bedeutet die Weiterqualifizierung ihrer Belegschaft h\u00f6here Effizienz, weniger Betriebsfehler und eine st\u00e4rkere Mitarbeiterbindung.<\/li>\n\n\n\n<li><strong>Die St\u00e4rkung grundlegender Kompetenzen bringt allen Beteiligten dauerhafte Vorteile. <\/strong>Das Programm geht \u00fcber Lese-, Schreib- und Rechenkompetenzen hinaus und vermittelt den Arbeitnehmern wichtige Querschnittskompetenzen, darunter Gesundheit und Sicherheit, digitale Kompetenz, Finanzmanagement und Unternehmertum. Diese Kompetenzen werden von Arbeitgebern zunehmend gefordert und verbessern die Anpassungsf\u00e4higkeit der Arbeitnehmer in dynamischen Arbeitsm\u00e4rkten. Die St\u00e4rkung dieser Bereiche kommt nicht nur den einzelnen Arbeitnehmern zugute, sondern tr\u00e4gt auch zur Widerstandsf\u00e4higkeit und Innovationskraft der Unternehmen bei.<\/li>\n\n\n\n<li><strong>Eine inklusive Gestaltung der Schulungen ist f\u00fcr unterschiedliche Lernprofile unerl\u00e4sslich.<\/strong> Viele Lernende sind mit wirtschaftlichen Zw\u00e4ngen, geschlechtsspezifischen Ungleichheiten und famili\u00e4ren Verpflichtungen konfrontiert, denen das formale Bildungssystem oft nicht gerecht wird. Um diese Hindernisse zu beseitigen, finden die Schulungen in gemeindenahen Einrichtungen in der N\u00e4he des Wohnorts der Teilnehmenden statt, wobei lokale Moderatoren die Inhalte auf die unterschiedlichen Lernbed\u00fcrfnisse zuschneiden. Die Schulungen m\u00fcssen verschiedene Lernans\u00e4tze integrieren, darunter vereinfachte Sprache, visuelle Hilfsmittel und interaktive Lehrmethoden, um sicherzustellen, dass Lernende mit unterschiedlichen Lese-, Schreib- und Rechenkenntnissen effektiv teilnehmen k\u00f6nnen.<\/li>\n<\/ol>\n\n\n\n<h2 class=\"wp-block-heading\">Weitere Informationen<\/h2>\n\n\n\n<div class=\"wp-block-buttons is-layout-flex wp-block-buttons-is-layout-flex\">\n<div class=\"wp-block-button has-custom-width wp-block-button__width-100 is-style-minimal\"><a class=\"wp-block-button__link wp-element-button\" href=\"https:\/\/www.helvetas.org\/en\/switzerland\/how-you-can-help\/follow-us\/blog\/education\/basic-education-in-work-based-training\" target=\"_blank\" rel=\"noreferrer noopener\">Ausf\u00fchrlicher Bericht auf Englisch<\/a><\/div>\n<\/div>\n","protected":false},"excerpt":{"rendered":"<p>Seit zwei Jahren engagieren sich Helvetas und SVEB in Mosambik: Im Rahmen des Projekts SIM! werden junge Erwachsene ausgebildet und [&hellip;]<\/p>\n","protected":false},"author":27,"featured_media":68159,"template":"","meta":{"_acf_changed":false,"inline_featured_image":false,"footnotes":""},"news-category":[28],"global-category":[49,53],"class_list":["post-68157","news","type-news","status-publish","has-post-thumbnail","hentry","news-category-grundkompetenzen","global-category-grundkompetenzen","global-category-international"],"acf":[],"yoast_head":"<!-- This site is optimized with the Yoast SEO plugin v27.3 - https:\/\/yoast.com\/product\/yoast-seo-wordpress\/ -->\n<title>Learnings aus dem Helvetas-Projekt in Mosambik - SVEB<\/title>\n<meta name=\"robots\" content=\"index, follow, max-snippet:-1, max-image-preview:large, max-video-preview:-1\" \/>\n<link rel=\"canonical\" href=\"https:\/\/alice.ch\/de\/news\/learnings-aus-dem-helvetas-projekt-in-mosambik\/\" \/>\n<meta property=\"og:locale\" content=\"de_DE\" \/>\n<meta property=\"og:type\" content=\"article\" \/>\n<meta property=\"og:title\" content=\"Learnings aus dem Helvetas-Projekt in Mosambik - SVEB\" \/>\n<meta property=\"og:description\" content=\"Seit zwei Jahren engagieren sich Helvetas und SVEB in Mosambik: Im Rahmen des Projekts SIM! werden junge Erwachsene ausgebildet und [&hellip;]\" \/>\n<meta property=\"og:url\" content=\"https:\/\/alice.ch\/de\/news\/learnings-aus-dem-helvetas-projekt-in-mosambik\/\" \/>\n<meta property=\"og:site_name\" content=\"SVEB\" \/>\n<meta property=\"article:modified_time\" content=\"2025-05-23T07:50:24+00:00\" \/>\n<meta property=\"og:image\" content=\"https:\/\/alice.ch\/app\/uploads\/2025\/05\/Centro-de-Literacia-do-AF-Salimo-Hage-Animador-Raimundo-Distrito-de-Nacala-Porto-Carpintaria1.jpg\" \/>\n\t<meta property=\"og:image:width\" content=\"1200\" \/>\n\t<meta property=\"og:image:height\" content=\"627\" \/>\n\t<meta property=\"og:image:type\" content=\"image\/jpeg\" \/>\n<meta name=\"twitter:card\" content=\"summary_large_image\" \/>\n<meta name=\"twitter:label1\" content=\"Gesch\u00e4tzte Lesezeit\" \/>\n\t<meta name=\"twitter:data1\" content=\"6\u00a0Minuten\" \/>\n<script type=\"application\/ld+json\" class=\"yoast-schema-graph\">{\"@context\":\"https:\\\/\\\/schema.org\",\"@graph\":[{\"@type\":\"WebPage\",\"@id\":\"https:\\\/\\\/alice.ch\\\/de\\\/news\\\/learnings-aus-dem-helvetas-projekt-in-mosambik\\\/\",\"url\":\"https:\\\/\\\/alice.ch\\\/de\\\/news\\\/learnings-aus-dem-helvetas-projekt-in-mosambik\\\/\",\"name\":\"Learnings aus dem Helvetas-Projekt in Mosambik - SVEB\",\"isPartOf\":{\"@id\":\"https:\\\/\\\/alice.ch\\\/de\\\/#website\"},\"primaryImageOfPage\":{\"@id\":\"https:\\\/\\\/alice.ch\\\/de\\\/news\\\/learnings-aus-dem-helvetas-projekt-in-mosambik\\\/#primaryimage\"},\"image\":{\"@id\":\"https:\\\/\\\/alice.ch\\\/de\\\/news\\\/learnings-aus-dem-helvetas-projekt-in-mosambik\\\/#primaryimage\"},\"thumbnailUrl\":\"https:\\\/\\\/alice.ch\\\/app\\\/uploads\\\/2025\\\/05\\\/Centro-de-Literacia-do-AF-Salimo-Hage-Animador-Raimundo-Distrito-de-Nacala-Porto-Carpintaria1.jpg\",\"datePublished\":\"2025-05-23T07:50:21+00:00\",\"dateModified\":\"2025-05-23T07:50:24+00:00\",\"breadcrumb\":{\"@id\":\"https:\\\/\\\/alice.ch\\\/de\\\/news\\\/learnings-aus-dem-helvetas-projekt-in-mosambik\\\/#breadcrumb\"},\"inLanguage\":\"de\",\"potentialAction\":[{\"@type\":\"ReadAction\",\"target\":[\"https:\\\/\\\/alice.ch\\\/de\\\/news\\\/learnings-aus-dem-helvetas-projekt-in-mosambik\\\/\"]}]},{\"@type\":\"ImageObject\",\"inLanguage\":\"de\",\"@id\":\"https:\\\/\\\/alice.ch\\\/de\\\/news\\\/learnings-aus-dem-helvetas-projekt-in-mosambik\\\/#primaryimage\",\"url\":\"https:\\\/\\\/alice.ch\\\/app\\\/uploads\\\/2025\\\/05\\\/Centro-de-Literacia-do-AF-Salimo-Hage-Animador-Raimundo-Distrito-de-Nacala-Porto-Carpintaria1.jpg\",\"contentUrl\":\"https:\\\/\\\/alice.ch\\\/app\\\/uploads\\\/2025\\\/05\\\/Centro-de-Literacia-do-AF-Salimo-Hage-Animador-Raimundo-Distrito-de-Nacala-Porto-Carpintaria1.jpg\",\"width\":1200,\"height\":627},{\"@type\":\"BreadcrumbList\",\"@id\":\"https:\\\/\\\/alice.ch\\\/de\\\/news\\\/learnings-aus-dem-helvetas-projekt-in-mosambik\\\/#breadcrumb\",\"itemListElement\":[{\"@type\":\"ListItem\",\"position\":1,\"name\":\"Startseite\",\"item\":\"https:\\\/\\\/alice.ch\\\/de\\\/\"},{\"@type\":\"ListItem\",\"position\":2,\"name\":\"Learnings aus dem Helvetas-Projekt in Mosambik\"}]},{\"@type\":\"WebSite\",\"@id\":\"https:\\\/\\\/alice.ch\\\/de\\\/#website\",\"url\":\"https:\\\/\\\/alice.ch\\\/de\\\/\",\"name\":\"alice.ch (Adult Learning Information Center) ist das Portal der Weiterbildung in der Schweiz.\",\"description\":\"Schweizerischer Verband f\u00fcr Weiterbildung\",\"publisher\":{\"@id\":\"https:\\\/\\\/alice.ch\\\/de\\\/#organization\"},\"potentialAction\":[{\"@type\":\"SearchAction\",\"target\":{\"@type\":\"EntryPoint\",\"urlTemplate\":\"https:\\\/\\\/alice.ch\\\/de\\\/?s={search_term_string}\"},\"query-input\":{\"@type\":\"PropertyValueSpecification\",\"valueRequired\":true,\"valueName\":\"search_term_string\"}}],\"inLanguage\":\"de\"},{\"@type\":\"Organization\",\"@id\":\"https:\\\/\\\/alice.ch\\\/de\\\/#organization\",\"name\":\"SVEB Schweizerischer Verband f\u00fcr Weiterbildung\",\"url\":\"https:\\\/\\\/alice.ch\\\/de\\\/\",\"logo\":{\"@type\":\"ImageObject\",\"inLanguage\":\"de\",\"@id\":\"https:\\\/\\\/alice.ch\\\/de\\\/#\\\/schema\\\/logo\\\/image\\\/\",\"url\":\"https:\\\/\\\/alice.ch\\\/app\\\/uploads\\\/2022\\\/07\\\/logo-sveb.png\",\"contentUrl\":\"https:\\\/\\\/alice.ch\\\/app\\\/uploads\\\/2022\\\/07\\\/logo-sveb.png\",\"width\":145,\"height\":64,\"caption\":\"SVEB Schweizerischer Verband f\u00fcr Weiterbildung\"},\"image\":{\"@id\":\"https:\\\/\\\/alice.ch\\\/de\\\/#\\\/schema\\\/logo\\\/image\\\/\"},\"sameAs\":[\"https:\\\/\\\/www.linkedin.com\\\/company\\\/schweizerischer-verband-fr-weiterbildung-sveb\\\/\"]}]}<\/script>\n<!-- \/ Yoast SEO plugin. -->","yoast_head_json":{"title":"Learnings aus dem Helvetas-Projekt in Mosambik - SVEB","robots":{"index":"index","follow":"follow","max-snippet":"max-snippet:-1","max-image-preview":"max-image-preview:large","max-video-preview":"max-video-preview:-1"},"canonical":"https:\/\/alice.ch\/de\/news\/learnings-aus-dem-helvetas-projekt-in-mosambik\/","og_locale":"de_DE","og_type":"article","og_title":"Learnings aus dem Helvetas-Projekt in Mosambik - SVEB","og_description":"Seit zwei Jahren engagieren sich Helvetas und SVEB in Mosambik: Im Rahmen des Projekts SIM! werden junge Erwachsene ausgebildet und [&hellip;]","og_url":"https:\/\/alice.ch\/de\/news\/learnings-aus-dem-helvetas-projekt-in-mosambik\/","og_site_name":"SVEB","article_modified_time":"2025-05-23T07:50:24+00:00","og_image":[{"width":1200,"height":627,"url":"https:\/\/alice.ch\/app\/uploads\/2025\/05\/Centro-de-Literacia-do-AF-Salimo-Hage-Animador-Raimundo-Distrito-de-Nacala-Porto-Carpintaria1.jpg","type":"image\/jpeg"}],"twitter_card":"summary_large_image","twitter_misc":{"Gesch\u00e4tzte Lesezeit":"6\u00a0Minuten"},"schema":{"@context":"https:\/\/schema.org","@graph":[{"@type":"WebPage","@id":"https:\/\/alice.ch\/de\/news\/learnings-aus-dem-helvetas-projekt-in-mosambik\/","url":"https:\/\/alice.ch\/de\/news\/learnings-aus-dem-helvetas-projekt-in-mosambik\/","name":"Learnings aus dem Helvetas-Projekt in Mosambik - SVEB","isPartOf":{"@id":"https:\/\/alice.ch\/de\/#website"},"primaryImageOfPage":{"@id":"https:\/\/alice.ch\/de\/news\/learnings-aus-dem-helvetas-projekt-in-mosambik\/#primaryimage"},"image":{"@id":"https:\/\/alice.ch\/de\/news\/learnings-aus-dem-helvetas-projekt-in-mosambik\/#primaryimage"},"thumbnailUrl":"https:\/\/alice.ch\/app\/uploads\/2025\/05\/Centro-de-Literacia-do-AF-Salimo-Hage-Animador-Raimundo-Distrito-de-Nacala-Porto-Carpintaria1.jpg","datePublished":"2025-05-23T07:50:21+00:00","dateModified":"2025-05-23T07:50:24+00:00","breadcrumb":{"@id":"https:\/\/alice.ch\/de\/news\/learnings-aus-dem-helvetas-projekt-in-mosambik\/#breadcrumb"},"inLanguage":"de","potentialAction":[{"@type":"ReadAction","target":["https:\/\/alice.ch\/de\/news\/learnings-aus-dem-helvetas-projekt-in-mosambik\/"]}]},{"@type":"ImageObject","inLanguage":"de","@id":"https:\/\/alice.ch\/de\/news\/learnings-aus-dem-helvetas-projekt-in-mosambik\/#primaryimage","url":"https:\/\/alice.ch\/app\/uploads\/2025\/05\/Centro-de-Literacia-do-AF-Salimo-Hage-Animador-Raimundo-Distrito-de-Nacala-Porto-Carpintaria1.jpg","contentUrl":"https:\/\/alice.ch\/app\/uploads\/2025\/05\/Centro-de-Literacia-do-AF-Salimo-Hage-Animador-Raimundo-Distrito-de-Nacala-Porto-Carpintaria1.jpg","width":1200,"height":627},{"@type":"BreadcrumbList","@id":"https:\/\/alice.ch\/de\/news\/learnings-aus-dem-helvetas-projekt-in-mosambik\/#breadcrumb","itemListElement":[{"@type":"ListItem","position":1,"name":"Startseite","item":"https:\/\/alice.ch\/de\/"},{"@type":"ListItem","position":2,"name":"Learnings aus dem Helvetas-Projekt in Mosambik"}]},{"@type":"WebSite","@id":"https:\/\/alice.ch\/de\/#website","url":"https:\/\/alice.ch\/de\/","name":"alice.ch (Adult Learning Information Center) ist das Portal der Weiterbildung in der Schweiz.","description":"Schweizerischer Verband f\u00fcr Weiterbildung","publisher":{"@id":"https:\/\/alice.ch\/de\/#organization"},"potentialAction":[{"@type":"SearchAction","target":{"@type":"EntryPoint","urlTemplate":"https:\/\/alice.ch\/de\/?s={search_term_string}"},"query-input":{"@type":"PropertyValueSpecification","valueRequired":true,"valueName":"search_term_string"}}],"inLanguage":"de"},{"@type":"Organization","@id":"https:\/\/alice.ch\/de\/#organization","name":"SVEB Schweizerischer Verband f\u00fcr Weiterbildung","url":"https:\/\/alice.ch\/de\/","logo":{"@type":"ImageObject","inLanguage":"de","@id":"https:\/\/alice.ch\/de\/#\/schema\/logo\/image\/","url":"https:\/\/alice.ch\/app\/uploads\/2022\/07\/logo-sveb.png","contentUrl":"https:\/\/alice.ch\/app\/uploads\/2022\/07\/logo-sveb.png","width":145,"height":64,"caption":"SVEB Schweizerischer Verband f\u00fcr Weiterbildung"},"image":{"@id":"https:\/\/alice.ch\/de\/#\/schema\/logo\/image\/"},"sameAs":["https:\/\/www.linkedin.com\/company\/schweizerischer-verband-fr-weiterbildung-sveb\/"]}]}},"_links":{"self":[{"href":"https:\/\/alice.ch\/de\/wp-json\/wp\/v2\/news\/68157","targetHints":{"allow":["GET"]}}],"collection":[{"href":"https:\/\/alice.ch\/de\/wp-json\/wp\/v2\/news"}],"about":[{"href":"https:\/\/alice.ch\/de\/wp-json\/wp\/v2\/types\/news"}],"author":[{"embeddable":true,"href":"https:\/\/alice.ch\/de\/wp-json\/wp\/v2\/users\/27"}],"version-history":[{"count":3,"href":"https:\/\/alice.ch\/de\/wp-json\/wp\/v2\/news\/68157\/revisions"}],"predecessor-version":[{"id":68175,"href":"https:\/\/alice.ch\/de\/wp-json\/wp\/v2\/news\/68157\/revisions\/68175"}],"wp:featuredmedia":[{"embeddable":true,"href":"https:\/\/alice.ch\/de\/wp-json\/wp\/v2\/media\/68159"}],"wp:attachment":[{"href":"https:\/\/alice.ch\/de\/wp-json\/wp\/v2\/media?parent=68157"}],"wp:term":[{"taxonomy":"news-category","embeddable":true,"href":"https:\/\/alice.ch\/de\/wp-json\/wp\/v2\/news-category?post=68157"},{"taxonomy":"global-category","embeddable":true,"href":"https:\/\/alice.ch\/de\/wp-json\/wp\/v2\/global-category?post=68157"}],"curies":[{"name":"wp","href":"https:\/\/api.w.org\/{rel}","templated":true}]}}