{"id":69411,"date":"2025-07-08T10:49:48","date_gmt":"2025-07-08T08:49:48","guid":{"rendered":"https:\/\/alice.ch\/?post_type=news&#038;p=69411"},"modified":"2025-07-09T10:07:05","modified_gmt":"2025-07-09T08:07:05","slug":"wie-weiterbildung-in-gav-geregelt-wird","status":"publish","type":"news","link":"https:\/\/alice.ch\/de\/news\/wie-weiterbildung-in-gav-geregelt-wird\/","title":{"rendered":"Wie Weiterbildung in GAV geregelt wird"},"content":{"rendered":"\n<p class=\"is-style-lead\">Travail.Suisse Formation hat die Studie \u00abDie Gesamtarbeitsvertr\u00e4ge und ihre Regelungen bez\u00fcglich Weiterbildung\u00bb publiziert. Mit ihr sollen Impulse f\u00fcr k\u00fcnftige GAV-Verhandlungen bez\u00fcglich Weiterbildung ausgel\u00f6st werden.<\/p>\n\n\n\n<p>Die Studie \u00abDie Gesamtarbeitsvertr\u00e4ge und ihre Regelungen bez\u00fcglich Weiterbildung\u00bb ist Teil eines Projekts von Travail.Suisse Formation (TSF), wie diese in einer <a href=\"https:\/\/www.ts-formation.ch\/de\/news\/2025-07-03\/die-gesamtarbeitsvertraege-und-ihre-regelungen-bezueglich-weiterbildung\" target=\"_blank\" rel=\"noreferrer noopener\">Mitteilung<\/a> schreibt. Sie ziele darauf ab, eine \u00dcbersicht zu bieten, wie Weiterbildung in den Gesamtarbeitsvertr\u00e4gen von 21 Branchen geregelt ist. TSF m\u00f6chte damit Impulse f\u00fcr k\u00fcnftige GAV-Verhandlungen bez\u00fcglich Weiterbildung ausl\u00f6sen. Ein besonderes Anliegen sei es dabei, durch gute Regelungen die Weiterbildungsbeteiligung von Personen mit erschwertem Zugang zu Weiterbildung zu erh\u00f6hen.<\/p>\n\n\n\n<p>Insgesamt 54 GAV wurden hinsichtlich ihrer Regelungen zur Weiterbildung analysiert und 21 davon in die <a href=\"https:\/\/www.ts-formation.ch\/de\/studie-gav-weiterbildung-2025\">Studie<\/a> aufgenommen. Die Analyse zeigt eine grosse Vielfalt an L\u00f6sungsans\u00e4tzen, sowohl in den Formulierungen und Regelungen der GAV als auch in deren Umsetzung. Zu den zentralen Instrumenten zur St\u00e4rkung der Weiterbildung in den Branchen geh\u00f6ren die Bildungsurlaube, die bis zu f\u00fcnf Tage dauern k\u00f6nnen, die unterschiedlichsten Regelungen zur Finanzierung der Kurse sowie zur \u00dcbernahme von L\u00f6hnen w\u00e4hrend der Weiterbildung, und die Bildungsfonds.<\/p>\n\n\n\n<h2 class=\"wp-block-heading\">Weitere Ideen und Leistungen f\u00fcr Gruppen mit erschwertem Zugang zur Weiterbildung<\/h2>\n\n\n\n<p>Die Studie hat weitere 23 Ideen aus der Analyse der GAVs und ihrer Umsetzung ausgemacht. Dazu geh\u00f6ren etwa Langzeitkonten, Kurse f\u00fcr Wiedereinsteigende oder Quereinsteigende, E-Learningprogramme, Mitarbeitende, die als Bildungsbotschafterinnen und -botschafter auftreten, aber auch Regelungen bez\u00fcglich der L\u00f6sung von Konflikten zwischen Betrieben und den Arbeitnehmenden bei Weiterbildungsfragen.&nbsp;&nbsp;&nbsp;<\/p>\n\n\n\n<p>Bei der Analysearbeit sei ein besonderes Augenmerk auf die Leistungen der GAVs bez\u00fcglich der Weiterbildung von Personen gelegt worden, die zu Gruppen mit erschwertem Zugang zur Weiterbildung geh\u00f6ren, schreibt TSF. Dazu z\u00e4hlen Personen ohne Sek-II-Abschluss, Migrantinnen und Migranten der ersten Generation und Menschen mit Behinderungen. Welche Angebote und Leistungen wurden speziell f\u00fcr diese Gruppen bereitstellt? Besonders wichtig seien in diesem Zusammenhang Sprachkurse, Grundkompetenzkurse und Branchenzertifikate. Ebenso bedeutsam seien Mitarbeitendengespr\u00e4che, eine auf die Zielgruppe abgestimmte Kommunikation, Lohnausfallentsch\u00e4digungen und Boni.<\/p>\n\n\n\n<h2 class=\"wp-block-heading\">\u00abBranchen m\u00fcssen nicht alles selbst machen\u00bb<\/h2>\n\n\n\n<p>Die Studie enth\u00e4lt umfassende \u00dcberlegungen zu weiteren relevanten Fragen. So wurde untersucht, warum Arbeitnehmende an Weiterbildungen teilnehmen oder diese ablehnen (\u00abspielen eher individuelle, strukturelle, organisatorische oder relationale Gr\u00fcnde eine zentrale Rolle?\u00bb) Ausserdem wurden die Weiterbildungsh\u00fcrden sowie Motivationsfaktoren analysiert und erl\u00e4utert, warum die F\u00f6rderung der Weiterbildung \u00fcber GAV besonders sinnvoll ist.&nbsp;&nbsp;<\/p>\n\n\n\n<p>Studienautor Bruno Weber-Gobet betont aber auch: \u00abGAV-Branchen m\u00fcssen bez\u00fcglich Weiterbildung und Laufbahnplanung nicht alles selbst machen. Sie k\u00f6nnen auch profitieren von nationalen Projekten wie zum Beispiel von den angebotenen <a href=\"https:\/\/www.einfach-besser.ch\/privatpersonen-kurssuche\/\" target=\"_blank\" rel=\"noreferrer noopener\">Grundkompetenzkursen der Kantone<\/a>, des Firmen- oder Branchenprojektes \u2018<a href=\"https:\/\/www.einfach-besser.ch\/betriebe\/\" target=\"_blank\" rel=\"noreferrer noopener\">Einfach besser!&#8230; am Arbeitsplatz\u2019<\/a> oder dem Laufbahnplanungsprojekts \u2018<a href=\"https:\/\/viamia.ch\/\" target=\"_blank\" rel=\"noreferrer noopener\">viamia<\/a>\u2019. Die GAV-Branchen k\u00f6nnen diese unter ihren Mitgliedern propagieren, allenfalls sogar finanziell und\/oder zeitlich unterst\u00fctzen.\u00bb<\/p>\n\n\n\n<h2 class=\"wp-block-heading\">Weitere Informationen<\/h2>\n\n\n\n<div class=\"wp-block-buttons is-layout-flex wp-block-buttons-is-layout-flex\">\n<div class=\"wp-block-button has-custom-width wp-block-button__width-100 is-style-minimal\"><a class=\"wp-block-button__link wp-element-button\" href=\"https:\/\/www.ts-formation.ch\/de\/studie-gav-weiterbildung-2025\" target=\"_blank\" rel=\"noreferrer noopener\">zur Studie<\/a><\/div>\n\n\n\n<div class=\"wp-block-button has-custom-width wp-block-button__width-100 is-style-minimal\"><a class=\"wp-block-button__link wp-element-button\" href=\"https:\/\/alice.ch\/de\/news\/die-kmu-werden-mit-loyalen-motivierten-und-besser-qualifizierten-mitarbeitenden-belohnt\/\">\u00abDie KMU werden mit loyalen, motivierten und besser qualifizierten Mitarbeitenden belohnt\u00bb\u00a0<\/a><\/div>\n\n\n\n<div class=\"wp-block-button has-custom-width wp-block-button__width-100 is-style-minimal\"><a class=\"wp-block-button__link wp-element-button\" href=\"https:\/\/alice.ch\/de\/news\/geringqualifizierte-in-der-hotellerie-und-gastronomie-foerdern\/\">Geringqualifizierte in der Hotellerie und Gastronomie f\u00f6rdern<\/a><\/div>\n\n\n\n<div class=\"wp-block-button has-custom-width wp-block-button__width-100 is-style-minimal\"><a class=\"wp-block-button__link wp-element-button\" href=\"https:\/\/alice.ch\/de\/dienstleistungen\/gutscheinprojekte-des-sveb\/\">Bildungsgutscheine<\/a><\/div>\n<\/div>\n\n\n\n<p><\/p>\n","protected":false},"excerpt":{"rendered":"<p>Travail.Suisse Formation hat die Studie \u00abDie Gesamtarbeitsvertr\u00e4ge und ihre Regelungen bez\u00fcglich Weiterbildung\u00bb publiziert. Mit ihr sollen Impulse f\u00fcr k\u00fcnftige GAV-Verhandlungen [&hellip;]<\/p>\n","protected":false},"author":27,"featured_media":69414,"template":"","meta":{"_acf_changed":false,"inline_featured_image":false,"footnotes":""},"news-category":[31],"global-category":[],"class_list":["post-69411","news","type-news","status-publish","has-post-thumbnail","hentry","news-category-branche"],"acf":[],"yoast_head":"<!-- This site is optimized with the Yoast SEO plugin v27.3 - https:\/\/yoast.com\/product\/yoast-seo-wordpress\/ -->\n<title>Wie Weiterbildung in GAV geregelt wird - SVEB<\/title>\n<meta name=\"robots\" content=\"index, follow, max-snippet:-1, max-image-preview:large, max-video-preview:-1\" \/>\n<link rel=\"canonical\" href=\"https:\/\/alice.ch\/de\/news\/wie-weiterbildung-in-gav-geregelt-wird\/\" \/>\n<meta property=\"og:locale\" content=\"de_DE\" \/>\n<meta property=\"og:type\" content=\"article\" \/>\n<meta property=\"og:title\" content=\"Wie Weiterbildung in GAV geregelt wird - SVEB\" \/>\n<meta property=\"og:description\" content=\"Travail.Suisse Formation hat die Studie \u00abDie Gesamtarbeitsvertr\u00e4ge und ihre Regelungen bez\u00fcglich Weiterbildung\u00bb publiziert. Mit ihr sollen Impulse f\u00fcr k\u00fcnftige GAV-Verhandlungen [&hellip;]\" \/>\n<meta property=\"og:url\" content=\"https:\/\/alice.ch\/de\/news\/wie-weiterbildung-in-gav-geregelt-wird\/\" \/>\n<meta property=\"og:site_name\" content=\"SVEB\" \/>\n<meta property=\"article:modified_time\" content=\"2025-07-09T08:07:05+00:00\" \/>\n<meta property=\"og:image\" content=\"https:\/\/alice.ch\/app\/uploads\/2025\/07\/getty-images-460_apjemzA-unsplash1.jpg\" \/>\n\t<meta property=\"og:image:width\" content=\"1200\" \/>\n\t<meta property=\"og:image:height\" content=\"627\" \/>\n\t<meta property=\"og:image:type\" content=\"image\/jpeg\" \/>\n<meta name=\"twitter:card\" content=\"summary_large_image\" \/>\n<meta name=\"twitter:label1\" content=\"Gesch\u00e4tzte Lesezeit\" \/>\n\t<meta name=\"twitter:data1\" content=\"2\u00a0Minuten\" \/>\n<script type=\"application\/ld+json\" class=\"yoast-schema-graph\">{\"@context\":\"https:\\\/\\\/schema.org\",\"@graph\":[{\"@type\":\"WebPage\",\"@id\":\"https:\\\/\\\/alice.ch\\\/de\\\/news\\\/wie-weiterbildung-in-gav-geregelt-wird\\\/\",\"url\":\"https:\\\/\\\/alice.ch\\\/de\\\/news\\\/wie-weiterbildung-in-gav-geregelt-wird\\\/\",\"name\":\"Wie Weiterbildung in GAV geregelt wird - SVEB\",\"isPartOf\":{\"@id\":\"https:\\\/\\\/alice.ch\\\/de\\\/#website\"},\"primaryImageOfPage\":{\"@id\":\"https:\\\/\\\/alice.ch\\\/de\\\/news\\\/wie-weiterbildung-in-gav-geregelt-wird\\\/#primaryimage\"},\"image\":{\"@id\":\"https:\\\/\\\/alice.ch\\\/de\\\/news\\\/wie-weiterbildung-in-gav-geregelt-wird\\\/#primaryimage\"},\"thumbnailUrl\":\"https:\\\/\\\/alice.ch\\\/app\\\/uploads\\\/2025\\\/07\\\/getty-images-460_apjemzA-unsplash1.jpg\",\"datePublished\":\"2025-07-08T08:49:48+00:00\",\"dateModified\":\"2025-07-09T08:07:05+00:00\",\"breadcrumb\":{\"@id\":\"https:\\\/\\\/alice.ch\\\/de\\\/news\\\/wie-weiterbildung-in-gav-geregelt-wird\\\/#breadcrumb\"},\"inLanguage\":\"de\",\"potentialAction\":[{\"@type\":\"ReadAction\",\"target\":[\"https:\\\/\\\/alice.ch\\\/de\\\/news\\\/wie-weiterbildung-in-gav-geregelt-wird\\\/\"]}]},{\"@type\":\"ImageObject\",\"inLanguage\":\"de\",\"@id\":\"https:\\\/\\\/alice.ch\\\/de\\\/news\\\/wie-weiterbildung-in-gav-geregelt-wird\\\/#primaryimage\",\"url\":\"https:\\\/\\\/alice.ch\\\/app\\\/uploads\\\/2025\\\/07\\\/getty-images-460_apjemzA-unsplash1.jpg\",\"contentUrl\":\"https:\\\/\\\/alice.ch\\\/app\\\/uploads\\\/2025\\\/07\\\/getty-images-460_apjemzA-unsplash1.jpg\",\"width\":1200,\"height\":627},{\"@type\":\"BreadcrumbList\",\"@id\":\"https:\\\/\\\/alice.ch\\\/de\\\/news\\\/wie-weiterbildung-in-gav-geregelt-wird\\\/#breadcrumb\",\"itemListElement\":[{\"@type\":\"ListItem\",\"position\":1,\"name\":\"Startseite\",\"item\":\"https:\\\/\\\/alice.ch\\\/de\\\/\"},{\"@type\":\"ListItem\",\"position\":2,\"name\":\"Wie Weiterbildung in GAV geregelt wird\"}]},{\"@type\":\"WebSite\",\"@id\":\"https:\\\/\\\/alice.ch\\\/de\\\/#website\",\"url\":\"https:\\\/\\\/alice.ch\\\/de\\\/\",\"name\":\"alice.ch (Adult Learning Information Center) ist das Portal der Weiterbildung in der Schweiz.\",\"description\":\"Schweizerischer Verband f\u00fcr Weiterbildung\",\"publisher\":{\"@id\":\"https:\\\/\\\/alice.ch\\\/de\\\/#organization\"},\"potentialAction\":[{\"@type\":\"SearchAction\",\"target\":{\"@type\":\"EntryPoint\",\"urlTemplate\":\"https:\\\/\\\/alice.ch\\\/de\\\/?s={search_term_string}\"},\"query-input\":{\"@type\":\"PropertyValueSpecification\",\"valueRequired\":true,\"valueName\":\"search_term_string\"}}],\"inLanguage\":\"de\"},{\"@type\":\"Organization\",\"@id\":\"https:\\\/\\\/alice.ch\\\/de\\\/#organization\",\"name\":\"SVEB Schweizerischer Verband f\u00fcr Weiterbildung\",\"url\":\"https:\\\/\\\/alice.ch\\\/de\\\/\",\"logo\":{\"@type\":\"ImageObject\",\"inLanguage\":\"de\",\"@id\":\"https:\\\/\\\/alice.ch\\\/de\\\/#\\\/schema\\\/logo\\\/image\\\/\",\"url\":\"https:\\\/\\\/alice.ch\\\/app\\\/uploads\\\/2022\\\/07\\\/logo-sveb.png\",\"contentUrl\":\"https:\\\/\\\/alice.ch\\\/app\\\/uploads\\\/2022\\\/07\\\/logo-sveb.png\",\"width\":145,\"height\":64,\"caption\":\"SVEB Schweizerischer Verband f\u00fcr Weiterbildung\"},\"image\":{\"@id\":\"https:\\\/\\\/alice.ch\\\/de\\\/#\\\/schema\\\/logo\\\/image\\\/\"},\"sameAs\":[\"https:\\\/\\\/www.linkedin.com\\\/company\\\/schweizerischer-verband-fr-weiterbildung-sveb\\\/\"]}]}<\/script>\n<!-- \/ Yoast SEO plugin. -->","yoast_head_json":{"title":"Wie Weiterbildung in GAV geregelt wird - SVEB","robots":{"index":"index","follow":"follow","max-snippet":"max-snippet:-1","max-image-preview":"max-image-preview:large","max-video-preview":"max-video-preview:-1"},"canonical":"https:\/\/alice.ch\/de\/news\/wie-weiterbildung-in-gav-geregelt-wird\/","og_locale":"de_DE","og_type":"article","og_title":"Wie Weiterbildung in GAV geregelt wird - SVEB","og_description":"Travail.Suisse Formation hat die Studie \u00abDie Gesamtarbeitsvertr\u00e4ge und ihre Regelungen bez\u00fcglich Weiterbildung\u00bb publiziert. Mit ihr sollen Impulse f\u00fcr k\u00fcnftige GAV-Verhandlungen [&hellip;]","og_url":"https:\/\/alice.ch\/de\/news\/wie-weiterbildung-in-gav-geregelt-wird\/","og_site_name":"SVEB","article_modified_time":"2025-07-09T08:07:05+00:00","og_image":[{"width":1200,"height":627,"url":"https:\/\/alice.ch\/app\/uploads\/2025\/07\/getty-images-460_apjemzA-unsplash1.jpg","type":"image\/jpeg"}],"twitter_card":"summary_large_image","twitter_misc":{"Gesch\u00e4tzte Lesezeit":"2\u00a0Minuten"},"schema":{"@context":"https:\/\/schema.org","@graph":[{"@type":"WebPage","@id":"https:\/\/alice.ch\/de\/news\/wie-weiterbildung-in-gav-geregelt-wird\/","url":"https:\/\/alice.ch\/de\/news\/wie-weiterbildung-in-gav-geregelt-wird\/","name":"Wie Weiterbildung in GAV geregelt wird - SVEB","isPartOf":{"@id":"https:\/\/alice.ch\/de\/#website"},"primaryImageOfPage":{"@id":"https:\/\/alice.ch\/de\/news\/wie-weiterbildung-in-gav-geregelt-wird\/#primaryimage"},"image":{"@id":"https:\/\/alice.ch\/de\/news\/wie-weiterbildung-in-gav-geregelt-wird\/#primaryimage"},"thumbnailUrl":"https:\/\/alice.ch\/app\/uploads\/2025\/07\/getty-images-460_apjemzA-unsplash1.jpg","datePublished":"2025-07-08T08:49:48+00:00","dateModified":"2025-07-09T08:07:05+00:00","breadcrumb":{"@id":"https:\/\/alice.ch\/de\/news\/wie-weiterbildung-in-gav-geregelt-wird\/#breadcrumb"},"inLanguage":"de","potentialAction":[{"@type":"ReadAction","target":["https:\/\/alice.ch\/de\/news\/wie-weiterbildung-in-gav-geregelt-wird\/"]}]},{"@type":"ImageObject","inLanguage":"de","@id":"https:\/\/alice.ch\/de\/news\/wie-weiterbildung-in-gav-geregelt-wird\/#primaryimage","url":"https:\/\/alice.ch\/app\/uploads\/2025\/07\/getty-images-460_apjemzA-unsplash1.jpg","contentUrl":"https:\/\/alice.ch\/app\/uploads\/2025\/07\/getty-images-460_apjemzA-unsplash1.jpg","width":1200,"height":627},{"@type":"BreadcrumbList","@id":"https:\/\/alice.ch\/de\/news\/wie-weiterbildung-in-gav-geregelt-wird\/#breadcrumb","itemListElement":[{"@type":"ListItem","position":1,"name":"Startseite","item":"https:\/\/alice.ch\/de\/"},{"@type":"ListItem","position":2,"name":"Wie Weiterbildung in GAV geregelt wird"}]},{"@type":"WebSite","@id":"https:\/\/alice.ch\/de\/#website","url":"https:\/\/alice.ch\/de\/","name":"alice.ch (Adult Learning Information Center) ist das Portal der Weiterbildung in der Schweiz.","description":"Schweizerischer Verband f\u00fcr Weiterbildung","publisher":{"@id":"https:\/\/alice.ch\/de\/#organization"},"potentialAction":[{"@type":"SearchAction","target":{"@type":"EntryPoint","urlTemplate":"https:\/\/alice.ch\/de\/?s={search_term_string}"},"query-input":{"@type":"PropertyValueSpecification","valueRequired":true,"valueName":"search_term_string"}}],"inLanguage":"de"},{"@type":"Organization","@id":"https:\/\/alice.ch\/de\/#organization","name":"SVEB Schweizerischer Verband f\u00fcr Weiterbildung","url":"https:\/\/alice.ch\/de\/","logo":{"@type":"ImageObject","inLanguage":"de","@id":"https:\/\/alice.ch\/de\/#\/schema\/logo\/image\/","url":"https:\/\/alice.ch\/app\/uploads\/2022\/07\/logo-sveb.png","contentUrl":"https:\/\/alice.ch\/app\/uploads\/2022\/07\/logo-sveb.png","width":145,"height":64,"caption":"SVEB Schweizerischer Verband f\u00fcr Weiterbildung"},"image":{"@id":"https:\/\/alice.ch\/de\/#\/schema\/logo\/image\/"},"sameAs":["https:\/\/www.linkedin.com\/company\/schweizerischer-verband-fr-weiterbildung-sveb\/"]}]}},"_links":{"self":[{"href":"https:\/\/alice.ch\/de\/wp-json\/wp\/v2\/news\/69411","targetHints":{"allow":["GET"]}}],"collection":[{"href":"https:\/\/alice.ch\/de\/wp-json\/wp\/v2\/news"}],"about":[{"href":"https:\/\/alice.ch\/de\/wp-json\/wp\/v2\/types\/news"}],"author":[{"embeddable":true,"href":"https:\/\/alice.ch\/de\/wp-json\/wp\/v2\/users\/27"}],"version-history":[{"count":4,"href":"https:\/\/alice.ch\/de\/wp-json\/wp\/v2\/news\/69411\/revisions"}],"predecessor-version":[{"id":69465,"href":"https:\/\/alice.ch\/de\/wp-json\/wp\/v2\/news\/69411\/revisions\/69465"}],"wp:featuredmedia":[{"embeddable":true,"href":"https:\/\/alice.ch\/de\/wp-json\/wp\/v2\/media\/69414"}],"wp:attachment":[{"href":"https:\/\/alice.ch\/de\/wp-json\/wp\/v2\/media?parent=69411"}],"wp:term":[{"taxonomy":"news-category","embeddable":true,"href":"https:\/\/alice.ch\/de\/wp-json\/wp\/v2\/news-category?post=69411"},{"taxonomy":"global-category","embeddable":true,"href":"https:\/\/alice.ch\/de\/wp-json\/wp\/v2\/global-category?post=69411"}],"curies":[{"name":"wp","href":"https:\/\/api.w.org\/{rel}","templated":true}]}}