{"id":69758,"date":"2025-08-05T09:15:22","date_gmt":"2025-08-05T07:15:22","guid":{"rendered":"https:\/\/alice.ch\/?post_type=news&#038;p=69758"},"modified":"2025-08-07T14:38:15","modified_gmt":"2025-08-07T12:38:15","slug":"zu-wenig-nachfrage-mem-passerelle-4-0-wird-eingestellt","status":"publish","type":"news","link":"https:\/\/alice.ch\/de\/news\/zu-wenig-nachfrage-mem-passerelle-4-0-wird-eingestellt\/","title":{"rendered":"Zu wenig Nachfrage: MEM-Passerelle 4.0 wird eingestellt"},"content":{"rendered":"\n<p class=\"is-style-lead\">Die Passerelle erm\u00f6glichte erfahrenen Berufsleuten mit individuellen Qualifizierungsmassnahmen den Quereinstieg in die Tech-Industrie. Doch sie fand nicht die erhoffte Resonanz im Arbeitsmarkt.<\/p>\n\n\n\n<p>Gegr\u00fcndet wurde die MEM-Passerelle Ende 2020 durch die Sozialpartner der Maschinen-, Elektro- und Metall-Industrie (Swissmem \/ ASM, Angestellte Schweiz, Unia, Syna, Kaufm\u00e4nnischer Verband und Swiss Leaders).<\/p>\n\n\n\n<p>Das Ziel: neue berufliche Perspektiven er\u00f6ffnen, die Firmen der Tech-Industrie bei der Deckung ihres Fachkr\u00e4ftebedarfs unterst\u00fctzen und mit individuellen Qualifizierungsmassnahmen den Quereinstieg in die Tech-Industrie erm\u00f6glichen. Die Zielgruppe: erwachsene Personen, die bereits \u00fcber einen Berufsabschluss verf\u00fcgen, und eine Re- bzw. Neuqualifizierung anstreben.<\/p>\n\n\n\n<p>Doch das Angebot fand \u00abtrotz grossen, systematischen Anstrengungen und kontinuierlichen Konzeptverbesserungen nicht die erhoffte Resonanz im Arbeitsmarkt\u00bb. Mitte Juni beschloss darum die MEM-Passerelle 4.0 AG, die Gesellschaft zu liquidieren und s\u00e4mtliche Aktivit\u00e4ten einzustellen.<\/p>\n\n\n\n<h2 class=\"wp-block-heading\">Gr\u00fcnde: Aufwand und Konjunktur<\/h2>\n\n\n\n<p>\u00abIn der Tat wurde aus der Branche immer wieder best\u00e4tigt, dass die MEM-Passerelle eine gute Sache ist\u00bb, sagt Gesch\u00e4ftsf\u00fchrer im Mandat J\u00f6rg Aebischer. \u00abAllerdings ist der Aufwand eines Quereinstiegs und einer Umschulung nicht zu untersch\u00e4tzen. Davor hatten viele Unternehmen Respekt. Kommt dazu, dass das &#8218;Instrumentarium MEM-Passerelle&#8216; auf beide Seiten konjunkturanf\u00e4llig ist:\u00a0In der Hochkonjunktur waren die HR-Abteilungen so stark gefordert, um rasch \u2013 mit Betonung auf rasch \u2013 die notwendigen Personalressourcen zu beschaffen, dass sie sich nicht auf das &#8218;Experiment&#8216; MEM-Passerelle einlassen konnten. Zudem sind in der Hochkonjunktur auch weniger Arbeitskr\u00e4fte verf\u00fcgbar, die sich Umschulen wollen. Und in der Rezession werden Quereinsteigende nicht gesucht und ausgebildet.\u00bb<\/p>\n\n\n\n<p>Swissmem und die Arbeitnehmerverb\u00e4nde werden&nbsp;unabh\u00e4ngig davon ihre vielf\u00e4ltigen Aktivit\u00e4ten zur Aus- und Weiterbildung der Mitarbeitenden der Tech-Industrie fortsetzen, <a href=\"https:\/\/mem-passerelle.ch\/\">heisst es auf der Website<\/a>. Hierbei setze insbesondere&nbsp;Swissmem nicht zuletzt auf die Entwicklung neuer, modular aufgebauter Bildungsmedien und Lerneinheiten zur Umsetzung der Berufsrevision FUTUREMEM. Diese k\u00f6nnen in Zukunft auch f\u00fcr die praxisnahe Aus- und Weiterbildung erwachsener Berufsleute eingesetzt werden.<\/p>\n","protected":false},"excerpt":{"rendered":"<p>Die Passerelle erm\u00f6glichte erfahrenen Berufsleuten mit individuellen Qualifizierungsmassnahmen den Quereinstieg in die Tech-Industrie. Doch sie fand nicht die erhoffte Resonanz [&hellip;]<\/p>\n","protected":false},"author":27,"featured_media":69760,"template":"","meta":{"_acf_changed":false,"inline_featured_image":false,"footnotes":""},"news-category":[31],"global-category":[],"class_list":["post-69758","news","type-news","status-publish","has-post-thumbnail","hentry","news-category-branche"],"acf":[],"yoast_head":"<!-- This site is optimized with the Yoast SEO plugin v27.3 - https:\/\/yoast.com\/product\/yoast-seo-wordpress\/ -->\n<title>Zu wenig Nachfrage: MEM-Passerelle 4.0 wird eingestellt - SVEB<\/title>\n<meta name=\"robots\" content=\"index, follow, max-snippet:-1, max-image-preview:large, max-video-preview:-1\" \/>\n<link rel=\"canonical\" href=\"https:\/\/alice.ch\/de\/news\/zu-wenig-nachfrage-mem-passerelle-4-0-wird-eingestellt\/\" \/>\n<meta property=\"og:locale\" content=\"de_DE\" \/>\n<meta property=\"og:type\" content=\"article\" \/>\n<meta property=\"og:title\" content=\"Zu wenig Nachfrage: MEM-Passerelle 4.0 wird eingestellt - SVEB\" \/>\n<meta property=\"og:description\" content=\"Die Passerelle erm\u00f6glichte erfahrenen Berufsleuten mit individuellen Qualifizierungsmassnahmen den Quereinstieg in die Tech-Industrie. Doch sie fand nicht die erhoffte Resonanz [&hellip;]\" \/>\n<meta property=\"og:url\" content=\"https:\/\/alice.ch\/de\/news\/zu-wenig-nachfrage-mem-passerelle-4-0-wird-eingestellt\/\" \/>\n<meta property=\"og:site_name\" content=\"SVEB\" \/>\n<meta property=\"article:modified_time\" content=\"2025-08-07T12:38:15+00:00\" \/>\n<meta property=\"og:image\" content=\"https:\/\/alice.ch\/app\/uploads\/2025\/08\/getty-images-A6knYMoyO00-unsplash1.jpg\" \/>\n\t<meta property=\"og:image:width\" content=\"1200\" \/>\n\t<meta property=\"og:image:height\" content=\"627\" \/>\n\t<meta property=\"og:image:type\" content=\"image\/jpeg\" \/>\n<meta name=\"twitter:card\" content=\"summary_large_image\" \/>\n<meta name=\"twitter:label1\" content=\"Gesch\u00e4tzte Lesezeit\" \/>\n\t<meta name=\"twitter:data1\" content=\"2\u00a0Minuten\" \/>\n<script type=\"application\/ld+json\" class=\"yoast-schema-graph\">{\"@context\":\"https:\\\/\\\/schema.org\",\"@graph\":[{\"@type\":\"WebPage\",\"@id\":\"https:\\\/\\\/alice.ch\\\/de\\\/news\\\/zu-wenig-nachfrage-mem-passerelle-4-0-wird-eingestellt\\\/\",\"url\":\"https:\\\/\\\/alice.ch\\\/de\\\/news\\\/zu-wenig-nachfrage-mem-passerelle-4-0-wird-eingestellt\\\/\",\"name\":\"Zu wenig Nachfrage: MEM-Passerelle 4.0 wird eingestellt - SVEB\",\"isPartOf\":{\"@id\":\"https:\\\/\\\/alice.ch\\\/de\\\/#website\"},\"primaryImageOfPage\":{\"@id\":\"https:\\\/\\\/alice.ch\\\/de\\\/news\\\/zu-wenig-nachfrage-mem-passerelle-4-0-wird-eingestellt\\\/#primaryimage\"},\"image\":{\"@id\":\"https:\\\/\\\/alice.ch\\\/de\\\/news\\\/zu-wenig-nachfrage-mem-passerelle-4-0-wird-eingestellt\\\/#primaryimage\"},\"thumbnailUrl\":\"https:\\\/\\\/alice.ch\\\/app\\\/uploads\\\/2025\\\/08\\\/getty-images-A6knYMoyO00-unsplash1.jpg\",\"datePublished\":\"2025-08-05T07:15:22+00:00\",\"dateModified\":\"2025-08-07T12:38:15+00:00\",\"breadcrumb\":{\"@id\":\"https:\\\/\\\/alice.ch\\\/de\\\/news\\\/zu-wenig-nachfrage-mem-passerelle-4-0-wird-eingestellt\\\/#breadcrumb\"},\"inLanguage\":\"de\",\"potentialAction\":[{\"@type\":\"ReadAction\",\"target\":[\"https:\\\/\\\/alice.ch\\\/de\\\/news\\\/zu-wenig-nachfrage-mem-passerelle-4-0-wird-eingestellt\\\/\"]}]},{\"@type\":\"ImageObject\",\"inLanguage\":\"de\",\"@id\":\"https:\\\/\\\/alice.ch\\\/de\\\/news\\\/zu-wenig-nachfrage-mem-passerelle-4-0-wird-eingestellt\\\/#primaryimage\",\"url\":\"https:\\\/\\\/alice.ch\\\/app\\\/uploads\\\/2025\\\/08\\\/getty-images-A6knYMoyO00-unsplash1.jpg\",\"contentUrl\":\"https:\\\/\\\/alice.ch\\\/app\\\/uploads\\\/2025\\\/08\\\/getty-images-A6knYMoyO00-unsplash1.jpg\",\"width\":1200,\"height\":627},{\"@type\":\"BreadcrumbList\",\"@id\":\"https:\\\/\\\/alice.ch\\\/de\\\/news\\\/zu-wenig-nachfrage-mem-passerelle-4-0-wird-eingestellt\\\/#breadcrumb\",\"itemListElement\":[{\"@type\":\"ListItem\",\"position\":1,\"name\":\"Startseite\",\"item\":\"https:\\\/\\\/alice.ch\\\/de\\\/\"},{\"@type\":\"ListItem\",\"position\":2,\"name\":\"Zu wenig Nachfrage: MEM-Passerelle 4.0 wird eingestellt\"}]},{\"@type\":\"WebSite\",\"@id\":\"https:\\\/\\\/alice.ch\\\/de\\\/#website\",\"url\":\"https:\\\/\\\/alice.ch\\\/de\\\/\",\"name\":\"alice.ch (Adult Learning Information Center) ist das Portal der Weiterbildung in der Schweiz.\",\"description\":\"Schweizerischer Verband f\u00fcr Weiterbildung\",\"publisher\":{\"@id\":\"https:\\\/\\\/alice.ch\\\/de\\\/#organization\"},\"potentialAction\":[{\"@type\":\"SearchAction\",\"target\":{\"@type\":\"EntryPoint\",\"urlTemplate\":\"https:\\\/\\\/alice.ch\\\/de\\\/?s={search_term_string}\"},\"query-input\":{\"@type\":\"PropertyValueSpecification\",\"valueRequired\":true,\"valueName\":\"search_term_string\"}}],\"inLanguage\":\"de\"},{\"@type\":\"Organization\",\"@id\":\"https:\\\/\\\/alice.ch\\\/de\\\/#organization\",\"name\":\"SVEB Schweizerischer Verband f\u00fcr Weiterbildung\",\"url\":\"https:\\\/\\\/alice.ch\\\/de\\\/\",\"logo\":{\"@type\":\"ImageObject\",\"inLanguage\":\"de\",\"@id\":\"https:\\\/\\\/alice.ch\\\/de\\\/#\\\/schema\\\/logo\\\/image\\\/\",\"url\":\"https:\\\/\\\/alice.ch\\\/app\\\/uploads\\\/2022\\\/07\\\/logo-sveb.png\",\"contentUrl\":\"https:\\\/\\\/alice.ch\\\/app\\\/uploads\\\/2022\\\/07\\\/logo-sveb.png\",\"width\":145,\"height\":64,\"caption\":\"SVEB Schweizerischer Verband f\u00fcr Weiterbildung\"},\"image\":{\"@id\":\"https:\\\/\\\/alice.ch\\\/de\\\/#\\\/schema\\\/logo\\\/image\\\/\"},\"sameAs\":[\"https:\\\/\\\/www.linkedin.com\\\/company\\\/schweizerischer-verband-fr-weiterbildung-sveb\\\/\"]}]}<\/script>\n<!-- \/ Yoast SEO plugin. -->","yoast_head_json":{"title":"Zu wenig Nachfrage: MEM-Passerelle 4.0 wird eingestellt - SVEB","robots":{"index":"index","follow":"follow","max-snippet":"max-snippet:-1","max-image-preview":"max-image-preview:large","max-video-preview":"max-video-preview:-1"},"canonical":"https:\/\/alice.ch\/de\/news\/zu-wenig-nachfrage-mem-passerelle-4-0-wird-eingestellt\/","og_locale":"de_DE","og_type":"article","og_title":"Zu wenig Nachfrage: MEM-Passerelle 4.0 wird eingestellt - SVEB","og_description":"Die Passerelle erm\u00f6glichte erfahrenen Berufsleuten mit individuellen Qualifizierungsmassnahmen den Quereinstieg in die Tech-Industrie. Doch sie fand nicht die erhoffte Resonanz [&hellip;]","og_url":"https:\/\/alice.ch\/de\/news\/zu-wenig-nachfrage-mem-passerelle-4-0-wird-eingestellt\/","og_site_name":"SVEB","article_modified_time":"2025-08-07T12:38:15+00:00","og_image":[{"width":1200,"height":627,"url":"https:\/\/alice.ch\/app\/uploads\/2025\/08\/getty-images-A6knYMoyO00-unsplash1.jpg","type":"image\/jpeg"}],"twitter_card":"summary_large_image","twitter_misc":{"Gesch\u00e4tzte Lesezeit":"2\u00a0Minuten"},"schema":{"@context":"https:\/\/schema.org","@graph":[{"@type":"WebPage","@id":"https:\/\/alice.ch\/de\/news\/zu-wenig-nachfrage-mem-passerelle-4-0-wird-eingestellt\/","url":"https:\/\/alice.ch\/de\/news\/zu-wenig-nachfrage-mem-passerelle-4-0-wird-eingestellt\/","name":"Zu wenig Nachfrage: MEM-Passerelle 4.0 wird eingestellt - SVEB","isPartOf":{"@id":"https:\/\/alice.ch\/de\/#website"},"primaryImageOfPage":{"@id":"https:\/\/alice.ch\/de\/news\/zu-wenig-nachfrage-mem-passerelle-4-0-wird-eingestellt\/#primaryimage"},"image":{"@id":"https:\/\/alice.ch\/de\/news\/zu-wenig-nachfrage-mem-passerelle-4-0-wird-eingestellt\/#primaryimage"},"thumbnailUrl":"https:\/\/alice.ch\/app\/uploads\/2025\/08\/getty-images-A6knYMoyO00-unsplash1.jpg","datePublished":"2025-08-05T07:15:22+00:00","dateModified":"2025-08-07T12:38:15+00:00","breadcrumb":{"@id":"https:\/\/alice.ch\/de\/news\/zu-wenig-nachfrage-mem-passerelle-4-0-wird-eingestellt\/#breadcrumb"},"inLanguage":"de","potentialAction":[{"@type":"ReadAction","target":["https:\/\/alice.ch\/de\/news\/zu-wenig-nachfrage-mem-passerelle-4-0-wird-eingestellt\/"]}]},{"@type":"ImageObject","inLanguage":"de","@id":"https:\/\/alice.ch\/de\/news\/zu-wenig-nachfrage-mem-passerelle-4-0-wird-eingestellt\/#primaryimage","url":"https:\/\/alice.ch\/app\/uploads\/2025\/08\/getty-images-A6knYMoyO00-unsplash1.jpg","contentUrl":"https:\/\/alice.ch\/app\/uploads\/2025\/08\/getty-images-A6knYMoyO00-unsplash1.jpg","width":1200,"height":627},{"@type":"BreadcrumbList","@id":"https:\/\/alice.ch\/de\/news\/zu-wenig-nachfrage-mem-passerelle-4-0-wird-eingestellt\/#breadcrumb","itemListElement":[{"@type":"ListItem","position":1,"name":"Startseite","item":"https:\/\/alice.ch\/de\/"},{"@type":"ListItem","position":2,"name":"Zu wenig Nachfrage: MEM-Passerelle 4.0 wird eingestellt"}]},{"@type":"WebSite","@id":"https:\/\/alice.ch\/de\/#website","url":"https:\/\/alice.ch\/de\/","name":"alice.ch (Adult Learning Information Center) ist das Portal der Weiterbildung in der Schweiz.","description":"Schweizerischer Verband f\u00fcr Weiterbildung","publisher":{"@id":"https:\/\/alice.ch\/de\/#organization"},"potentialAction":[{"@type":"SearchAction","target":{"@type":"EntryPoint","urlTemplate":"https:\/\/alice.ch\/de\/?s={search_term_string}"},"query-input":{"@type":"PropertyValueSpecification","valueRequired":true,"valueName":"search_term_string"}}],"inLanguage":"de"},{"@type":"Organization","@id":"https:\/\/alice.ch\/de\/#organization","name":"SVEB Schweizerischer Verband f\u00fcr Weiterbildung","url":"https:\/\/alice.ch\/de\/","logo":{"@type":"ImageObject","inLanguage":"de","@id":"https:\/\/alice.ch\/de\/#\/schema\/logo\/image\/","url":"https:\/\/alice.ch\/app\/uploads\/2022\/07\/logo-sveb.png","contentUrl":"https:\/\/alice.ch\/app\/uploads\/2022\/07\/logo-sveb.png","width":145,"height":64,"caption":"SVEB Schweizerischer Verband f\u00fcr Weiterbildung"},"image":{"@id":"https:\/\/alice.ch\/de\/#\/schema\/logo\/image\/"},"sameAs":["https:\/\/www.linkedin.com\/company\/schweizerischer-verband-fr-weiterbildung-sveb\/"]}]}},"_links":{"self":[{"href":"https:\/\/alice.ch\/de\/wp-json\/wp\/v2\/news\/69758","targetHints":{"allow":["GET"]}}],"collection":[{"href":"https:\/\/alice.ch\/de\/wp-json\/wp\/v2\/news"}],"about":[{"href":"https:\/\/alice.ch\/de\/wp-json\/wp\/v2\/types\/news"}],"author":[{"embeddable":true,"href":"https:\/\/alice.ch\/de\/wp-json\/wp\/v2\/users\/27"}],"version-history":[{"count":3,"href":"https:\/\/alice.ch\/de\/wp-json\/wp\/v2\/news\/69758\/revisions"}],"predecessor-version":[{"id":69810,"href":"https:\/\/alice.ch\/de\/wp-json\/wp\/v2\/news\/69758\/revisions\/69810"}],"wp:featuredmedia":[{"embeddable":true,"href":"https:\/\/alice.ch\/de\/wp-json\/wp\/v2\/media\/69760"}],"wp:attachment":[{"href":"https:\/\/alice.ch\/de\/wp-json\/wp\/v2\/media?parent=69758"}],"wp:term":[{"taxonomy":"news-category","embeddable":true,"href":"https:\/\/alice.ch\/de\/wp-json\/wp\/v2\/news-category?post=69758"},{"taxonomy":"global-category","embeddable":true,"href":"https:\/\/alice.ch\/de\/wp-json\/wp\/v2\/global-category?post=69758"}],"curies":[{"name":"wp","href":"https:\/\/api.w.org\/{rel}","templated":true}]}}