{"id":70043,"date":"2025-08-21T11:47:14","date_gmt":"2025-08-21T09:47:14","guid":{"rendered":"https:\/\/alice.ch\/?post_type=news&#038;p=70043"},"modified":"2025-09-16T08:48:19","modified_gmt":"2025-09-16T06:48:19","slug":"staenderatskommission-unterstuetzt-massnahmenpaket-zur-staerkung-der-hoeheren-berufsbildung","status":"publish","type":"news","link":"https:\/\/alice.ch\/de\/news\/staenderatskommission-unterstuetzt-massnahmenpaket-zur-staerkung-der-hoeheren-berufsbildung\/","title":{"rendered":"St\u00e4nderatskommission unterst\u00fctzt Massnahmenpaket zur St\u00e4rkung der h\u00f6heren Berufsbildung"},"content":{"rendered":"\n<p class=\"is-style-lead\">Die Kommission f\u00fcr Wissenschaft, Bildung und Kultur des St\u00e4nderates (WBK-S) hat ihre Unterst\u00fctzung f\u00fcr das Massnahmenpaket zur Aufwertung der h\u00f6heren Berufsbildung bekanntgegeben.<\/p>\n\n\n\n<p>Die H\u00f6here Berufsbildung (HBB) bildet hochqualifizierte Fachkr\u00e4fte aus, mit einer hohen Besch\u00e4ftigungsquote und einer tiefen Arbeitslosenrate. Rund ein Drittel der Absolventinnen und Absolventen einer beruflichen Grundbildung schliessen auch eine h\u00f6here Berufsbildung ab. Trotz dieser hohen Anzahl Abschl\u00fcsse und der grossen Vielfalt der spezialisierten Abschl\u00fcsse (rund 440), ist die h\u00f6here Berufsbildung in der breiten \u00d6ffentlichkeit noch wenig bekannt und gesch\u00e4tzt, schreibt <a href=\"https:\/\/www.travailsuisse.ch\/de\/bildung\/berufsbildung\/2025-08-20\/travail-suisse-erfreut-ueber-unterstuetzung-fuer-massnahmenpaket?utm_source=ActiveCampaign&amp;utm_medium=email&amp;utm_content=Travail%20Suisse%20erfreut%20%C3%BCber%20Unterst%C3%BCtzung%20f%C3%BCr%20Massnahmenpaket%20zur%20St%C3%A4rkung%20der%20h%C3%B6heren%20Berufsbildung&amp;utm_campaign=2025_08_20%20Medienmitteilung%20AHV%20DE%20%28Kopieren%29&amp;vgo_ee=qV74f5NU3wDtxfP0SKPvXRjt9GLyIseHnx10Tux%2Ful7y6orv%3ADbrhf3aPh0L2%2B%2B2qQWvNyeZmo1FiKoUs\" target=\"_blank\" rel=\"noreferrer noopener\">Travail.Suisse<\/a>. F\u00fcr die Zukunft des dualen Berufsbildungssystems der Schweiz ist darum eine Aufwertung der h\u00f6heren Berufsbildung entscheidend.<\/p>\n\n\n\n<p>Die nun auch von der WBK-S unterst\u00fctzten Massnahmen stellen einen konkreten Schritt dar, um die Sichtbarkeit und Attraktivit\u00e4t der HBB zu erh\u00f6hen.<\/p>\n\n\n\n<p>Die Massnahmen:<\/p>\n\n\n\n<ol start=\"1\" class=\"wp-block-list\">\n<li><strong>Verankerung des Rechts auf die Bezeichnung \u00abH\u00f6here Fachschule\u00bb<\/strong><br>Mehr Transparenz durch die eidgen\u00f6ssische Anerkennung und Schutz vor missbr\u00e4uchlicher Verwendung.<\/li>\n\n\n\n<li><strong>Einf\u00fchrung von Englisch als zus\u00e4tzliche Pr\u00fcfungssprache<\/strong><br>Erweiterter Zugang zu HBB-Abschl\u00fcssen und bessere Nutzung des Potenzials qualifizierter Arbeitskr\u00e4fte.<\/li>\n\n\n\n<li><strong>Flexibilisierung des Angebots im Bereich der Nachdiplomstudien (NDS HF)<\/strong><br>Mehr Weiterbildungsm\u00f6glichkeiten, die an die rasche Entwicklung des Arbeitsmarktes angepasst sind.<\/li>\n\n\n\n<li><strong>Erg\u00e4nzende Titel \u00abProfessional Bachelor\u00bb und \u00abProfessional Master\u00bb<\/strong><br>Bessere internationale Sichtbarkeit und erh\u00f6hte Mobilit\u00e4t der HBB-Absolventinnen und -Absolventen. Solche Titel sind bereits in Deutschland und \u00d6sterreich etabliert.<\/li>\n<\/ol>\n\n\n\n<p>Diese \u00c4nderungen&nbsp;sind pragmatisch, wichtig und richtig, schreibt <a href=\"https:\/\/www.travailsuisse.ch\/de\/bildung\/berufsbildung\/2025-08-20\/travail-suisse-erfreut-ueber-unterstuetzung-fuer-massnahmenpaket?utm_source=ActiveCampaign&amp;utm_medium=email&amp;utm_content=Travail%20Suisse%20erfreut%20%C3%BCber%20Unterst%C3%BCtzung%20f%C3%BCr%20Massnahmenpaket%20zur%20St%C3%A4rkung%20der%20h%C3%B6heren%20Berufsbildung&amp;utm_campaign=2025_08_20%20Medienmitteilung%20AHV%20DE%20%28Kopieren%29&amp;vgo_ee=qV74f5NU3wDtxfP0SKPvXRjt9GLyIseHnx10Tux%2Ful7y6orv%3ADbrhf3aPh0L2%2B%2B2qQWvNyeZmo1FiKoUs\" target=\"_blank\" rel=\"noreferrer noopener\">Travail.Suisse<\/a>. Sie st\u00e4rken die Koh\u00e4renz und Sichtbarkeit der HBB, ohne das System der terti\u00e4ren Bildung zu ver\u00e4ndern.<\/p>\n\n\n\n<p>Der SVEB teilt diese Ansicht. Er hatte sich im Rahmen der Vernehmlassung zur Revision des Berufsbildungsgesetzes f\u00fcr die Einf\u00fchrung des Titelzusatzes \u00abProfessional Bachelor \/ Professional Master\u00bb ausgesprochen und setzt sich seit vielen Jahren auf politischer Ebene f\u00fcr das Anliegen ein. Entsprechend begr\u00fcsst der SVEB das Signal f\u00fcr die Tertiarit\u00e4t, zumal die Einf\u00fchrung der Titelzus\u00e4tze die Abschl\u00fcsse der h\u00f6heren Berufsbildung deutlich aufwertet.<\/p>\n\n\n\n<h2 class=\"wp-block-heading\">Weitere Informationen<\/h2>\n\n\n\n<div class=\"wp-block-buttons is-layout-flex wp-block-buttons-is-layout-flex\">\n<div class=\"wp-block-button has-custom-width wp-block-button__width-100 is-style-minimal\"><a class=\"wp-block-button__link wp-element-button\" href=\"https:\/\/alice.ch\/de\/news\/staerkung-der-hoeheren-berufsbildung-bundesrat-ueberweist-botschaft-ans-parlament\/\">St\u00e4rkung der h\u00f6heren Berufsbildung: Bundesrat \u00fcberweist Botschaft ans Parlament<br><\/a><\/div>\n<\/div>\n","protected":false},"excerpt":{"rendered":"<p>Die Kommission f\u00fcr Wissenschaft, Bildung und Kultur des St\u00e4nderates (WBK-S) hat ihre Unterst\u00fctzung f\u00fcr das Massnahmenpaket zur Aufwertung der h\u00f6heren [&hellip;]<\/p>\n","protected":false},"author":27,"featured_media":70389,"template":"","meta":{"_acf_changed":false,"inline_featured_image":false,"footnotes":""},"news-category":[37],"global-category":[],"class_list":["post-70043","news","type-news","status-publish","has-post-thumbnail","hentry","news-category-politik"],"acf":[],"yoast_head":"<!-- This site is optimized with the Yoast SEO plugin v27.3 - https:\/\/yoast.com\/product\/yoast-seo-wordpress\/ -->\n<title>St\u00e4nderatskommission unterst\u00fctzt Massnahmenpaket zur St\u00e4rkung der h\u00f6heren Berufsbildung - SVEB<\/title>\n<meta name=\"robots\" content=\"index, follow, max-snippet:-1, max-image-preview:large, max-video-preview:-1\" \/>\n<link rel=\"canonical\" href=\"https:\/\/alice.ch\/de\/news\/staenderatskommission-unterstuetzt-massnahmenpaket-zur-staerkung-der-hoeheren-berufsbildung\/\" \/>\n<meta property=\"og:locale\" content=\"de_DE\" \/>\n<meta property=\"og:type\" content=\"article\" \/>\n<meta property=\"og:title\" content=\"St\u00e4nderatskommission unterst\u00fctzt Massnahmenpaket zur St\u00e4rkung der h\u00f6heren Berufsbildung - SVEB\" \/>\n<meta property=\"og:description\" content=\"Die Kommission f\u00fcr Wissenschaft, Bildung und Kultur des St\u00e4nderates (WBK-S) hat ihre Unterst\u00fctzung f\u00fcr das Massnahmenpaket zur Aufwertung der h\u00f6heren [&hellip;]\" \/>\n<meta property=\"og:url\" content=\"https:\/\/alice.ch\/de\/news\/staenderatskommission-unterstuetzt-massnahmenpaket-zur-staerkung-der-hoeheren-berufsbildung\/\" \/>\n<meta property=\"og:site_name\" content=\"SVEB\" \/>\n<meta property=\"article:modified_time\" content=\"2025-09-16T06:48:19+00:00\" \/>\n<meta property=\"og:image\" content=\"https:\/\/alice.ch\/app\/uploads\/2025\/08\/getty-images-nY8pt9GjVzo-unsplash1.jpg\" \/>\n\t<meta property=\"og:image:width\" content=\"1200\" \/>\n\t<meta property=\"og:image:height\" content=\"627\" \/>\n\t<meta property=\"og:image:type\" content=\"image\/jpeg\" \/>\n<meta name=\"twitter:card\" content=\"summary_large_image\" \/>\n<meta name=\"twitter:label1\" content=\"Gesch\u00e4tzte Lesezeit\" \/>\n\t<meta name=\"twitter:data1\" content=\"2\u00a0Minuten\" \/>\n<script type=\"application\/ld+json\" class=\"yoast-schema-graph\">{\"@context\":\"https:\\\/\\\/schema.org\",\"@graph\":[{\"@type\":\"WebPage\",\"@id\":\"https:\\\/\\\/alice.ch\\\/de\\\/news\\\/staenderatskommission-unterstuetzt-massnahmenpaket-zur-staerkung-der-hoeheren-berufsbildung\\\/\",\"url\":\"https:\\\/\\\/alice.ch\\\/de\\\/news\\\/staenderatskommission-unterstuetzt-massnahmenpaket-zur-staerkung-der-hoeheren-berufsbildung\\\/\",\"name\":\"St\u00e4nderatskommission unterst\u00fctzt Massnahmenpaket zur St\u00e4rkung der h\u00f6heren Berufsbildung - SVEB\",\"isPartOf\":{\"@id\":\"https:\\\/\\\/alice.ch\\\/de\\\/#website\"},\"primaryImageOfPage\":{\"@id\":\"https:\\\/\\\/alice.ch\\\/de\\\/news\\\/staenderatskommission-unterstuetzt-massnahmenpaket-zur-staerkung-der-hoeheren-berufsbildung\\\/#primaryimage\"},\"image\":{\"@id\":\"https:\\\/\\\/alice.ch\\\/de\\\/news\\\/staenderatskommission-unterstuetzt-massnahmenpaket-zur-staerkung-der-hoeheren-berufsbildung\\\/#primaryimage\"},\"thumbnailUrl\":\"https:\\\/\\\/alice.ch\\\/app\\\/uploads\\\/2025\\\/08\\\/getty-images-nY8pt9GjVzo-unsplash1.jpg\",\"datePublished\":\"2025-08-21T09:47:14+00:00\",\"dateModified\":\"2025-09-16T06:48:19+00:00\",\"breadcrumb\":{\"@id\":\"https:\\\/\\\/alice.ch\\\/de\\\/news\\\/staenderatskommission-unterstuetzt-massnahmenpaket-zur-staerkung-der-hoeheren-berufsbildung\\\/#breadcrumb\"},\"inLanguage\":\"de\",\"potentialAction\":[{\"@type\":\"ReadAction\",\"target\":[\"https:\\\/\\\/alice.ch\\\/de\\\/news\\\/staenderatskommission-unterstuetzt-massnahmenpaket-zur-staerkung-der-hoeheren-berufsbildung\\\/\"]}]},{\"@type\":\"ImageObject\",\"inLanguage\":\"de\",\"@id\":\"https:\\\/\\\/alice.ch\\\/de\\\/news\\\/staenderatskommission-unterstuetzt-massnahmenpaket-zur-staerkung-der-hoeheren-berufsbildung\\\/#primaryimage\",\"url\":\"https:\\\/\\\/alice.ch\\\/app\\\/uploads\\\/2025\\\/08\\\/getty-images-nY8pt9GjVzo-unsplash1.jpg\",\"contentUrl\":\"https:\\\/\\\/alice.ch\\\/app\\\/uploads\\\/2025\\\/08\\\/getty-images-nY8pt9GjVzo-unsplash1.jpg\",\"width\":1200,\"height\":627},{\"@type\":\"BreadcrumbList\",\"@id\":\"https:\\\/\\\/alice.ch\\\/de\\\/news\\\/staenderatskommission-unterstuetzt-massnahmenpaket-zur-staerkung-der-hoeheren-berufsbildung\\\/#breadcrumb\",\"itemListElement\":[{\"@type\":\"ListItem\",\"position\":1,\"name\":\"Startseite\",\"item\":\"https:\\\/\\\/alice.ch\\\/de\\\/\"},{\"@type\":\"ListItem\",\"position\":2,\"name\":\"St\u00e4nderatskommission unterst\u00fctzt Massnahmenpaket zur St\u00e4rkung der h\u00f6heren Berufsbildung\"}]},{\"@type\":\"WebSite\",\"@id\":\"https:\\\/\\\/alice.ch\\\/de\\\/#website\",\"url\":\"https:\\\/\\\/alice.ch\\\/de\\\/\",\"name\":\"alice.ch (Adult Learning Information Center) ist das Portal der Weiterbildung in der Schweiz.\",\"description\":\"Schweizerischer Verband f\u00fcr Weiterbildung\",\"publisher\":{\"@id\":\"https:\\\/\\\/alice.ch\\\/de\\\/#organization\"},\"potentialAction\":[{\"@type\":\"SearchAction\",\"target\":{\"@type\":\"EntryPoint\",\"urlTemplate\":\"https:\\\/\\\/alice.ch\\\/de\\\/?s={search_term_string}\"},\"query-input\":{\"@type\":\"PropertyValueSpecification\",\"valueRequired\":true,\"valueName\":\"search_term_string\"}}],\"inLanguage\":\"de\"},{\"@type\":\"Organization\",\"@id\":\"https:\\\/\\\/alice.ch\\\/de\\\/#organization\",\"name\":\"SVEB Schweizerischer Verband f\u00fcr Weiterbildung\",\"url\":\"https:\\\/\\\/alice.ch\\\/de\\\/\",\"logo\":{\"@type\":\"ImageObject\",\"inLanguage\":\"de\",\"@id\":\"https:\\\/\\\/alice.ch\\\/de\\\/#\\\/schema\\\/logo\\\/image\\\/\",\"url\":\"https:\\\/\\\/alice.ch\\\/app\\\/uploads\\\/2022\\\/07\\\/logo-sveb.png\",\"contentUrl\":\"https:\\\/\\\/alice.ch\\\/app\\\/uploads\\\/2022\\\/07\\\/logo-sveb.png\",\"width\":145,\"height\":64,\"caption\":\"SVEB Schweizerischer Verband f\u00fcr Weiterbildung\"},\"image\":{\"@id\":\"https:\\\/\\\/alice.ch\\\/de\\\/#\\\/schema\\\/logo\\\/image\\\/\"},\"sameAs\":[\"https:\\\/\\\/www.linkedin.com\\\/company\\\/schweizerischer-verband-fr-weiterbildung-sveb\\\/\"]}]}<\/script>\n<!-- \/ Yoast SEO plugin. -->","yoast_head_json":{"title":"St\u00e4nderatskommission unterst\u00fctzt Massnahmenpaket zur St\u00e4rkung der h\u00f6heren Berufsbildung - SVEB","robots":{"index":"index","follow":"follow","max-snippet":"max-snippet:-1","max-image-preview":"max-image-preview:large","max-video-preview":"max-video-preview:-1"},"canonical":"https:\/\/alice.ch\/de\/news\/staenderatskommission-unterstuetzt-massnahmenpaket-zur-staerkung-der-hoeheren-berufsbildung\/","og_locale":"de_DE","og_type":"article","og_title":"St\u00e4nderatskommission unterst\u00fctzt Massnahmenpaket zur St\u00e4rkung der h\u00f6heren Berufsbildung - SVEB","og_description":"Die Kommission f\u00fcr Wissenschaft, Bildung und Kultur des St\u00e4nderates (WBK-S) hat ihre Unterst\u00fctzung f\u00fcr das Massnahmenpaket zur Aufwertung der h\u00f6heren [&hellip;]","og_url":"https:\/\/alice.ch\/de\/news\/staenderatskommission-unterstuetzt-massnahmenpaket-zur-staerkung-der-hoeheren-berufsbildung\/","og_site_name":"SVEB","article_modified_time":"2025-09-16T06:48:19+00:00","og_image":[{"width":1200,"height":627,"url":"https:\/\/alice.ch\/app\/uploads\/2025\/08\/getty-images-nY8pt9GjVzo-unsplash1.jpg","type":"image\/jpeg"}],"twitter_card":"summary_large_image","twitter_misc":{"Gesch\u00e4tzte Lesezeit":"2\u00a0Minuten"},"schema":{"@context":"https:\/\/schema.org","@graph":[{"@type":"WebPage","@id":"https:\/\/alice.ch\/de\/news\/staenderatskommission-unterstuetzt-massnahmenpaket-zur-staerkung-der-hoeheren-berufsbildung\/","url":"https:\/\/alice.ch\/de\/news\/staenderatskommission-unterstuetzt-massnahmenpaket-zur-staerkung-der-hoeheren-berufsbildung\/","name":"St\u00e4nderatskommission unterst\u00fctzt Massnahmenpaket zur St\u00e4rkung der h\u00f6heren Berufsbildung - SVEB","isPartOf":{"@id":"https:\/\/alice.ch\/de\/#website"},"primaryImageOfPage":{"@id":"https:\/\/alice.ch\/de\/news\/staenderatskommission-unterstuetzt-massnahmenpaket-zur-staerkung-der-hoeheren-berufsbildung\/#primaryimage"},"image":{"@id":"https:\/\/alice.ch\/de\/news\/staenderatskommission-unterstuetzt-massnahmenpaket-zur-staerkung-der-hoeheren-berufsbildung\/#primaryimage"},"thumbnailUrl":"https:\/\/alice.ch\/app\/uploads\/2025\/08\/getty-images-nY8pt9GjVzo-unsplash1.jpg","datePublished":"2025-08-21T09:47:14+00:00","dateModified":"2025-09-16T06:48:19+00:00","breadcrumb":{"@id":"https:\/\/alice.ch\/de\/news\/staenderatskommission-unterstuetzt-massnahmenpaket-zur-staerkung-der-hoeheren-berufsbildung\/#breadcrumb"},"inLanguage":"de","potentialAction":[{"@type":"ReadAction","target":["https:\/\/alice.ch\/de\/news\/staenderatskommission-unterstuetzt-massnahmenpaket-zur-staerkung-der-hoeheren-berufsbildung\/"]}]},{"@type":"ImageObject","inLanguage":"de","@id":"https:\/\/alice.ch\/de\/news\/staenderatskommission-unterstuetzt-massnahmenpaket-zur-staerkung-der-hoeheren-berufsbildung\/#primaryimage","url":"https:\/\/alice.ch\/app\/uploads\/2025\/08\/getty-images-nY8pt9GjVzo-unsplash1.jpg","contentUrl":"https:\/\/alice.ch\/app\/uploads\/2025\/08\/getty-images-nY8pt9GjVzo-unsplash1.jpg","width":1200,"height":627},{"@type":"BreadcrumbList","@id":"https:\/\/alice.ch\/de\/news\/staenderatskommission-unterstuetzt-massnahmenpaket-zur-staerkung-der-hoeheren-berufsbildung\/#breadcrumb","itemListElement":[{"@type":"ListItem","position":1,"name":"Startseite","item":"https:\/\/alice.ch\/de\/"},{"@type":"ListItem","position":2,"name":"St\u00e4nderatskommission unterst\u00fctzt Massnahmenpaket zur St\u00e4rkung der h\u00f6heren Berufsbildung"}]},{"@type":"WebSite","@id":"https:\/\/alice.ch\/de\/#website","url":"https:\/\/alice.ch\/de\/","name":"alice.ch (Adult Learning Information Center) ist das Portal der Weiterbildung in der Schweiz.","description":"Schweizerischer Verband f\u00fcr Weiterbildung","publisher":{"@id":"https:\/\/alice.ch\/de\/#organization"},"potentialAction":[{"@type":"SearchAction","target":{"@type":"EntryPoint","urlTemplate":"https:\/\/alice.ch\/de\/?s={search_term_string}"},"query-input":{"@type":"PropertyValueSpecification","valueRequired":true,"valueName":"search_term_string"}}],"inLanguage":"de"},{"@type":"Organization","@id":"https:\/\/alice.ch\/de\/#organization","name":"SVEB Schweizerischer Verband f\u00fcr Weiterbildung","url":"https:\/\/alice.ch\/de\/","logo":{"@type":"ImageObject","inLanguage":"de","@id":"https:\/\/alice.ch\/de\/#\/schema\/logo\/image\/","url":"https:\/\/alice.ch\/app\/uploads\/2022\/07\/logo-sveb.png","contentUrl":"https:\/\/alice.ch\/app\/uploads\/2022\/07\/logo-sveb.png","width":145,"height":64,"caption":"SVEB Schweizerischer Verband f\u00fcr Weiterbildung"},"image":{"@id":"https:\/\/alice.ch\/de\/#\/schema\/logo\/image\/"},"sameAs":["https:\/\/www.linkedin.com\/company\/schweizerischer-verband-fr-weiterbildung-sveb\/"]}]}},"_links":{"self":[{"href":"https:\/\/alice.ch\/de\/wp-json\/wp\/v2\/news\/70043","targetHints":{"allow":["GET"]}}],"collection":[{"href":"https:\/\/alice.ch\/de\/wp-json\/wp\/v2\/news"}],"about":[{"href":"https:\/\/alice.ch\/de\/wp-json\/wp\/v2\/types\/news"}],"author":[{"embeddable":true,"href":"https:\/\/alice.ch\/de\/wp-json\/wp\/v2\/users\/27"}],"version-history":[{"count":2,"href":"https:\/\/alice.ch\/de\/wp-json\/wp\/v2\/news\/70043\/revisions"}],"predecessor-version":[{"id":70045,"href":"https:\/\/alice.ch\/de\/wp-json\/wp\/v2\/news\/70043\/revisions\/70045"}],"wp:featuredmedia":[{"embeddable":true,"href":"https:\/\/alice.ch\/de\/wp-json\/wp\/v2\/media\/70389"}],"wp:attachment":[{"href":"https:\/\/alice.ch\/de\/wp-json\/wp\/v2\/media?parent=70043"}],"wp:term":[{"taxonomy":"news-category","embeddable":true,"href":"https:\/\/alice.ch\/de\/wp-json\/wp\/v2\/news-category?post=70043"},{"taxonomy":"global-category","embeddable":true,"href":"https:\/\/alice.ch\/de\/wp-json\/wp\/v2\/global-category?post=70043"}],"curies":[{"name":"wp","href":"https:\/\/api.w.org\/{rel}","templated":true}]}}