{"id":70410,"date":"2025-09-23T16:16:12","date_gmt":"2025-09-23T14:16:12","guid":{"rendered":"https:\/\/alice.ch\/?post_type=news&#038;p=70410"},"modified":"2025-09-23T16:16:14","modified_gmt":"2025-09-23T14:16:14","slug":"sveb-lanciert-hackathon-zum-thema-ki-in-der-weiterbildung","status":"publish","type":"news","link":"https:\/\/alice.ch\/de\/news\/sveb-lanciert-hackathon-zum-thema-ki-in-der-weiterbildung\/","title":{"rendered":"SVEB lanciert Hackathon zum Thema KI in der Weiterbildung"},"content":{"rendered":"\n<p class=\"is-style-lead\">Wie k\u00f6nnen wir KI in der Weiterbildung sinnvoll und gewinnbringend nutzen? Diese Frage steht im Zentrum des ersten SVEB-Hackathons am 11.\/12. M\u00e4rz 2026 in Z\u00fcrich.<\/p>\n\n\n\n<p>K\u00fcnstliche Intelligenz entwickelt sich rasant weiter und birgt trotz grosser Herausforderungen enormes Potenzial \u2013 auch f\u00fcr die Weiterbildung. Der SVEB will dieses Potenzial nutzen und lanciert mit dem Hackathon eine inspirierende, kollaborative und interdisziplin\u00e4re&nbsp;Veranstaltung. Gemeinsam mit Interessierten m\u00f6chte der SVEB Ideen entwickeln, wie KI im Weiterbildungsbereich sinnvoll eingesetzt werden kann.<\/p>\n\n\n\n<p>Im Zentrum stehen dabei nicht Codes, wie bei \u00fcblichen Hackathons, sondern innovative Ideen: Die Teilnehmenden arbeiten in kleinen Teams an verschiedenen \u00abChallenges\u00bb \u2013 und versuchen dabei, die Jury von ihren Ans\u00e4tzen und Entw\u00fcrfen zu \u00fcberzeugen.<\/p>\n\n\n\n<p>Der SVEB-Hackathon richtet sich an&nbsp;Fachpersonen, die in der Weiterbildung arbeiten, Weiterbildungsorganisationen, Ausbildende, Vertreter der \u00f6ffentlichen Hand, Unternehmen sowie Hochschulen, die sich mit anderen Fachleuten der Branche vernetzen, mit ihnen diskutieren und gemeinsam die Zukunft der Weiterbildung gestalten wollen.&nbsp;<\/p>\n\n\n\n<h2 class=\"wp-block-heading\">Sechs Challenges als m\u00f6gliche Aufgaben<\/h2>\n\n\n\n<p>Zur Auswahl stehen folgenden Challenges:<\/p>\n\n\n\n<p><strong>Challenge 1: Zuk\u00fcnfte mit KI denken lernen<\/strong><br>Entwicklung eines Konzepts f\u00fcr eine KI-gest\u00fctzte L\u00f6sung, die Weiterbildungsakteure bef\u00e4higt, Zukunftsszenarien rund um den Einsatz von KI zu erkunden, zu hinterfragen und zu gestalten sowie Future Skills aufzubauen.<\/p>\n\n\n\n<p><strong>Challenge 2: KI f\u00fcr individualisierte Angebotsentwicklungen<\/strong><br>Entwicklung eines Konzepts f\u00fcr eine KI-gest\u00fctzte L\u00f6sung, die es erm\u00f6glicht, in einem experimentellen Setting personalisierte Weiterbildungsangebote zu erstellen.<\/p>\n\n\n\n<p><strong>Challenge 3: KI f\u00fcr mehr Nachhaltigkeit<\/strong><br>Entwicklung eines Konzepts f\u00fcr eine KI-gest\u00fctzte L\u00f6sung, die Weiterbildungsakteure dazu bef\u00e4higt, nachhaltige Handlungskompetenzen zu f\u00f6rdern. Die L\u00f6sung soll Lernprozesse interaktiv gestalten, individuell auf Akteure eingehen und nachhaltiges Handeln langfristig st\u00e4rken.<\/p>\n\n\n\n<p><strong>Challenge 4: KI-Assistent f\u00fcr Ausbildende<\/strong><br>Entwicklung eines Konzepts f\u00fcr eine KI-gest\u00fctzte L\u00f6sung, die Ausbildende darin unterst\u00fctzt, KI als Ressource in der Planung, Durchf\u00fchrung oder Reflexion der Lehrpraxis von Ausbildenden zu nutzen, unter Ber\u00fccksichtigung ihrer Arbeitsweise, Erfahrungen und didaktischen Vorlieben.<\/p>\n\n\n\n<p><strong>Challenge 5: Mehr Teilhabe durch KI<\/strong><br>Entwicklung eines Konzepts f\u00fcr eine KI-gest\u00fctzte L\u00f6sung, die Menschen mit eingeschr\u00e4nktem Zugang zu Weiterbildung aktiv unterst\u00fctzt, Inhalte verst\u00e4ndlich aufbereitet und individuelle Lernpfade niedrigschwellig erm\u00f6glicht.<\/p>\n\n\n\n<p><strong>Challenge 6: Einsatz von KI in der Organisation von Weiterbildungsinstitutionen<\/strong><br>Entwicklung eines Konzepts f\u00fcr eine KI-gest\u00fctzte L\u00f6sung, die (eine) zentrale Herausforderung(en) in der Organisation und Verwaltung von Weiterbildungsorganisationen andressiert, mit dem Ziel Prozesse \u00absmarter\u00bb, effizienter und vorausschauender zu gestalten.<\/p>\n\n\n\n<p>Auch weitere, eigene Challenges k\u00f6nnen eingegeben werden.<\/p>\n\n\n\n<p>Die Veranstaltung beginnt am 11. M\u00e4rz um 17.00 Uhr mit einem Input zu KI und dem Vorstellen der Challenges. Am 12. M\u00e4rz haben die Teilnehmenden Zeit, an den Challenges zu arbeiten. Gegen 18 Uhr pr\u00e4miert die Jury das Konzept, welches sie am meisten \u00fcberzeugt hat. <\/p>\n\n\n\n<h2 class=\"wp-block-heading\">Weitere Informationen<\/h2>\n\n\n\n<div class=\"wp-block-buttons is-layout-flex wp-block-buttons-is-layout-flex\">\n<div class=\"wp-block-button has-custom-width wp-block-button__width-100 is-style-minimal\"><a class=\"wp-block-button__link wp-element-button\" href=\"https:\/\/alice.ch\/de\/event\/sveb-hackathon-ki-in-der-weiterbildung\/\">zur Anmeldung und mehr Informationen zum Event<\/a><\/div>\n<\/div>\n","protected":false},"excerpt":{"rendered":"<p>Wie k\u00f6nnen wir KI in der Weiterbildung sinnvoll und gewinnbringend nutzen? Diese Frage steht im Zentrum des ersten SVEB-Hackathons am [&hellip;]<\/p>\n","protected":false},"author":27,"featured_media":70412,"template":"","meta":{"_acf_changed":false,"inline_featured_image":false,"footnotes":""},"news-category":[39],"global-category":[366],"class_list":["post-70410","news","type-news","status-publish","has-post-thumbnail","hentry","news-category-sveb","global-category-ki-in-der-weiterbildung"],"acf":[],"yoast_head":"<!-- This site is optimized with the Yoast SEO plugin v27.3 - https:\/\/yoast.com\/product\/yoast-seo-wordpress\/ -->\n<title>SVEB lanciert Hackathon zum Thema KI in der Weiterbildung - SVEB<\/title>\n<meta name=\"robots\" content=\"index, follow, max-snippet:-1, max-image-preview:large, max-video-preview:-1\" \/>\n<link rel=\"canonical\" href=\"https:\/\/alice.ch\/de\/news\/sveb-lanciert-hackathon-zum-thema-ki-in-der-weiterbildung\/\" \/>\n<meta property=\"og:locale\" content=\"de_DE\" \/>\n<meta property=\"og:type\" content=\"article\" \/>\n<meta property=\"og:title\" content=\"SVEB lanciert Hackathon zum Thema KI in der Weiterbildung - SVEB\" \/>\n<meta property=\"og:description\" content=\"Wie k\u00f6nnen wir KI in der Weiterbildung sinnvoll und gewinnbringend nutzen? Diese Frage steht im Zentrum des ersten SVEB-Hackathons am [&hellip;]\" \/>\n<meta property=\"og:url\" content=\"https:\/\/alice.ch\/de\/news\/sveb-lanciert-hackathon-zum-thema-ki-in-der-weiterbildung\/\" \/>\n<meta property=\"og:site_name\" content=\"SVEB\" \/>\n<meta property=\"article:modified_time\" content=\"2025-09-23T14:16:14+00:00\" \/>\n<meta property=\"og:image\" content=\"https:\/\/alice.ch\/app\/uploads\/2025\/09\/diana-light-ytlNYLcmevM-unsplash-11.jpg\" \/>\n\t<meta property=\"og:image:width\" content=\"1200\" \/>\n\t<meta property=\"og:image:height\" content=\"627\" \/>\n\t<meta property=\"og:image:type\" content=\"image\/jpeg\" \/>\n<meta name=\"twitter:card\" content=\"summary_large_image\" \/>\n<meta name=\"twitter:label1\" content=\"Gesch\u00e4tzte Lesezeit\" \/>\n\t<meta name=\"twitter:data1\" content=\"2\u00a0Minuten\" \/>\n<script type=\"application\/ld+json\" class=\"yoast-schema-graph\">{\"@context\":\"https:\\\/\\\/schema.org\",\"@graph\":[{\"@type\":\"WebPage\",\"@id\":\"https:\\\/\\\/alice.ch\\\/de\\\/news\\\/sveb-lanciert-hackathon-zum-thema-ki-in-der-weiterbildung\\\/\",\"url\":\"https:\\\/\\\/alice.ch\\\/de\\\/news\\\/sveb-lanciert-hackathon-zum-thema-ki-in-der-weiterbildung\\\/\",\"name\":\"SVEB lanciert Hackathon zum Thema KI in der Weiterbildung - SVEB\",\"isPartOf\":{\"@id\":\"https:\\\/\\\/alice.ch\\\/de\\\/#website\"},\"primaryImageOfPage\":{\"@id\":\"https:\\\/\\\/alice.ch\\\/de\\\/news\\\/sveb-lanciert-hackathon-zum-thema-ki-in-der-weiterbildung\\\/#primaryimage\"},\"image\":{\"@id\":\"https:\\\/\\\/alice.ch\\\/de\\\/news\\\/sveb-lanciert-hackathon-zum-thema-ki-in-der-weiterbildung\\\/#primaryimage\"},\"thumbnailUrl\":\"https:\\\/\\\/alice.ch\\\/app\\\/uploads\\\/2025\\\/09\\\/diana-light-ytlNYLcmevM-unsplash-11.jpg\",\"datePublished\":\"2025-09-23T14:16:12+00:00\",\"dateModified\":\"2025-09-23T14:16:14+00:00\",\"breadcrumb\":{\"@id\":\"https:\\\/\\\/alice.ch\\\/de\\\/news\\\/sveb-lanciert-hackathon-zum-thema-ki-in-der-weiterbildung\\\/#breadcrumb\"},\"inLanguage\":\"de\",\"potentialAction\":[{\"@type\":\"ReadAction\",\"target\":[\"https:\\\/\\\/alice.ch\\\/de\\\/news\\\/sveb-lanciert-hackathon-zum-thema-ki-in-der-weiterbildung\\\/\"]}]},{\"@type\":\"ImageObject\",\"inLanguage\":\"de\",\"@id\":\"https:\\\/\\\/alice.ch\\\/de\\\/news\\\/sveb-lanciert-hackathon-zum-thema-ki-in-der-weiterbildung\\\/#primaryimage\",\"url\":\"https:\\\/\\\/alice.ch\\\/app\\\/uploads\\\/2025\\\/09\\\/diana-light-ytlNYLcmevM-unsplash-11.jpg\",\"contentUrl\":\"https:\\\/\\\/alice.ch\\\/app\\\/uploads\\\/2025\\\/09\\\/diana-light-ytlNYLcmevM-unsplash-11.jpg\",\"width\":1200,\"height\":627},{\"@type\":\"BreadcrumbList\",\"@id\":\"https:\\\/\\\/alice.ch\\\/de\\\/news\\\/sveb-lanciert-hackathon-zum-thema-ki-in-der-weiterbildung\\\/#breadcrumb\",\"itemListElement\":[{\"@type\":\"ListItem\",\"position\":1,\"name\":\"Startseite\",\"item\":\"https:\\\/\\\/alice.ch\\\/de\\\/\"},{\"@type\":\"ListItem\",\"position\":2,\"name\":\"SVEB lanciert Hackathon zum Thema KI in der Weiterbildung\"}]},{\"@type\":\"WebSite\",\"@id\":\"https:\\\/\\\/alice.ch\\\/de\\\/#website\",\"url\":\"https:\\\/\\\/alice.ch\\\/de\\\/\",\"name\":\"alice.ch (Adult Learning Information Center) ist das Portal der Weiterbildung in der Schweiz.\",\"description\":\"Schweizerischer Verband f\u00fcr Weiterbildung\",\"publisher\":{\"@id\":\"https:\\\/\\\/alice.ch\\\/de\\\/#organization\"},\"potentialAction\":[{\"@type\":\"SearchAction\",\"target\":{\"@type\":\"EntryPoint\",\"urlTemplate\":\"https:\\\/\\\/alice.ch\\\/de\\\/?s={search_term_string}\"},\"query-input\":{\"@type\":\"PropertyValueSpecification\",\"valueRequired\":true,\"valueName\":\"search_term_string\"}}],\"inLanguage\":\"de\"},{\"@type\":\"Organization\",\"@id\":\"https:\\\/\\\/alice.ch\\\/de\\\/#organization\",\"name\":\"SVEB Schweizerischer Verband f\u00fcr Weiterbildung\",\"url\":\"https:\\\/\\\/alice.ch\\\/de\\\/\",\"logo\":{\"@type\":\"ImageObject\",\"inLanguage\":\"de\",\"@id\":\"https:\\\/\\\/alice.ch\\\/de\\\/#\\\/schema\\\/logo\\\/image\\\/\",\"url\":\"https:\\\/\\\/alice.ch\\\/app\\\/uploads\\\/2022\\\/07\\\/logo-sveb.png\",\"contentUrl\":\"https:\\\/\\\/alice.ch\\\/app\\\/uploads\\\/2022\\\/07\\\/logo-sveb.png\",\"width\":145,\"height\":64,\"caption\":\"SVEB Schweizerischer Verband f\u00fcr Weiterbildung\"},\"image\":{\"@id\":\"https:\\\/\\\/alice.ch\\\/de\\\/#\\\/schema\\\/logo\\\/image\\\/\"},\"sameAs\":[\"https:\\\/\\\/www.linkedin.com\\\/company\\\/schweizerischer-verband-fr-weiterbildung-sveb\\\/\"]}]}<\/script>\n<!-- \/ Yoast SEO plugin. -->","yoast_head_json":{"title":"SVEB lanciert Hackathon zum Thema KI in der Weiterbildung - SVEB","robots":{"index":"index","follow":"follow","max-snippet":"max-snippet:-1","max-image-preview":"max-image-preview:large","max-video-preview":"max-video-preview:-1"},"canonical":"https:\/\/alice.ch\/de\/news\/sveb-lanciert-hackathon-zum-thema-ki-in-der-weiterbildung\/","og_locale":"de_DE","og_type":"article","og_title":"SVEB lanciert Hackathon zum Thema KI in der Weiterbildung - SVEB","og_description":"Wie k\u00f6nnen wir KI in der Weiterbildung sinnvoll und gewinnbringend nutzen? Diese Frage steht im Zentrum des ersten SVEB-Hackathons am [&hellip;]","og_url":"https:\/\/alice.ch\/de\/news\/sveb-lanciert-hackathon-zum-thema-ki-in-der-weiterbildung\/","og_site_name":"SVEB","article_modified_time":"2025-09-23T14:16:14+00:00","og_image":[{"width":1200,"height":627,"url":"https:\/\/alice.ch\/app\/uploads\/2025\/09\/diana-light-ytlNYLcmevM-unsplash-11.jpg","type":"image\/jpeg"}],"twitter_card":"summary_large_image","twitter_misc":{"Gesch\u00e4tzte Lesezeit":"2\u00a0Minuten"},"schema":{"@context":"https:\/\/schema.org","@graph":[{"@type":"WebPage","@id":"https:\/\/alice.ch\/de\/news\/sveb-lanciert-hackathon-zum-thema-ki-in-der-weiterbildung\/","url":"https:\/\/alice.ch\/de\/news\/sveb-lanciert-hackathon-zum-thema-ki-in-der-weiterbildung\/","name":"SVEB lanciert Hackathon zum Thema KI in der Weiterbildung - SVEB","isPartOf":{"@id":"https:\/\/alice.ch\/de\/#website"},"primaryImageOfPage":{"@id":"https:\/\/alice.ch\/de\/news\/sveb-lanciert-hackathon-zum-thema-ki-in-der-weiterbildung\/#primaryimage"},"image":{"@id":"https:\/\/alice.ch\/de\/news\/sveb-lanciert-hackathon-zum-thema-ki-in-der-weiterbildung\/#primaryimage"},"thumbnailUrl":"https:\/\/alice.ch\/app\/uploads\/2025\/09\/diana-light-ytlNYLcmevM-unsplash-11.jpg","datePublished":"2025-09-23T14:16:12+00:00","dateModified":"2025-09-23T14:16:14+00:00","breadcrumb":{"@id":"https:\/\/alice.ch\/de\/news\/sveb-lanciert-hackathon-zum-thema-ki-in-der-weiterbildung\/#breadcrumb"},"inLanguage":"de","potentialAction":[{"@type":"ReadAction","target":["https:\/\/alice.ch\/de\/news\/sveb-lanciert-hackathon-zum-thema-ki-in-der-weiterbildung\/"]}]},{"@type":"ImageObject","inLanguage":"de","@id":"https:\/\/alice.ch\/de\/news\/sveb-lanciert-hackathon-zum-thema-ki-in-der-weiterbildung\/#primaryimage","url":"https:\/\/alice.ch\/app\/uploads\/2025\/09\/diana-light-ytlNYLcmevM-unsplash-11.jpg","contentUrl":"https:\/\/alice.ch\/app\/uploads\/2025\/09\/diana-light-ytlNYLcmevM-unsplash-11.jpg","width":1200,"height":627},{"@type":"BreadcrumbList","@id":"https:\/\/alice.ch\/de\/news\/sveb-lanciert-hackathon-zum-thema-ki-in-der-weiterbildung\/#breadcrumb","itemListElement":[{"@type":"ListItem","position":1,"name":"Startseite","item":"https:\/\/alice.ch\/de\/"},{"@type":"ListItem","position":2,"name":"SVEB lanciert Hackathon zum Thema KI in der Weiterbildung"}]},{"@type":"WebSite","@id":"https:\/\/alice.ch\/de\/#website","url":"https:\/\/alice.ch\/de\/","name":"alice.ch (Adult Learning Information Center) ist das Portal der Weiterbildung in der Schweiz.","description":"Schweizerischer Verband f\u00fcr Weiterbildung","publisher":{"@id":"https:\/\/alice.ch\/de\/#organization"},"potentialAction":[{"@type":"SearchAction","target":{"@type":"EntryPoint","urlTemplate":"https:\/\/alice.ch\/de\/?s={search_term_string}"},"query-input":{"@type":"PropertyValueSpecification","valueRequired":true,"valueName":"search_term_string"}}],"inLanguage":"de"},{"@type":"Organization","@id":"https:\/\/alice.ch\/de\/#organization","name":"SVEB Schweizerischer Verband f\u00fcr Weiterbildung","url":"https:\/\/alice.ch\/de\/","logo":{"@type":"ImageObject","inLanguage":"de","@id":"https:\/\/alice.ch\/de\/#\/schema\/logo\/image\/","url":"https:\/\/alice.ch\/app\/uploads\/2022\/07\/logo-sveb.png","contentUrl":"https:\/\/alice.ch\/app\/uploads\/2022\/07\/logo-sveb.png","width":145,"height":64,"caption":"SVEB Schweizerischer Verband f\u00fcr Weiterbildung"},"image":{"@id":"https:\/\/alice.ch\/de\/#\/schema\/logo\/image\/"},"sameAs":["https:\/\/www.linkedin.com\/company\/schweizerischer-verband-fr-weiterbildung-sveb\/"]}]}},"_links":{"self":[{"href":"https:\/\/alice.ch\/de\/wp-json\/wp\/v2\/news\/70410","targetHints":{"allow":["GET"]}}],"collection":[{"href":"https:\/\/alice.ch\/de\/wp-json\/wp\/v2\/news"}],"about":[{"href":"https:\/\/alice.ch\/de\/wp-json\/wp\/v2\/types\/news"}],"author":[{"embeddable":true,"href":"https:\/\/alice.ch\/de\/wp-json\/wp\/v2\/users\/27"}],"version-history":[{"count":5,"href":"https:\/\/alice.ch\/de\/wp-json\/wp\/v2\/news\/70410\/revisions"}],"predecessor-version":[{"id":70507,"href":"https:\/\/alice.ch\/de\/wp-json\/wp\/v2\/news\/70410\/revisions\/70507"}],"wp:featuredmedia":[{"embeddable":true,"href":"https:\/\/alice.ch\/de\/wp-json\/wp\/v2\/media\/70412"}],"wp:attachment":[{"href":"https:\/\/alice.ch\/de\/wp-json\/wp\/v2\/media?parent=70410"}],"wp:term":[{"taxonomy":"news-category","embeddable":true,"href":"https:\/\/alice.ch\/de\/wp-json\/wp\/v2\/news-category?post=70410"},{"taxonomy":"global-category","embeddable":true,"href":"https:\/\/alice.ch\/de\/wp-json\/wp\/v2\/global-category?post=70410"}],"curies":[{"name":"wp","href":"https:\/\/api.w.org\/{rel}","templated":true}]}}