{"id":71147,"date":"2025-10-13T08:00:00","date_gmt":"2025-10-13T06:00:00","guid":{"rendered":"https:\/\/alice.ch\/?post_type=news&#038;p=71147"},"modified":"2025-10-10T10:28:31","modified_gmt":"2025-10-10T08:28:31","slug":"umfrage-unternehmen-in-oesterreich-wollen-mehr-in-weiterbildung-investieren","status":"publish","type":"news","link":"https:\/\/alice.ch\/de\/news\/umfrage-unternehmen-in-oesterreich-wollen-mehr-in-weiterbildung-investieren\/","title":{"rendered":"Umfrage: Unternehmen in \u00d6sterreich wollen mehr in Weiterbildung investieren"},"content":{"rendered":"\n<p class=\"is-style-lead\">Eine Befragung von 300 Unternehmerinnen und Unternehmern zeigt: Ein Viertel von ihnen 2025 plant, k\u00fcnftig mehr Geld f\u00fcr Weiterbildung auszugeben. Vor allem bei technologischen Neuerungen wie KI. \u00a0<\/p>\n\n\n\n<p>F\u00fcr \u00f6sterreichische Unternehmen und ihre Angestellten ist Weiterbildung wichtig. Das zeigt das <a href=\"https:\/\/www.wifi.at\/artikel\/665-wifi-weiterbildungsbarometer-2025-ki-ausbildung-als-schluessel-fuer-oesterreichs-wettbewerbsfaehigkeit\">WIFI-Weiterbildungsbarometer<\/a>, eine Umfrage, die das Institut f\u00fcr Markt- und Sozialanalysen Ges.m.b.H (IMAS) j\u00e4hrlich im Auftrag des Wirtschaftsf\u00f6rderungsinstitut \u00d6sterreich durchf\u00fchrt. Dabei wurden 300 Unternehmerinnen und Unternehmer mit mindestens 10 Mitarbeitenden befragt sowie Aussagen von 1009 Erwerbst\u00e4tigen erhoben.<\/p>\n\n\n\n<p>Das Resultat: 85 Prozent der Befragten halten eine Aus- oder Weiterbildung der eigenen Mitarbeitenden f\u00fcr zentral. Dieser Wert ist gem\u00e4ss WIFI seit 2020 konstant hoch. Und: Ein Viertel der Unternehmen plant, k\u00fcnftig mehr Geld f\u00fcr Weiterbildungsmassnahmen zu investieren. Die wichtigsten Beweggr\u00fcnde, Weiterbildungsmassnahmen zu ergreifen, sind dabei technologische Neuerungen (23 %), die Steigerung der Qualifizierung der Mitarbeitenden (20 %) sowie personelle Ver\u00e4nderungen (16 %). Auf der Seite der Arbeitnehmenden kursieren unter der Motivation f\u00fcr Weiterbildung vor allem Themenvertiefung, N\u00fctzlichkeit und Attraktivit\u00e4t des Angebots.<\/p>\n\n\n\n<h2 class=\"wp-block-heading\">H\u00fcrden sind Zeit und Geld<\/h2>\n\n\n\n<p>Sowohl Unternehmen als auch Mitarbeitende bescheinigen den bisherigen Weiterbildungsstrategien der letzten Jahre eine positive Wirkung. So sind 88 Prozent der erwerbst\u00e4tigen Teilnehmenden von Weiterbildungen mit dem gew\u00e4hlten Format zufrieden.<\/p>\n\n\n\n<p>W\u00e4hrend Motivation und Bereitschaft zur Weiterbildung hoch sind, scheitert die Umsetzung gem\u00e4ss Weiterbildungsbarometer jedoch oft an fehlender Zeit oder finanziellen Mitteln. Viele Interessierte nehmen nicht an Weiterbildungen teil, wenn diese mit famili\u00e4ren oder privaten Verpflichtungen unvereinbar sind. Zus\u00e4tzlich stellen die Kosten eine H\u00fcrde dar: Rund einen Drittel der Ausgaben f\u00fcr Bildungsangebote tragen die Besch\u00e4ftigten selbst.<\/p>\n\n\n\n<h2 class=\"wp-block-heading\">KI als wichtiges Thema<\/h2>\n\n\n\n<p>Bei der Frage, welche Form der Weiterbildung am besten geeignet sei, nennt knapp die H\u00e4lfte der Unternehmerinnen und Unternehmern die Pr\u00e4senzveranstaltungen. Blended-Learning-Angebote werden von rund einem Drittel von ihnen ebenfalls als gute M\u00f6glichkeit gesehen.<\/p>\n\n\n\n<p>Konkret nachgefragt wurde beim Thema k\u00fcnstliche Intelligenz: Rund jeder zweite Unternehmer oder jede zweite Unternehmerin h\u00e4lt die KI in der Weiterbildung in den kommenden vier bis f\u00fcnf Jahren f\u00fcr wichtig. Und auch 68 Prozent der Erwerbst\u00e4tigen sind der Meinung, dass\u00a0der Einsatz von KI\u00a0als Tool in ihrem Unternehmen in den kommenden vier bis f\u00fcnf Jahren\u00a0sehr oder eher wichtig\u00a0werden wird.<\/p>\n\n\n\n<h2 class=\"wp-block-heading\">Weitere Informationen<\/h2>\n\n\n\n<div class=\"wp-block-buttons is-layout-flex wp-block-buttons-is-layout-flex\">\n<div class=\"wp-block-button has-custom-width wp-block-button__width-100 is-style-minimal\"><a class=\"wp-block-button__link wp-element-button\" href=\"https:\/\/www.wifi.at\/artikel\/665-wifi-weiterbildungsbarometer-2025-ki-ausbildung-als-schluessel-fuer-oesterreichs-wettbewerbsfaehigkeit\">\u00fcber das WIFI-Barometer<\/a><\/div>\n<\/div>\n","protected":false},"excerpt":{"rendered":"<p>Eine Befragung von 300 Unternehmerinnen und Unternehmern zeigt: Ein Viertel von ihnen 2025 plant, k\u00fcnftig mehr Geld f\u00fcr Weiterbildung auszugeben. [&hellip;]<\/p>\n","protected":false},"author":27,"featured_media":71149,"template":"","meta":{"_acf_changed":false,"inline_featured_image":false,"footnotes":""},"news-category":[31],"global-category":[],"class_list":["post-71147","news","type-news","status-publish","has-post-thumbnail","hentry","news-category-branche"],"acf":[],"yoast_head":"<!-- This site is optimized with the Yoast SEO plugin v27.3 - https:\/\/yoast.com\/product\/yoast-seo-wordpress\/ -->\n<title>Umfrage: Unternehmen in \u00d6sterreich wollen mehr in Weiterbildung investieren - SVEB<\/title>\n<meta name=\"robots\" content=\"index, follow, max-snippet:-1, max-image-preview:large, max-video-preview:-1\" \/>\n<link rel=\"canonical\" href=\"https:\/\/alice.ch\/de\/news\/umfrage-unternehmen-in-oesterreich-wollen-mehr-in-weiterbildung-investieren\/\" \/>\n<meta property=\"og:locale\" content=\"de_DE\" \/>\n<meta property=\"og:type\" content=\"article\" \/>\n<meta property=\"og:title\" content=\"Umfrage: Unternehmen in \u00d6sterreich wollen mehr in Weiterbildung investieren - SVEB\" \/>\n<meta property=\"og:description\" content=\"Eine Befragung von 300 Unternehmerinnen und Unternehmern zeigt: Ein Viertel von ihnen 2025 plant, k\u00fcnftig mehr Geld f\u00fcr Weiterbildung auszugeben. [&hellip;]\" \/>\n<meta property=\"og:url\" content=\"https:\/\/alice.ch\/de\/news\/umfrage-unternehmen-in-oesterreich-wollen-mehr-in-weiterbildung-investieren\/\" \/>\n<meta property=\"og:site_name\" content=\"SVEB\" \/>\n<meta property=\"og:image\" content=\"https:\/\/alice.ch\/app\/uploads\/2025\/10\/getty-images-wSHdGgGWiPg-unsplash1.jpg\" \/>\n\t<meta property=\"og:image:width\" content=\"1200\" \/>\n\t<meta property=\"og:image:height\" content=\"627\" \/>\n\t<meta property=\"og:image:type\" content=\"image\/jpeg\" \/>\n<meta name=\"twitter:card\" content=\"summary_large_image\" \/>\n<meta name=\"twitter:label1\" content=\"Gesch\u00e4tzte Lesezeit\" \/>\n\t<meta name=\"twitter:data1\" content=\"2\u00a0Minuten\" \/>\n<script type=\"application\/ld+json\" class=\"yoast-schema-graph\">{\"@context\":\"https:\\\/\\\/schema.org\",\"@graph\":[{\"@type\":\"WebPage\",\"@id\":\"https:\\\/\\\/alice.ch\\\/de\\\/news\\\/umfrage-unternehmen-in-oesterreich-wollen-mehr-in-weiterbildung-investieren\\\/\",\"url\":\"https:\\\/\\\/alice.ch\\\/de\\\/news\\\/umfrage-unternehmen-in-oesterreich-wollen-mehr-in-weiterbildung-investieren\\\/\",\"name\":\"Umfrage: Unternehmen in \u00d6sterreich wollen mehr in Weiterbildung investieren - SVEB\",\"isPartOf\":{\"@id\":\"https:\\\/\\\/alice.ch\\\/de\\\/#website\"},\"primaryImageOfPage\":{\"@id\":\"https:\\\/\\\/alice.ch\\\/de\\\/news\\\/umfrage-unternehmen-in-oesterreich-wollen-mehr-in-weiterbildung-investieren\\\/#primaryimage\"},\"image\":{\"@id\":\"https:\\\/\\\/alice.ch\\\/de\\\/news\\\/umfrage-unternehmen-in-oesterreich-wollen-mehr-in-weiterbildung-investieren\\\/#primaryimage\"},\"thumbnailUrl\":\"https:\\\/\\\/alice.ch\\\/app\\\/uploads\\\/2025\\\/10\\\/getty-images-wSHdGgGWiPg-unsplash1.jpg\",\"datePublished\":\"2025-10-13T06:00:00+00:00\",\"breadcrumb\":{\"@id\":\"https:\\\/\\\/alice.ch\\\/de\\\/news\\\/umfrage-unternehmen-in-oesterreich-wollen-mehr-in-weiterbildung-investieren\\\/#breadcrumb\"},\"inLanguage\":\"de\",\"potentialAction\":[{\"@type\":\"ReadAction\",\"target\":[\"https:\\\/\\\/alice.ch\\\/de\\\/news\\\/umfrage-unternehmen-in-oesterreich-wollen-mehr-in-weiterbildung-investieren\\\/\"]}]},{\"@type\":\"ImageObject\",\"inLanguage\":\"de\",\"@id\":\"https:\\\/\\\/alice.ch\\\/de\\\/news\\\/umfrage-unternehmen-in-oesterreich-wollen-mehr-in-weiterbildung-investieren\\\/#primaryimage\",\"url\":\"https:\\\/\\\/alice.ch\\\/app\\\/uploads\\\/2025\\\/10\\\/getty-images-wSHdGgGWiPg-unsplash1.jpg\",\"contentUrl\":\"https:\\\/\\\/alice.ch\\\/app\\\/uploads\\\/2025\\\/10\\\/getty-images-wSHdGgGWiPg-unsplash1.jpg\",\"width\":1200,\"height\":627},{\"@type\":\"BreadcrumbList\",\"@id\":\"https:\\\/\\\/alice.ch\\\/de\\\/news\\\/umfrage-unternehmen-in-oesterreich-wollen-mehr-in-weiterbildung-investieren\\\/#breadcrumb\",\"itemListElement\":[{\"@type\":\"ListItem\",\"position\":1,\"name\":\"Startseite\",\"item\":\"https:\\\/\\\/alice.ch\\\/de\\\/\"},{\"@type\":\"ListItem\",\"position\":2,\"name\":\"Umfrage: Unternehmen in \u00d6sterreich wollen mehr in Weiterbildung investieren\"}]},{\"@type\":\"WebSite\",\"@id\":\"https:\\\/\\\/alice.ch\\\/de\\\/#website\",\"url\":\"https:\\\/\\\/alice.ch\\\/de\\\/\",\"name\":\"alice.ch (Adult Learning Information Center) ist das Portal der Weiterbildung in der Schweiz.\",\"description\":\"Schweizerischer Verband f\u00fcr Weiterbildung\",\"publisher\":{\"@id\":\"https:\\\/\\\/alice.ch\\\/de\\\/#organization\"},\"potentialAction\":[{\"@type\":\"SearchAction\",\"target\":{\"@type\":\"EntryPoint\",\"urlTemplate\":\"https:\\\/\\\/alice.ch\\\/de\\\/?s={search_term_string}\"},\"query-input\":{\"@type\":\"PropertyValueSpecification\",\"valueRequired\":true,\"valueName\":\"search_term_string\"}}],\"inLanguage\":\"de\"},{\"@type\":\"Organization\",\"@id\":\"https:\\\/\\\/alice.ch\\\/de\\\/#organization\",\"name\":\"SVEB Schweizerischer Verband f\u00fcr Weiterbildung\",\"url\":\"https:\\\/\\\/alice.ch\\\/de\\\/\",\"logo\":{\"@type\":\"ImageObject\",\"inLanguage\":\"de\",\"@id\":\"https:\\\/\\\/alice.ch\\\/de\\\/#\\\/schema\\\/logo\\\/image\\\/\",\"url\":\"https:\\\/\\\/alice.ch\\\/app\\\/uploads\\\/2022\\\/07\\\/logo-sveb.png\",\"contentUrl\":\"https:\\\/\\\/alice.ch\\\/app\\\/uploads\\\/2022\\\/07\\\/logo-sveb.png\",\"width\":145,\"height\":64,\"caption\":\"SVEB Schweizerischer Verband f\u00fcr Weiterbildung\"},\"image\":{\"@id\":\"https:\\\/\\\/alice.ch\\\/de\\\/#\\\/schema\\\/logo\\\/image\\\/\"},\"sameAs\":[\"https:\\\/\\\/www.linkedin.com\\\/company\\\/schweizerischer-verband-fr-weiterbildung-sveb\\\/\"]}]}<\/script>\n<!-- \/ Yoast SEO plugin. -->","yoast_head_json":{"title":"Umfrage: Unternehmen in \u00d6sterreich wollen mehr in Weiterbildung investieren - SVEB","robots":{"index":"index","follow":"follow","max-snippet":"max-snippet:-1","max-image-preview":"max-image-preview:large","max-video-preview":"max-video-preview:-1"},"canonical":"https:\/\/alice.ch\/de\/news\/umfrage-unternehmen-in-oesterreich-wollen-mehr-in-weiterbildung-investieren\/","og_locale":"de_DE","og_type":"article","og_title":"Umfrage: Unternehmen in \u00d6sterreich wollen mehr in Weiterbildung investieren - SVEB","og_description":"Eine Befragung von 300 Unternehmerinnen und Unternehmern zeigt: Ein Viertel von ihnen 2025 plant, k\u00fcnftig mehr Geld f\u00fcr Weiterbildung auszugeben. [&hellip;]","og_url":"https:\/\/alice.ch\/de\/news\/umfrage-unternehmen-in-oesterreich-wollen-mehr-in-weiterbildung-investieren\/","og_site_name":"SVEB","og_image":[{"width":1200,"height":627,"url":"https:\/\/alice.ch\/app\/uploads\/2025\/10\/getty-images-wSHdGgGWiPg-unsplash1.jpg","type":"image\/jpeg"}],"twitter_card":"summary_large_image","twitter_misc":{"Gesch\u00e4tzte Lesezeit":"2\u00a0Minuten"},"schema":{"@context":"https:\/\/schema.org","@graph":[{"@type":"WebPage","@id":"https:\/\/alice.ch\/de\/news\/umfrage-unternehmen-in-oesterreich-wollen-mehr-in-weiterbildung-investieren\/","url":"https:\/\/alice.ch\/de\/news\/umfrage-unternehmen-in-oesterreich-wollen-mehr-in-weiterbildung-investieren\/","name":"Umfrage: Unternehmen in \u00d6sterreich wollen mehr in Weiterbildung investieren - SVEB","isPartOf":{"@id":"https:\/\/alice.ch\/de\/#website"},"primaryImageOfPage":{"@id":"https:\/\/alice.ch\/de\/news\/umfrage-unternehmen-in-oesterreich-wollen-mehr-in-weiterbildung-investieren\/#primaryimage"},"image":{"@id":"https:\/\/alice.ch\/de\/news\/umfrage-unternehmen-in-oesterreich-wollen-mehr-in-weiterbildung-investieren\/#primaryimage"},"thumbnailUrl":"https:\/\/alice.ch\/app\/uploads\/2025\/10\/getty-images-wSHdGgGWiPg-unsplash1.jpg","datePublished":"2025-10-13T06:00:00+00:00","breadcrumb":{"@id":"https:\/\/alice.ch\/de\/news\/umfrage-unternehmen-in-oesterreich-wollen-mehr-in-weiterbildung-investieren\/#breadcrumb"},"inLanguage":"de","potentialAction":[{"@type":"ReadAction","target":["https:\/\/alice.ch\/de\/news\/umfrage-unternehmen-in-oesterreich-wollen-mehr-in-weiterbildung-investieren\/"]}]},{"@type":"ImageObject","inLanguage":"de","@id":"https:\/\/alice.ch\/de\/news\/umfrage-unternehmen-in-oesterreich-wollen-mehr-in-weiterbildung-investieren\/#primaryimage","url":"https:\/\/alice.ch\/app\/uploads\/2025\/10\/getty-images-wSHdGgGWiPg-unsplash1.jpg","contentUrl":"https:\/\/alice.ch\/app\/uploads\/2025\/10\/getty-images-wSHdGgGWiPg-unsplash1.jpg","width":1200,"height":627},{"@type":"BreadcrumbList","@id":"https:\/\/alice.ch\/de\/news\/umfrage-unternehmen-in-oesterreich-wollen-mehr-in-weiterbildung-investieren\/#breadcrumb","itemListElement":[{"@type":"ListItem","position":1,"name":"Startseite","item":"https:\/\/alice.ch\/de\/"},{"@type":"ListItem","position":2,"name":"Umfrage: Unternehmen in \u00d6sterreich wollen mehr in Weiterbildung investieren"}]},{"@type":"WebSite","@id":"https:\/\/alice.ch\/de\/#website","url":"https:\/\/alice.ch\/de\/","name":"alice.ch (Adult Learning Information Center) ist das Portal der Weiterbildung in der Schweiz.","description":"Schweizerischer Verband f\u00fcr Weiterbildung","publisher":{"@id":"https:\/\/alice.ch\/de\/#organization"},"potentialAction":[{"@type":"SearchAction","target":{"@type":"EntryPoint","urlTemplate":"https:\/\/alice.ch\/de\/?s={search_term_string}"},"query-input":{"@type":"PropertyValueSpecification","valueRequired":true,"valueName":"search_term_string"}}],"inLanguage":"de"},{"@type":"Organization","@id":"https:\/\/alice.ch\/de\/#organization","name":"SVEB Schweizerischer Verband f\u00fcr Weiterbildung","url":"https:\/\/alice.ch\/de\/","logo":{"@type":"ImageObject","inLanguage":"de","@id":"https:\/\/alice.ch\/de\/#\/schema\/logo\/image\/","url":"https:\/\/alice.ch\/app\/uploads\/2022\/07\/logo-sveb.png","contentUrl":"https:\/\/alice.ch\/app\/uploads\/2022\/07\/logo-sveb.png","width":145,"height":64,"caption":"SVEB Schweizerischer Verband f\u00fcr Weiterbildung"},"image":{"@id":"https:\/\/alice.ch\/de\/#\/schema\/logo\/image\/"},"sameAs":["https:\/\/www.linkedin.com\/company\/schweizerischer-verband-fr-weiterbildung-sveb\/"]}]}},"_links":{"self":[{"href":"https:\/\/alice.ch\/de\/wp-json\/wp\/v2\/news\/71147","targetHints":{"allow":["GET"]}}],"collection":[{"href":"https:\/\/alice.ch\/de\/wp-json\/wp\/v2\/news"}],"about":[{"href":"https:\/\/alice.ch\/de\/wp-json\/wp\/v2\/types\/news"}],"author":[{"embeddable":true,"href":"https:\/\/alice.ch\/de\/wp-json\/wp\/v2\/users\/27"}],"version-history":[{"count":1,"href":"https:\/\/alice.ch\/de\/wp-json\/wp\/v2\/news\/71147\/revisions"}],"predecessor-version":[{"id":71148,"href":"https:\/\/alice.ch\/de\/wp-json\/wp\/v2\/news\/71147\/revisions\/71148"}],"wp:featuredmedia":[{"embeddable":true,"href":"https:\/\/alice.ch\/de\/wp-json\/wp\/v2\/media\/71149"}],"wp:attachment":[{"href":"https:\/\/alice.ch\/de\/wp-json\/wp\/v2\/media?parent=71147"}],"wp:term":[{"taxonomy":"news-category","embeddable":true,"href":"https:\/\/alice.ch\/de\/wp-json\/wp\/v2\/news-category?post=71147"},{"taxonomy":"global-category","embeddable":true,"href":"https:\/\/alice.ch\/de\/wp-json\/wp\/v2\/global-category?post=71147"}],"curies":[{"name":"wp","href":"https:\/\/api.w.org\/{rel}","templated":true}]}}