{"id":71572,"date":"2025-10-28T10:11:13","date_gmt":"2025-10-28T09:11:13","guid":{"rendered":"https:\/\/alice.ch\/?post_type=news&#038;p=71572"},"modified":"2025-10-29T14:01:15","modified_gmt":"2025-10-29T13:01:15","slug":"eduqua-hat-die-prozesse-in-meinem-unternehmen-verbessert","status":"publish","type":"news","link":"https:\/\/alice.ch\/de\/news\/eduqua-hat-die-prozesse-in-meinem-unternehmen-verbessert\/","title":{"rendered":"\u00abeduQua hat die Prozesse in meinem Unternehmen verbessert\u00bb"},"content":{"rendered":"\n<p class=\"is-style-lead\">Ein eduQua-Zertifikat ist mit Aufwand und Kosten verbunden. Inwiefern lohnt sich das f\u00fcr kleine Weiterbildungsorganisationen? Jean-Fran\u00e7ois Navaux, Inhaber eines kleinen Unternehmens im Wallis, gibt Auskunft. <strong>\u00a0<\/strong> <\/p>\n\n\n\n<p><strong><em>Herr Navaux, welche Art von Weiterbildung bieten Sie an?<\/em><\/strong><br>Wir organisieren Weiterbildungen in den Bereichen Technik, Industrie, Gesundheit und Arbeitssicherheit sowie Transport. <a href=\"https:\/\/navauxservices.com\/\" target=\"_blank\" rel=\"noreferrer noopener\">Mein Unternehmen<\/a> besch\u00e4ftigt einen Teilzeitmitarbeiter (80 %) und einen Freiberufler (10 %) sowie mich selbst in Vollzeit.<\/p>\n\n\n\n<p><strong><em>Seit wann sind Sie eduQua-zertifiziert?<\/em><\/strong><br>Wir sind seit dem 29. Mai 2024 von der Schweizerischen Gesellschaft f\u00fcr Qualit\u00e4ts- und Management-Systeme (SQS) zertifiziert.<\/p>\n\n\n\n<p><strong><em>Welche Erfahrungen haben Sie mit eduQua gemacht?<\/em><\/strong><br>Ich arbeite bereits seit sechs Jahren im Bereich der Weiterbildung mit eduQua. Meine Erfahrungen mit dem System beziehen sich haupts\u00e4chlich auf die Organisation des Unternehmens rund um das Qualit\u00e4tssystem, und ich habe auch die \u00c4nderungen der Qualit\u00e4tsnorm 2012 \/ 2021 mitverfolgt.<\/p>\n\n\n\n<p><em><strong>Inwiefern hilft Ihnen die eduQua-Norm bei Ihrer t\u00e4glichen Arbeit \/ f\u00fcr Ihr Unternehmen?<\/strong><\/em><br>Seit der Gr\u00fcndung meines Unternehmens im Jahr 2022 habe ich die Qualit\u00e4ts\u00fcberwachung und das Management des Ausbildungsbereichs auf der Grundlage von eduQua eingef\u00fchrt. Nach der Norm zu arbeiten, hat die Prozesse und das Qualit\u00e4tsniveau meines Unternehmens effizienter gemacht.<\/p>\n\n\n\n<p><strong><em>Sehen Sie die eduQua-Zertifizierung als Wettbewerbsvorteil?<\/em><\/strong><br>In dieser schnelllebigen Welt denke ich, dass die Zertifizierung vor allem im \u00f6ffentlichen Sektor ein Pluspunkt ist. Einige meiner Genehmigungen, beispielsweise im Transportwesen mit der Vereinigung der Strassenverkehrs\u00e4mter ASA, sind ohne Zertifizierung nicht m\u00f6glich. Auch in meiner Branche, dem Arbeitsschutz, konnte ich die ISO-Normen meiner Kunden erf\u00fcllen.<\/p>\n\n\n\n<p><strong><em>Warum ist Qualit\u00e4tssicherung f\u00fcr Sie wichtig?<\/em><\/strong><br>Ich kann mir Arbeit ohne Qualit\u00e4t nicht vorstellen. F\u00fcr mich ist das eduQua-System ein gutes Mittel, um ein bekanntes und effizientes Qualit\u00e4tsformat zu gew\u00e4hrleisten.<\/p>\n\n\n\n<p><em><strong>Welche Aspekte der Qualit\u00e4tsnorm eduQua: 2021 finden Sie<\/strong> <strong>besonders wichtig und n\u00fctzlich?<\/strong><\/em><br>Verschiedene Aspekte sind interessant, wie die systematische Dokumentation, die Vernetzung zwischen den verschiedenen Akteuren, die Einbeziehung aller Beteiligten. Das System ist lebendig und nach der Einf\u00fchrung ist die \u00dcberwachung intuitiv und es gibt immer M\u00f6glichkeiten f\u00fcr kontinuierliche Verbesserungen.<\/p>\n\n\n\n<p><em><strong>Was waren Ihre gr\u00f6ssten Schwierigkeiten bei der Zertifizierung und wie<\/strong> <strong>haben Sie diese gel\u00f6st?<\/strong><\/em><br>Meine gr\u00f6sste Schwierigkeit bestand vor allem in der Dokumentation des Systems, in der Beschreibung aller einzelnen Punkte, die miteinander verbunden sind, zwischen den Anforderungen und den Prozessen. Um mir zu helfen, habe ich mich an das Unternehmen Challenge Optimum gewandt, das mich bei der Entwicklung und Konfiguration von eduQua unterst\u00fctzt hat.<\/p>\n\n\n\n<h2 class=\"wp-block-heading\">Weitere Informationen<\/h2>\n\n\n\n<div class=\"wp-block-buttons is-layout-flex wp-block-buttons-is-layout-flex\">\n<div class=\"wp-block-button has-custom-width wp-block-button__width-100 is-style-minimal\"><a class=\"wp-block-button__link wp-element-button\" href=\"https:\/\/alice.ch\/de\/qualitaet\/qualitaetslabel-eduqua\/\">\u00fcber eduQua<\/a><\/div>\n<\/div>\n","protected":false},"excerpt":{"rendered":"<p>Ein eduQua-Zertifikat ist mit Aufwand und Kosten verbunden. Inwiefern lohnt sich das f\u00fcr kleine Weiterbildungsorganisationen? Jean-Fran\u00e7ois Navaux, Inhaber eines kleinen [&hellip;]<\/p>\n","protected":false},"author":27,"featured_media":71582,"template":"","meta":{"_acf_changed":false,"inline_featured_image":false,"footnotes":""},"news-category":[30],"global-category":[455,43],"class_list":["post-71572","news","type-news","status-publish","has-post-thumbnail","hentry","news-category-qualitaet","global-category-eduqua-2","global-category-qualitaet"],"acf":[],"yoast_head":"<!-- This site is optimized with the Yoast SEO plugin v27.3 - https:\/\/yoast.com\/product\/yoast-seo-wordpress\/ -->\n<title>\u00abeduQua hat die Prozesse in meinem Unternehmen verbessert\u00bb - SVEB<\/title>\n<meta name=\"robots\" content=\"index, follow, max-snippet:-1, max-image-preview:large, max-video-preview:-1\" \/>\n<link rel=\"canonical\" href=\"https:\/\/alice.ch\/de\/news\/eduqua-hat-die-prozesse-in-meinem-unternehmen-verbessert\/\" \/>\n<meta property=\"og:locale\" content=\"de_DE\" \/>\n<meta property=\"og:type\" content=\"article\" \/>\n<meta property=\"og:title\" content=\"\u00abeduQua hat die Prozesse in meinem Unternehmen verbessert\u00bb - SVEB\" \/>\n<meta property=\"og:description\" content=\"Ein eduQua-Zertifikat ist mit Aufwand und Kosten verbunden. Inwiefern lohnt sich das f\u00fcr kleine Weiterbildungsorganisationen? Jean-Fran\u00e7ois Navaux, Inhaber eines kleinen [&hellip;]\" \/>\n<meta property=\"og:url\" content=\"https:\/\/alice.ch\/de\/news\/eduqua-hat-die-prozesse-in-meinem-unternehmen-verbessert\/\" \/>\n<meta property=\"og:site_name\" content=\"SVEB\" \/>\n<meta property=\"article:modified_time\" content=\"2025-10-29T13:01:15+00:00\" \/>\n<meta property=\"og:image\" content=\"https:\/\/alice.ch\/app\/uploads\/2025\/10\/getty-images-eyZ6ltkSnTA-unsplash1.jpg\" \/>\n\t<meta property=\"og:image:width\" content=\"1200\" \/>\n\t<meta property=\"og:image:height\" content=\"627\" \/>\n\t<meta property=\"og:image:type\" content=\"image\/jpeg\" \/>\n<meta name=\"twitter:card\" content=\"summary_large_image\" \/>\n<meta name=\"twitter:label1\" content=\"Gesch\u00e4tzte Lesezeit\" \/>\n\t<meta name=\"twitter:data1\" content=\"2\u00a0Minuten\" \/>\n<script type=\"application\/ld+json\" class=\"yoast-schema-graph\">{\"@context\":\"https:\\\/\\\/schema.org\",\"@graph\":[{\"@type\":\"WebPage\",\"@id\":\"https:\\\/\\\/alice.ch\\\/de\\\/news\\\/eduqua-hat-die-prozesse-in-meinem-unternehmen-verbessert\\\/\",\"url\":\"https:\\\/\\\/alice.ch\\\/de\\\/news\\\/eduqua-hat-die-prozesse-in-meinem-unternehmen-verbessert\\\/\",\"name\":\"\u00abeduQua hat die Prozesse in meinem Unternehmen verbessert\u00bb - SVEB\",\"isPartOf\":{\"@id\":\"https:\\\/\\\/alice.ch\\\/de\\\/#website\"},\"primaryImageOfPage\":{\"@id\":\"https:\\\/\\\/alice.ch\\\/de\\\/news\\\/eduqua-hat-die-prozesse-in-meinem-unternehmen-verbessert\\\/#primaryimage\"},\"image\":{\"@id\":\"https:\\\/\\\/alice.ch\\\/de\\\/news\\\/eduqua-hat-die-prozesse-in-meinem-unternehmen-verbessert\\\/#primaryimage\"},\"thumbnailUrl\":\"https:\\\/\\\/alice.ch\\\/app\\\/uploads\\\/2025\\\/10\\\/getty-images-eyZ6ltkSnTA-unsplash1.jpg\",\"datePublished\":\"2025-10-28T09:11:13+00:00\",\"dateModified\":\"2025-10-29T13:01:15+00:00\",\"breadcrumb\":{\"@id\":\"https:\\\/\\\/alice.ch\\\/de\\\/news\\\/eduqua-hat-die-prozesse-in-meinem-unternehmen-verbessert\\\/#breadcrumb\"},\"inLanguage\":\"de\",\"potentialAction\":[{\"@type\":\"ReadAction\",\"target\":[\"https:\\\/\\\/alice.ch\\\/de\\\/news\\\/eduqua-hat-die-prozesse-in-meinem-unternehmen-verbessert\\\/\"]}]},{\"@type\":\"ImageObject\",\"inLanguage\":\"de\",\"@id\":\"https:\\\/\\\/alice.ch\\\/de\\\/news\\\/eduqua-hat-die-prozesse-in-meinem-unternehmen-verbessert\\\/#primaryimage\",\"url\":\"https:\\\/\\\/alice.ch\\\/app\\\/uploads\\\/2025\\\/10\\\/getty-images-eyZ6ltkSnTA-unsplash1.jpg\",\"contentUrl\":\"https:\\\/\\\/alice.ch\\\/app\\\/uploads\\\/2025\\\/10\\\/getty-images-eyZ6ltkSnTA-unsplash1.jpg\",\"width\":1200,\"height\":627},{\"@type\":\"BreadcrumbList\",\"@id\":\"https:\\\/\\\/alice.ch\\\/de\\\/news\\\/eduqua-hat-die-prozesse-in-meinem-unternehmen-verbessert\\\/#breadcrumb\",\"itemListElement\":[{\"@type\":\"ListItem\",\"position\":1,\"name\":\"Startseite\",\"item\":\"https:\\\/\\\/alice.ch\\\/de\\\/\"},{\"@type\":\"ListItem\",\"position\":2,\"name\":\"\u00abeduQua hat die Prozesse in meinem Unternehmen verbessert\u00bb\"}]},{\"@type\":\"WebSite\",\"@id\":\"https:\\\/\\\/alice.ch\\\/de\\\/#website\",\"url\":\"https:\\\/\\\/alice.ch\\\/de\\\/\",\"name\":\"alice.ch (Adult Learning Information Center) ist das Portal der Weiterbildung in der Schweiz.\",\"description\":\"Schweizerischer Verband f\u00fcr Weiterbildung\",\"publisher\":{\"@id\":\"https:\\\/\\\/alice.ch\\\/de\\\/#organization\"},\"potentialAction\":[{\"@type\":\"SearchAction\",\"target\":{\"@type\":\"EntryPoint\",\"urlTemplate\":\"https:\\\/\\\/alice.ch\\\/de\\\/?s={search_term_string}\"},\"query-input\":{\"@type\":\"PropertyValueSpecification\",\"valueRequired\":true,\"valueName\":\"search_term_string\"}}],\"inLanguage\":\"de\"},{\"@type\":\"Organization\",\"@id\":\"https:\\\/\\\/alice.ch\\\/de\\\/#organization\",\"name\":\"SVEB Schweizerischer Verband f\u00fcr Weiterbildung\",\"url\":\"https:\\\/\\\/alice.ch\\\/de\\\/\",\"logo\":{\"@type\":\"ImageObject\",\"inLanguage\":\"de\",\"@id\":\"https:\\\/\\\/alice.ch\\\/de\\\/#\\\/schema\\\/logo\\\/image\\\/\",\"url\":\"https:\\\/\\\/alice.ch\\\/app\\\/uploads\\\/2022\\\/07\\\/logo-sveb.png\",\"contentUrl\":\"https:\\\/\\\/alice.ch\\\/app\\\/uploads\\\/2022\\\/07\\\/logo-sveb.png\",\"width\":145,\"height\":64,\"caption\":\"SVEB Schweizerischer Verband f\u00fcr Weiterbildung\"},\"image\":{\"@id\":\"https:\\\/\\\/alice.ch\\\/de\\\/#\\\/schema\\\/logo\\\/image\\\/\"},\"sameAs\":[\"https:\\\/\\\/www.linkedin.com\\\/company\\\/schweizerischer-verband-fr-weiterbildung-sveb\\\/\"]}]}<\/script>\n<!-- \/ Yoast SEO plugin. -->","yoast_head_json":{"title":"\u00abeduQua hat die Prozesse in meinem Unternehmen verbessert\u00bb - SVEB","robots":{"index":"index","follow":"follow","max-snippet":"max-snippet:-1","max-image-preview":"max-image-preview:large","max-video-preview":"max-video-preview:-1"},"canonical":"https:\/\/alice.ch\/de\/news\/eduqua-hat-die-prozesse-in-meinem-unternehmen-verbessert\/","og_locale":"de_DE","og_type":"article","og_title":"\u00abeduQua hat die Prozesse in meinem Unternehmen verbessert\u00bb - SVEB","og_description":"Ein eduQua-Zertifikat ist mit Aufwand und Kosten verbunden. Inwiefern lohnt sich das f\u00fcr kleine Weiterbildungsorganisationen? Jean-Fran\u00e7ois Navaux, Inhaber eines kleinen [&hellip;]","og_url":"https:\/\/alice.ch\/de\/news\/eduqua-hat-die-prozesse-in-meinem-unternehmen-verbessert\/","og_site_name":"SVEB","article_modified_time":"2025-10-29T13:01:15+00:00","og_image":[{"width":1200,"height":627,"url":"https:\/\/alice.ch\/app\/uploads\/2025\/10\/getty-images-eyZ6ltkSnTA-unsplash1.jpg","type":"image\/jpeg"}],"twitter_card":"summary_large_image","twitter_misc":{"Gesch\u00e4tzte Lesezeit":"2\u00a0Minuten"},"schema":{"@context":"https:\/\/schema.org","@graph":[{"@type":"WebPage","@id":"https:\/\/alice.ch\/de\/news\/eduqua-hat-die-prozesse-in-meinem-unternehmen-verbessert\/","url":"https:\/\/alice.ch\/de\/news\/eduqua-hat-die-prozesse-in-meinem-unternehmen-verbessert\/","name":"\u00abeduQua hat die Prozesse in meinem Unternehmen verbessert\u00bb - SVEB","isPartOf":{"@id":"https:\/\/alice.ch\/de\/#website"},"primaryImageOfPage":{"@id":"https:\/\/alice.ch\/de\/news\/eduqua-hat-die-prozesse-in-meinem-unternehmen-verbessert\/#primaryimage"},"image":{"@id":"https:\/\/alice.ch\/de\/news\/eduqua-hat-die-prozesse-in-meinem-unternehmen-verbessert\/#primaryimage"},"thumbnailUrl":"https:\/\/alice.ch\/app\/uploads\/2025\/10\/getty-images-eyZ6ltkSnTA-unsplash1.jpg","datePublished":"2025-10-28T09:11:13+00:00","dateModified":"2025-10-29T13:01:15+00:00","breadcrumb":{"@id":"https:\/\/alice.ch\/de\/news\/eduqua-hat-die-prozesse-in-meinem-unternehmen-verbessert\/#breadcrumb"},"inLanguage":"de","potentialAction":[{"@type":"ReadAction","target":["https:\/\/alice.ch\/de\/news\/eduqua-hat-die-prozesse-in-meinem-unternehmen-verbessert\/"]}]},{"@type":"ImageObject","inLanguage":"de","@id":"https:\/\/alice.ch\/de\/news\/eduqua-hat-die-prozesse-in-meinem-unternehmen-verbessert\/#primaryimage","url":"https:\/\/alice.ch\/app\/uploads\/2025\/10\/getty-images-eyZ6ltkSnTA-unsplash1.jpg","contentUrl":"https:\/\/alice.ch\/app\/uploads\/2025\/10\/getty-images-eyZ6ltkSnTA-unsplash1.jpg","width":1200,"height":627},{"@type":"BreadcrumbList","@id":"https:\/\/alice.ch\/de\/news\/eduqua-hat-die-prozesse-in-meinem-unternehmen-verbessert\/#breadcrumb","itemListElement":[{"@type":"ListItem","position":1,"name":"Startseite","item":"https:\/\/alice.ch\/de\/"},{"@type":"ListItem","position":2,"name":"\u00abeduQua hat die Prozesse in meinem Unternehmen verbessert\u00bb"}]},{"@type":"WebSite","@id":"https:\/\/alice.ch\/de\/#website","url":"https:\/\/alice.ch\/de\/","name":"alice.ch (Adult Learning Information Center) ist das Portal der Weiterbildung in der Schweiz.","description":"Schweizerischer Verband f\u00fcr Weiterbildung","publisher":{"@id":"https:\/\/alice.ch\/de\/#organization"},"potentialAction":[{"@type":"SearchAction","target":{"@type":"EntryPoint","urlTemplate":"https:\/\/alice.ch\/de\/?s={search_term_string}"},"query-input":{"@type":"PropertyValueSpecification","valueRequired":true,"valueName":"search_term_string"}}],"inLanguage":"de"},{"@type":"Organization","@id":"https:\/\/alice.ch\/de\/#organization","name":"SVEB Schweizerischer Verband f\u00fcr Weiterbildung","url":"https:\/\/alice.ch\/de\/","logo":{"@type":"ImageObject","inLanguage":"de","@id":"https:\/\/alice.ch\/de\/#\/schema\/logo\/image\/","url":"https:\/\/alice.ch\/app\/uploads\/2022\/07\/logo-sveb.png","contentUrl":"https:\/\/alice.ch\/app\/uploads\/2022\/07\/logo-sveb.png","width":145,"height":64,"caption":"SVEB Schweizerischer Verband f\u00fcr Weiterbildung"},"image":{"@id":"https:\/\/alice.ch\/de\/#\/schema\/logo\/image\/"},"sameAs":["https:\/\/www.linkedin.com\/company\/schweizerischer-verband-fr-weiterbildung-sveb\/"]}]}},"_links":{"self":[{"href":"https:\/\/alice.ch\/de\/wp-json\/wp\/v2\/news\/71572","targetHints":{"allow":["GET"]}}],"collection":[{"href":"https:\/\/alice.ch\/de\/wp-json\/wp\/v2\/news"}],"about":[{"href":"https:\/\/alice.ch\/de\/wp-json\/wp\/v2\/types\/news"}],"author":[{"embeddable":true,"href":"https:\/\/alice.ch\/de\/wp-json\/wp\/v2\/users\/27"}],"version-history":[{"count":1,"href":"https:\/\/alice.ch\/de\/wp-json\/wp\/v2\/news\/71572\/revisions"}],"predecessor-version":[{"id":71580,"href":"https:\/\/alice.ch\/de\/wp-json\/wp\/v2\/news\/71572\/revisions\/71580"}],"wp:featuredmedia":[{"embeddable":true,"href":"https:\/\/alice.ch\/de\/wp-json\/wp\/v2\/media\/71582"}],"wp:attachment":[{"href":"https:\/\/alice.ch\/de\/wp-json\/wp\/v2\/media?parent=71572"}],"wp:term":[{"taxonomy":"news-category","embeddable":true,"href":"https:\/\/alice.ch\/de\/wp-json\/wp\/v2\/news-category?post=71572"},{"taxonomy":"global-category","embeddable":true,"href":"https:\/\/alice.ch\/de\/wp-json\/wp\/v2\/global-category?post=71572"}],"curies":[{"name":"wp","href":"https:\/\/api.w.org\/{rel}","templated":true}]}}