{"id":72154,"date":"2025-11-18T13:29:56","date_gmt":"2025-11-18T12:29:56","guid":{"rendered":"https:\/\/alice.ch\/?post_type=news&#038;p=72154"},"modified":"2025-11-18T13:29:59","modified_gmt":"2025-11-18T12:29:59","slug":"st-galler-regionalverband-fuer-weiterbildung-loest-sich-auf","status":"publish","type":"news","link":"https:\/\/alice.ch\/de\/news\/st-galler-regionalverband-fuer-weiterbildung-loest-sich-auf\/","title":{"rendered":"St. Galler Regionalverband f\u00fcr Weiterbildung l\u00f6st sich auf"},"content":{"rendered":"\n<p class=\"is-style-lead\">Der St. Galler Verband f\u00fcr Weiterbildung SVW hat an seiner Hauptversammlung vom 11. November 2025 die Aufl\u00f6sung beschlossen. Grund sind mangelnde Beteiligung und fehlende Finanzen.<\/p>\n\n\n\n<p>Nach eigenen Angaben sei die aktive Beteiligung in den letzten Jahren zur\u00fcckgegangen. Auch die finanzielle Tragf\u00e4higkeit sei mit dem Wegfall der kantonalen Leistungsvereinbarung nicht mehr gegeben gewesen. Ausserdem gab es \u00dcberschneidungen mit kantonalen Initiativen.<\/p>\n\n\n\n<p>In den letzten Jahren haben mit der&nbsp;Regiokonferenz Baselland, der Appenzeller Arbeitsgruppe zur Weiterbildung sowie der IG Erwachsenenbildung Aargau bereits drei regionale&nbsp;Weiterbildungsverb\u00e4nde aufgegeben. Auch die Luzerner Konferenz Erwachsenenbildung ist derzeit inaktiv.&nbsp;In der Deutschschweiz bleibt damit nur noch die Z\u00fcrcher Konferenz f\u00fcr Weiterbildung.<\/p>\n\n\n\n<p>Der SVEB bedauert diese Entwicklung und dankt dem SVW f\u00fcr die Zusammenarbeit. <\/p>\n","protected":false},"excerpt":{"rendered":"<p>Der St. Galler Verband f\u00fcr Weiterbildung SVW hat an seiner Hauptversammlung vom 11. November 2025 die Aufl\u00f6sung beschlossen. Grund sind [&hellip;]<\/p>\n","protected":false},"author":27,"featured_media":72155,"template":"","meta":{"_acf_changed":false,"inline_featured_image":false,"footnotes":""},"news-category":[31],"global-category":[],"class_list":["post-72154","news","type-news","status-publish","has-post-thumbnail","hentry","news-category-branche"],"acf":[],"yoast_head":"<!-- This site is optimized with the Yoast SEO plugin v27.3 - https:\/\/yoast.com\/product\/yoast-seo-wordpress\/ -->\n<title>St. Galler Regionalverband f\u00fcr Weiterbildung l\u00f6st sich auf - SVEB<\/title>\n<meta name=\"robots\" content=\"index, follow, max-snippet:-1, max-image-preview:large, max-video-preview:-1\" \/>\n<link rel=\"canonical\" href=\"https:\/\/alice.ch\/de\/news\/st-galler-regionalverband-fuer-weiterbildung-loest-sich-auf\/\" \/>\n<meta property=\"og:locale\" content=\"de_DE\" \/>\n<meta property=\"og:type\" content=\"article\" \/>\n<meta property=\"og:title\" content=\"St. Galler Regionalverband f\u00fcr Weiterbildung l\u00f6st sich auf - SVEB\" \/>\n<meta property=\"og:description\" content=\"Der St. Galler Verband f\u00fcr Weiterbildung SVW hat an seiner Hauptversammlung vom 11. November 2025 die Aufl\u00f6sung beschlossen. Grund sind [&hellip;]\" \/>\n<meta property=\"og:url\" content=\"https:\/\/alice.ch\/de\/news\/st-galler-regionalverband-fuer-weiterbildung-loest-sich-auf\/\" \/>\n<meta property=\"og:site_name\" content=\"SVEB\" \/>\n<meta property=\"article:modified_time\" content=\"2025-11-18T12:29:59+00:00\" \/>\n<meta property=\"og:image\" content=\"https:\/\/alice.ch\/app\/uploads\/2025\/11\/ivan-louis-O-lgfS9vRPk-unsplash1.jpg\" \/>\n\t<meta property=\"og:image:width\" content=\"1200\" \/>\n\t<meta property=\"og:image:height\" content=\"627\" \/>\n\t<meta property=\"og:image:type\" content=\"image\/jpeg\" \/>\n<meta name=\"twitter:card\" content=\"summary_large_image\" \/>\n<meta name=\"twitter:label1\" content=\"Gesch\u00e4tzte Lesezeit\" \/>\n\t<meta name=\"twitter:data1\" content=\"1\u00a0Minute\" \/>\n<script type=\"application\/ld+json\" class=\"yoast-schema-graph\">{\"@context\":\"https:\\\/\\\/schema.org\",\"@graph\":[{\"@type\":\"WebPage\",\"@id\":\"https:\\\/\\\/alice.ch\\\/de\\\/news\\\/st-galler-regionalverband-fuer-weiterbildung-loest-sich-auf\\\/\",\"url\":\"https:\\\/\\\/alice.ch\\\/de\\\/news\\\/st-galler-regionalverband-fuer-weiterbildung-loest-sich-auf\\\/\",\"name\":\"St. Galler Regionalverband f\u00fcr Weiterbildung l\u00f6st sich auf - SVEB\",\"isPartOf\":{\"@id\":\"https:\\\/\\\/alice.ch\\\/de\\\/#website\"},\"primaryImageOfPage\":{\"@id\":\"https:\\\/\\\/alice.ch\\\/de\\\/news\\\/st-galler-regionalverband-fuer-weiterbildung-loest-sich-auf\\\/#primaryimage\"},\"image\":{\"@id\":\"https:\\\/\\\/alice.ch\\\/de\\\/news\\\/st-galler-regionalverband-fuer-weiterbildung-loest-sich-auf\\\/#primaryimage\"},\"thumbnailUrl\":\"https:\\\/\\\/alice.ch\\\/app\\\/uploads\\\/2025\\\/11\\\/ivan-louis-O-lgfS9vRPk-unsplash1.jpg\",\"datePublished\":\"2025-11-18T12:29:56+00:00\",\"dateModified\":\"2025-11-18T12:29:59+00:00\",\"breadcrumb\":{\"@id\":\"https:\\\/\\\/alice.ch\\\/de\\\/news\\\/st-galler-regionalverband-fuer-weiterbildung-loest-sich-auf\\\/#breadcrumb\"},\"inLanguage\":\"de\",\"potentialAction\":[{\"@type\":\"ReadAction\",\"target\":[\"https:\\\/\\\/alice.ch\\\/de\\\/news\\\/st-galler-regionalverband-fuer-weiterbildung-loest-sich-auf\\\/\"]}]},{\"@type\":\"ImageObject\",\"inLanguage\":\"de\",\"@id\":\"https:\\\/\\\/alice.ch\\\/de\\\/news\\\/st-galler-regionalverband-fuer-weiterbildung-loest-sich-auf\\\/#primaryimage\",\"url\":\"https:\\\/\\\/alice.ch\\\/app\\\/uploads\\\/2025\\\/11\\\/ivan-louis-O-lgfS9vRPk-unsplash1.jpg\",\"contentUrl\":\"https:\\\/\\\/alice.ch\\\/app\\\/uploads\\\/2025\\\/11\\\/ivan-louis-O-lgfS9vRPk-unsplash1.jpg\",\"width\":1200,\"height\":627},{\"@type\":\"BreadcrumbList\",\"@id\":\"https:\\\/\\\/alice.ch\\\/de\\\/news\\\/st-galler-regionalverband-fuer-weiterbildung-loest-sich-auf\\\/#breadcrumb\",\"itemListElement\":[{\"@type\":\"ListItem\",\"position\":1,\"name\":\"Startseite\",\"item\":\"https:\\\/\\\/alice.ch\\\/de\\\/\"},{\"@type\":\"ListItem\",\"position\":2,\"name\":\"St. Galler Regionalverband f\u00fcr Weiterbildung l\u00f6st sich auf\"}]},{\"@type\":\"WebSite\",\"@id\":\"https:\\\/\\\/alice.ch\\\/de\\\/#website\",\"url\":\"https:\\\/\\\/alice.ch\\\/de\\\/\",\"name\":\"alice.ch (Adult Learning Information Center) ist das Portal der Weiterbildung in der Schweiz.\",\"description\":\"Schweizerischer Verband f\u00fcr Weiterbildung\",\"publisher\":{\"@id\":\"https:\\\/\\\/alice.ch\\\/de\\\/#organization\"},\"potentialAction\":[{\"@type\":\"SearchAction\",\"target\":{\"@type\":\"EntryPoint\",\"urlTemplate\":\"https:\\\/\\\/alice.ch\\\/de\\\/?s={search_term_string}\"},\"query-input\":{\"@type\":\"PropertyValueSpecification\",\"valueRequired\":true,\"valueName\":\"search_term_string\"}}],\"inLanguage\":\"de\"},{\"@type\":\"Organization\",\"@id\":\"https:\\\/\\\/alice.ch\\\/de\\\/#organization\",\"name\":\"SVEB Schweizerischer Verband f\u00fcr Weiterbildung\",\"url\":\"https:\\\/\\\/alice.ch\\\/de\\\/\",\"logo\":{\"@type\":\"ImageObject\",\"inLanguage\":\"de\",\"@id\":\"https:\\\/\\\/alice.ch\\\/de\\\/#\\\/schema\\\/logo\\\/image\\\/\",\"url\":\"https:\\\/\\\/alice.ch\\\/app\\\/uploads\\\/2022\\\/07\\\/logo-sveb.png\",\"contentUrl\":\"https:\\\/\\\/alice.ch\\\/app\\\/uploads\\\/2022\\\/07\\\/logo-sveb.png\",\"width\":145,\"height\":64,\"caption\":\"SVEB Schweizerischer Verband f\u00fcr Weiterbildung\"},\"image\":{\"@id\":\"https:\\\/\\\/alice.ch\\\/de\\\/#\\\/schema\\\/logo\\\/image\\\/\"},\"sameAs\":[\"https:\\\/\\\/www.linkedin.com\\\/company\\\/schweizerischer-verband-fr-weiterbildung-sveb\\\/\"]}]}<\/script>\n<!-- \/ Yoast SEO plugin. -->","yoast_head_json":{"title":"St. Galler Regionalverband f\u00fcr Weiterbildung l\u00f6st sich auf - SVEB","robots":{"index":"index","follow":"follow","max-snippet":"max-snippet:-1","max-image-preview":"max-image-preview:large","max-video-preview":"max-video-preview:-1"},"canonical":"https:\/\/alice.ch\/de\/news\/st-galler-regionalverband-fuer-weiterbildung-loest-sich-auf\/","og_locale":"de_DE","og_type":"article","og_title":"St. Galler Regionalverband f\u00fcr Weiterbildung l\u00f6st sich auf - SVEB","og_description":"Der St. Galler Verband f\u00fcr Weiterbildung SVW hat an seiner Hauptversammlung vom 11. November 2025 die Aufl\u00f6sung beschlossen. Grund sind [&hellip;]","og_url":"https:\/\/alice.ch\/de\/news\/st-galler-regionalverband-fuer-weiterbildung-loest-sich-auf\/","og_site_name":"SVEB","article_modified_time":"2025-11-18T12:29:59+00:00","og_image":[{"width":1200,"height":627,"url":"https:\/\/alice.ch\/app\/uploads\/2025\/11\/ivan-louis-O-lgfS9vRPk-unsplash1.jpg","type":"image\/jpeg"}],"twitter_card":"summary_large_image","twitter_misc":{"Gesch\u00e4tzte Lesezeit":"1\u00a0Minute"},"schema":{"@context":"https:\/\/schema.org","@graph":[{"@type":"WebPage","@id":"https:\/\/alice.ch\/de\/news\/st-galler-regionalverband-fuer-weiterbildung-loest-sich-auf\/","url":"https:\/\/alice.ch\/de\/news\/st-galler-regionalverband-fuer-weiterbildung-loest-sich-auf\/","name":"St. Galler Regionalverband f\u00fcr Weiterbildung l\u00f6st sich auf - SVEB","isPartOf":{"@id":"https:\/\/alice.ch\/de\/#website"},"primaryImageOfPage":{"@id":"https:\/\/alice.ch\/de\/news\/st-galler-regionalverband-fuer-weiterbildung-loest-sich-auf\/#primaryimage"},"image":{"@id":"https:\/\/alice.ch\/de\/news\/st-galler-regionalverband-fuer-weiterbildung-loest-sich-auf\/#primaryimage"},"thumbnailUrl":"https:\/\/alice.ch\/app\/uploads\/2025\/11\/ivan-louis-O-lgfS9vRPk-unsplash1.jpg","datePublished":"2025-11-18T12:29:56+00:00","dateModified":"2025-11-18T12:29:59+00:00","breadcrumb":{"@id":"https:\/\/alice.ch\/de\/news\/st-galler-regionalverband-fuer-weiterbildung-loest-sich-auf\/#breadcrumb"},"inLanguage":"de","potentialAction":[{"@type":"ReadAction","target":["https:\/\/alice.ch\/de\/news\/st-galler-regionalverband-fuer-weiterbildung-loest-sich-auf\/"]}]},{"@type":"ImageObject","inLanguage":"de","@id":"https:\/\/alice.ch\/de\/news\/st-galler-regionalverband-fuer-weiterbildung-loest-sich-auf\/#primaryimage","url":"https:\/\/alice.ch\/app\/uploads\/2025\/11\/ivan-louis-O-lgfS9vRPk-unsplash1.jpg","contentUrl":"https:\/\/alice.ch\/app\/uploads\/2025\/11\/ivan-louis-O-lgfS9vRPk-unsplash1.jpg","width":1200,"height":627},{"@type":"BreadcrumbList","@id":"https:\/\/alice.ch\/de\/news\/st-galler-regionalverband-fuer-weiterbildung-loest-sich-auf\/#breadcrumb","itemListElement":[{"@type":"ListItem","position":1,"name":"Startseite","item":"https:\/\/alice.ch\/de\/"},{"@type":"ListItem","position":2,"name":"St. Galler Regionalverband f\u00fcr Weiterbildung l\u00f6st sich auf"}]},{"@type":"WebSite","@id":"https:\/\/alice.ch\/de\/#website","url":"https:\/\/alice.ch\/de\/","name":"alice.ch (Adult Learning Information Center) ist das Portal der Weiterbildung in der Schweiz.","description":"Schweizerischer Verband f\u00fcr Weiterbildung","publisher":{"@id":"https:\/\/alice.ch\/de\/#organization"},"potentialAction":[{"@type":"SearchAction","target":{"@type":"EntryPoint","urlTemplate":"https:\/\/alice.ch\/de\/?s={search_term_string}"},"query-input":{"@type":"PropertyValueSpecification","valueRequired":true,"valueName":"search_term_string"}}],"inLanguage":"de"},{"@type":"Organization","@id":"https:\/\/alice.ch\/de\/#organization","name":"SVEB Schweizerischer Verband f\u00fcr Weiterbildung","url":"https:\/\/alice.ch\/de\/","logo":{"@type":"ImageObject","inLanguage":"de","@id":"https:\/\/alice.ch\/de\/#\/schema\/logo\/image\/","url":"https:\/\/alice.ch\/app\/uploads\/2022\/07\/logo-sveb.png","contentUrl":"https:\/\/alice.ch\/app\/uploads\/2022\/07\/logo-sveb.png","width":145,"height":64,"caption":"SVEB Schweizerischer Verband f\u00fcr Weiterbildung"},"image":{"@id":"https:\/\/alice.ch\/de\/#\/schema\/logo\/image\/"},"sameAs":["https:\/\/www.linkedin.com\/company\/schweizerischer-verband-fr-weiterbildung-sveb\/"]}]}},"_links":{"self":[{"href":"https:\/\/alice.ch\/de\/wp-json\/wp\/v2\/news\/72154","targetHints":{"allow":["GET"]}}],"collection":[{"href":"https:\/\/alice.ch\/de\/wp-json\/wp\/v2\/news"}],"about":[{"href":"https:\/\/alice.ch\/de\/wp-json\/wp\/v2\/types\/news"}],"author":[{"embeddable":true,"href":"https:\/\/alice.ch\/de\/wp-json\/wp\/v2\/users\/27"}],"version-history":[{"count":1,"href":"https:\/\/alice.ch\/de\/wp-json\/wp\/v2\/news\/72154\/revisions"}],"predecessor-version":[{"id":72159,"href":"https:\/\/alice.ch\/de\/wp-json\/wp\/v2\/news\/72154\/revisions\/72159"}],"wp:featuredmedia":[{"embeddable":true,"href":"https:\/\/alice.ch\/de\/wp-json\/wp\/v2\/media\/72155"}],"wp:attachment":[{"href":"https:\/\/alice.ch\/de\/wp-json\/wp\/v2\/media?parent=72154"}],"wp:term":[{"taxonomy":"news-category","embeddable":true,"href":"https:\/\/alice.ch\/de\/wp-json\/wp\/v2\/news-category?post=72154"},{"taxonomy":"global-category","embeddable":true,"href":"https:\/\/alice.ch\/de\/wp-json\/wp\/v2\/global-category?post=72154"}],"curies":[{"name":"wp","href":"https:\/\/api.w.org\/{rel}","templated":true}]}}