{"id":72220,"date":"2025-11-24T15:12:02","date_gmt":"2025-11-24T14:12:02","guid":{"rendered":"https:\/\/alice.ch\/?post_type=news&#038;p=72220"},"modified":"2025-11-26T18:35:48","modified_gmt":"2025-11-26T17:35:48","slug":"weiterbildungsanbieter-erwarten-positive-entwicklung-beklagen-aber-hohen-wettbewerbsdruck","status":"publish","type":"news","link":"https:\/\/alice.ch\/de\/news\/weiterbildungsanbieter-erwarten-positive-entwicklung-beklagen-aber-hohen-wettbewerbsdruck\/","title":{"rendered":"Weiterbildungsanbieter erwarten positive Entwicklung, beklagen aber hohen Wettbewerbsdruck\u202f\u00a0"},"content":{"rendered":"\n<p class=\"is-style-lead\">Zuversicht trotz grosser Herausforderungen: Gem\u00e4ss SVEB-Branchenmonitor gehen Anbieter von einer leicht positiven Entwicklung von Angebot und Nachfrage aus. Doch der grosse Wettbewerb macht ihnen zu schaffen. \u202f&nbsp;<\/p>\n\n\n\n<p>Der j\u00e4hrlich erscheinende SVEB-Branchenmonitor beobachtet die Entwicklung innerhalb der Weiterbildungsbranche in der Schweiz. Genauer wird die Perspektive der Anbieter auf Zustand und Entwicklung der wirtschaftlichen Situation, des Angebots, der Nachfrage und des Personalbestands in der Weiterbildungsbranche beleuchtet. Die vorliegenden Resultate st\u00fctzen sich auf die SVEB-Anbieterbefragung 2025.\u202f&nbsp;<\/p>\n\n\n\n<h2 class=\"wp-block-heading\">Wirtschaftliche Situation und Personalbestand neutral\u202f&nbsp;<\/h2>\n\n\n\n<p>Die <a href=\"https:\/\/alice.ch\/app\/uploads\/2025\/11\/sveb-branchenmonitor-2025.pdf\">aktuellen Ergebnisse<\/a> weisen darauf hin, dass sich das Angebot in der Weiterbildung und die Nachfrage nach Weiterbildung weiterhin leicht positiv entwickeln. 50 Prozent der befragten Anbieter sch\u00e4tzen die Entwicklung des Angebots als eher positiv oder sehr positiv ein f\u00fcr das laufende Jahr 2025. F\u00fcr die Dimension Nachfrage sind es 52 Prozent.&nbsp;&nbsp;<\/p>\n\n\n\n<p>In der Dimension wirtschaftliche Situation verweisen die Anbieter auf eine neutrale Entwicklung im Vorjahr. Eine deutliche Mehrheit der Anbieter gibt auch beim Personalbestand an, dass sich dieser im letzten Jahr kaum ver\u00e4ndert habe.\u202f&nbsp;<\/p>\n\n\n\n<p>Aggregiert zum Branchenindikator ergibt sich aus den vier Dimensionen wirtschaftliche Situation, Angebot, Nachfrage und Personalbestand \u2013 gem\u00e4ss der Definition des SVEB \u2013 eine leicht positive Beurteilung der Entwicklung der Branche f\u00fcr das letzte und das aktuelle Jahr.\u202f&nbsp;<\/p>\n\n\n\n<p>Der diesj\u00e4hrige Monitor enth\u00e4lt dar\u00fcber hinaus auch Analysen zum Thema Professionalisierung (Angebote zur Qualifizierung von Ausbildenden), Qualit\u00e4tssicherung (Nutzung von Qualit\u00e4tslabels) und Pensionskassen in der Weiterbildung (Anteil der Ausbildenden, welche die Eintrittsschwelle der Pensionskasse erreichen).&nbsp;<\/p>\n\n\n\n<h2 class=\"wp-block-heading\">Personal und Wettbewerb als Herausforderung\u202f&nbsp;<\/h2>\n\n\n\n<p>Eine Thematik, welche die Anbieter umtreibt, ist der Fachkr\u00e4ftemangel. Ad\u00e4quates Personal f\u00fcr die Weiterbildungsangebote zu finden und zu halten, stufen die Anbieter als schwierig ein. Des Weiteren nehmen die Anbieter gem\u00e4ss eigenen Aussagen einen starken Wettbewerbsdruck wahr, welcher die Bewerbung und Bekanntmachung der eigenen Angebote versch\u00e4rfe. Auch gute Angebote unter hohem und teils steigendem Kostendruck zu gestalten, empfinden sie als schwierig. Weiter sehen sich die Anbieter gefordert, ihre Angebote an aktuelle gesellschaftliche Entwicklungen \u2013 wie der gesteigerten Nutzung der KI \u2013 anzupassen, auch, um wettbewerbsf\u00e4hig zu bleiben. Passend zu diesen Themen erscheint im Fr\u00fchjahr 2026 die Publikation \u00abFOCUS Weiterbildung\u00bb mit dem Schwerpunktthema Wettbewerb in der Weiterbildung.\u202f\u00a0In einem <a href=\"https:\/\/alice.ch\/de\/event\/sveb-branchenmonitor-2025-entwicklungen-der-weiterbildungsbranche\/\">Online-Event<\/a> am 13. Januar 2025 stellt der SVEB allen Interessierten die Ergebnisse des Branchenmonitors vor, interpretiert und diskutiert sie mit ihnen. <\/p>\n\n\n\n<h2 class=\"wp-block-heading\">\u00dcber den SVEB-Branchenmonitor\u202f\u202f&nbsp;<\/h2>\n\n\n\n<p>Der SVEB-Branchenmonitor 2025 analysiert die Antworten von 355 Weiterbildungsanbietern, die im Fr\u00fchling 2025 an der j\u00e4hrlichen Anbieterumfrage teilgenommen haben. Ziel der j\u00e4hrlichen Erhebung ist es, ein langfristiges Monitoring aufzubauen und Aussagen \u00fcber\u202fdie Entwicklung der Weiterbildungsbranche zu t\u00e4tigen.\u202f\u202f&nbsp;<\/p>\n\n\n\n<h2 class=\"wp-block-heading\">Weitere Informationen<\/h2>\n\n\n\n<div class=\"wp-block-file\"><a id=\"wp-block-file--media-747f8d8a-845e-40b3-a4d2-77d493fc7844\" href=\"https:\/\/alice.ch\/app\/uploads\/2025\/11\/sveb-branchenmonitor-2025.pdf\">SVEB-Branchenmonitor 2025<br \/>PDF &#8211; 5 MB<\/a><a href=\"https:\/\/alice.ch\/app\/uploads\/2025\/11\/sveb-branchenmonitor-2025.pdf\" class=\"wp-block-file__button wp-element-button\" download aria-describedby=\"wp-block-file--media-747f8d8a-845e-40b3-a4d2-77d493fc7844\">Herunterladen<br \/>PDF &#8211; 5 MB<\/a><\/div>\n\n\n\n<figure class=\"wp-block-embed is-type-wp-embed is-provider-sveb wp-block-embed-sveb\"><div class=\"wp-block-embed__wrapper\">\n<blockquote class=\"wp-embedded-content\" data-secret=\"H68pVo2WmM\"><a href=\"https:\/\/alice.ch\/de\/event\/sveb-branchenmonitor-2025-entwicklungen-der-weiterbildungsbranche\/\">SVEB-Branchenmonitor 2025: Entwicklungen der Weiterbildungsbranche<\/a><\/blockquote><iframe class=\"wp-embedded-content\" sandbox=\"allow-scripts\" security=\"restricted\" style=\"position: absolute; visibility: hidden;\" title=\"&#8222;SVEB-Branchenmonitor 2025: Entwicklungen der Weiterbildungsbranche&#8220; &#8211; SVEB\" src=\"https:\/\/alice.ch\/de\/event\/sveb-branchenmonitor-2025-entwicklungen-der-weiterbildungsbranche\/embed\/#?secret=BBZ5SV87yk#?secret=H68pVo2WmM\" data-secret=\"H68pVo2WmM\" width=\"500\" height=\"282\" frameborder=\"0\" marginwidth=\"0\" marginheight=\"0\" scrolling=\"no\"><\/iframe>\n<\/div><\/figure>\n","protected":false},"excerpt":{"rendered":"<p>Zuversicht trotz grosser Herausforderungen: Gem\u00e4ss SVEB-Branchenmonitor gehen Anbieter von einer leicht positiven Entwicklung von Angebot und Nachfrage aus. Doch der [&hellip;]<\/p>\n","protected":false},"author":27,"featured_media":72221,"template":"","meta":{"_acf_changed":false,"inline_featured_image":false,"footnotes":""},"news-category":[31],"global-category":[47,44],"class_list":["post-72220","news","type-news","status-publish","has-post-thumbnail","hentry","news-category-branche","global-category-forschung","global-category-sveb"],"acf":[],"yoast_head":"<!-- This site is optimized with the Yoast SEO plugin v27.3 - https:\/\/yoast.com\/product\/yoast-seo-wordpress\/ -->\n<title>Weiterbildungsanbieter erwarten positive Entwicklung, beklagen aber hohen Wettbewerbsdruck\u202f\u00a0 - SVEB<\/title>\n<meta name=\"robots\" content=\"index, follow, max-snippet:-1, max-image-preview:large, max-video-preview:-1\" \/>\n<link rel=\"canonical\" href=\"https:\/\/alice.ch\/de\/news\/weiterbildungsanbieter-erwarten-positive-entwicklung-beklagen-aber-hohen-wettbewerbsdruck\/\" \/>\n<meta property=\"og:locale\" content=\"de_DE\" \/>\n<meta property=\"og:type\" content=\"article\" \/>\n<meta property=\"og:title\" content=\"Weiterbildungsanbieter erwarten positive Entwicklung, beklagen aber hohen Wettbewerbsdruck\u202f\u00a0 - SVEB\" \/>\n<meta property=\"og:description\" content=\"Zuversicht trotz grosser Herausforderungen: Gem\u00e4ss SVEB-Branchenmonitor gehen Anbieter von einer leicht positiven Entwicklung von Angebot und Nachfrage aus. Doch der [&hellip;]\" \/>\n<meta property=\"og:url\" content=\"https:\/\/alice.ch\/de\/news\/weiterbildungsanbieter-erwarten-positive-entwicklung-beklagen-aber-hohen-wettbewerbsdruck\/\" \/>\n<meta property=\"og:site_name\" content=\"SVEB\" \/>\n<meta property=\"article:modified_time\" content=\"2025-11-26T17:35:48+00:00\" \/>\n<meta property=\"og:image\" content=\"https:\/\/alice.ch\/app\/uploads\/2025\/11\/getty-images-n3nQgZ-sCKk-unsplash1.jpg\" \/>\n\t<meta property=\"og:image:width\" content=\"1200\" \/>\n\t<meta property=\"og:image:height\" content=\"627\" \/>\n\t<meta property=\"og:image:type\" content=\"image\/jpeg\" \/>\n<meta name=\"twitter:card\" content=\"summary_large_image\" \/>\n<meta name=\"twitter:label1\" content=\"Gesch\u00e4tzte Lesezeit\" \/>\n\t<meta name=\"twitter:data1\" content=\"2\u00a0Minuten\" \/>\n<script type=\"application\/ld+json\" class=\"yoast-schema-graph\">{\"@context\":\"https:\\\/\\\/schema.org\",\"@graph\":[{\"@type\":\"WebPage\",\"@id\":\"https:\\\/\\\/alice.ch\\\/de\\\/news\\\/weiterbildungsanbieter-erwarten-positive-entwicklung-beklagen-aber-hohen-wettbewerbsdruck\\\/\",\"url\":\"https:\\\/\\\/alice.ch\\\/de\\\/news\\\/weiterbildungsanbieter-erwarten-positive-entwicklung-beklagen-aber-hohen-wettbewerbsdruck\\\/\",\"name\":\"Weiterbildungsanbieter erwarten positive Entwicklung, beklagen aber hohen Wettbewerbsdruck\u202f\u00a0 - SVEB\",\"isPartOf\":{\"@id\":\"https:\\\/\\\/alice.ch\\\/de\\\/#website\"},\"primaryImageOfPage\":{\"@id\":\"https:\\\/\\\/alice.ch\\\/de\\\/news\\\/weiterbildungsanbieter-erwarten-positive-entwicklung-beklagen-aber-hohen-wettbewerbsdruck\\\/#primaryimage\"},\"image\":{\"@id\":\"https:\\\/\\\/alice.ch\\\/de\\\/news\\\/weiterbildungsanbieter-erwarten-positive-entwicklung-beklagen-aber-hohen-wettbewerbsdruck\\\/#primaryimage\"},\"thumbnailUrl\":\"https:\\\/\\\/alice.ch\\\/app\\\/uploads\\\/2025\\\/11\\\/getty-images-n3nQgZ-sCKk-unsplash1.jpg\",\"datePublished\":\"2025-11-24T14:12:02+00:00\",\"dateModified\":\"2025-11-26T17:35:48+00:00\",\"breadcrumb\":{\"@id\":\"https:\\\/\\\/alice.ch\\\/de\\\/news\\\/weiterbildungsanbieter-erwarten-positive-entwicklung-beklagen-aber-hohen-wettbewerbsdruck\\\/#breadcrumb\"},\"inLanguage\":\"de\",\"potentialAction\":[{\"@type\":\"ReadAction\",\"target\":[\"https:\\\/\\\/alice.ch\\\/de\\\/news\\\/weiterbildungsanbieter-erwarten-positive-entwicklung-beklagen-aber-hohen-wettbewerbsdruck\\\/\"]}]},{\"@type\":\"ImageObject\",\"inLanguage\":\"de\",\"@id\":\"https:\\\/\\\/alice.ch\\\/de\\\/news\\\/weiterbildungsanbieter-erwarten-positive-entwicklung-beklagen-aber-hohen-wettbewerbsdruck\\\/#primaryimage\",\"url\":\"https:\\\/\\\/alice.ch\\\/app\\\/uploads\\\/2025\\\/11\\\/getty-images-n3nQgZ-sCKk-unsplash1.jpg\",\"contentUrl\":\"https:\\\/\\\/alice.ch\\\/app\\\/uploads\\\/2025\\\/11\\\/getty-images-n3nQgZ-sCKk-unsplash1.jpg\",\"width\":1200,\"height\":627},{\"@type\":\"BreadcrumbList\",\"@id\":\"https:\\\/\\\/alice.ch\\\/de\\\/news\\\/weiterbildungsanbieter-erwarten-positive-entwicklung-beklagen-aber-hohen-wettbewerbsdruck\\\/#breadcrumb\",\"itemListElement\":[{\"@type\":\"ListItem\",\"position\":1,\"name\":\"Startseite\",\"item\":\"https:\\\/\\\/alice.ch\\\/de\\\/\"},{\"@type\":\"ListItem\",\"position\":2,\"name\":\"Weiterbildungsanbieter erwarten positive Entwicklung, beklagen aber hohen Wettbewerbsdruck\u202f\u00a0\"}]},{\"@type\":\"WebSite\",\"@id\":\"https:\\\/\\\/alice.ch\\\/de\\\/#website\",\"url\":\"https:\\\/\\\/alice.ch\\\/de\\\/\",\"name\":\"alice.ch (Adult Learning Information Center) ist das Portal der Weiterbildung in der Schweiz.\",\"description\":\"Schweizerischer Verband f\u00fcr Weiterbildung\",\"publisher\":{\"@id\":\"https:\\\/\\\/alice.ch\\\/de\\\/#organization\"},\"potentialAction\":[{\"@type\":\"SearchAction\",\"target\":{\"@type\":\"EntryPoint\",\"urlTemplate\":\"https:\\\/\\\/alice.ch\\\/de\\\/?s={search_term_string}\"},\"query-input\":{\"@type\":\"PropertyValueSpecification\",\"valueRequired\":true,\"valueName\":\"search_term_string\"}}],\"inLanguage\":\"de\"},{\"@type\":\"Organization\",\"@id\":\"https:\\\/\\\/alice.ch\\\/de\\\/#organization\",\"name\":\"SVEB Schweizerischer Verband f\u00fcr Weiterbildung\",\"url\":\"https:\\\/\\\/alice.ch\\\/de\\\/\",\"logo\":{\"@type\":\"ImageObject\",\"inLanguage\":\"de\",\"@id\":\"https:\\\/\\\/alice.ch\\\/de\\\/#\\\/schema\\\/logo\\\/image\\\/\",\"url\":\"https:\\\/\\\/alice.ch\\\/app\\\/uploads\\\/2022\\\/07\\\/logo-sveb.png\",\"contentUrl\":\"https:\\\/\\\/alice.ch\\\/app\\\/uploads\\\/2022\\\/07\\\/logo-sveb.png\",\"width\":145,\"height\":64,\"caption\":\"SVEB Schweizerischer Verband f\u00fcr Weiterbildung\"},\"image\":{\"@id\":\"https:\\\/\\\/alice.ch\\\/de\\\/#\\\/schema\\\/logo\\\/image\\\/\"},\"sameAs\":[\"https:\\\/\\\/www.linkedin.com\\\/company\\\/schweizerischer-verband-fr-weiterbildung-sveb\\\/\"]}]}<\/script>\n<!-- \/ Yoast SEO plugin. -->","yoast_head_json":{"title":"Weiterbildungsanbieter erwarten positive Entwicklung, beklagen aber hohen Wettbewerbsdruck\u202f\u00a0 - SVEB","robots":{"index":"index","follow":"follow","max-snippet":"max-snippet:-1","max-image-preview":"max-image-preview:large","max-video-preview":"max-video-preview:-1"},"canonical":"https:\/\/alice.ch\/de\/news\/weiterbildungsanbieter-erwarten-positive-entwicklung-beklagen-aber-hohen-wettbewerbsdruck\/","og_locale":"de_DE","og_type":"article","og_title":"Weiterbildungsanbieter erwarten positive Entwicklung, beklagen aber hohen Wettbewerbsdruck\u202f\u00a0 - SVEB","og_description":"Zuversicht trotz grosser Herausforderungen: Gem\u00e4ss SVEB-Branchenmonitor gehen Anbieter von einer leicht positiven Entwicklung von Angebot und Nachfrage aus. Doch der [&hellip;]","og_url":"https:\/\/alice.ch\/de\/news\/weiterbildungsanbieter-erwarten-positive-entwicklung-beklagen-aber-hohen-wettbewerbsdruck\/","og_site_name":"SVEB","article_modified_time":"2025-11-26T17:35:48+00:00","og_image":[{"width":1200,"height":627,"url":"https:\/\/alice.ch\/app\/uploads\/2025\/11\/getty-images-n3nQgZ-sCKk-unsplash1.jpg","type":"image\/jpeg"}],"twitter_card":"summary_large_image","twitter_misc":{"Gesch\u00e4tzte Lesezeit":"2\u00a0Minuten"},"schema":{"@context":"https:\/\/schema.org","@graph":[{"@type":"WebPage","@id":"https:\/\/alice.ch\/de\/news\/weiterbildungsanbieter-erwarten-positive-entwicklung-beklagen-aber-hohen-wettbewerbsdruck\/","url":"https:\/\/alice.ch\/de\/news\/weiterbildungsanbieter-erwarten-positive-entwicklung-beklagen-aber-hohen-wettbewerbsdruck\/","name":"Weiterbildungsanbieter erwarten positive Entwicklung, beklagen aber hohen Wettbewerbsdruck\u202f\u00a0 - SVEB","isPartOf":{"@id":"https:\/\/alice.ch\/de\/#website"},"primaryImageOfPage":{"@id":"https:\/\/alice.ch\/de\/news\/weiterbildungsanbieter-erwarten-positive-entwicklung-beklagen-aber-hohen-wettbewerbsdruck\/#primaryimage"},"image":{"@id":"https:\/\/alice.ch\/de\/news\/weiterbildungsanbieter-erwarten-positive-entwicklung-beklagen-aber-hohen-wettbewerbsdruck\/#primaryimage"},"thumbnailUrl":"https:\/\/alice.ch\/app\/uploads\/2025\/11\/getty-images-n3nQgZ-sCKk-unsplash1.jpg","datePublished":"2025-11-24T14:12:02+00:00","dateModified":"2025-11-26T17:35:48+00:00","breadcrumb":{"@id":"https:\/\/alice.ch\/de\/news\/weiterbildungsanbieter-erwarten-positive-entwicklung-beklagen-aber-hohen-wettbewerbsdruck\/#breadcrumb"},"inLanguage":"de","potentialAction":[{"@type":"ReadAction","target":["https:\/\/alice.ch\/de\/news\/weiterbildungsanbieter-erwarten-positive-entwicklung-beklagen-aber-hohen-wettbewerbsdruck\/"]}]},{"@type":"ImageObject","inLanguage":"de","@id":"https:\/\/alice.ch\/de\/news\/weiterbildungsanbieter-erwarten-positive-entwicklung-beklagen-aber-hohen-wettbewerbsdruck\/#primaryimage","url":"https:\/\/alice.ch\/app\/uploads\/2025\/11\/getty-images-n3nQgZ-sCKk-unsplash1.jpg","contentUrl":"https:\/\/alice.ch\/app\/uploads\/2025\/11\/getty-images-n3nQgZ-sCKk-unsplash1.jpg","width":1200,"height":627},{"@type":"BreadcrumbList","@id":"https:\/\/alice.ch\/de\/news\/weiterbildungsanbieter-erwarten-positive-entwicklung-beklagen-aber-hohen-wettbewerbsdruck\/#breadcrumb","itemListElement":[{"@type":"ListItem","position":1,"name":"Startseite","item":"https:\/\/alice.ch\/de\/"},{"@type":"ListItem","position":2,"name":"Weiterbildungsanbieter erwarten positive Entwicklung, beklagen aber hohen Wettbewerbsdruck\u202f\u00a0"}]},{"@type":"WebSite","@id":"https:\/\/alice.ch\/de\/#website","url":"https:\/\/alice.ch\/de\/","name":"alice.ch (Adult Learning Information Center) ist das Portal der Weiterbildung in der Schweiz.","description":"Schweizerischer Verband f\u00fcr Weiterbildung","publisher":{"@id":"https:\/\/alice.ch\/de\/#organization"},"potentialAction":[{"@type":"SearchAction","target":{"@type":"EntryPoint","urlTemplate":"https:\/\/alice.ch\/de\/?s={search_term_string}"},"query-input":{"@type":"PropertyValueSpecification","valueRequired":true,"valueName":"search_term_string"}}],"inLanguage":"de"},{"@type":"Organization","@id":"https:\/\/alice.ch\/de\/#organization","name":"SVEB Schweizerischer Verband f\u00fcr Weiterbildung","url":"https:\/\/alice.ch\/de\/","logo":{"@type":"ImageObject","inLanguage":"de","@id":"https:\/\/alice.ch\/de\/#\/schema\/logo\/image\/","url":"https:\/\/alice.ch\/app\/uploads\/2022\/07\/logo-sveb.png","contentUrl":"https:\/\/alice.ch\/app\/uploads\/2022\/07\/logo-sveb.png","width":145,"height":64,"caption":"SVEB Schweizerischer Verband f\u00fcr Weiterbildung"},"image":{"@id":"https:\/\/alice.ch\/de\/#\/schema\/logo\/image\/"},"sameAs":["https:\/\/www.linkedin.com\/company\/schweizerischer-verband-fr-weiterbildung-sveb\/"]}]}},"_links":{"self":[{"href":"https:\/\/alice.ch\/de\/wp-json\/wp\/v2\/news\/72220","targetHints":{"allow":["GET"]}}],"collection":[{"href":"https:\/\/alice.ch\/de\/wp-json\/wp\/v2\/news"}],"about":[{"href":"https:\/\/alice.ch\/de\/wp-json\/wp\/v2\/types\/news"}],"author":[{"embeddable":true,"href":"https:\/\/alice.ch\/de\/wp-json\/wp\/v2\/users\/27"}],"version-history":[{"count":4,"href":"https:\/\/alice.ch\/de\/wp-json\/wp\/v2\/news\/72220\/revisions"}],"predecessor-version":[{"id":72396,"href":"https:\/\/alice.ch\/de\/wp-json\/wp\/v2\/news\/72220\/revisions\/72396"}],"wp:featuredmedia":[{"embeddable":true,"href":"https:\/\/alice.ch\/de\/wp-json\/wp\/v2\/media\/72221"}],"wp:attachment":[{"href":"https:\/\/alice.ch\/de\/wp-json\/wp\/v2\/media?parent=72220"}],"wp:term":[{"taxonomy":"news-category","embeddable":true,"href":"https:\/\/alice.ch\/de\/wp-json\/wp\/v2\/news-category?post=72220"},{"taxonomy":"global-category","embeddable":true,"href":"https:\/\/alice.ch\/de\/wp-json\/wp\/v2\/global-category?post=72220"}],"curies":[{"name":"wp","href":"https:\/\/api.w.org\/{rel}","templated":true}]}}